{"id":8330,"date":"2006-05-31T15:47:04","date_gmt":"2006-05-31T13:47:04","guid":{"rendered":"https:\/\/www.guastalla.com\/non-categorizzato\/food\/"},"modified":"2021-07-09T12:07:10","modified_gmt":"2021-07-09T10:07:10","slug":"food","status":"publish","type":"post","link":"https:\/\/www.guastalla.com\/it\/mostre\/food\/","title":{"rendered":"Food"},"content":{"rendered":"<p>31\/05\/2006 &#8211; 22\/07\/2006<\/p>\n<p>Studio Guastalla<br \/>\nVia Senato 24, 20121<br \/>\nMilano<\/p>\n<p>Orari<br \/>\nDal marted\u00ec al sabato<\/p>\n<p>10-13 e 15-19<\/p>\n<p>&nbsp;<\/p>\n<p>Renato Mannheimer presenter\u00e0 in esclusiva, durante l\u2019inaugurazione, i dati della sua ricerca sugli italiani e il cibo, e illustrer\u00e0 i nessi tra le opere esposte e la passione per il mangiare e il bere bene.<\/p>\n<p>Elemento necessario alla sopravvivenza, il cibo \u00e8 per l\u2019uomo al centro di una ragnatela di complessi significati simbolici. L\u2019animale si nutre, mentre l\u2019uomo mangia, e non si accontenta di consumare gli alimenti, ma li pensa: assimilandoli fa spazio dentro di s\u00e9 al mondo esterno, quindi ci\u00f2 che assume trasforma la sua soggettivit\u00e0.<br \/>\nL\u2019identit\u00e0 vien mangiando, si potrebbe dire, e infatti il paradosso dell\u2019alimentazione umana \u00e8 che l\u2019uomo, onnivoro in teoria, in realt\u00e0 fonda la sua identit\u00e0 di individuo, di gruppo sociale, etnico, religioso, sui cibi che volontariamente esclude.<br \/>\nIl primo scenario di questa esclusione \u00e8 certamente quello religioso, che fa riferimento al sacrificio: memoria del sacrificio umano sublimato nel tab\u00f9 del cannibalismo, senso di colpa per la violenza nei confronti di altre creature mitigata dalle prescrizioni in fatto di macellazione, di divieto di cibarsi di certi animali, o di cibarsene tout court.<br \/>\nRegole che possono sembrare arcaiche e ormai superate nel loro rigore. Eppure la cultura contemporanea occidentale impone regole e valori, in fatto di cibo, altrettanto rigorosi e selettivi: tra vegetariani, cultori del biologico e dei prodotti locali e d\u2019origine garantita, adepti di diete che bandiscono abbinamenti di cibi imposti invece da altre, ormai il bon ton di un invito a cena impone di informarsi sulle abitudini degli ospiti.<br \/>\nIl cibo \u00e8 fonte di distinzione sociale: presentato come opera d\u2019arte minimalista arriva a perdere il legame con la fisicit\u00e0, mentre\u00a0 chi si nutre di cibo spazzatura o chi non riesce a controllare il proprio peso \u00e8 condannato all\u2019ostracismo.<br \/>\nMai come negli ultimi anni, del resto, cinema e letteratura hanno sottolineato l\u2019importanza del cibo e del suo legame con erotismo e sessualit\u00e0.<\/p>\n<p>L\u2019arte ha da sempre avuto un rapporto fortissimo con il cibo, cogliendone, spesso con ironia, la complessa rete di rimandi e di significati. Dai mosaici romani a \u201cpavimento non spazzato\u201d, con i resti del banchetto caduti a terra fissati nel marmo, alle nature morte seicentesche amate dalla borghesia e stigmatizzate dalle accademie proprio perch\u00e9 raffigurano la materialit\u00e0 del cibo, dall\u2019immagine pubblicitaria della Cambpell soup di Andy Warhol alle installazioni di Spoerri che trasforma in opera d\u2019arte i resti di una cena tra amici, dal diario in cui una giovanissima Vanessa Beecroft registra quotidianamente ogni cibo ingerito alle figure allegramente obese di Botero, dai panini calcificati nel caolino di Piero Manzoni all\u2019alimentazione in pillole della Pharmacy di Damien Hirst, il cibo \u00e8 uno dei temi centrali dell\u2019arte.<br \/>\nL\u2019ironia \u00e8 il filo conduttore della mostra FOOD. Le opere esposte, dalla \u201cciliegia transgenica da cocktail\u201d (Lounge) di Michele Chiossi al grande libro di Emilio Isgr\u00f2 con una lisca di pesce e l\u2019invito a mangiare pesce mediterraneo perch\u00e9 contiene pi\u00f9 fosforo, dalla \u201cpoesia per la sopravvivenza\u201d di Christian Tobas, con la pastina a forma di lettere dell\u2019alfabeto, pronta per scrivere versi ma anche per andare all\u2019occorrenza in tavola, dalla tavola imbandita di Chagall con mucche e maiali in miniatura serviti sui piatti di portata ancora interi, al d\u00e9collage di Rotella con un pomodoro (Per l\u2019insalata), la mostra non ha messaggi n\u00e9 risposte. La parola \u00e8 lasciata agli artisti, allo loro \u201cleggerezza\u201d, al loro spirito sottile, capace di smontare intolleranza e diffidenza nei confronti di chi mangia diversamente da noi.<\/p>\n","protected":false},"excerpt":{"rendered":"<p>31\/05\/2006 &#8211; 22\/07\/2006 Studio Guastalla Via Senato 24, 20121 Milano Orari Dal marted\u00ec al sabato 10-13 e 15-19 &nbsp; Renato Mannheimer presenter\u00e0 in esclusiva, durante l\u2019inaugurazione, i dati della sua ricerca sugli italiani e il cibo, e illustrer\u00e0 i nessi tra le opere esposte e la passione per il mangiare e il bere bene. Elemento [&hellip;]<\/p>\n","protected":false},"author":11,"featured_media":2344,"comment_status":"closed","ping_status":"closed","sticky":false,"template":"","format":"standard","meta":{"_acf_changed":false,"_et_pb_use_builder":"","_et_pb_old_content":"","_et_gb_content_width":"","footnotes":""},"categories":[13,30,85],"tags":[132,140,89,87,162],"class_list":["post-8330","post","type-post","status-publish","format-standard","has-post-thumbnail","hentry","category-mostre","category-mostre-e-fiere","category-passate","tag-chagall-marc","tag-gentilini-franco","tag-isgro-emilio","tag-mostre-gallery","tag-rotella-mimmo"],"acf":[],"yoast_head":"<!-- This site is optimized with the Yoast SEO plugin v28.4 - https:\/\/yoast.com\/product\/yoast-seo-wordpress\/ -->\n<title>Food - Studio Guastalla<\/title>\n<meta name=\"robots\" content=\"index, follow, max-snippet:-1, max-image-preview:large, max-video-preview:-1\" \/>\n<link rel=\"canonical\" href=\"https:\/\/www.guastalla.com\/it\/mostre\/food\/\" \/>\n<meta property=\"og:locale\" content=\"it_IT\" \/>\n<meta property=\"og:type\" content=\"article\" \/>\n<meta property=\"og:title\" content=\"Food - Studio Guastalla\" \/>\n<meta property=\"og:description\" content=\"31\/05\/2006 &#8211; 22\/07\/2006 Studio Guastalla Via Senato 24, 20121 Milano Orari Dal marted\u00ec al sabato 10-13 e 15-19 &nbsp; Renato Mannheimer presenter\u00e0 in esclusiva, durante l\u2019inaugurazione, i dati della sua ricerca sugli italiani e il cibo, e illustrer\u00e0 i nessi tra le opere esposte e la passione per il mangiare e il bere bene. Elemento [&hellip;]\" \/>\n<meta property=\"og:url\" content=\"https:\/\/www.guastalla.com\/it\/mostre\/food\/\" \/>\n<meta property=\"og:site_name\" content=\"Studio Guastalla\" \/>\n<meta property=\"article:published_time\" content=\"2006-05-31T13:47:04+00:00\" \/>\n<meta property=\"article:modified_time\" content=\"2021-07-09T10:07:10+00:00\" \/>\n<meta property=\"og:image\" content=\"https:\/\/www.guastalla.com\/wp-content\/uploads\/2021\/04\/f696ddcfe73ced5ae27d5e9e17ab753fec9a6c93379b4ea29bcba16099f2290908ec3618eaf68919733ff6e5e666c9871699173c963e7c67828d133ed22811fb.jpg\" \/>\n\t<meta property=\"og:image:width\" content=\"960\" \/>\n\t<meta property=\"og:image:height\" content=\"640\" \/>\n\t<meta property=\"og:image:type\" content=\"image\/jpeg\" \/>\n<meta name=\"author\" content=\"Erica Toffoletto\" \/>\n<meta name=\"twitter:card\" content=\"summary_large_image\" \/>\n<meta name=\"twitter:label1\" content=\"Scritto da\" \/>\n\t<meta name=\"twitter:data1\" content=\"Erica Toffoletto\" \/>\n\t<meta name=\"twitter:label2\" content=\"Tempo di lettura stimato\" \/>\n\t<meta name=\"twitter:data2\" content=\"3 minuti\" \/>\n<script type=\"application\/ld+json\" class=\"yoast-schema-graph\">{\"@context\":\"https:\\\/\\\/schema.org\",\"@graph\":[{\"@type\":\"Article\",\"@id\":\"https:\\\/\\\/www.guastalla.com\\\/it\\\/mostre\\\/food\\\/#article\",\"isPartOf\":{\"@id\":\"https:\\\/\\\/www.guastalla.com\\\/it\\\/mostre\\\/food\\\/\"},\"author\":{\"name\":\"Erica Toffoletto\",\"@id\":\"https:\\\/\\\/www.guastalla.com\\\/it\\\/#\\\/schema\\\/person\\\/1585d08759466444a5233722aa3a2197\"},\"headline\":\"Food\",\"datePublished\":\"2006-05-31T13:47:04+00:00\",\"dateModified\":\"2021-07-09T10:07:10+00:00\",\"mainEntityOfPage\":{\"@id\":\"https:\\\/\\\/www.guastalla.com\\\/it\\\/mostre\\\/food\\\/\"},\"wordCount\":592,\"image\":{\"@id\":\"https:\\\/\\\/www.guastalla.com\\\/it\\\/mostre\\\/food\\\/#primaryimage\"},\"thumbnailUrl\":\"https:\\\/\\\/www.guastalla.com\\\/wp-content\\\/uploads\\\/2021\\\/04\\\/f696ddcfe73ced5ae27d5e9e17ab753fec9a6c93379b4ea29bcba16099f2290908ec3618eaf68919733ff6e5e666c9871699173c963e7c67828d133ed22811fb.jpg\",\"keywords\":[\"chagall-marc\",\"gentilini-franco\",\"isgr\u00d2-emilio\",\"mostre-gallery\",\"rotella-mimmo\"],\"articleSection\":[\"Mostre\",\"Mostre e fiere\",\"Passate\"],\"inLanguage\":\"it-IT\"},{\"@type\":\"WebPage\",\"@id\":\"https:\\\/\\\/www.guastalla.com\\\/it\\\/mostre\\\/food\\\/\",\"url\":\"https:\\\/\\\/www.guastalla.com\\\/it\\\/mostre\\\/food\\\/\",\"name\":\"Food - Studio Guastalla\",\"isPartOf\":{\"@id\":\"https:\\\/\\\/www.guastalla.com\\\/it\\\/#website\"},\"primaryImageOfPage\":{\"@id\":\"https:\\\/\\\/www.guastalla.com\\\/it\\\/mostre\\\/food\\\/#primaryimage\"},\"image\":{\"@id\":\"https:\\\/\\\/www.guastalla.com\\\/it\\\/mostre\\\/food\\\/#primaryimage\"},\"thumbnailUrl\":\"https:\\\/\\\/www.guastalla.com\\\/wp-content\\\/uploads\\\/2021\\\/04\\\/f696ddcfe73ced5ae27d5e9e17ab753fec9a6c93379b4ea29bcba16099f2290908ec3618eaf68919733ff6e5e666c9871699173c963e7c67828d133ed22811fb.jpg\",\"datePublished\":\"2006-05-31T13:47:04+00:00\",\"dateModified\":\"2021-07-09T10:07:10+00:00\",\"author\":{\"@id\":\"https:\\\/\\\/www.guastalla.com\\\/it\\\/#\\\/schema\\\/person\\\/1585d08759466444a5233722aa3a2197\"},\"breadcrumb\":{\"@id\":\"https:\\\/\\\/www.guastalla.com\\\/it\\\/mostre\\\/food\\\/#breadcrumb\"},\"inLanguage\":\"it-IT\",\"potentialAction\":[{\"@type\":\"ReadAction\",\"target\":[\"https:\\\/\\\/www.guastalla.com\\\/it\\\/mostre\\\/food\\\/\"]}]},{\"@type\":\"ImageObject\",\"inLanguage\":\"it-IT\",\"@id\":\"https:\\\/\\\/www.guastalla.com\\\/it\\\/mostre\\\/food\\\/#primaryimage\",\"url\":\"https:\\\/\\\/www.guastalla.com\\\/wp-content\\\/uploads\\\/2021\\\/04\\\/f696ddcfe73ced5ae27d5e9e17ab753fec9a6c93379b4ea29bcba16099f2290908ec3618eaf68919733ff6e5e666c9871699173c963e7c67828d133ed22811fb.jpg\",\"contentUrl\":\"https:\\\/\\\/www.guastalla.com\\\/wp-content\\\/uploads\\\/2021\\\/04\\\/f696ddcfe73ced5ae27d5e9e17ab753fec9a6c93379b4ea29bcba16099f2290908ec3618eaf68919733ff6e5e666c9871699173c963e7c67828d133ed22811fb.jpg\",\"width\":960,\"height\":640},{\"@type\":\"BreadcrumbList\",\"@id\":\"https:\\\/\\\/www.guastalla.com\\\/it\\\/mostre\\\/food\\\/#breadcrumb\",\"itemListElement\":[{\"@type\":\"ListItem\",\"position\":1,\"name\":\"Home\",\"item\":\"https:\\\/\\\/www.guastalla.com\\\/it\\\/\"},{\"@type\":\"ListItem\",\"position\":2,\"name\":\"Food\"}]},{\"@type\":\"WebSite\",\"@id\":\"https:\\\/\\\/www.guastalla.com\\\/it\\\/#website\",\"url\":\"https:\\\/\\\/www.guastalla.com\\\/it\\\/\",\"name\":\"Studio Guastalla\",\"description\":\"Galleria Arte Moderna e Contemporanea\",\"potentialAction\":[{\"@type\":\"SearchAction\",\"target\":{\"@type\":\"EntryPoint\",\"urlTemplate\":\"https:\\\/\\\/www.guastalla.com\\\/it\\\/?s={search_term_string}\"},\"query-input\":{\"@type\":\"PropertyValueSpecification\",\"valueRequired\":true,\"valueName\":\"search_term_string\"}}],\"inLanguage\":\"it-IT\"},{\"@type\":\"Person\",\"@id\":\"https:\\\/\\\/www.guastalla.com\\\/it\\\/#\\\/schema\\\/person\\\/1585d08759466444a5233722aa3a2197\",\"name\":\"Erica Toffoletto\",\"image\":{\"@type\":\"ImageObject\",\"inLanguage\":\"it-IT\",\"@id\":\"https:\\\/\\\/secure.gravatar.com\\\/avatar\\\/da1d7bc05ba1780f895f17c4c8bdd3fafb0b6e9908ef655c70a3578a94b36dab?s=96&d=mm&r=g\",\"url\":\"https:\\\/\\\/secure.gravatar.com\\\/avatar\\\/da1d7bc05ba1780f895f17c4c8bdd3fafb0b6e9908ef655c70a3578a94b36dab?s=96&d=mm&r=g\",\"contentUrl\":\"https:\\\/\\\/secure.gravatar.com\\\/avatar\\\/da1d7bc05ba1780f895f17c4c8bdd3fafb0b6e9908ef655c70a3578a94b36dab?s=96&d=mm&r=g\",\"caption\":\"Erica Toffoletto\"},\"url\":\"https:\\\/\\\/www.guastalla.com\\\/it\\\/author\\\/erica\\\/\"}]}<\/script>\n<!-- \/ Yoast SEO plugin. -->","yoast_head_json":{"title":"Food - Studio Guastalla","robots":{"index":"index","follow":"follow","max-snippet":"max-snippet:-1","max-image-preview":"max-image-preview:large","max-video-preview":"max-video-preview:-1"},"canonical":"https:\/\/www.guastalla.com\/it\/mostre\/food\/","og_locale":"it_IT","og_type":"article","og_title":"Food - Studio Guastalla","og_description":"31\/05\/2006 &#8211; 22\/07\/2006 Studio Guastalla Via Senato 24, 20121 Milano Orari Dal marted\u00ec al sabato 10-13 e 15-19 &nbsp; Renato Mannheimer presenter\u00e0 in esclusiva, durante l\u2019inaugurazione, i dati della sua ricerca sugli italiani e il cibo, e illustrer\u00e0 i nessi tra le opere esposte e la passione per il mangiare e il bere bene. Elemento [&hellip;]","og_url":"https:\/\/www.guastalla.com\/it\/mostre\/food\/","og_site_name":"Studio Guastalla","article_published_time":"2006-05-31T13:47:04+00:00","article_modified_time":"2021-07-09T10:07:10+00:00","og_image":[{"width":960,"height":640,"url":"https:\/\/www.guastalla.com\/wp-content\/uploads\/2021\/04\/f696ddcfe73ced5ae27d5e9e17ab753fec9a6c93379b4ea29bcba16099f2290908ec3618eaf68919733ff6e5e666c9871699173c963e7c67828d133ed22811fb.jpg","type":"image\/jpeg"}],"author":"Erica Toffoletto","twitter_card":"summary_large_image","twitter_misc":{"Scritto da":"Erica Toffoletto","Tempo di lettura stimato":"3 minuti"},"schema":{"@context":"https:\/\/schema.org","@graph":[{"@type":"Article","@id":"https:\/\/www.guastalla.com\/it\/mostre\/food\/#article","isPartOf":{"@id":"https:\/\/www.guastalla.com\/it\/mostre\/food\/"},"author":{"name":"Erica Toffoletto","@id":"https:\/\/www.guastalla.com\/it\/#\/schema\/person\/1585d08759466444a5233722aa3a2197"},"headline":"Food","datePublished":"2006-05-31T13:47:04+00:00","dateModified":"2021-07-09T10:07:10+00:00","mainEntityOfPage":{"@id":"https:\/\/www.guastalla.com\/it\/mostre\/food\/"},"wordCount":592,"image":{"@id":"https:\/\/www.guastalla.com\/it\/mostre\/food\/#primaryimage"},"thumbnailUrl":"https:\/\/www.guastalla.com\/wp-content\/uploads\/2021\/04\/f696ddcfe73ced5ae27d5e9e17ab753fec9a6c93379b4ea29bcba16099f2290908ec3618eaf68919733ff6e5e666c9871699173c963e7c67828d133ed22811fb.jpg","keywords":["chagall-marc","gentilini-franco","isgr\u00d2-emilio","mostre-gallery","rotella-mimmo"],"articleSection":["Mostre","Mostre e fiere","Passate"],"inLanguage":"it-IT"},{"@type":"WebPage","@id":"https:\/\/www.guastalla.com\/it\/mostre\/food\/","url":"https:\/\/www.guastalla.com\/it\/mostre\/food\/","name":"Food - Studio Guastalla","isPartOf":{"@id":"https:\/\/www.guastalla.com\/it\/#website"},"primaryImageOfPage":{"@id":"https:\/\/www.guastalla.com\/it\/mostre\/food\/#primaryimage"},"image":{"@id":"https:\/\/www.guastalla.com\/it\/mostre\/food\/#primaryimage"},"thumbnailUrl":"https:\/\/www.guastalla.com\/wp-content\/uploads\/2021\/04\/f696ddcfe73ced5ae27d5e9e17ab753fec9a6c93379b4ea29bcba16099f2290908ec3618eaf68919733ff6e5e666c9871699173c963e7c67828d133ed22811fb.jpg","datePublished":"2006-05-31T13:47:04+00:00","dateModified":"2021-07-09T10:07:10+00:00","author":{"@id":"https:\/\/www.guastalla.com\/it\/#\/schema\/person\/1585d08759466444a5233722aa3a2197"},"breadcrumb":{"@id":"https:\/\/www.guastalla.com\/it\/mostre\/food\/#breadcrumb"},"inLanguage":"it-IT","potentialAction":[{"@type":"ReadAction","target":["https:\/\/www.guastalla.com\/it\/mostre\/food\/"]}]},{"@type":"ImageObject","inLanguage":"it-IT","@id":"https:\/\/www.guastalla.com\/it\/mostre\/food\/#primaryimage","url":"https:\/\/www.guastalla.com\/wp-content\/uploads\/2021\/04\/f696ddcfe73ced5ae27d5e9e17ab753fec9a6c93379b4ea29bcba16099f2290908ec3618eaf68919733ff6e5e666c9871699173c963e7c67828d133ed22811fb.jpg","contentUrl":"https:\/\/www.guastalla.com\/wp-content\/uploads\/2021\/04\/f696ddcfe73ced5ae27d5e9e17ab753fec9a6c93379b4ea29bcba16099f2290908ec3618eaf68919733ff6e5e666c9871699173c963e7c67828d133ed22811fb.jpg","width":960,"height":640},{"@type":"BreadcrumbList","@id":"https:\/\/www.guastalla.com\/it\/mostre\/food\/#breadcrumb","itemListElement":[{"@type":"ListItem","position":1,"name":"Home","item":"https:\/\/www.guastalla.com\/it\/"},{"@type":"ListItem","position":2,"name":"Food"}]},{"@type":"WebSite","@id":"https:\/\/www.guastalla.com\/it\/#website","url":"https:\/\/www.guastalla.com\/it\/","name":"Studio Guastalla","description":"Galleria Arte Moderna e Contemporanea","potentialAction":[{"@type":"SearchAction","target":{"@type":"EntryPoint","urlTemplate":"https:\/\/www.guastalla.com\/it\/?s={search_term_string}"},"query-input":{"@type":"PropertyValueSpecification","valueRequired":true,"valueName":"search_term_string"}}],"inLanguage":"it-IT"},{"@type":"Person","@id":"https:\/\/www.guastalla.com\/it\/#\/schema\/person\/1585d08759466444a5233722aa3a2197","name":"Erica Toffoletto","image":{"@type":"ImageObject","inLanguage":"it-IT","@id":"https:\/\/secure.gravatar.com\/avatar\/da1d7bc05ba1780f895f17c4c8bdd3fafb0b6e9908ef655c70a3578a94b36dab?s=96&d=mm&r=g","url":"https:\/\/secure.gravatar.com\/avatar\/da1d7bc05ba1780f895f17c4c8bdd3fafb0b6e9908ef655c70a3578a94b36dab?s=96&d=mm&r=g","contentUrl":"https:\/\/secure.gravatar.com\/avatar\/da1d7bc05ba1780f895f17c4c8bdd3fafb0b6e9908ef655c70a3578a94b36dab?s=96&d=mm&r=g","caption":"Erica Toffoletto"},"url":"https:\/\/www.guastalla.com\/it\/author\/erica\/"}]}},"_links":{"self":[{"href":"https:\/\/www.guastalla.com\/it\/wp-json\/wp\/v2\/posts\/8330","targetHints":{"allow":["GET"]}}],"collection":[{"href":"https:\/\/www.guastalla.com\/it\/wp-json\/wp\/v2\/posts"}],"about":[{"href":"https:\/\/www.guastalla.com\/it\/wp-json\/wp\/v2\/types\/post"}],"author":[{"embeddable":true,"href":"https:\/\/www.guastalla.com\/it\/wp-json\/wp\/v2\/users\/11"}],"replies":[{"embeddable":true,"href":"https:\/\/www.guastalla.com\/it\/wp-json\/wp\/v2\/comments?post=8330"}],"version-history":[{"count":3,"href":"https:\/\/www.guastalla.com\/it\/wp-json\/wp\/v2\/posts\/8330\/revisions"}],"predecessor-version":[{"id":11433,"href":"https:\/\/www.guastalla.com\/it\/wp-json\/wp\/v2\/posts\/8330\/revisions\/11433"}],"wp:featuredmedia":[{"embeddable":true,"href":"https:\/\/www.guastalla.com\/it\/wp-json\/wp\/v2\/media\/2344"}],"wp:attachment":[{"href":"https:\/\/www.guastalla.com\/it\/wp-json\/wp\/v2\/media?parent=8330"}],"wp:term":[{"taxonomy":"category","embeddable":true,"href":"https:\/\/www.guastalla.com\/it\/wp-json\/wp\/v2\/categories?post=8330"},{"taxonomy":"post_tag","embeddable":true,"href":"https:\/\/www.guastalla.com\/it\/wp-json\/wp\/v2\/tags?post=8330"}],"curies":[{"name":"wp","href":"https:\/\/api.w.org\/{rel}","templated":true}]}}