{"id":8324,"date":"2010-05-26T15:47:03","date_gmt":"2010-05-26T13:47:03","guid":{"rendered":"https:\/\/www.guastalla.com\/non-categorizzato\/marino-marini-segno-e-colore-nellopera-grafica\/"},"modified":"2021-07-30T18:52:50","modified_gmt":"2021-07-30T16:52:50","slug":"marino-marini-segno-e-colore-nellopera-grafica","status":"publish","type":"post","link":"https:\/\/www.guastalla.com\/it\/mostre\/marino-marini-segno-e-colore-nellopera-grafica\/","title":{"rendered":"MARINO MARINI. Segno e colore nell&#8217;opera grafica"},"content":{"rendered":"<p>26\/05\/2010 &#8211; 08\/08\/2010<\/p>\n<p>Luogo<br \/>\nRegione Lombardia, Grattacielo Pirelli, Milano.<br \/>\nVia Fabio Filzi 22, Spazio eventi 1\u00b0 piano.<\/p>\n<p>Orari<br \/>\nmarted\u00ec-venerd\u00ec 15-19, sabato e domenica 10-19. Luned\u00ec chiuso.<br \/>\nIngresso libero<\/p>\n<p>La mostra presenta cinquantatre incisioni e litografie di Marino Marini, che testimoniano la ricca produzione dell\u2019artista, coprendo un arco di pi\u00f9 di trent\u2019anni. Marino inizia gi\u00e0 all\u2019Accademia di Firenze, nei primi anni Venti, a interessarsi all\u2019acquaforte, mostrando fin da subito quella sicurezza del segno che contraddistinguono la sua opera dipinta. Ma \u00e8 in Svizzera, nei primi anni \u201940, rifugiato durante la guerra, che inizia a lavorare alla litografia, una tecnica pi\u00f9 recente, in cui si dimostra capace di ottenere risultati autonomi e sorprendenti.<br \/>\nApre cronologicamente la mostra l\u2019acquaforte \u201cL\u2019impiccato\u201d (con cui Marino torna nel 1946 all\u2019incisione dopo le prime esperienze giovanili degli anni \u201820), un soggetto che allude esplicitamente agli orrori della guerra, dal segno \u201csecco, arido, crepitante\u201d.<br \/>\nParallelamente alla scultura, \u00e8 negli anni \u201950 che, anche nella grafica, lo stile di Marino matura e si definisce: \u201cI cavalieri \u2013 afferma l\u2019artista \u2013 sempre pi\u00f9 imponenti, hanno perso il loro\u00a0 antico dominio sull\u2019animale e le catastrofi che li colpiscono sono simili a quelle che distrussero Sodoma e Pompei. Io cerco dunque di simboleggiare la fase ultima della decomposizione con un mito, il mito dell\u2019uomo eroico e vittorioso, dell\u2019uomo di virt\u00f9 degli umanisti\u201d.<br \/>\n\u201cIl segno cos\u00ec \u2013 scrive Mario De Micheli \u2013 si va facendo pi\u00f9 ricco e vario, assumendo la deformazione, talvolta fortemente espressionistica, come metodo figurale: ora tende all\u2019essenzialit\u00e0, prediligendo la linea pura, ora invece s\u2019abbandona d\u2019impulso all\u2019intrico e alla macchia; sempre, comunque, con una assoluta padronanza stilistica dell\u2019invenzione\u201d.<br \/>\nAccanto a cavalieri e pomone, i suoi soggetti pi\u00f9 amati, iniziano a popolare il mondo di Marino i personaggi del circo: acrobati, giocolieri, maschere.<br \/>\nLa visione del mondo e dell\u2019uomo di Marino si fa negli anni sempre pi\u00f9 drammatica: le linee si spezzano, i contorni si stilizzano, il segno si deforma. I Guerrieri e i Gridi degli anni \u201960 sono immagini in cui cavallo e cavaliere giacciono come ridotti a fossili, senza vita. L\u2019uomo \u00e8 disarcionato, a simboleggiare la sconfitta dell\u2019umanesimo, l\u2019impossibilit\u00e0 ormai di dominare la natura. Ma accanto alle immagini tragiche, Marino continua fino alla fine a popolare il suo mondo di pomone, di teatri, di cavalli, di maschere, di colore ed esuberanza di vita<br \/>\nIl lavoro di incisore gli permette di tornare pi\u00f9 e pi\u00f9 volte, nel corso degli anni, su una lastra, che testimonia cos\u00ec l\u2019evoluzione, l\u2019arricchimento, i pentimenti, come una creatura che prende forma via via.<br \/>\nAl segno stilizzato e al bianco e nero l\u2019artista affianca poi il colore, introdotto nella litografia in larghe campiture, pure e unite. Sono queste le opere degli anni \u201970, una \u201csorta di crescendo, \u2013 scrive ancora De Micheli \u2013 il suo segno scatta repentino, fluente e sottile, o s\u2019arricciola, s\u2019infittisce, s\u2019infosca nel contrappunto di un colore che squilla di rossi, di verdi, di blu, di gialli, ma che sa trovare i suoi effetti persuasivi anche nell\u2019oro e nell\u2019argento, quando non si fa notturno, di un nero morbido e felpato, o di un lucido ebano. [\u2026] Cos\u00ec Marino sapeva coniugare la coscienza della tragedia, della minaccia incombente, con l\u2019incoercibile aspirazione alla felicit\u00e0 che vive in ogni uomo\u201d.<\/p>\n","protected":false},"excerpt":{"rendered":"<p>26\/05\/2010 &#8211; 08\/08\/2010 Luogo Regione Lombardia, Grattacielo Pirelli, Milano. Via Fabio Filzi 22, Spazio eventi 1\u00b0 piano. Orari marted\u00ec-venerd\u00ec 15-19, sabato e domenica 10-19. Luned\u00ec chiuso. Ingresso libero La mostra presenta cinquantatre incisioni e litografie di Marino Marini, che testimoniano la ricca produzione dell\u2019artista, coprendo un arco di pi\u00f9 di trent\u2019anni. Marino inizia gi\u00e0 all\u2019Accademia [&hellip;]<\/p>\n","protected":false},"author":11,"featured_media":2281,"comment_status":"closed","ping_status":"closed","sticky":false,"template":"","format":"standard","meta":{"_acf_changed":false,"_et_pb_use_builder":"","_et_pb_old_content":"","_et_gb_content_width":"","footnotes":""},"categories":[13,30,85],"tags":[151,194,87],"class_list":["post-8324","post","type-post","status-publish","format-standard","has-post-thumbnail","hentry","category-mostre","category-mostre-e-fiere","category-passate","tag-marini-marino","tag-marino-marini-segno-e-colore-nellopera-grafica","tag-mostre-gallery"],"acf":[],"yoast_head":"<!-- This site is optimized with the Yoast SEO plugin v28.4 - https:\/\/yoast.com\/product\/yoast-seo-wordpress\/ -->\n<title>MARINO MARINI. Segno e colore nell&#039;opera grafica - Studio Guastalla<\/title>\n<meta name=\"robots\" content=\"index, follow, max-snippet:-1, max-image-preview:large, max-video-preview:-1\" \/>\n<link rel=\"canonical\" href=\"https:\/\/www.guastalla.com\/it\/mostre\/marino-marini-segno-e-colore-nellopera-grafica\/\" \/>\n<meta property=\"og:locale\" content=\"it_IT\" \/>\n<meta property=\"og:type\" content=\"article\" \/>\n<meta property=\"og:title\" content=\"MARINO MARINI. Segno e colore nell&#039;opera grafica - Studio Guastalla\" \/>\n<meta property=\"og:description\" content=\"26\/05\/2010 &#8211; 08\/08\/2010 Luogo Regione Lombardia, Grattacielo Pirelli, Milano. Via Fabio Filzi 22, Spazio eventi 1\u00b0 piano. Orari marted\u00ec-venerd\u00ec 15-19, sabato e domenica 10-19. Luned\u00ec chiuso. Ingresso libero La mostra presenta cinquantatre incisioni e litografie di Marino Marini, che testimoniano la ricca produzione dell\u2019artista, coprendo un arco di pi\u00f9 di trent\u2019anni. Marino inizia gi\u00e0 all\u2019Accademia [&hellip;]\" \/>\n<meta property=\"og:url\" content=\"https:\/\/www.guastalla.com\/it\/mostre\/marino-marini-segno-e-colore-nellopera-grafica\/\" \/>\n<meta property=\"og:site_name\" content=\"Studio Guastalla\" \/>\n<meta property=\"article:published_time\" content=\"2010-05-26T13:47:03+00:00\" \/>\n<meta property=\"article:modified_time\" content=\"2021-07-30T16:52:50+00:00\" \/>\n<meta property=\"og:image\" content=\"https:\/\/www.guastalla.com\/wp-content\/uploads\/2021\/04\/be1c191219262b4d7adb1f15b00d065588aa540952b12d8a1b69deb3e75583f4151a5c765e5e2b91f2891f50cca9ab898338478d2bfd06adc064a83b3362336d.jpg\" \/>\n\t<meta property=\"og:image:width\" content=\"960\" \/>\n\t<meta property=\"og:image:height\" content=\"640\" \/>\n\t<meta property=\"og:image:type\" content=\"image\/jpeg\" \/>\n<meta name=\"author\" content=\"Erica Toffoletto\" \/>\n<meta name=\"twitter:card\" content=\"summary_large_image\" \/>\n<meta name=\"twitter:label1\" content=\"Scritto da\" \/>\n\t<meta name=\"twitter:data1\" content=\"Erica Toffoletto\" \/>\n\t<meta name=\"twitter:label2\" content=\"Tempo di lettura stimato\" \/>\n\t<meta name=\"twitter:data2\" content=\"3 minuti\" \/>\n<script type=\"application\/ld+json\" class=\"yoast-schema-graph\">{\"@context\":\"https:\\\/\\\/schema.org\",\"@graph\":[{\"@type\":\"Article\",\"@id\":\"https:\\\/\\\/www.guastalla.com\\\/it\\\/mostre\\\/marino-marini-segno-e-colore-nellopera-grafica\\\/#article\",\"isPartOf\":{\"@id\":\"https:\\\/\\\/www.guastalla.com\\\/it\\\/mostre\\\/marino-marini-segno-e-colore-nellopera-grafica\\\/\"},\"author\":{\"name\":\"Erica Toffoletto\",\"@id\":\"https:\\\/\\\/www.guastalla.com\\\/it\\\/#\\\/schema\\\/person\\\/1585d08759466444a5233722aa3a2197\"},\"headline\":\"MARINO MARINI. Segno e colore nell&#8217;opera grafica\",\"datePublished\":\"2010-05-26T13:47:03+00:00\",\"dateModified\":\"2021-07-30T16:52:50+00:00\",\"mainEntityOfPage\":{\"@id\":\"https:\\\/\\\/www.guastalla.com\\\/it\\\/mostre\\\/marino-marini-segno-e-colore-nellopera-grafica\\\/\"},\"wordCount\":552,\"image\":{\"@id\":\"https:\\\/\\\/www.guastalla.com\\\/it\\\/mostre\\\/marino-marini-segno-e-colore-nellopera-grafica\\\/#primaryimage\"},\"thumbnailUrl\":\"https:\\\/\\\/www.guastalla.com\\\/wp-content\\\/uploads\\\/2021\\\/04\\\/be1c191219262b4d7adb1f15b00d065588aa540952b12d8a1b69deb3e75583f4151a5c765e5e2b91f2891f50cca9ab898338478d2bfd06adc064a83b3362336d.jpg\",\"keywords\":[\"marini-marino\",\"Marino Marini - SEGNO E COLORE NELL'OPERA GRAFICA\",\"mostre-gallery\"],\"articleSection\":[\"Mostre\",\"Mostre e fiere\",\"Passate\"],\"inLanguage\":\"it-IT\"},{\"@type\":\"WebPage\",\"@id\":\"https:\\\/\\\/www.guastalla.com\\\/it\\\/mostre\\\/marino-marini-segno-e-colore-nellopera-grafica\\\/\",\"url\":\"https:\\\/\\\/www.guastalla.com\\\/it\\\/mostre\\\/marino-marini-segno-e-colore-nellopera-grafica\\\/\",\"name\":\"MARINO MARINI. Segno e colore nell'opera grafica - Studio Guastalla\",\"isPartOf\":{\"@id\":\"https:\\\/\\\/www.guastalla.com\\\/it\\\/#website\"},\"primaryImageOfPage\":{\"@id\":\"https:\\\/\\\/www.guastalla.com\\\/it\\\/mostre\\\/marino-marini-segno-e-colore-nellopera-grafica\\\/#primaryimage\"},\"image\":{\"@id\":\"https:\\\/\\\/www.guastalla.com\\\/it\\\/mostre\\\/marino-marini-segno-e-colore-nellopera-grafica\\\/#primaryimage\"},\"thumbnailUrl\":\"https:\\\/\\\/www.guastalla.com\\\/wp-content\\\/uploads\\\/2021\\\/04\\\/be1c191219262b4d7adb1f15b00d065588aa540952b12d8a1b69deb3e75583f4151a5c765e5e2b91f2891f50cca9ab898338478d2bfd06adc064a83b3362336d.jpg\",\"datePublished\":\"2010-05-26T13:47:03+00:00\",\"dateModified\":\"2021-07-30T16:52:50+00:00\",\"author\":{\"@id\":\"https:\\\/\\\/www.guastalla.com\\\/it\\\/#\\\/schema\\\/person\\\/1585d08759466444a5233722aa3a2197\"},\"breadcrumb\":{\"@id\":\"https:\\\/\\\/www.guastalla.com\\\/it\\\/mostre\\\/marino-marini-segno-e-colore-nellopera-grafica\\\/#breadcrumb\"},\"inLanguage\":\"it-IT\",\"potentialAction\":[{\"@type\":\"ReadAction\",\"target\":[\"https:\\\/\\\/www.guastalla.com\\\/it\\\/mostre\\\/marino-marini-segno-e-colore-nellopera-grafica\\\/\"]}]},{\"@type\":\"ImageObject\",\"inLanguage\":\"it-IT\",\"@id\":\"https:\\\/\\\/www.guastalla.com\\\/it\\\/mostre\\\/marino-marini-segno-e-colore-nellopera-grafica\\\/#primaryimage\",\"url\":\"https:\\\/\\\/www.guastalla.com\\\/wp-content\\\/uploads\\\/2021\\\/04\\\/be1c191219262b4d7adb1f15b00d065588aa540952b12d8a1b69deb3e75583f4151a5c765e5e2b91f2891f50cca9ab898338478d2bfd06adc064a83b3362336d.jpg\",\"contentUrl\":\"https:\\\/\\\/www.guastalla.com\\\/wp-content\\\/uploads\\\/2021\\\/04\\\/be1c191219262b4d7adb1f15b00d065588aa540952b12d8a1b69deb3e75583f4151a5c765e5e2b91f2891f50cca9ab898338478d2bfd06adc064a83b3362336d.jpg\",\"width\":960,\"height\":640},{\"@type\":\"BreadcrumbList\",\"@id\":\"https:\\\/\\\/www.guastalla.com\\\/it\\\/mostre\\\/marino-marini-segno-e-colore-nellopera-grafica\\\/#breadcrumb\",\"itemListElement\":[{\"@type\":\"ListItem\",\"position\":1,\"name\":\"Home\",\"item\":\"https:\\\/\\\/www.guastalla.com\\\/it\\\/\"},{\"@type\":\"ListItem\",\"position\":2,\"name\":\"MARINO MARINI. Segno e colore nell&#8217;opera grafica\"}]},{\"@type\":\"WebSite\",\"@id\":\"https:\\\/\\\/www.guastalla.com\\\/it\\\/#website\",\"url\":\"https:\\\/\\\/www.guastalla.com\\\/it\\\/\",\"name\":\"Studio Guastalla\",\"description\":\"Galleria Arte Moderna e Contemporanea\",\"potentialAction\":[{\"@type\":\"SearchAction\",\"target\":{\"@type\":\"EntryPoint\",\"urlTemplate\":\"https:\\\/\\\/www.guastalla.com\\\/it\\\/?s={search_term_string}\"},\"query-input\":{\"@type\":\"PropertyValueSpecification\",\"valueRequired\":true,\"valueName\":\"search_term_string\"}}],\"inLanguage\":\"it-IT\"},{\"@type\":\"Person\",\"@id\":\"https:\\\/\\\/www.guastalla.com\\\/it\\\/#\\\/schema\\\/person\\\/1585d08759466444a5233722aa3a2197\",\"name\":\"Erica Toffoletto\",\"image\":{\"@type\":\"ImageObject\",\"inLanguage\":\"it-IT\",\"@id\":\"https:\\\/\\\/secure.gravatar.com\\\/avatar\\\/da1d7bc05ba1780f895f17c4c8bdd3fafb0b6e9908ef655c70a3578a94b36dab?s=96&d=mm&r=g\",\"url\":\"https:\\\/\\\/secure.gravatar.com\\\/avatar\\\/da1d7bc05ba1780f895f17c4c8bdd3fafb0b6e9908ef655c70a3578a94b36dab?s=96&d=mm&r=g\",\"contentUrl\":\"https:\\\/\\\/secure.gravatar.com\\\/avatar\\\/da1d7bc05ba1780f895f17c4c8bdd3fafb0b6e9908ef655c70a3578a94b36dab?s=96&d=mm&r=g\",\"caption\":\"Erica Toffoletto\"},\"url\":\"https:\\\/\\\/www.guastalla.com\\\/it\\\/author\\\/erica\\\/\"}]}<\/script>\n<!-- \/ Yoast SEO plugin. -->","yoast_head_json":{"title":"MARINO MARINI. Segno e colore nell'opera grafica - Studio Guastalla","robots":{"index":"index","follow":"follow","max-snippet":"max-snippet:-1","max-image-preview":"max-image-preview:large","max-video-preview":"max-video-preview:-1"},"canonical":"https:\/\/www.guastalla.com\/it\/mostre\/marino-marini-segno-e-colore-nellopera-grafica\/","og_locale":"it_IT","og_type":"article","og_title":"MARINO MARINI. Segno e colore nell'opera grafica - Studio Guastalla","og_description":"26\/05\/2010 &#8211; 08\/08\/2010 Luogo Regione Lombardia, Grattacielo Pirelli, Milano. Via Fabio Filzi 22, Spazio eventi 1\u00b0 piano. Orari marted\u00ec-venerd\u00ec 15-19, sabato e domenica 10-19. Luned\u00ec chiuso. Ingresso libero La mostra presenta cinquantatre incisioni e litografie di Marino Marini, che testimoniano la ricca produzione dell\u2019artista, coprendo un arco di pi\u00f9 di trent\u2019anni. Marino inizia gi\u00e0 all\u2019Accademia [&hellip;]","og_url":"https:\/\/www.guastalla.com\/it\/mostre\/marino-marini-segno-e-colore-nellopera-grafica\/","og_site_name":"Studio Guastalla","article_published_time":"2010-05-26T13:47:03+00:00","article_modified_time":"2021-07-30T16:52:50+00:00","og_image":[{"width":960,"height":640,"url":"https:\/\/www.guastalla.com\/wp-content\/uploads\/2021\/04\/be1c191219262b4d7adb1f15b00d065588aa540952b12d8a1b69deb3e75583f4151a5c765e5e2b91f2891f50cca9ab898338478d2bfd06adc064a83b3362336d.jpg","type":"image\/jpeg"}],"author":"Erica Toffoletto","twitter_card":"summary_large_image","twitter_misc":{"Scritto da":"Erica Toffoletto","Tempo di lettura stimato":"3 minuti"},"schema":{"@context":"https:\/\/schema.org","@graph":[{"@type":"Article","@id":"https:\/\/www.guastalla.com\/it\/mostre\/marino-marini-segno-e-colore-nellopera-grafica\/#article","isPartOf":{"@id":"https:\/\/www.guastalla.com\/it\/mostre\/marino-marini-segno-e-colore-nellopera-grafica\/"},"author":{"name":"Erica Toffoletto","@id":"https:\/\/www.guastalla.com\/it\/#\/schema\/person\/1585d08759466444a5233722aa3a2197"},"headline":"MARINO MARINI. Segno e colore nell&#8217;opera grafica","datePublished":"2010-05-26T13:47:03+00:00","dateModified":"2021-07-30T16:52:50+00:00","mainEntityOfPage":{"@id":"https:\/\/www.guastalla.com\/it\/mostre\/marino-marini-segno-e-colore-nellopera-grafica\/"},"wordCount":552,"image":{"@id":"https:\/\/www.guastalla.com\/it\/mostre\/marino-marini-segno-e-colore-nellopera-grafica\/#primaryimage"},"thumbnailUrl":"https:\/\/www.guastalla.com\/wp-content\/uploads\/2021\/04\/be1c191219262b4d7adb1f15b00d065588aa540952b12d8a1b69deb3e75583f4151a5c765e5e2b91f2891f50cca9ab898338478d2bfd06adc064a83b3362336d.jpg","keywords":["marini-marino","Marino Marini - SEGNO E COLORE NELL'OPERA GRAFICA","mostre-gallery"],"articleSection":["Mostre","Mostre e fiere","Passate"],"inLanguage":"it-IT"},{"@type":"WebPage","@id":"https:\/\/www.guastalla.com\/it\/mostre\/marino-marini-segno-e-colore-nellopera-grafica\/","url":"https:\/\/www.guastalla.com\/it\/mostre\/marino-marini-segno-e-colore-nellopera-grafica\/","name":"MARINO MARINI. Segno e colore nell'opera grafica - Studio Guastalla","isPartOf":{"@id":"https:\/\/www.guastalla.com\/it\/#website"},"primaryImageOfPage":{"@id":"https:\/\/www.guastalla.com\/it\/mostre\/marino-marini-segno-e-colore-nellopera-grafica\/#primaryimage"},"image":{"@id":"https:\/\/www.guastalla.com\/it\/mostre\/marino-marini-segno-e-colore-nellopera-grafica\/#primaryimage"},"thumbnailUrl":"https:\/\/www.guastalla.com\/wp-content\/uploads\/2021\/04\/be1c191219262b4d7adb1f15b00d065588aa540952b12d8a1b69deb3e75583f4151a5c765e5e2b91f2891f50cca9ab898338478d2bfd06adc064a83b3362336d.jpg","datePublished":"2010-05-26T13:47:03+00:00","dateModified":"2021-07-30T16:52:50+00:00","author":{"@id":"https:\/\/www.guastalla.com\/it\/#\/schema\/person\/1585d08759466444a5233722aa3a2197"},"breadcrumb":{"@id":"https:\/\/www.guastalla.com\/it\/mostre\/marino-marini-segno-e-colore-nellopera-grafica\/#breadcrumb"},"inLanguage":"it-IT","potentialAction":[{"@type":"ReadAction","target":["https:\/\/www.guastalla.com\/it\/mostre\/marino-marini-segno-e-colore-nellopera-grafica\/"]}]},{"@type":"ImageObject","inLanguage":"it-IT","@id":"https:\/\/www.guastalla.com\/it\/mostre\/marino-marini-segno-e-colore-nellopera-grafica\/#primaryimage","url":"https:\/\/www.guastalla.com\/wp-content\/uploads\/2021\/04\/be1c191219262b4d7adb1f15b00d065588aa540952b12d8a1b69deb3e75583f4151a5c765e5e2b91f2891f50cca9ab898338478d2bfd06adc064a83b3362336d.jpg","contentUrl":"https:\/\/www.guastalla.com\/wp-content\/uploads\/2021\/04\/be1c191219262b4d7adb1f15b00d065588aa540952b12d8a1b69deb3e75583f4151a5c765e5e2b91f2891f50cca9ab898338478d2bfd06adc064a83b3362336d.jpg","width":960,"height":640},{"@type":"BreadcrumbList","@id":"https:\/\/www.guastalla.com\/it\/mostre\/marino-marini-segno-e-colore-nellopera-grafica\/#breadcrumb","itemListElement":[{"@type":"ListItem","position":1,"name":"Home","item":"https:\/\/www.guastalla.com\/it\/"},{"@type":"ListItem","position":2,"name":"MARINO MARINI. Segno e colore nell&#8217;opera grafica"}]},{"@type":"WebSite","@id":"https:\/\/www.guastalla.com\/it\/#website","url":"https:\/\/www.guastalla.com\/it\/","name":"Studio Guastalla","description":"Galleria Arte Moderna e Contemporanea","potentialAction":[{"@type":"SearchAction","target":{"@type":"EntryPoint","urlTemplate":"https:\/\/www.guastalla.com\/it\/?s={search_term_string}"},"query-input":{"@type":"PropertyValueSpecification","valueRequired":true,"valueName":"search_term_string"}}],"inLanguage":"it-IT"},{"@type":"Person","@id":"https:\/\/www.guastalla.com\/it\/#\/schema\/person\/1585d08759466444a5233722aa3a2197","name":"Erica Toffoletto","image":{"@type":"ImageObject","inLanguage":"it-IT","@id":"https:\/\/secure.gravatar.com\/avatar\/da1d7bc05ba1780f895f17c4c8bdd3fafb0b6e9908ef655c70a3578a94b36dab?s=96&d=mm&r=g","url":"https:\/\/secure.gravatar.com\/avatar\/da1d7bc05ba1780f895f17c4c8bdd3fafb0b6e9908ef655c70a3578a94b36dab?s=96&d=mm&r=g","contentUrl":"https:\/\/secure.gravatar.com\/avatar\/da1d7bc05ba1780f895f17c4c8bdd3fafb0b6e9908ef655c70a3578a94b36dab?s=96&d=mm&r=g","caption":"Erica Toffoletto"},"url":"https:\/\/www.guastalla.com\/it\/author\/erica\/"}]}},"_links":{"self":[{"href":"https:\/\/www.guastalla.com\/it\/wp-json\/wp\/v2\/posts\/8324","targetHints":{"allow":["GET"]}}],"collection":[{"href":"https:\/\/www.guastalla.com\/it\/wp-json\/wp\/v2\/posts"}],"about":[{"href":"https:\/\/www.guastalla.com\/it\/wp-json\/wp\/v2\/types\/post"}],"author":[{"embeddable":true,"href":"https:\/\/www.guastalla.com\/it\/wp-json\/wp\/v2\/users\/11"}],"replies":[{"embeddable":true,"href":"https:\/\/www.guastalla.com\/it\/wp-json\/wp\/v2\/comments?post=8324"}],"version-history":[{"count":5,"href":"https:\/\/www.guastalla.com\/it\/wp-json\/wp\/v2\/posts\/8324\/revisions"}],"predecessor-version":[{"id":12151,"href":"https:\/\/www.guastalla.com\/it\/wp-json\/wp\/v2\/posts\/8324\/revisions\/12151"}],"wp:featuredmedia":[{"embeddable":true,"href":"https:\/\/www.guastalla.com\/it\/wp-json\/wp\/v2\/media\/2281"}],"wp:attachment":[{"href":"https:\/\/www.guastalla.com\/it\/wp-json\/wp\/v2\/media?parent=8324"}],"wp:term":[{"taxonomy":"category","embeddable":true,"href":"https:\/\/www.guastalla.com\/it\/wp-json\/wp\/v2\/categories?post=8324"},{"taxonomy":"post_tag","embeddable":true,"href":"https:\/\/www.guastalla.com\/it\/wp-json\/wp\/v2\/tags?post=8324"}],"curies":[{"name":"wp","href":"https:\/\/api.w.org\/{rel}","templated":true}]}}