{"id":8323,"date":"2010-10-26T15:47:03","date_gmt":"2010-10-26T13:47:03","guid":{"rendered":"https:\/\/www.guastalla.com\/non-categorizzato\/giorgio-griffa-la-divina-proporzione\/"},"modified":"2021-07-30T19:11:59","modified_gmt":"2021-07-30T17:11:59","slug":"giorgio-griffa-la-divina-proporzione","status":"publish","type":"post","link":"https:\/\/www.guastalla.com\/it\/mostre\/giorgio-griffa-la-divina-proporzione\/","title":{"rendered":"GIORGIO GRIFFA. La divina proporzione"},"content":{"rendered":"<p>26\/10\/2010 &#8211; 29\/01\/2011<\/p>\n<p>Luogo<br \/>\nStudio Guastalla Arte Moderna e Contemporanea<br \/>\nVia Senato, 24<br \/>\n20121, Milano<\/p>\n<p>Orari<br \/>\nDal marted\u00ec al sabato<br \/>\nore 10-13 e 15-19<\/p>\n<p>Mostra di dipinti e acquerelli di Giorgio Griffa<\/p>\n<p>All\u2019inaugurazione introdurranno la mostra Gillo Dorfles, Giulio Giorello e Giorgio Griffa<\/p>\n<p>In catalogo, un testo di Giorgio Griffa, e un dialogo tra l\u2019artista e Giulio Giorello sul rapporto tra arte e scienza<\/p>\n<p>Con questa mostra <b>Studio Guastalla Arte Moderna e Contemporanea<\/b> presenta l\u2019ultimo ciclo di opere di <b>Giorgio Griffa,<\/b> in cui l\u2019artista si interroga sul tema del rapporto tra arte e scienza; dell\u2019ignoto e del mistero e del modo di sondarli senza togliere loro quel velo senza il quale si dissolverebbero; del ponte che lega la sapienza antica alla nostra condizione odierna. Di questi argomenti <b>Giorgio Griffa<\/b> discute in un appassionante dialogo con il filosofo Giulio Giorello, pubblicato in catalogo.<br \/>\nLa divina proporzione, o rapporto aureo, formalizzata matematicamente da Euclide ma conosciuta gi\u00e0 empiricamente dagli assiro-babilonesi, dagli antichi egizi, dai greci dell\u2019epoca classica, \u00e8 quel calcolo secondo cui dividendo un segmento in due parti, l\u2019intero sta al maggiore come il maggiore sta al minore. Generazioni di artisti, tra cui Piero della Francesca, hanno affidato a questa proporzione la ricerca dell\u2019equilibrio e dell\u2019armonia nelle loro immagini.<br \/>\nIl valore esatto di questa \u201cdivina proporzione\u201d \u00e8 un numero infinito, che i matematici definiscono \u201cirrazionale\u201d, 1,618033988749894848204586834365638117720309179805762862135448622705260462818&#8230;&#8230;.<br \/>\nUn numero che diventa un modo per conoscere l\u2019infinito, lasciandone intatto il mistero, perch\u00e9<br \/>\n\u201c1 non diventer\u00e0 mai 2.<br \/>\n1,6 non diventer\u00e0 mai 1,7. E 1,61 non diverr\u00e0 mai 1,62.<br \/>\nIl numero non avanza nello spazio neppure di un millimetro.<br \/>\nSe pongo come metro la misura di 1, la misura dei millimetri \u00e8 1,618, che non sar\u00e0 mai 1,619.<br \/>\nAppunto non procede.<br \/>\nSi avvita nell\u2019ignoto\u201d.<\/p>\n<p>Un numero che ricorre in tutte le tele di questo nuovo ciclo, con il suo carico di indeterminazione, di incompiutezza, di apertura all\u2019infinito, con la sua quota di ignoto non svelabile, un numero che procede da 2300 anni senza mai fermarsi, e che ci lega con un filo continuo al nostro passato remoto.<br \/>\nLa pittura di Griffa nasce, come racconta l\u2019artista, quando abbandona le figure, divenute ormai superflue, sovrapposizioni della pittura stessa ed ad essa estranee, senza per\u00f2 aderire all\u2019astrattismo o all\u2019informale. Piuttosto, nei dipinti di Griffa \u00e8 la pittura stessa e la sua memoria millenaria a condurre la mano del pittore in un rapporto paritetico in cui non \u00e8 l\u2019artista a dominare ma diventa strumento del divenire, anzich\u00e9 imitatore della Creazione.<br \/>\n\u201cE mi sento, seppur eretico, figurativo, astratto e informale, tutto insieme. Figurativo perch\u00e9 sono figure i segni che si inseguono sulla tela narrando il loro divenire, e perch\u00e9 la rappresentazione della natura persiste per metafora, il ritmo, la commistione di tempo e spazio, la intelligenza della materia che si confronta con quella dell\u2019uomo, le societ\u00e0 di segni disegnate sulla tela, eguali eppur diversi l\u2019uno dall\u2019altro in analogia del mondo organico e inorganico, uomini o cavalli, foglie o cristalli.\u201d<br \/>\nIn queste nuove tele Griffa segue con la sua mano il percorso infinito del numero aureo, cui l\u2019umanit\u00e0 sembra aver affidato una \u201cmemoria profonda dell\u2019ignoto, dell\u2019infinito, dell\u2019indicibile\u201d. Un numero che rappresenta questa memoria millenaria.<br \/>\n\u201cUn passo pi\u00f9 in l\u00e0 del far di conto, cos\u00ec come la pittura \u00e8 un passo pi\u00f9 in l\u00e0 del disegno di una mela\u201d.<\/p>\n","protected":false},"excerpt":{"rendered":"<p>26\/10\/2010 &#8211; 29\/01\/2011 Luogo Studio Guastalla Arte Moderna e Contemporanea Via Senato, 24 20121, Milano Orari Dal marted\u00ec al sabato ore 10-13 e 15-19 Mostra di dipinti e acquerelli di Giorgio Griffa All\u2019inaugurazione introdurranno la mostra Gillo Dorfles, Giulio Giorello e Giorgio Griffa In catalogo, un testo di Giorgio Griffa, e un dialogo tra l\u2019artista [&hellip;]<\/p>\n","protected":false},"author":11,"featured_media":2347,"comment_status":"closed","ping_status":"closed","sticky":false,"template":"","format":"standard","meta":{"_acf_changed":false,"_et_pb_use_builder":"","_et_pb_old_content":"","_et_gb_content_width":"","footnotes":""},"categories":[13,30,85],"tags":[193,143,87],"class_list":["post-8323","post","type-post","status-publish","format-standard","has-post-thumbnail","hentry","category-mostre","category-mostre-e-fiere","category-passate","tag-giorgio-griffa-la-divina-proporzione","tag-griffa-giorgio","tag-mostre-gallery"],"acf":[],"yoast_head":"<!-- This site is optimized with the Yoast SEO plugin v28.4 - https:\/\/yoast.com\/product\/yoast-seo-wordpress\/ -->\n<title>GIORGIO GRIFFA. La divina proporzione - Studio Guastalla<\/title>\n<meta name=\"robots\" content=\"index, follow, max-snippet:-1, max-image-preview:large, max-video-preview:-1\" \/>\n<link rel=\"canonical\" href=\"https:\/\/www.guastalla.com\/it\/mostre\/giorgio-griffa-la-divina-proporzione\/\" \/>\n<meta property=\"og:locale\" content=\"it_IT\" \/>\n<meta property=\"og:type\" content=\"article\" \/>\n<meta property=\"og:title\" content=\"GIORGIO GRIFFA. La divina proporzione - Studio Guastalla\" \/>\n<meta property=\"og:description\" content=\"26\/10\/2010 &#8211; 29\/01\/2011 Luogo Studio Guastalla Arte Moderna e Contemporanea Via Senato, 24 20121, Milano Orari Dal marted\u00ec al sabato ore 10-13 e 15-19 Mostra di dipinti e acquerelli di Giorgio Griffa All\u2019inaugurazione introdurranno la mostra Gillo Dorfles, Giulio Giorello e Giorgio Griffa In catalogo, un testo di Giorgio Griffa, e un dialogo tra l\u2019artista [&hellip;]\" \/>\n<meta property=\"og:url\" content=\"https:\/\/www.guastalla.com\/it\/mostre\/giorgio-griffa-la-divina-proporzione\/\" \/>\n<meta property=\"og:site_name\" content=\"Studio Guastalla\" \/>\n<meta property=\"article:published_time\" content=\"2010-10-26T13:47:03+00:00\" \/>\n<meta property=\"article:modified_time\" content=\"2021-07-30T17:11:59+00:00\" \/>\n<meta property=\"og:image\" content=\"https:\/\/www.guastalla.com\/wp-content\/uploads\/2021\/04\/f3934b5b19396cb95803c8d1b91ec700d33ac8a2e980098b75195333f276fb15a54e48307b824007d4c046e681e0bd1438ee1dcf3f9833ced9ef14d05a8e3703.jpg\" \/>\n\t<meta property=\"og:image:width\" content=\"960\" \/>\n\t<meta property=\"og:image:height\" content=\"640\" \/>\n\t<meta property=\"og:image:type\" content=\"image\/jpeg\" \/>\n<meta name=\"author\" content=\"Erica Toffoletto\" \/>\n<meta name=\"twitter:card\" content=\"summary_large_image\" \/>\n<meta name=\"twitter:label1\" content=\"Scritto da\" \/>\n\t<meta name=\"twitter:data1\" content=\"Erica Toffoletto\" \/>\n\t<meta name=\"twitter:label2\" content=\"Tempo di lettura stimato\" \/>\n\t<meta name=\"twitter:data2\" content=\"3 minuti\" \/>\n<script type=\"application\/ld+json\" class=\"yoast-schema-graph\">{\"@context\":\"https:\\\/\\\/schema.org\",\"@graph\":[{\"@type\":\"Article\",\"@id\":\"https:\\\/\\\/www.guastalla.com\\\/it\\\/mostre\\\/giorgio-griffa-la-divina-proporzione\\\/#article\",\"isPartOf\":{\"@id\":\"https:\\\/\\\/www.guastalla.com\\\/it\\\/mostre\\\/giorgio-griffa-la-divina-proporzione\\\/\"},\"author\":{\"name\":\"Erica Toffoletto\",\"@id\":\"https:\\\/\\\/www.guastalla.com\\\/it\\\/#\\\/schema\\\/person\\\/1585d08759466444a5233722aa3a2197\"},\"headline\":\"GIORGIO GRIFFA. La divina proporzione\",\"datePublished\":\"2010-10-26T13:47:03+00:00\",\"dateModified\":\"2021-07-30T17:11:59+00:00\",\"mainEntityOfPage\":{\"@id\":\"https:\\\/\\\/www.guastalla.com\\\/it\\\/mostre\\\/giorgio-griffa-la-divina-proporzione\\\/\"},\"wordCount\":554,\"image\":{\"@id\":\"https:\\\/\\\/www.guastalla.com\\\/it\\\/mostre\\\/giorgio-griffa-la-divina-proporzione\\\/#primaryimage\"},\"thumbnailUrl\":\"https:\\\/\\\/www.guastalla.com\\\/wp-content\\\/uploads\\\/2021\\\/04\\\/f3934b5b19396cb95803c8d1b91ec700d33ac8a2e980098b75195333f276fb15a54e48307b824007d4c046e681e0bd1438ee1dcf3f9833ced9ef14d05a8e3703.jpg\",\"keywords\":[\"Giorgio Griffa - LA DIVINA PROPORZIONE\",\"griffa-giorgio\",\"mostre-gallery\"],\"articleSection\":[\"Mostre\",\"Mostre e fiere\",\"Passate\"],\"inLanguage\":\"it-IT\"},{\"@type\":\"WebPage\",\"@id\":\"https:\\\/\\\/www.guastalla.com\\\/it\\\/mostre\\\/giorgio-griffa-la-divina-proporzione\\\/\",\"url\":\"https:\\\/\\\/www.guastalla.com\\\/it\\\/mostre\\\/giorgio-griffa-la-divina-proporzione\\\/\",\"name\":\"GIORGIO GRIFFA. La divina proporzione - Studio Guastalla\",\"isPartOf\":{\"@id\":\"https:\\\/\\\/www.guastalla.com\\\/it\\\/#website\"},\"primaryImageOfPage\":{\"@id\":\"https:\\\/\\\/www.guastalla.com\\\/it\\\/mostre\\\/giorgio-griffa-la-divina-proporzione\\\/#primaryimage\"},\"image\":{\"@id\":\"https:\\\/\\\/www.guastalla.com\\\/it\\\/mostre\\\/giorgio-griffa-la-divina-proporzione\\\/#primaryimage\"},\"thumbnailUrl\":\"https:\\\/\\\/www.guastalla.com\\\/wp-content\\\/uploads\\\/2021\\\/04\\\/f3934b5b19396cb95803c8d1b91ec700d33ac8a2e980098b75195333f276fb15a54e48307b824007d4c046e681e0bd1438ee1dcf3f9833ced9ef14d05a8e3703.jpg\",\"datePublished\":\"2010-10-26T13:47:03+00:00\",\"dateModified\":\"2021-07-30T17:11:59+00:00\",\"author\":{\"@id\":\"https:\\\/\\\/www.guastalla.com\\\/it\\\/#\\\/schema\\\/person\\\/1585d08759466444a5233722aa3a2197\"},\"breadcrumb\":{\"@id\":\"https:\\\/\\\/www.guastalla.com\\\/it\\\/mostre\\\/giorgio-griffa-la-divina-proporzione\\\/#breadcrumb\"},\"inLanguage\":\"it-IT\",\"potentialAction\":[{\"@type\":\"ReadAction\",\"target\":[\"https:\\\/\\\/www.guastalla.com\\\/it\\\/mostre\\\/giorgio-griffa-la-divina-proporzione\\\/\"]}]},{\"@type\":\"ImageObject\",\"inLanguage\":\"it-IT\",\"@id\":\"https:\\\/\\\/www.guastalla.com\\\/it\\\/mostre\\\/giorgio-griffa-la-divina-proporzione\\\/#primaryimage\",\"url\":\"https:\\\/\\\/www.guastalla.com\\\/wp-content\\\/uploads\\\/2021\\\/04\\\/f3934b5b19396cb95803c8d1b91ec700d33ac8a2e980098b75195333f276fb15a54e48307b824007d4c046e681e0bd1438ee1dcf3f9833ced9ef14d05a8e3703.jpg\",\"contentUrl\":\"https:\\\/\\\/www.guastalla.com\\\/wp-content\\\/uploads\\\/2021\\\/04\\\/f3934b5b19396cb95803c8d1b91ec700d33ac8a2e980098b75195333f276fb15a54e48307b824007d4c046e681e0bd1438ee1dcf3f9833ced9ef14d05a8e3703.jpg\",\"width\":960,\"height\":640},{\"@type\":\"BreadcrumbList\",\"@id\":\"https:\\\/\\\/www.guastalla.com\\\/it\\\/mostre\\\/giorgio-griffa-la-divina-proporzione\\\/#breadcrumb\",\"itemListElement\":[{\"@type\":\"ListItem\",\"position\":1,\"name\":\"Home\",\"item\":\"https:\\\/\\\/www.guastalla.com\\\/it\\\/\"},{\"@type\":\"ListItem\",\"position\":2,\"name\":\"GIORGIO GRIFFA. La divina proporzione\"}]},{\"@type\":\"WebSite\",\"@id\":\"https:\\\/\\\/www.guastalla.com\\\/it\\\/#website\",\"url\":\"https:\\\/\\\/www.guastalla.com\\\/it\\\/\",\"name\":\"Studio Guastalla\",\"description\":\"Galleria Arte Moderna e Contemporanea\",\"potentialAction\":[{\"@type\":\"SearchAction\",\"target\":{\"@type\":\"EntryPoint\",\"urlTemplate\":\"https:\\\/\\\/www.guastalla.com\\\/it\\\/?s={search_term_string}\"},\"query-input\":{\"@type\":\"PropertyValueSpecification\",\"valueRequired\":true,\"valueName\":\"search_term_string\"}}],\"inLanguage\":\"it-IT\"},{\"@type\":\"Person\",\"@id\":\"https:\\\/\\\/www.guastalla.com\\\/it\\\/#\\\/schema\\\/person\\\/1585d08759466444a5233722aa3a2197\",\"name\":\"Erica Toffoletto\",\"image\":{\"@type\":\"ImageObject\",\"inLanguage\":\"it-IT\",\"@id\":\"https:\\\/\\\/secure.gravatar.com\\\/avatar\\\/da1d7bc05ba1780f895f17c4c8bdd3fafb0b6e9908ef655c70a3578a94b36dab?s=96&d=mm&r=g\",\"url\":\"https:\\\/\\\/secure.gravatar.com\\\/avatar\\\/da1d7bc05ba1780f895f17c4c8bdd3fafb0b6e9908ef655c70a3578a94b36dab?s=96&d=mm&r=g\",\"contentUrl\":\"https:\\\/\\\/secure.gravatar.com\\\/avatar\\\/da1d7bc05ba1780f895f17c4c8bdd3fafb0b6e9908ef655c70a3578a94b36dab?s=96&d=mm&r=g\",\"caption\":\"Erica Toffoletto\"},\"url\":\"https:\\\/\\\/www.guastalla.com\\\/it\\\/author\\\/erica\\\/\"}]}<\/script>\n<!-- \/ Yoast SEO plugin. -->","yoast_head_json":{"title":"GIORGIO GRIFFA. La divina proporzione - Studio Guastalla","robots":{"index":"index","follow":"follow","max-snippet":"max-snippet:-1","max-image-preview":"max-image-preview:large","max-video-preview":"max-video-preview:-1"},"canonical":"https:\/\/www.guastalla.com\/it\/mostre\/giorgio-griffa-la-divina-proporzione\/","og_locale":"it_IT","og_type":"article","og_title":"GIORGIO GRIFFA. La divina proporzione - Studio Guastalla","og_description":"26\/10\/2010 &#8211; 29\/01\/2011 Luogo Studio Guastalla Arte Moderna e Contemporanea Via Senato, 24 20121, Milano Orari Dal marted\u00ec al sabato ore 10-13 e 15-19 Mostra di dipinti e acquerelli di Giorgio Griffa All\u2019inaugurazione introdurranno la mostra Gillo Dorfles, Giulio Giorello e Giorgio Griffa In catalogo, un testo di Giorgio Griffa, e un dialogo tra l\u2019artista [&hellip;]","og_url":"https:\/\/www.guastalla.com\/it\/mostre\/giorgio-griffa-la-divina-proporzione\/","og_site_name":"Studio Guastalla","article_published_time":"2010-10-26T13:47:03+00:00","article_modified_time":"2021-07-30T17:11:59+00:00","og_image":[{"width":960,"height":640,"url":"https:\/\/www.guastalla.com\/wp-content\/uploads\/2021\/04\/f3934b5b19396cb95803c8d1b91ec700d33ac8a2e980098b75195333f276fb15a54e48307b824007d4c046e681e0bd1438ee1dcf3f9833ced9ef14d05a8e3703.jpg","type":"image\/jpeg"}],"author":"Erica Toffoletto","twitter_card":"summary_large_image","twitter_misc":{"Scritto da":"Erica Toffoletto","Tempo di lettura stimato":"3 minuti"},"schema":{"@context":"https:\/\/schema.org","@graph":[{"@type":"Article","@id":"https:\/\/www.guastalla.com\/it\/mostre\/giorgio-griffa-la-divina-proporzione\/#article","isPartOf":{"@id":"https:\/\/www.guastalla.com\/it\/mostre\/giorgio-griffa-la-divina-proporzione\/"},"author":{"name":"Erica Toffoletto","@id":"https:\/\/www.guastalla.com\/it\/#\/schema\/person\/1585d08759466444a5233722aa3a2197"},"headline":"GIORGIO GRIFFA. La divina proporzione","datePublished":"2010-10-26T13:47:03+00:00","dateModified":"2021-07-30T17:11:59+00:00","mainEntityOfPage":{"@id":"https:\/\/www.guastalla.com\/it\/mostre\/giorgio-griffa-la-divina-proporzione\/"},"wordCount":554,"image":{"@id":"https:\/\/www.guastalla.com\/it\/mostre\/giorgio-griffa-la-divina-proporzione\/#primaryimage"},"thumbnailUrl":"https:\/\/www.guastalla.com\/wp-content\/uploads\/2021\/04\/f3934b5b19396cb95803c8d1b91ec700d33ac8a2e980098b75195333f276fb15a54e48307b824007d4c046e681e0bd1438ee1dcf3f9833ced9ef14d05a8e3703.jpg","keywords":["Giorgio Griffa - LA DIVINA PROPORZIONE","griffa-giorgio","mostre-gallery"],"articleSection":["Mostre","Mostre e fiere","Passate"],"inLanguage":"it-IT"},{"@type":"WebPage","@id":"https:\/\/www.guastalla.com\/it\/mostre\/giorgio-griffa-la-divina-proporzione\/","url":"https:\/\/www.guastalla.com\/it\/mostre\/giorgio-griffa-la-divina-proporzione\/","name":"GIORGIO GRIFFA. La divina proporzione - Studio Guastalla","isPartOf":{"@id":"https:\/\/www.guastalla.com\/it\/#website"},"primaryImageOfPage":{"@id":"https:\/\/www.guastalla.com\/it\/mostre\/giorgio-griffa-la-divina-proporzione\/#primaryimage"},"image":{"@id":"https:\/\/www.guastalla.com\/it\/mostre\/giorgio-griffa-la-divina-proporzione\/#primaryimage"},"thumbnailUrl":"https:\/\/www.guastalla.com\/wp-content\/uploads\/2021\/04\/f3934b5b19396cb95803c8d1b91ec700d33ac8a2e980098b75195333f276fb15a54e48307b824007d4c046e681e0bd1438ee1dcf3f9833ced9ef14d05a8e3703.jpg","datePublished":"2010-10-26T13:47:03+00:00","dateModified":"2021-07-30T17:11:59+00:00","author":{"@id":"https:\/\/www.guastalla.com\/it\/#\/schema\/person\/1585d08759466444a5233722aa3a2197"},"breadcrumb":{"@id":"https:\/\/www.guastalla.com\/it\/mostre\/giorgio-griffa-la-divina-proporzione\/#breadcrumb"},"inLanguage":"it-IT","potentialAction":[{"@type":"ReadAction","target":["https:\/\/www.guastalla.com\/it\/mostre\/giorgio-griffa-la-divina-proporzione\/"]}]},{"@type":"ImageObject","inLanguage":"it-IT","@id":"https:\/\/www.guastalla.com\/it\/mostre\/giorgio-griffa-la-divina-proporzione\/#primaryimage","url":"https:\/\/www.guastalla.com\/wp-content\/uploads\/2021\/04\/f3934b5b19396cb95803c8d1b91ec700d33ac8a2e980098b75195333f276fb15a54e48307b824007d4c046e681e0bd1438ee1dcf3f9833ced9ef14d05a8e3703.jpg","contentUrl":"https:\/\/www.guastalla.com\/wp-content\/uploads\/2021\/04\/f3934b5b19396cb95803c8d1b91ec700d33ac8a2e980098b75195333f276fb15a54e48307b824007d4c046e681e0bd1438ee1dcf3f9833ced9ef14d05a8e3703.jpg","width":960,"height":640},{"@type":"BreadcrumbList","@id":"https:\/\/www.guastalla.com\/it\/mostre\/giorgio-griffa-la-divina-proporzione\/#breadcrumb","itemListElement":[{"@type":"ListItem","position":1,"name":"Home","item":"https:\/\/www.guastalla.com\/it\/"},{"@type":"ListItem","position":2,"name":"GIORGIO GRIFFA. La divina proporzione"}]},{"@type":"WebSite","@id":"https:\/\/www.guastalla.com\/it\/#website","url":"https:\/\/www.guastalla.com\/it\/","name":"Studio Guastalla","description":"Galleria Arte Moderna e Contemporanea","potentialAction":[{"@type":"SearchAction","target":{"@type":"EntryPoint","urlTemplate":"https:\/\/www.guastalla.com\/it\/?s={search_term_string}"},"query-input":{"@type":"PropertyValueSpecification","valueRequired":true,"valueName":"search_term_string"}}],"inLanguage":"it-IT"},{"@type":"Person","@id":"https:\/\/www.guastalla.com\/it\/#\/schema\/person\/1585d08759466444a5233722aa3a2197","name":"Erica Toffoletto","image":{"@type":"ImageObject","inLanguage":"it-IT","@id":"https:\/\/secure.gravatar.com\/avatar\/da1d7bc05ba1780f895f17c4c8bdd3fafb0b6e9908ef655c70a3578a94b36dab?s=96&d=mm&r=g","url":"https:\/\/secure.gravatar.com\/avatar\/da1d7bc05ba1780f895f17c4c8bdd3fafb0b6e9908ef655c70a3578a94b36dab?s=96&d=mm&r=g","contentUrl":"https:\/\/secure.gravatar.com\/avatar\/da1d7bc05ba1780f895f17c4c8bdd3fafb0b6e9908ef655c70a3578a94b36dab?s=96&d=mm&r=g","caption":"Erica Toffoletto"},"url":"https:\/\/www.guastalla.com\/it\/author\/erica\/"}]}},"_links":{"self":[{"href":"https:\/\/www.guastalla.com\/it\/wp-json\/wp\/v2\/posts\/8323","targetHints":{"allow":["GET"]}}],"collection":[{"href":"https:\/\/www.guastalla.com\/it\/wp-json\/wp\/v2\/posts"}],"about":[{"href":"https:\/\/www.guastalla.com\/it\/wp-json\/wp\/v2\/types\/post"}],"author":[{"embeddable":true,"href":"https:\/\/www.guastalla.com\/it\/wp-json\/wp\/v2\/users\/11"}],"replies":[{"embeddable":true,"href":"https:\/\/www.guastalla.com\/it\/wp-json\/wp\/v2\/comments?post=8323"}],"version-history":[{"count":5,"href":"https:\/\/www.guastalla.com\/it\/wp-json\/wp\/v2\/posts\/8323\/revisions"}],"predecessor-version":[{"id":12181,"href":"https:\/\/www.guastalla.com\/it\/wp-json\/wp\/v2\/posts\/8323\/revisions\/12181"}],"wp:featuredmedia":[{"embeddable":true,"href":"https:\/\/www.guastalla.com\/it\/wp-json\/wp\/v2\/media\/2347"}],"wp:attachment":[{"href":"https:\/\/www.guastalla.com\/it\/wp-json\/wp\/v2\/media?parent=8323"}],"wp:term":[{"taxonomy":"category","embeddable":true,"href":"https:\/\/www.guastalla.com\/it\/wp-json\/wp\/v2\/categories?post=8323"},{"taxonomy":"post_tag","embeddable":true,"href":"https:\/\/www.guastalla.com\/it\/wp-json\/wp\/v2\/tags?post=8323"}],"curies":[{"name":"wp","href":"https:\/\/api.w.org\/{rel}","templated":true}]}}