{"id":8322,"date":"2012-05-24T15:47:03","date_gmt":"2012-05-24T13:47:03","guid":{"rendered":"https:\/\/www.guastalla.com\/non-categorizzato\/emilio-isgro-la-cancellatura-e-altri-particolari-opere-1966-1993\/"},"modified":"2021-07-30T19:07:18","modified_gmt":"2021-07-30T17:07:18","slug":"emilio-isgro-la-cancellatura-e-altri-particolari-opere-1966-1993","status":"publish","type":"post","link":"https:\/\/www.guastalla.com\/it\/mostre\/emilio-isgro-la-cancellatura-e-altri-particolari-opere-1966-1993\/","title":{"rendered":"EMILIO ISGR\u00d2. La cancellatura e altri particolari. Opere 1966-1993"},"content":{"rendered":"<p>24\/05\/2012 &#8211; 06\/10\/2012<\/p>\n<p>Luogo<br \/>\nStudio Guastalla<br \/>\nVia Senato, 24<br \/>\n20121 Milano<\/p>\n<p>Orari<br \/>\nDal marted\u00ec al sabato<br \/>\n10-13 e 15-19<\/p>\n<p>Con questa mostra che inaugura gioved\u00ec 24 maggio\u00a0 Studio Guastalla propone trentacinque opere che rappresentano i momenti pi\u00f9 salienti della produzione storica di Emilio Isgr\u00f2, negli anni Sessanta e Settanta del Novecento. Le celebri Cancellature (tra cui una delle prime, un volume cancellato nel 1969 del Dizionario Enciclopedico Utet, oltre ad alcuni volumi cancellati dell&#8217;Enciclopedia Treccani, a due mappe geografiche, ad alcuni Telex e ad altri libri) sono testi in cui\u00a0 l\u2019artista ha coperto le righe scritte con i tipici segni neri della censura, lasciando solo alcune parole. Nelle lettere estratte dal contesto compare, solitaria, all\u2019interno di grandi campiture bianche, una lettera (o una nota musicale), che l\u2019artista dichiara di aver estratto da una parola (o da uno spartito). I particolari sono grandi macchie grigie (apparentemente forme astratte), che in realt\u00e0, come veniamo a sapere da una frase in italiano e in inglese, sono una parte piccolissima dell\u2019immagine in bianco e nero di un personaggio famoso, tratta probabilmente da un giornale, ingrandita un numero di volte dichiarato con precisione matematica. Di quale parte del corpo non \u00e8 dato sapere: l\u2019ingrandimento in realt\u00e0 \u201ccancella\u201d la visione complessiva. I Kissinger sono grandi campiture grigie in cui l&#8217;artista invita a vedere, attraverso sottostanti frasi in latino, il celebre statista americano &#8211; ovviamente invisibile &#8211; mentre scende dall&#8217;aereo o compie altre azioni. Le Storie rosse alludono all&#8217;epopea delle rivoluzioni novecentesche attraverso grandi campiture rosse (il colore mitografico del proletariato in lotta), che cancellano la figura eroica (Trotskij nel caso dell&#8217;opera esposta in questa mostra) di cui una didascalia racconta le gesta. Gesta che per\u00f2 non sono eroiche, ma banalmente quotidiane: Trotskij cade, Fidel Castro sale, Mao Tsetung dorme, Rosa Luxemburg passeggia&#8230;<br \/>\nCancellare, correggere, ingrandire, nascondere, ingigantire, coprire con il colore: si tratta, come suggerisce il titolo della mostra, di varie e multiformi versioni della cancellatura, di quella operazione di igiene mentale del linguaggio che, nata in un clima di avanguardia, quasi mezzo secolo fa, rivela ancora una grande vitalit\u00e0 e capacit\u00e0\u00a0 di indurre alla riflessione.<br \/>\nIsgr\u00f2 non cancella per censurare, il suo non \u00e8 un gesto distruttivo, bens\u00ec creativo. La cancellatura serve a rivelare la parola non cancellata, a farla germogliare, a farla entrare in contatto con altre parole lontane nel testo, sprigionando cos\u00ec nuovi significati. La cancellatura, come tutte le altre operazioni sulla lingua e sull&#8217;immagine che Isgr\u00f2 realizza negli anni &#8217;60 e &#8217;70 (le frasi tradotte in varie lingue, l\u2019uso del latino per descrivere situazioni contemporanee, le forme dilatate fino a risultare irriconoscibili) \u00e8 un processo rigenerativo della parola e della comunicazione, \u00e8 un tentativo, riuscito, di attaccare e decostruire la pretesa di univocit\u00e0 e di veridicit\u00e0 dei messaggi, di svelarne i limiti, di denunciarne l\u2019illusione\u00a0 di inconfutabilit\u00e0, di liberare il segno da una relazione \u201cautomatica\u201d con il significato.\u00a0 Isgr\u00f2 dilata attraverso la cancellatura il potere evocativo della parola e dell&#8217;immagine, creando legami imprevisti e spiazzanti che a distanza di decenni, in un mondo ormai completamente saturo di informazioni, ci chiedono di soffermarci a cercare il senso meno ovvio delle parole.<br \/>\nIronia, straniamento, echi della sofistica greca creano in queste opere un corto circuito fecondo, che a distanza di anni dalla loro creazione risulta potenziato nella sua capacit\u00e0 di stravolgere il senso comune della comunicazione dal fatto che personaggi come Craxi, Giscard d&#8217;Estaing, Kissinger o Mao sono ormai sottratti all&#8217;attualit\u00e0.<br \/>\nIo non lavoro sulla clonazione planetaria\u201d scrive Isgr\u00f2. \u201cNon ingrandisco ci\u00f2 che di per s\u00e9 \u00e8 fin troppo vistoso, e dunque non ha bisogno di ingrandimenti ulteriori. Io, pi\u00f9 modestamente, ingrandisco l&#8217;invisibile. Il seme che non si vede. Ma c&#8217;\u00e8.<br \/>\nSottoposti quotidianamente alla tortura di troppe immagini e di troppi messaggi &#8211; tanto che da pi\u00f9 parti viene ormai invocata la necessit\u00e0 di una periodica cancellatura della comunicazione, sotto forma di spegnimento della connessione a internet e ai social network &#8211; le opere di Isgr\u00f2 hanno la capacit\u00e0 di accompagnarci, con la leggerezza dell\u2019ironia, oltre lo specchio dei significati scontati, ingrandendo per noi ci\u00f2 che merita di essere visto ma non \u00e8 sotto gli occhi di tutti.<\/p>\n","protected":false},"excerpt":{"rendered":"<p>24\/05\/2012 &#8211; 06\/10\/2012 Luogo Studio Guastalla Via Senato, 24 20121 Milano Orari Dal marted\u00ec al sabato 10-13 e 15-19 Con questa mostra che inaugura gioved\u00ec 24 maggio\u00a0 Studio Guastalla propone trentacinque opere che rappresentano i momenti pi\u00f9 salienti della produzione storica di Emilio Isgr\u00f2, negli anni Sessanta e Settanta del Novecento. Le celebri Cancellature (tra [&hellip;]<\/p>\n","protected":false},"author":11,"featured_media":2200,"comment_status":"closed","ping_status":"closed","sticky":false,"template":"","format":"standard","meta":{"_acf_changed":false,"_et_pb_use_builder":"","_et_pb_old_content":"","_et_gb_content_width":"","footnotes":""},"categories":[13,30,85],"tags":[98,89,87],"class_list":["post-8322","post","type-post","status-publish","format-standard","has-post-thumbnail","hentry","category-mostre","category-mostre-e-fiere","category-passate","tag-emilio-isgro-la-cancellatura-e-altri-particolari-1966-1993","tag-isgro-emilio","tag-mostre-gallery"],"acf":[],"yoast_head":"<!-- This site is optimized with the Yoast SEO plugin v28.4 - https:\/\/yoast.com\/product\/yoast-seo-wordpress\/ -->\n<title>EMILIO ISGR\u00d2. La cancellatura e altri particolari. Opere 1966-1993 - Studio Guastalla<\/title>\n<meta name=\"robots\" content=\"index, follow, max-snippet:-1, max-image-preview:large, max-video-preview:-1\" \/>\n<link rel=\"canonical\" href=\"https:\/\/www.guastalla.com\/it\/mostre\/emilio-isgro-la-cancellatura-e-altri-particolari-opere-1966-1993\/\" \/>\n<meta property=\"og:locale\" content=\"it_IT\" \/>\n<meta property=\"og:type\" content=\"article\" \/>\n<meta property=\"og:title\" content=\"EMILIO ISGR\u00d2. La cancellatura e altri particolari. Opere 1966-1993 - Studio Guastalla\" \/>\n<meta property=\"og:description\" content=\"24\/05\/2012 &#8211; 06\/10\/2012 Luogo Studio Guastalla Via Senato, 24 20121 Milano Orari Dal marted\u00ec al sabato 10-13 e 15-19 Con questa mostra che inaugura gioved\u00ec 24 maggio\u00a0 Studio Guastalla propone trentacinque opere che rappresentano i momenti pi\u00f9 salienti della produzione storica di Emilio Isgr\u00f2, negli anni Sessanta e Settanta del Novecento. Le celebri Cancellature (tra [&hellip;]\" \/>\n<meta property=\"og:url\" content=\"https:\/\/www.guastalla.com\/it\/mostre\/emilio-isgro-la-cancellatura-e-altri-particolari-opere-1966-1993\/\" \/>\n<meta property=\"og:site_name\" content=\"Studio Guastalla\" \/>\n<meta property=\"article:published_time\" content=\"2012-05-24T13:47:03+00:00\" \/>\n<meta property=\"article:modified_time\" content=\"2021-07-30T17:07:18+00:00\" \/>\n<meta property=\"og:image\" content=\"https:\/\/www.guastalla.com\/wp-content\/uploads\/2021\/04\/61e243ad57a24538fde2e71d0d8ffc9eedb4aef324a204e8179f0463c30581b6d8c864b69da8c461ebc706351dfbec6e8c221880b05caac1ac7ed7d6323866b7.jpg\" \/>\n\t<meta property=\"og:image:width\" content=\"960\" \/>\n\t<meta property=\"og:image:height\" content=\"640\" \/>\n\t<meta property=\"og:image:type\" content=\"image\/jpeg\" \/>\n<meta name=\"author\" content=\"Erica Toffoletto\" \/>\n<meta name=\"twitter:card\" content=\"summary_large_image\" \/>\n<meta name=\"twitter:label1\" content=\"Scritto da\" \/>\n\t<meta name=\"twitter:data1\" content=\"Erica Toffoletto\" \/>\n\t<meta name=\"twitter:label2\" content=\"Tempo di lettura stimato\" \/>\n\t<meta name=\"twitter:data2\" content=\"3 minuti\" \/>\n<script type=\"application\/ld+json\" class=\"yoast-schema-graph\">{\"@context\":\"https:\\\/\\\/schema.org\",\"@graph\":[{\"@type\":\"Article\",\"@id\":\"https:\\\/\\\/www.guastalla.com\\\/it\\\/mostre\\\/emilio-isgro-la-cancellatura-e-altri-particolari-opere-1966-1993\\\/#article\",\"isPartOf\":{\"@id\":\"https:\\\/\\\/www.guastalla.com\\\/it\\\/mostre\\\/emilio-isgro-la-cancellatura-e-altri-particolari-opere-1966-1993\\\/\"},\"author\":{\"name\":\"Erica Toffoletto\",\"@id\":\"https:\\\/\\\/www.guastalla.com\\\/it\\\/#\\\/schema\\\/person\\\/1585d08759466444a5233722aa3a2197\"},\"headline\":\"EMILIO ISGR\u00d2. La cancellatura e altri particolari. Opere 1966-1993\",\"datePublished\":\"2012-05-24T13:47:03+00:00\",\"dateModified\":\"2021-07-30T17:07:18+00:00\",\"mainEntityOfPage\":{\"@id\":\"https:\\\/\\\/www.guastalla.com\\\/it\\\/mostre\\\/emilio-isgro-la-cancellatura-e-altri-particolari-opere-1966-1993\\\/\"},\"wordCount\":697,\"image\":{\"@id\":\"https:\\\/\\\/www.guastalla.com\\\/it\\\/mostre\\\/emilio-isgro-la-cancellatura-e-altri-particolari-opere-1966-1993\\\/#primaryimage\"},\"thumbnailUrl\":\"https:\\\/\\\/www.guastalla.com\\\/wp-content\\\/uploads\\\/2021\\\/04\\\/61e243ad57a24538fde2e71d0d8ffc9eedb4aef324a204e8179f0463c30581b6d8c864b69da8c461ebc706351dfbec6e8c221880b05caac1ac7ed7d6323866b7.jpg\",\"keywords\":[\"EMILIO ISGR\u00d2 La cancellatura e altri particolari. 1966-1993\",\"isgr\u00d2-emilio\",\"mostre-gallery\"],\"articleSection\":[\"Mostre\",\"Mostre e fiere\",\"Passate\"],\"inLanguage\":\"it-IT\"},{\"@type\":\"WebPage\",\"@id\":\"https:\\\/\\\/www.guastalla.com\\\/it\\\/mostre\\\/emilio-isgro-la-cancellatura-e-altri-particolari-opere-1966-1993\\\/\",\"url\":\"https:\\\/\\\/www.guastalla.com\\\/it\\\/mostre\\\/emilio-isgro-la-cancellatura-e-altri-particolari-opere-1966-1993\\\/\",\"name\":\"EMILIO ISGR\u00d2. La cancellatura e altri particolari. Opere 1966-1993 - Studio Guastalla\",\"isPartOf\":{\"@id\":\"https:\\\/\\\/www.guastalla.com\\\/it\\\/#website\"},\"primaryImageOfPage\":{\"@id\":\"https:\\\/\\\/www.guastalla.com\\\/it\\\/mostre\\\/emilio-isgro-la-cancellatura-e-altri-particolari-opere-1966-1993\\\/#primaryimage\"},\"image\":{\"@id\":\"https:\\\/\\\/www.guastalla.com\\\/it\\\/mostre\\\/emilio-isgro-la-cancellatura-e-altri-particolari-opere-1966-1993\\\/#primaryimage\"},\"thumbnailUrl\":\"https:\\\/\\\/www.guastalla.com\\\/wp-content\\\/uploads\\\/2021\\\/04\\\/61e243ad57a24538fde2e71d0d8ffc9eedb4aef324a204e8179f0463c30581b6d8c864b69da8c461ebc706351dfbec6e8c221880b05caac1ac7ed7d6323866b7.jpg\",\"datePublished\":\"2012-05-24T13:47:03+00:00\",\"dateModified\":\"2021-07-30T17:07:18+00:00\",\"author\":{\"@id\":\"https:\\\/\\\/www.guastalla.com\\\/it\\\/#\\\/schema\\\/person\\\/1585d08759466444a5233722aa3a2197\"},\"breadcrumb\":{\"@id\":\"https:\\\/\\\/www.guastalla.com\\\/it\\\/mostre\\\/emilio-isgro-la-cancellatura-e-altri-particolari-opere-1966-1993\\\/#breadcrumb\"},\"inLanguage\":\"it-IT\",\"potentialAction\":[{\"@type\":\"ReadAction\",\"target\":[\"https:\\\/\\\/www.guastalla.com\\\/it\\\/mostre\\\/emilio-isgro-la-cancellatura-e-altri-particolari-opere-1966-1993\\\/\"]}]},{\"@type\":\"ImageObject\",\"inLanguage\":\"it-IT\",\"@id\":\"https:\\\/\\\/www.guastalla.com\\\/it\\\/mostre\\\/emilio-isgro-la-cancellatura-e-altri-particolari-opere-1966-1993\\\/#primaryimage\",\"url\":\"https:\\\/\\\/www.guastalla.com\\\/wp-content\\\/uploads\\\/2021\\\/04\\\/61e243ad57a24538fde2e71d0d8ffc9eedb4aef324a204e8179f0463c30581b6d8c864b69da8c461ebc706351dfbec6e8c221880b05caac1ac7ed7d6323866b7.jpg\",\"contentUrl\":\"https:\\\/\\\/www.guastalla.com\\\/wp-content\\\/uploads\\\/2021\\\/04\\\/61e243ad57a24538fde2e71d0d8ffc9eedb4aef324a204e8179f0463c30581b6d8c864b69da8c461ebc706351dfbec6e8c221880b05caac1ac7ed7d6323866b7.jpg\",\"width\":960,\"height\":640},{\"@type\":\"BreadcrumbList\",\"@id\":\"https:\\\/\\\/www.guastalla.com\\\/it\\\/mostre\\\/emilio-isgro-la-cancellatura-e-altri-particolari-opere-1966-1993\\\/#breadcrumb\",\"itemListElement\":[{\"@type\":\"ListItem\",\"position\":1,\"name\":\"Home\",\"item\":\"https:\\\/\\\/www.guastalla.com\\\/it\\\/\"},{\"@type\":\"ListItem\",\"position\":2,\"name\":\"EMILIO ISGR\u00d2. La cancellatura e altri particolari. Opere 1966-1993\"}]},{\"@type\":\"WebSite\",\"@id\":\"https:\\\/\\\/www.guastalla.com\\\/it\\\/#website\",\"url\":\"https:\\\/\\\/www.guastalla.com\\\/it\\\/\",\"name\":\"Studio Guastalla\",\"description\":\"Galleria Arte Moderna e Contemporanea\",\"potentialAction\":[{\"@type\":\"SearchAction\",\"target\":{\"@type\":\"EntryPoint\",\"urlTemplate\":\"https:\\\/\\\/www.guastalla.com\\\/it\\\/?s={search_term_string}\"},\"query-input\":{\"@type\":\"PropertyValueSpecification\",\"valueRequired\":true,\"valueName\":\"search_term_string\"}}],\"inLanguage\":\"it-IT\"},{\"@type\":\"Person\",\"@id\":\"https:\\\/\\\/www.guastalla.com\\\/it\\\/#\\\/schema\\\/person\\\/1585d08759466444a5233722aa3a2197\",\"name\":\"Erica Toffoletto\",\"image\":{\"@type\":\"ImageObject\",\"inLanguage\":\"it-IT\",\"@id\":\"https:\\\/\\\/secure.gravatar.com\\\/avatar\\\/da1d7bc05ba1780f895f17c4c8bdd3fafb0b6e9908ef655c70a3578a94b36dab?s=96&d=mm&r=g\",\"url\":\"https:\\\/\\\/secure.gravatar.com\\\/avatar\\\/da1d7bc05ba1780f895f17c4c8bdd3fafb0b6e9908ef655c70a3578a94b36dab?s=96&d=mm&r=g\",\"contentUrl\":\"https:\\\/\\\/secure.gravatar.com\\\/avatar\\\/da1d7bc05ba1780f895f17c4c8bdd3fafb0b6e9908ef655c70a3578a94b36dab?s=96&d=mm&r=g\",\"caption\":\"Erica Toffoletto\"},\"url\":\"https:\\\/\\\/www.guastalla.com\\\/it\\\/author\\\/erica\\\/\"}]}<\/script>\n<!-- \/ Yoast SEO plugin. -->","yoast_head_json":{"title":"EMILIO ISGR\u00d2. La cancellatura e altri particolari. Opere 1966-1993 - Studio Guastalla","robots":{"index":"index","follow":"follow","max-snippet":"max-snippet:-1","max-image-preview":"max-image-preview:large","max-video-preview":"max-video-preview:-1"},"canonical":"https:\/\/www.guastalla.com\/it\/mostre\/emilio-isgro-la-cancellatura-e-altri-particolari-opere-1966-1993\/","og_locale":"it_IT","og_type":"article","og_title":"EMILIO ISGR\u00d2. La cancellatura e altri particolari. Opere 1966-1993 - Studio Guastalla","og_description":"24\/05\/2012 &#8211; 06\/10\/2012 Luogo Studio Guastalla Via Senato, 24 20121 Milano Orari Dal marted\u00ec al sabato 10-13 e 15-19 Con questa mostra che inaugura gioved\u00ec 24 maggio\u00a0 Studio Guastalla propone trentacinque opere che rappresentano i momenti pi\u00f9 salienti della produzione storica di Emilio Isgr\u00f2, negli anni Sessanta e Settanta del Novecento. Le celebri Cancellature (tra [&hellip;]","og_url":"https:\/\/www.guastalla.com\/it\/mostre\/emilio-isgro-la-cancellatura-e-altri-particolari-opere-1966-1993\/","og_site_name":"Studio Guastalla","article_published_time":"2012-05-24T13:47:03+00:00","article_modified_time":"2021-07-30T17:07:18+00:00","og_image":[{"width":960,"height":640,"url":"https:\/\/www.guastalla.com\/wp-content\/uploads\/2021\/04\/61e243ad57a24538fde2e71d0d8ffc9eedb4aef324a204e8179f0463c30581b6d8c864b69da8c461ebc706351dfbec6e8c221880b05caac1ac7ed7d6323866b7.jpg","type":"image\/jpeg"}],"author":"Erica Toffoletto","twitter_card":"summary_large_image","twitter_misc":{"Scritto da":"Erica Toffoletto","Tempo di lettura stimato":"3 minuti"},"schema":{"@context":"https:\/\/schema.org","@graph":[{"@type":"Article","@id":"https:\/\/www.guastalla.com\/it\/mostre\/emilio-isgro-la-cancellatura-e-altri-particolari-opere-1966-1993\/#article","isPartOf":{"@id":"https:\/\/www.guastalla.com\/it\/mostre\/emilio-isgro-la-cancellatura-e-altri-particolari-opere-1966-1993\/"},"author":{"name":"Erica Toffoletto","@id":"https:\/\/www.guastalla.com\/it\/#\/schema\/person\/1585d08759466444a5233722aa3a2197"},"headline":"EMILIO ISGR\u00d2. La cancellatura e altri particolari. Opere 1966-1993","datePublished":"2012-05-24T13:47:03+00:00","dateModified":"2021-07-30T17:07:18+00:00","mainEntityOfPage":{"@id":"https:\/\/www.guastalla.com\/it\/mostre\/emilio-isgro-la-cancellatura-e-altri-particolari-opere-1966-1993\/"},"wordCount":697,"image":{"@id":"https:\/\/www.guastalla.com\/it\/mostre\/emilio-isgro-la-cancellatura-e-altri-particolari-opere-1966-1993\/#primaryimage"},"thumbnailUrl":"https:\/\/www.guastalla.com\/wp-content\/uploads\/2021\/04\/61e243ad57a24538fde2e71d0d8ffc9eedb4aef324a204e8179f0463c30581b6d8c864b69da8c461ebc706351dfbec6e8c221880b05caac1ac7ed7d6323866b7.jpg","keywords":["EMILIO ISGR\u00d2 La cancellatura e altri particolari. 1966-1993","isgr\u00d2-emilio","mostre-gallery"],"articleSection":["Mostre","Mostre e fiere","Passate"],"inLanguage":"it-IT"},{"@type":"WebPage","@id":"https:\/\/www.guastalla.com\/it\/mostre\/emilio-isgro-la-cancellatura-e-altri-particolari-opere-1966-1993\/","url":"https:\/\/www.guastalla.com\/it\/mostre\/emilio-isgro-la-cancellatura-e-altri-particolari-opere-1966-1993\/","name":"EMILIO ISGR\u00d2. La cancellatura e altri particolari. Opere 1966-1993 - Studio Guastalla","isPartOf":{"@id":"https:\/\/www.guastalla.com\/it\/#website"},"primaryImageOfPage":{"@id":"https:\/\/www.guastalla.com\/it\/mostre\/emilio-isgro-la-cancellatura-e-altri-particolari-opere-1966-1993\/#primaryimage"},"image":{"@id":"https:\/\/www.guastalla.com\/it\/mostre\/emilio-isgro-la-cancellatura-e-altri-particolari-opere-1966-1993\/#primaryimage"},"thumbnailUrl":"https:\/\/www.guastalla.com\/wp-content\/uploads\/2021\/04\/61e243ad57a24538fde2e71d0d8ffc9eedb4aef324a204e8179f0463c30581b6d8c864b69da8c461ebc706351dfbec6e8c221880b05caac1ac7ed7d6323866b7.jpg","datePublished":"2012-05-24T13:47:03+00:00","dateModified":"2021-07-30T17:07:18+00:00","author":{"@id":"https:\/\/www.guastalla.com\/it\/#\/schema\/person\/1585d08759466444a5233722aa3a2197"},"breadcrumb":{"@id":"https:\/\/www.guastalla.com\/it\/mostre\/emilio-isgro-la-cancellatura-e-altri-particolari-opere-1966-1993\/#breadcrumb"},"inLanguage":"it-IT","potentialAction":[{"@type":"ReadAction","target":["https:\/\/www.guastalla.com\/it\/mostre\/emilio-isgro-la-cancellatura-e-altri-particolari-opere-1966-1993\/"]}]},{"@type":"ImageObject","inLanguage":"it-IT","@id":"https:\/\/www.guastalla.com\/it\/mostre\/emilio-isgro-la-cancellatura-e-altri-particolari-opere-1966-1993\/#primaryimage","url":"https:\/\/www.guastalla.com\/wp-content\/uploads\/2021\/04\/61e243ad57a24538fde2e71d0d8ffc9eedb4aef324a204e8179f0463c30581b6d8c864b69da8c461ebc706351dfbec6e8c221880b05caac1ac7ed7d6323866b7.jpg","contentUrl":"https:\/\/www.guastalla.com\/wp-content\/uploads\/2021\/04\/61e243ad57a24538fde2e71d0d8ffc9eedb4aef324a204e8179f0463c30581b6d8c864b69da8c461ebc706351dfbec6e8c221880b05caac1ac7ed7d6323866b7.jpg","width":960,"height":640},{"@type":"BreadcrumbList","@id":"https:\/\/www.guastalla.com\/it\/mostre\/emilio-isgro-la-cancellatura-e-altri-particolari-opere-1966-1993\/#breadcrumb","itemListElement":[{"@type":"ListItem","position":1,"name":"Home","item":"https:\/\/www.guastalla.com\/it\/"},{"@type":"ListItem","position":2,"name":"EMILIO ISGR\u00d2. La cancellatura e altri particolari. Opere 1966-1993"}]},{"@type":"WebSite","@id":"https:\/\/www.guastalla.com\/it\/#website","url":"https:\/\/www.guastalla.com\/it\/","name":"Studio Guastalla","description":"Galleria Arte Moderna e Contemporanea","potentialAction":[{"@type":"SearchAction","target":{"@type":"EntryPoint","urlTemplate":"https:\/\/www.guastalla.com\/it\/?s={search_term_string}"},"query-input":{"@type":"PropertyValueSpecification","valueRequired":true,"valueName":"search_term_string"}}],"inLanguage":"it-IT"},{"@type":"Person","@id":"https:\/\/www.guastalla.com\/it\/#\/schema\/person\/1585d08759466444a5233722aa3a2197","name":"Erica Toffoletto","image":{"@type":"ImageObject","inLanguage":"it-IT","@id":"https:\/\/secure.gravatar.com\/avatar\/da1d7bc05ba1780f895f17c4c8bdd3fafb0b6e9908ef655c70a3578a94b36dab?s=96&d=mm&r=g","url":"https:\/\/secure.gravatar.com\/avatar\/da1d7bc05ba1780f895f17c4c8bdd3fafb0b6e9908ef655c70a3578a94b36dab?s=96&d=mm&r=g","contentUrl":"https:\/\/secure.gravatar.com\/avatar\/da1d7bc05ba1780f895f17c4c8bdd3fafb0b6e9908ef655c70a3578a94b36dab?s=96&d=mm&r=g","caption":"Erica Toffoletto"},"url":"https:\/\/www.guastalla.com\/it\/author\/erica\/"}]}},"_links":{"self":[{"href":"https:\/\/www.guastalla.com\/it\/wp-json\/wp\/v2\/posts\/8322","targetHints":{"allow":["GET"]}}],"collection":[{"href":"https:\/\/www.guastalla.com\/it\/wp-json\/wp\/v2\/posts"}],"about":[{"href":"https:\/\/www.guastalla.com\/it\/wp-json\/wp\/v2\/types\/post"}],"author":[{"embeddable":true,"href":"https:\/\/www.guastalla.com\/it\/wp-json\/wp\/v2\/users\/11"}],"replies":[{"embeddable":true,"href":"https:\/\/www.guastalla.com\/it\/wp-json\/wp\/v2\/comments?post=8322"}],"version-history":[{"count":4,"href":"https:\/\/www.guastalla.com\/it\/wp-json\/wp\/v2\/posts\/8322\/revisions"}],"predecessor-version":[{"id":12174,"href":"https:\/\/www.guastalla.com\/it\/wp-json\/wp\/v2\/posts\/8322\/revisions\/12174"}],"wp:featuredmedia":[{"embeddable":true,"href":"https:\/\/www.guastalla.com\/it\/wp-json\/wp\/v2\/media\/2200"}],"wp:attachment":[{"href":"https:\/\/www.guastalla.com\/it\/wp-json\/wp\/v2\/media?parent=8322"}],"wp:term":[{"taxonomy":"category","embeddable":true,"href":"https:\/\/www.guastalla.com\/it\/wp-json\/wp\/v2\/categories?post=8322"},{"taxonomy":"post_tag","embeddable":true,"href":"https:\/\/www.guastalla.com\/it\/wp-json\/wp\/v2\/tags?post=8322"}],"curies":[{"name":"wp","href":"https:\/\/api.w.org\/{rel}","templated":true}]}}