{"id":8318,"date":"2015-05-18T15:47:02","date_gmt":"2015-05-18T13:47:02","guid":{"rendered":"https:\/\/www.guastalla.com\/non-categorizzato\/minimalia\/"},"modified":"2021-07-09T12:23:26","modified_gmt":"2021-07-09T10:23:26","slug":"minimalia","status":"publish","type":"post","link":"https:\/\/www.guastalla.com\/it\/mostre\/minimalia\/","title":{"rendered":"Minimalia"},"content":{"rendered":"<p>28\/05\/2015 &#8211; 03\/10\/2015<\/p>\n<p>Luogo<br \/>\nStudio Guastalla<br \/>\nVia Senato, 24<br \/>\nMilano<\/p>\n<p>Orari<br \/>\nDal 28 maggio al 3 ottobre (chiusura dal 2 al 24 agosto)<br \/>\nDal marted\u00ec al sabato, 10-13 15-19<br \/>\nInaugurazione: mercoled\u00ec 27 maggio 2015 ore 18<\/p>\n<p>Opere di Agnetti, Aubertin, Boetti, Bonalumi, Calzolari, Dadamaino, Griffa, Isgr\u00f2, Melotti, Nevelson, Pinelli, Pistoletto, Simeti, Uncini.<\/p>\n<p>Rigore, controllo, modularit\u00e0, sottrazione, riduzione alla purezza della struttura, analisi, monocromia, ritmo. C\u2019\u00e8 un filo rosso che collega le ricerche di molti artisti tra la fine degli anni \u201950 e i \u201970, alla ricerca di un nuovo inizio rispetto al passato rappresentato dall\u2019informale. In opposizione al concetto di arte come attivit\u00e0 liberatoria, non controllata, soggettiva, e di fusione tra arte e vita, questa generazione concepisce l\u2019arte come un\u2019attivit\u00e0 autonoma, controllata attraverso l\u2019analisi del linguaggio, verificabile, ripetibile, modulare. Un\u2019arte che tende all\u2019essenzialit\u00e0, cosciente della peculiarit\u00e0 del linguaggio artistico, della distanza tra arte e vita. Un\u2019arte che addirittura preesiste rispetto all\u2019opera, la quale perde l\u2019aura di unicit\u00e0 e di prodotto di un gesto trascendente, sciamanico, per diventare un oggetto ripetibile, vicino al design. Zero, Nul, Azimuth, i nomi dei gruppi e delle riviste cui alcuni di questi artisti appartengono, sottolineano la tensione verso la purezza, la semplificazione, l\u2019esattezza. Una zona di silenzio e di possibilit\u00e0 pure, un nuovo inizio, una visione positiva del futuro e delle possibilit\u00e0 illimitate dell\u2019arte. In questo orizzonte, che non \u00e8 limitato a un periodo storico o a determinati gruppi, ma si estende concettualmente alla produzione di tanti artisti, si collocano Dadamaino e Scheggi, Simeti, Agnetti, Aubertin, Calzolari, Boetti, Bonalumi, ma anche Melotti con le sue sculture in cui lo spazio \u00e8 scandito ritmicamente e gli elementi sembrano partiture di ideogrammi; Griffa, la cui pittura analitica torna agli elementi primari del linguaggio, segni e colori; Isgr\u00f2, con la Cancellatura che \u00e8 una forma di \u201cigiene del linguaggio\u201d; Pistoletto, i cui quadri specchianti attirano lo spettatore all\u2019interno dell\u2019opera, riducendone l\u2019aura di sacralit\u00e0 e di immutabilit\u00e0, Uncini, le cui opere sono basate su una ricerca geometrico-spaziale che pone in primo piano il principio costruttivo e architettonico.<br \/>\nCon MINIMALIA Studio Guastalla Arte Moderna e Contemporanea presenta circa trenta opere che illustrano questo approccio nei confronti dell\u2019arte.<\/p>\n","protected":false},"excerpt":{"rendered":"<p>28\/05\/2015 &#8211; 03\/10\/2015 Luogo Studio Guastalla Via Senato, 24 Milano Orari Dal 28 maggio al 3 ottobre (chiusura dal 2 al 24 agosto) Dal marted\u00ec al sabato, 10-13 15-19 Inaugurazione: mercoled\u00ec 27 maggio 2015 ore 18 Opere di Agnetti, Aubertin, Boetti, Bonalumi, Calzolari, Dadamaino, Griffa, Isgr\u00f2, Melotti, Nevelson, Pinelli, Pistoletto, Simeti, Uncini. Rigore, controllo, modularit\u00e0, [&hellip;]<\/p>\n","protected":false},"author":11,"featured_media":2273,"comment_status":"closed","ping_status":"closed","sticky":false,"template":"","format":"standard","meta":{"_acf_changed":false,"_et_pb_use_builder":"","_et_pb_old_content":"","_et_gb_content_width":"","footnotes":""},"categories":[13,30,85],"tags":[120,124,125,128,136,143,89,188,87,154,156,157,165],"class_list":["post-8318","post","type-post","status-publish","format-standard","has-post-thumbnail","hentry","category-mostre","category-mostre-e-fiere","category-passate","tag-aubertin-bernard","tag-boetti-alighiero","tag-bonalumi-agostino","tag-calzolari-pier-paolo","tag-dadamaino-dadamaino","tag-griffa-giorgio","tag-isgro-emilio","tag-melotti-fausto","tag-mostre-gallery","tag-nevelson-louise","tag-pinelli-pino","tag-pistoletto-michelangelo","tag-simeti-turi"],"acf":[],"yoast_head":"<!-- This site is optimized with the Yoast SEO plugin v28.4 - https:\/\/yoast.com\/product\/yoast-seo-wordpress\/ -->\n<title>Minimalia - Studio Guastalla<\/title>\n<meta name=\"robots\" content=\"index, follow, max-snippet:-1, max-image-preview:large, max-video-preview:-1\" \/>\n<link rel=\"canonical\" href=\"https:\/\/www.guastalla.com\/it\/mostre\/minimalia\/\" \/>\n<meta property=\"og:locale\" content=\"it_IT\" \/>\n<meta property=\"og:type\" content=\"article\" \/>\n<meta property=\"og:title\" content=\"Minimalia - Studio Guastalla\" \/>\n<meta property=\"og:description\" content=\"28\/05\/2015 &#8211; 03\/10\/2015 Luogo Studio Guastalla Via Senato, 24 Milano Orari Dal 28 maggio al 3 ottobre (chiusura dal 2 al 24 agosto) Dal marted\u00ec al sabato, 10-13 15-19 Inaugurazione: mercoled\u00ec 27 maggio 2015 ore 18 Opere di Agnetti, Aubertin, Boetti, Bonalumi, Calzolari, Dadamaino, Griffa, Isgr\u00f2, Melotti, Nevelson, Pinelli, Pistoletto, Simeti, Uncini. Rigore, controllo, modularit\u00e0, [&hellip;]\" \/>\n<meta property=\"og:url\" content=\"https:\/\/www.guastalla.com\/it\/mostre\/minimalia\/\" \/>\n<meta property=\"og:site_name\" content=\"Studio Guastalla\" \/>\n<meta property=\"article:published_time\" content=\"2015-05-18T13:47:02+00:00\" \/>\n<meta property=\"article:modified_time\" content=\"2021-07-09T10:23:26+00:00\" \/>\n<meta property=\"og:image\" content=\"https:\/\/www.guastalla.com\/wp-content\/uploads\/2021\/04\/b13b8d6b2722a5fb51c5b8d93527178242d370dfc64388db81c6b1357effc2c191318ac9ba91ebc93fbd5ded0bcb7c7c3a93b603b41da0015ff5315d0b81635a.jpg\" \/>\n\t<meta property=\"og:image:width\" content=\"960\" \/>\n\t<meta property=\"og:image:height\" content=\"640\" \/>\n\t<meta property=\"og:image:type\" content=\"image\/jpeg\" \/>\n<meta name=\"author\" content=\"Erica Toffoletto\" \/>\n<meta name=\"twitter:card\" content=\"summary_large_image\" \/>\n<meta name=\"twitter:label1\" content=\"Scritto da\" \/>\n\t<meta name=\"twitter:data1\" content=\"Erica Toffoletto\" \/>\n\t<meta name=\"twitter:label2\" content=\"Tempo di lettura stimato\" \/>\n\t<meta name=\"twitter:data2\" content=\"2 minuti\" \/>\n<script type=\"application\/ld+json\" class=\"yoast-schema-graph\">{\"@context\":\"https:\\\/\\\/schema.org\",\"@graph\":[{\"@type\":\"Article\",\"@id\":\"https:\\\/\\\/www.guastalla.com\\\/it\\\/mostre\\\/minimalia\\\/#article\",\"isPartOf\":{\"@id\":\"https:\\\/\\\/www.guastalla.com\\\/it\\\/mostre\\\/minimalia\\\/\"},\"author\":{\"name\":\"Erica Toffoletto\",\"@id\":\"https:\\\/\\\/www.guastalla.com\\\/it\\\/#\\\/schema\\\/person\\\/1585d08759466444a5233722aa3a2197\"},\"headline\":\"Minimalia\",\"datePublished\":\"2015-05-18T13:47:02+00:00\",\"dateModified\":\"2021-07-09T10:23:26+00:00\",\"mainEntityOfPage\":{\"@id\":\"https:\\\/\\\/www.guastalla.com\\\/it\\\/mostre\\\/minimalia\\\/\"},\"wordCount\":358,\"image\":{\"@id\":\"https:\\\/\\\/www.guastalla.com\\\/it\\\/mostre\\\/minimalia\\\/#primaryimage\"},\"thumbnailUrl\":\"https:\\\/\\\/www.guastalla.com\\\/wp-content\\\/uploads\\\/2021\\\/04\\\/b13b8d6b2722a5fb51c5b8d93527178242d370dfc64388db81c6b1357effc2c191318ac9ba91ebc93fbd5ded0bcb7c7c3a93b603b41da0015ff5315d0b81635a.jpg\",\"keywords\":[\"aubertin-bernard\",\"boetti-alighiero\",\"bonalumi-agostino\",\"calzolari--pier-paolo\",\"dadamaino-dadamaino\",\"griffa-giorgio\",\"isgr\u00d2-emilio\",\"melotti-fausto\",\"mostre-gallery\",\"nevelson-louise\",\"pinelli-pino\",\"pistoletto--michelangelo\",\"simeti-turi\"],\"articleSection\":[\"Mostre\",\"Mostre e fiere\",\"Passate\"],\"inLanguage\":\"it-IT\"},{\"@type\":\"WebPage\",\"@id\":\"https:\\\/\\\/www.guastalla.com\\\/it\\\/mostre\\\/minimalia\\\/\",\"url\":\"https:\\\/\\\/www.guastalla.com\\\/it\\\/mostre\\\/minimalia\\\/\",\"name\":\"Minimalia - Studio Guastalla\",\"isPartOf\":{\"@id\":\"https:\\\/\\\/www.guastalla.com\\\/it\\\/#website\"},\"primaryImageOfPage\":{\"@id\":\"https:\\\/\\\/www.guastalla.com\\\/it\\\/mostre\\\/minimalia\\\/#primaryimage\"},\"image\":{\"@id\":\"https:\\\/\\\/www.guastalla.com\\\/it\\\/mostre\\\/minimalia\\\/#primaryimage\"},\"thumbnailUrl\":\"https:\\\/\\\/www.guastalla.com\\\/wp-content\\\/uploads\\\/2021\\\/04\\\/b13b8d6b2722a5fb51c5b8d93527178242d370dfc64388db81c6b1357effc2c191318ac9ba91ebc93fbd5ded0bcb7c7c3a93b603b41da0015ff5315d0b81635a.jpg\",\"datePublished\":\"2015-05-18T13:47:02+00:00\",\"dateModified\":\"2021-07-09T10:23:26+00:00\",\"author\":{\"@id\":\"https:\\\/\\\/www.guastalla.com\\\/it\\\/#\\\/schema\\\/person\\\/1585d08759466444a5233722aa3a2197\"},\"breadcrumb\":{\"@id\":\"https:\\\/\\\/www.guastalla.com\\\/it\\\/mostre\\\/minimalia\\\/#breadcrumb\"},\"inLanguage\":\"it-IT\",\"potentialAction\":[{\"@type\":\"ReadAction\",\"target\":[\"https:\\\/\\\/www.guastalla.com\\\/it\\\/mostre\\\/minimalia\\\/\"]}]},{\"@type\":\"ImageObject\",\"inLanguage\":\"it-IT\",\"@id\":\"https:\\\/\\\/www.guastalla.com\\\/it\\\/mostre\\\/minimalia\\\/#primaryimage\",\"url\":\"https:\\\/\\\/www.guastalla.com\\\/wp-content\\\/uploads\\\/2021\\\/04\\\/b13b8d6b2722a5fb51c5b8d93527178242d370dfc64388db81c6b1357effc2c191318ac9ba91ebc93fbd5ded0bcb7c7c3a93b603b41da0015ff5315d0b81635a.jpg\",\"contentUrl\":\"https:\\\/\\\/www.guastalla.com\\\/wp-content\\\/uploads\\\/2021\\\/04\\\/b13b8d6b2722a5fb51c5b8d93527178242d370dfc64388db81c6b1357effc2c191318ac9ba91ebc93fbd5ded0bcb7c7c3a93b603b41da0015ff5315d0b81635a.jpg\",\"width\":960,\"height\":640},{\"@type\":\"BreadcrumbList\",\"@id\":\"https:\\\/\\\/www.guastalla.com\\\/it\\\/mostre\\\/minimalia\\\/#breadcrumb\",\"itemListElement\":[{\"@type\":\"ListItem\",\"position\":1,\"name\":\"Home\",\"item\":\"https:\\\/\\\/www.guastalla.com\\\/it\\\/\"},{\"@type\":\"ListItem\",\"position\":2,\"name\":\"Minimalia\"}]},{\"@type\":\"WebSite\",\"@id\":\"https:\\\/\\\/www.guastalla.com\\\/it\\\/#website\",\"url\":\"https:\\\/\\\/www.guastalla.com\\\/it\\\/\",\"name\":\"Studio Guastalla\",\"description\":\"Galleria Arte Moderna e Contemporanea\",\"potentialAction\":[{\"@type\":\"SearchAction\",\"target\":{\"@type\":\"EntryPoint\",\"urlTemplate\":\"https:\\\/\\\/www.guastalla.com\\\/it\\\/?s={search_term_string}\"},\"query-input\":{\"@type\":\"PropertyValueSpecification\",\"valueRequired\":true,\"valueName\":\"search_term_string\"}}],\"inLanguage\":\"it-IT\"},{\"@type\":\"Person\",\"@id\":\"https:\\\/\\\/www.guastalla.com\\\/it\\\/#\\\/schema\\\/person\\\/1585d08759466444a5233722aa3a2197\",\"name\":\"Erica Toffoletto\",\"image\":{\"@type\":\"ImageObject\",\"inLanguage\":\"it-IT\",\"@id\":\"https:\\\/\\\/secure.gravatar.com\\\/avatar\\\/da1d7bc05ba1780f895f17c4c8bdd3fafb0b6e9908ef655c70a3578a94b36dab?s=96&d=mm&r=g\",\"url\":\"https:\\\/\\\/secure.gravatar.com\\\/avatar\\\/da1d7bc05ba1780f895f17c4c8bdd3fafb0b6e9908ef655c70a3578a94b36dab?s=96&d=mm&r=g\",\"contentUrl\":\"https:\\\/\\\/secure.gravatar.com\\\/avatar\\\/da1d7bc05ba1780f895f17c4c8bdd3fafb0b6e9908ef655c70a3578a94b36dab?s=96&d=mm&r=g\",\"caption\":\"Erica Toffoletto\"},\"url\":\"https:\\\/\\\/www.guastalla.com\\\/it\\\/author\\\/erica\\\/\"}]}<\/script>\n<!-- \/ Yoast SEO plugin. -->","yoast_head_json":{"title":"Minimalia - Studio Guastalla","robots":{"index":"index","follow":"follow","max-snippet":"max-snippet:-1","max-image-preview":"max-image-preview:large","max-video-preview":"max-video-preview:-1"},"canonical":"https:\/\/www.guastalla.com\/it\/mostre\/minimalia\/","og_locale":"it_IT","og_type":"article","og_title":"Minimalia - Studio Guastalla","og_description":"28\/05\/2015 &#8211; 03\/10\/2015 Luogo Studio Guastalla Via Senato, 24 Milano Orari Dal 28 maggio al 3 ottobre (chiusura dal 2 al 24 agosto) Dal marted\u00ec al sabato, 10-13 15-19 Inaugurazione: mercoled\u00ec 27 maggio 2015 ore 18 Opere di Agnetti, Aubertin, Boetti, Bonalumi, Calzolari, Dadamaino, Griffa, Isgr\u00f2, Melotti, Nevelson, Pinelli, Pistoletto, Simeti, Uncini. Rigore, controllo, modularit\u00e0, [&hellip;]","og_url":"https:\/\/www.guastalla.com\/it\/mostre\/minimalia\/","og_site_name":"Studio Guastalla","article_published_time":"2015-05-18T13:47:02+00:00","article_modified_time":"2021-07-09T10:23:26+00:00","og_image":[{"width":960,"height":640,"url":"https:\/\/www.guastalla.com\/wp-content\/uploads\/2021\/04\/b13b8d6b2722a5fb51c5b8d93527178242d370dfc64388db81c6b1357effc2c191318ac9ba91ebc93fbd5ded0bcb7c7c3a93b603b41da0015ff5315d0b81635a.jpg","type":"image\/jpeg"}],"author":"Erica Toffoletto","twitter_card":"summary_large_image","twitter_misc":{"Scritto da":"Erica Toffoletto","Tempo di lettura stimato":"2 minuti"},"schema":{"@context":"https:\/\/schema.org","@graph":[{"@type":"Article","@id":"https:\/\/www.guastalla.com\/it\/mostre\/minimalia\/#article","isPartOf":{"@id":"https:\/\/www.guastalla.com\/it\/mostre\/minimalia\/"},"author":{"name":"Erica Toffoletto","@id":"https:\/\/www.guastalla.com\/it\/#\/schema\/person\/1585d08759466444a5233722aa3a2197"},"headline":"Minimalia","datePublished":"2015-05-18T13:47:02+00:00","dateModified":"2021-07-09T10:23:26+00:00","mainEntityOfPage":{"@id":"https:\/\/www.guastalla.com\/it\/mostre\/minimalia\/"},"wordCount":358,"image":{"@id":"https:\/\/www.guastalla.com\/it\/mostre\/minimalia\/#primaryimage"},"thumbnailUrl":"https:\/\/www.guastalla.com\/wp-content\/uploads\/2021\/04\/b13b8d6b2722a5fb51c5b8d93527178242d370dfc64388db81c6b1357effc2c191318ac9ba91ebc93fbd5ded0bcb7c7c3a93b603b41da0015ff5315d0b81635a.jpg","keywords":["aubertin-bernard","boetti-alighiero","bonalumi-agostino","calzolari--pier-paolo","dadamaino-dadamaino","griffa-giorgio","isgr\u00d2-emilio","melotti-fausto","mostre-gallery","nevelson-louise","pinelli-pino","pistoletto--michelangelo","simeti-turi"],"articleSection":["Mostre","Mostre e fiere","Passate"],"inLanguage":"it-IT"},{"@type":"WebPage","@id":"https:\/\/www.guastalla.com\/it\/mostre\/minimalia\/","url":"https:\/\/www.guastalla.com\/it\/mostre\/minimalia\/","name":"Minimalia - Studio Guastalla","isPartOf":{"@id":"https:\/\/www.guastalla.com\/it\/#website"},"primaryImageOfPage":{"@id":"https:\/\/www.guastalla.com\/it\/mostre\/minimalia\/#primaryimage"},"image":{"@id":"https:\/\/www.guastalla.com\/it\/mostre\/minimalia\/#primaryimage"},"thumbnailUrl":"https:\/\/www.guastalla.com\/wp-content\/uploads\/2021\/04\/b13b8d6b2722a5fb51c5b8d93527178242d370dfc64388db81c6b1357effc2c191318ac9ba91ebc93fbd5ded0bcb7c7c3a93b603b41da0015ff5315d0b81635a.jpg","datePublished":"2015-05-18T13:47:02+00:00","dateModified":"2021-07-09T10:23:26+00:00","author":{"@id":"https:\/\/www.guastalla.com\/it\/#\/schema\/person\/1585d08759466444a5233722aa3a2197"},"breadcrumb":{"@id":"https:\/\/www.guastalla.com\/it\/mostre\/minimalia\/#breadcrumb"},"inLanguage":"it-IT","potentialAction":[{"@type":"ReadAction","target":["https:\/\/www.guastalla.com\/it\/mostre\/minimalia\/"]}]},{"@type":"ImageObject","inLanguage":"it-IT","@id":"https:\/\/www.guastalla.com\/it\/mostre\/minimalia\/#primaryimage","url":"https:\/\/www.guastalla.com\/wp-content\/uploads\/2021\/04\/b13b8d6b2722a5fb51c5b8d93527178242d370dfc64388db81c6b1357effc2c191318ac9ba91ebc93fbd5ded0bcb7c7c3a93b603b41da0015ff5315d0b81635a.jpg","contentUrl":"https:\/\/www.guastalla.com\/wp-content\/uploads\/2021\/04\/b13b8d6b2722a5fb51c5b8d93527178242d370dfc64388db81c6b1357effc2c191318ac9ba91ebc93fbd5ded0bcb7c7c3a93b603b41da0015ff5315d0b81635a.jpg","width":960,"height":640},{"@type":"BreadcrumbList","@id":"https:\/\/www.guastalla.com\/it\/mostre\/minimalia\/#breadcrumb","itemListElement":[{"@type":"ListItem","position":1,"name":"Home","item":"https:\/\/www.guastalla.com\/it\/"},{"@type":"ListItem","position":2,"name":"Minimalia"}]},{"@type":"WebSite","@id":"https:\/\/www.guastalla.com\/it\/#website","url":"https:\/\/www.guastalla.com\/it\/","name":"Studio Guastalla","description":"Galleria Arte Moderna e Contemporanea","potentialAction":[{"@type":"SearchAction","target":{"@type":"EntryPoint","urlTemplate":"https:\/\/www.guastalla.com\/it\/?s={search_term_string}"},"query-input":{"@type":"PropertyValueSpecification","valueRequired":true,"valueName":"search_term_string"}}],"inLanguage":"it-IT"},{"@type":"Person","@id":"https:\/\/www.guastalla.com\/it\/#\/schema\/person\/1585d08759466444a5233722aa3a2197","name":"Erica Toffoletto","image":{"@type":"ImageObject","inLanguage":"it-IT","@id":"https:\/\/secure.gravatar.com\/avatar\/da1d7bc05ba1780f895f17c4c8bdd3fafb0b6e9908ef655c70a3578a94b36dab?s=96&d=mm&r=g","url":"https:\/\/secure.gravatar.com\/avatar\/da1d7bc05ba1780f895f17c4c8bdd3fafb0b6e9908ef655c70a3578a94b36dab?s=96&d=mm&r=g","contentUrl":"https:\/\/secure.gravatar.com\/avatar\/da1d7bc05ba1780f895f17c4c8bdd3fafb0b6e9908ef655c70a3578a94b36dab?s=96&d=mm&r=g","caption":"Erica Toffoletto"},"url":"https:\/\/www.guastalla.com\/it\/author\/erica\/"}]}},"_links":{"self":[{"href":"https:\/\/www.guastalla.com\/it\/wp-json\/wp\/v2\/posts\/8318","targetHints":{"allow":["GET"]}}],"collection":[{"href":"https:\/\/www.guastalla.com\/it\/wp-json\/wp\/v2\/posts"}],"about":[{"href":"https:\/\/www.guastalla.com\/it\/wp-json\/wp\/v2\/types\/post"}],"author":[{"embeddable":true,"href":"https:\/\/www.guastalla.com\/it\/wp-json\/wp\/v2\/users\/11"}],"replies":[{"embeddable":true,"href":"https:\/\/www.guastalla.com\/it\/wp-json\/wp\/v2\/comments?post=8318"}],"version-history":[{"count":3,"href":"https:\/\/www.guastalla.com\/it\/wp-json\/wp\/v2\/posts\/8318\/revisions"}],"predecessor-version":[{"id":11449,"href":"https:\/\/www.guastalla.com\/it\/wp-json\/wp\/v2\/posts\/8318\/revisions\/11449"}],"wp:featuredmedia":[{"embeddable":true,"href":"https:\/\/www.guastalla.com\/it\/wp-json\/wp\/v2\/media\/2273"}],"wp:attachment":[{"href":"https:\/\/www.guastalla.com\/it\/wp-json\/wp\/v2\/media?parent=8318"}],"wp:term":[{"taxonomy":"category","embeddable":true,"href":"https:\/\/www.guastalla.com\/it\/wp-json\/wp\/v2\/categories?post=8318"},{"taxonomy":"post_tag","embeddable":true,"href":"https:\/\/www.guastalla.com\/it\/wp-json\/wp\/v2\/tags?post=8318"}],"curies":[{"name":"wp","href":"https:\/\/api.w.org\/{rel}","templated":true}]}}