{"id":8317,"date":"2016-05-18T15:47:02","date_gmt":"2016-05-18T13:47:02","guid":{"rendered":"https:\/\/www.guastalla.com\/non-categorizzato\/la-lune-en-rodage\/"},"modified":"2022-07-08T15:47:18","modified_gmt":"2022-07-08T13:47:18","slug":"la-lune-en-rodage","status":"publish","type":"post","link":"https:\/\/www.guastalla.com\/it\/mostre\/la-lune-en-rodage\/","title":{"rendered":"La lune en rodage"},"content":{"rendered":"<p>12\/05\/2016 &#8211; 01\/10\/2016<\/p>\n<p>Luogo<br \/>\nStudio Guastalla Arte Moderna e Contemporanea<br \/>\nVia Senato, 24<br \/>\nMilano<\/p>\n<p>Orari<br \/>\nInaugurazione gioved\u00ec 12 maggio ore 18<br \/>\nOrari: 10.13 15.19 escluso luned\u00ec e festivi.<br \/>\nChiusura dal 9 al 27 agosto<\/p>\n<p>Limited editions by Alviani <a href=\"https:\/\/www.guastalla.com\/it\/artisti\/arico-rodolfo\/\">Aric\u00f2<\/a> Arman <a href=\"https:\/\/www.guastalla.com\/it\/artisti\/baj-enrico\/\">Baj<\/a> Beuys <a href=\"https:\/\/www.guastalla.com\/it\/artisti\/bonalumi-agostino\/\">Bonalumi\u00a0<\/a> <a href=\"https:\/\/www.guastalla.com\/it\/artisti\/burri-alberto\/\">Burri\u00a0<\/a> <a href=\"https:\/\/www.guastalla.com\/it\/artisti\/castellani-enrico\/\">Castellani<\/a> C\u00e9sar <a href=\"https:\/\/www.guastalla.com\/it\/artisti\/christo\/\">Christo<\/a> Colombo Cucchi <a href=\"https:\/\/www.guastalla.com\/it\/artisti\/fontana-lucio\/\">Fontana<\/a> <a href=\"https:\/\/www.guastalla.com\/it\/artisti\/griffa-giorgio\/\">Griffa<\/a> Haring Hirst <a href=\"https:\/\/www.guastalla.com\/it\/artisti\/isgro-emilio\/\">Isgr\u00f2<\/a> <a href=\"https:\/\/www.guastalla.com\/it\/artisti\/klein-yves\/\">Klein<\/a> <a href=\"https:\/\/www.guastalla.com\/it\/artisti\/kounellis-jannis\/\">Kounellis<\/a> <a href=\"https:\/\/www.guastalla.com\/it\/artisti\/ray-man\/\">Man Ray<\/a> Manzoni <a href=\"https:\/\/www.guastalla.com\/it\/artisti\/melotti-fausto\/\">Melotti<\/a> Munari Paladino <a href=\"https:\/\/www.guastalla.com\/it\/artisti\/pistoletto-michelangelo\/\">Pistoletto<\/a> Pomodoro <a href=\"https:\/\/www.guastalla.com\/it\/artisti\/schifano-mario\/\">Schifano<\/a> <a href=\"https:\/\/www.guastalla.com\/it\/artisti\/sottsass-ettore\/\">Sottsass<\/a> Uncini Vasarely<\/p>\n<p>Studio Guastalla presenta con LA LUNE EN RODAGE una vasta panoramica di opere in edizione limitata di artisti del novecento, tra cui Beuys, Bonalumi, Castellani, Christo, Fontana, Klein, Manzoni, Pistoletto, che hanno reso iconiche le immagini di questi artisti.<br \/>\nTra le opere esposte, un\u2019assoluta rarit\u00e0: i tre volumi riuniti de La lune en rodage (da cui il titolo della mostra) editi da Carl Laszlo, geniale collezionista ed editore, nel 1960, \u201965 e \u201977, che compongono, pagina dopo pagina, attraverso circa 180 opere uno spaccato ricchissimo delle avanguardie artistiche europee tra anni \u201950 e \u201870.<\/p>\n","protected":false},"excerpt":{"rendered":"<p>12\/05\/2016 &#8211; 01\/10\/2016 Luogo Studio Guastalla Arte Moderna e Contemporanea Via Senato, 24 Milano Orari Inaugurazione gioved\u00ec 12 maggio ore 18 Orari: 10.13 15.19 escluso luned\u00ec e festivi. Chiusura dal 9 al 27 agosto Limited editions by Alviani Aric\u00f2 Arman Baj Beuys Bonalumi\u00a0 Burri\u00a0 Castellani C\u00e9sar Christo Colombo Cucchi Fontana Griffa Haring Hirst Isgr\u00f2 Klein [&hellip;]<\/p>\n","protected":false},"author":11,"featured_media":2223,"comment_status":"closed","ping_status":"closed","sticky":false,"template":"","format":"standard","meta":{"_acf_changed":false,"_et_pb_use_builder":"","_et_pb_old_content":"","_et_gb_content_width":"","footnotes":""},"categories":[13,30,85],"tags":[121,125,184,185,186,187,143,146,89,148,150,212,188,87,189,157,161,33,166],"class_list":["post-8317","post","type-post","status-publish","format-standard","has-post-thumbnail","hentry","category-mostre","category-mostre-e-fiere","category-passate","tag-baj-enrico","tag-bonalumi-agostino","tag-burri-alberto","tag-cesar-cesar","tag-christo-christo","tag-fontana-lucio","tag-griffa-giorgio","tag-hirst-damien","tag-isgro-emilio","tag-klein-yves","tag-kounellis-jannis","tag-lorenzo-puglisi-15-18","tag-melotti-fausto","tag-mostre-gallery","tag-munari-bruno","tag-pistoletto-michelangelo","tag-ray-man","tag-schifano-mario","tag-sottsass-ettore"],"acf":[],"yoast_head":"<!-- This site is optimized with the Yoast SEO plugin v28.4 - https:\/\/yoast.com\/product\/yoast-seo-wordpress\/ -->\n<title>La lune en rodage - Studio Guastalla<\/title>\n<meta name=\"robots\" content=\"index, follow, max-snippet:-1, max-image-preview:large, max-video-preview:-1\" \/>\n<link rel=\"canonical\" href=\"https:\/\/www.guastalla.com\/it\/mostre\/la-lune-en-rodage\/\" \/>\n<meta property=\"og:locale\" content=\"it_IT\" \/>\n<meta property=\"og:type\" content=\"article\" \/>\n<meta property=\"og:title\" content=\"La lune en rodage - Studio Guastalla\" \/>\n<meta property=\"og:description\" content=\"12\/05\/2016 &#8211; 01\/10\/2016 Luogo Studio Guastalla Arte Moderna e Contemporanea Via Senato, 24 Milano Orari Inaugurazione gioved\u00ec 12 maggio ore 18 Orari: 10.13 15.19 escluso luned\u00ec e festivi. Chiusura dal 9 al 27 agosto Limited editions by Alviani Aric\u00f2 Arman Baj Beuys Bonalumi\u00a0 Burri\u00a0 Castellani C\u00e9sar Christo Colombo Cucchi Fontana Griffa Haring Hirst Isgr\u00f2 Klein [&hellip;]\" \/>\n<meta property=\"og:url\" content=\"https:\/\/www.guastalla.com\/it\/mostre\/la-lune-en-rodage\/\" \/>\n<meta property=\"og:site_name\" content=\"Studio Guastalla\" \/>\n<meta property=\"article:published_time\" content=\"2016-05-18T13:47:02+00:00\" \/>\n<meta property=\"article:modified_time\" content=\"2022-07-08T13:47:18+00:00\" \/>\n<meta property=\"og:image\" content=\"https:\/\/www.guastalla.com\/wp-content\/uploads\/2021\/04\/446fbd6b65f9661efb5de52dbe88384bf61accd91a5776e0f20cb72a7f07ed16b1a8fc20951ad0d37f5c66c19ce3e46cd2df2a0b4d663a524da97f3060860250.jpg\" \/>\n\t<meta property=\"og:image:width\" content=\"960\" \/>\n\t<meta property=\"og:image:height\" content=\"640\" \/>\n\t<meta property=\"og:image:type\" content=\"image\/jpeg\" \/>\n<meta name=\"author\" content=\"Erica Toffoletto\" \/>\n<meta name=\"twitter:card\" content=\"summary_large_image\" \/>\n<meta name=\"twitter:label1\" content=\"Scritto da\" \/>\n\t<meta name=\"twitter:data1\" content=\"Erica Toffoletto\" \/>\n\t<meta name=\"twitter:label2\" content=\"Tempo di lettura stimato\" \/>\n\t<meta name=\"twitter:data2\" content=\"1 minuto\" \/>\n<script type=\"application\/ld+json\" class=\"yoast-schema-graph\">{\"@context\":\"https:\\\/\\\/schema.org\",\"@graph\":[{\"@type\":\"Article\",\"@id\":\"https:\\\/\\\/www.guastalla.com\\\/it\\\/mostre\\\/la-lune-en-rodage\\\/#article\",\"isPartOf\":{\"@id\":\"https:\\\/\\\/www.guastalla.com\\\/it\\\/mostre\\\/la-lune-en-rodage\\\/\"},\"author\":{\"name\":\"Erica Toffoletto\",\"@id\":\"https:\\\/\\\/www.guastalla.com\\\/it\\\/#\\\/schema\\\/person\\\/1585d08759466444a5233722aa3a2197\"},\"headline\":\"La lune en rodage\",\"datePublished\":\"2016-05-18T13:47:02+00:00\",\"dateModified\":\"2022-07-08T13:47:18+00:00\",\"mainEntityOfPage\":{\"@id\":\"https:\\\/\\\/www.guastalla.com\\\/it\\\/mostre\\\/la-lune-en-rodage\\\/\"},\"wordCount\":153,\"image\":{\"@id\":\"https:\\\/\\\/www.guastalla.com\\\/it\\\/mostre\\\/la-lune-en-rodage\\\/#primaryimage\"},\"thumbnailUrl\":\"https:\\\/\\\/www.guastalla.com\\\/wp-content\\\/uploads\\\/2021\\\/04\\\/446fbd6b65f9661efb5de52dbe88384bf61accd91a5776e0f20cb72a7f07ed16b1a8fc20951ad0d37f5c66c19ce3e46cd2df2a0b4d663a524da97f3060860250.jpg\",\"keywords\":[\"baj--enrico\",\"bonalumi-agostino\",\"burri-alberto\",\"c\u00c9sar-c\u00c9sar\",\"christo-christo\",\"fontana-lucio\",\"griffa-giorgio\",\"hirst-damien\",\"isgr\u00d2-emilio\",\"klein-yves\",\"kounellis-jannis\",\"LORENZO PUGLISI 15-18\",\"melotti-fausto\",\"mostre-gallery\",\"munari-bruno\",\"pistoletto--michelangelo\",\"ray-man\",\"schifano-mario\",\"sottsass-ettore\"],\"articleSection\":[\"Mostre\",\"Mostre e fiere\",\"Passate\"],\"inLanguage\":\"it-IT\"},{\"@type\":\"WebPage\",\"@id\":\"https:\\\/\\\/www.guastalla.com\\\/it\\\/mostre\\\/la-lune-en-rodage\\\/\",\"url\":\"https:\\\/\\\/www.guastalla.com\\\/it\\\/mostre\\\/la-lune-en-rodage\\\/\",\"name\":\"La lune en rodage - Studio Guastalla\",\"isPartOf\":{\"@id\":\"https:\\\/\\\/www.guastalla.com\\\/it\\\/#website\"},\"primaryImageOfPage\":{\"@id\":\"https:\\\/\\\/www.guastalla.com\\\/it\\\/mostre\\\/la-lune-en-rodage\\\/#primaryimage\"},\"image\":{\"@id\":\"https:\\\/\\\/www.guastalla.com\\\/it\\\/mostre\\\/la-lune-en-rodage\\\/#primaryimage\"},\"thumbnailUrl\":\"https:\\\/\\\/www.guastalla.com\\\/wp-content\\\/uploads\\\/2021\\\/04\\\/446fbd6b65f9661efb5de52dbe88384bf61accd91a5776e0f20cb72a7f07ed16b1a8fc20951ad0d37f5c66c19ce3e46cd2df2a0b4d663a524da97f3060860250.jpg\",\"datePublished\":\"2016-05-18T13:47:02+00:00\",\"dateModified\":\"2022-07-08T13:47:18+00:00\",\"author\":{\"@id\":\"https:\\\/\\\/www.guastalla.com\\\/it\\\/#\\\/schema\\\/person\\\/1585d08759466444a5233722aa3a2197\"},\"breadcrumb\":{\"@id\":\"https:\\\/\\\/www.guastalla.com\\\/it\\\/mostre\\\/la-lune-en-rodage\\\/#breadcrumb\"},\"inLanguage\":\"it-IT\",\"potentialAction\":[{\"@type\":\"ReadAction\",\"target\":[\"https:\\\/\\\/www.guastalla.com\\\/it\\\/mostre\\\/la-lune-en-rodage\\\/\"]}]},{\"@type\":\"ImageObject\",\"inLanguage\":\"it-IT\",\"@id\":\"https:\\\/\\\/www.guastalla.com\\\/it\\\/mostre\\\/la-lune-en-rodage\\\/#primaryimage\",\"url\":\"https:\\\/\\\/www.guastalla.com\\\/wp-content\\\/uploads\\\/2021\\\/04\\\/446fbd6b65f9661efb5de52dbe88384bf61accd91a5776e0f20cb72a7f07ed16b1a8fc20951ad0d37f5c66c19ce3e46cd2df2a0b4d663a524da97f3060860250.jpg\",\"contentUrl\":\"https:\\\/\\\/www.guastalla.com\\\/wp-content\\\/uploads\\\/2021\\\/04\\\/446fbd6b65f9661efb5de52dbe88384bf61accd91a5776e0f20cb72a7f07ed16b1a8fc20951ad0d37f5c66c19ce3e46cd2df2a0b4d663a524da97f3060860250.jpg\",\"width\":960,\"height\":640},{\"@type\":\"BreadcrumbList\",\"@id\":\"https:\\\/\\\/www.guastalla.com\\\/it\\\/mostre\\\/la-lune-en-rodage\\\/#breadcrumb\",\"itemListElement\":[{\"@type\":\"ListItem\",\"position\":1,\"name\":\"Home\",\"item\":\"https:\\\/\\\/www.guastalla.com\\\/it\\\/\"},{\"@type\":\"ListItem\",\"position\":2,\"name\":\"La lune en rodage\"}]},{\"@type\":\"WebSite\",\"@id\":\"https:\\\/\\\/www.guastalla.com\\\/it\\\/#website\",\"url\":\"https:\\\/\\\/www.guastalla.com\\\/it\\\/\",\"name\":\"Studio Guastalla\",\"description\":\"Galleria Arte Moderna e Contemporanea\",\"potentialAction\":[{\"@type\":\"SearchAction\",\"target\":{\"@type\":\"EntryPoint\",\"urlTemplate\":\"https:\\\/\\\/www.guastalla.com\\\/it\\\/?s={search_term_string}\"},\"query-input\":{\"@type\":\"PropertyValueSpecification\",\"valueRequired\":true,\"valueName\":\"search_term_string\"}}],\"inLanguage\":\"it-IT\"},{\"@type\":\"Person\",\"@id\":\"https:\\\/\\\/www.guastalla.com\\\/it\\\/#\\\/schema\\\/person\\\/1585d08759466444a5233722aa3a2197\",\"name\":\"Erica Toffoletto\",\"image\":{\"@type\":\"ImageObject\",\"inLanguage\":\"it-IT\",\"@id\":\"https:\\\/\\\/secure.gravatar.com\\\/avatar\\\/da1d7bc05ba1780f895f17c4c8bdd3fafb0b6e9908ef655c70a3578a94b36dab?s=96&d=mm&r=g\",\"url\":\"https:\\\/\\\/secure.gravatar.com\\\/avatar\\\/da1d7bc05ba1780f895f17c4c8bdd3fafb0b6e9908ef655c70a3578a94b36dab?s=96&d=mm&r=g\",\"contentUrl\":\"https:\\\/\\\/secure.gravatar.com\\\/avatar\\\/da1d7bc05ba1780f895f17c4c8bdd3fafb0b6e9908ef655c70a3578a94b36dab?s=96&d=mm&r=g\",\"caption\":\"Erica Toffoletto\"},\"url\":\"https:\\\/\\\/www.guastalla.com\\\/it\\\/author\\\/erica\\\/\"}]}<\/script>\n<!-- \/ Yoast SEO plugin. -->","yoast_head_json":{"title":"La lune en rodage - Studio Guastalla","robots":{"index":"index","follow":"follow","max-snippet":"max-snippet:-1","max-image-preview":"max-image-preview:large","max-video-preview":"max-video-preview:-1"},"canonical":"https:\/\/www.guastalla.com\/it\/mostre\/la-lune-en-rodage\/","og_locale":"it_IT","og_type":"article","og_title":"La lune en rodage - Studio Guastalla","og_description":"12\/05\/2016 &#8211; 01\/10\/2016 Luogo Studio Guastalla Arte Moderna e Contemporanea Via Senato, 24 Milano Orari Inaugurazione gioved\u00ec 12 maggio ore 18 Orari: 10.13 15.19 escluso luned\u00ec e festivi. Chiusura dal 9 al 27 agosto Limited editions by Alviani Aric\u00f2 Arman Baj Beuys Bonalumi\u00a0 Burri\u00a0 Castellani C\u00e9sar Christo Colombo Cucchi Fontana Griffa Haring Hirst Isgr\u00f2 Klein [&hellip;]","og_url":"https:\/\/www.guastalla.com\/it\/mostre\/la-lune-en-rodage\/","og_site_name":"Studio Guastalla","article_published_time":"2016-05-18T13:47:02+00:00","article_modified_time":"2022-07-08T13:47:18+00:00","og_image":[{"width":960,"height":640,"url":"https:\/\/www.guastalla.com\/wp-content\/uploads\/2021\/04\/446fbd6b65f9661efb5de52dbe88384bf61accd91a5776e0f20cb72a7f07ed16b1a8fc20951ad0d37f5c66c19ce3e46cd2df2a0b4d663a524da97f3060860250.jpg","type":"image\/jpeg"}],"author":"Erica Toffoletto","twitter_card":"summary_large_image","twitter_misc":{"Scritto da":"Erica Toffoletto","Tempo di lettura stimato":"1 minuto"},"schema":{"@context":"https:\/\/schema.org","@graph":[{"@type":"Article","@id":"https:\/\/www.guastalla.com\/it\/mostre\/la-lune-en-rodage\/#article","isPartOf":{"@id":"https:\/\/www.guastalla.com\/it\/mostre\/la-lune-en-rodage\/"},"author":{"name":"Erica Toffoletto","@id":"https:\/\/www.guastalla.com\/it\/#\/schema\/person\/1585d08759466444a5233722aa3a2197"},"headline":"La lune en rodage","datePublished":"2016-05-18T13:47:02+00:00","dateModified":"2022-07-08T13:47:18+00:00","mainEntityOfPage":{"@id":"https:\/\/www.guastalla.com\/it\/mostre\/la-lune-en-rodage\/"},"wordCount":153,"image":{"@id":"https:\/\/www.guastalla.com\/it\/mostre\/la-lune-en-rodage\/#primaryimage"},"thumbnailUrl":"https:\/\/www.guastalla.com\/wp-content\/uploads\/2021\/04\/446fbd6b65f9661efb5de52dbe88384bf61accd91a5776e0f20cb72a7f07ed16b1a8fc20951ad0d37f5c66c19ce3e46cd2df2a0b4d663a524da97f3060860250.jpg","keywords":["baj--enrico","bonalumi-agostino","burri-alberto","c\u00c9sar-c\u00c9sar","christo-christo","fontana-lucio","griffa-giorgio","hirst-damien","isgr\u00d2-emilio","klein-yves","kounellis-jannis","LORENZO PUGLISI 15-18","melotti-fausto","mostre-gallery","munari-bruno","pistoletto--michelangelo","ray-man","schifano-mario","sottsass-ettore"],"articleSection":["Mostre","Mostre e fiere","Passate"],"inLanguage":"it-IT"},{"@type":"WebPage","@id":"https:\/\/www.guastalla.com\/it\/mostre\/la-lune-en-rodage\/","url":"https:\/\/www.guastalla.com\/it\/mostre\/la-lune-en-rodage\/","name":"La lune en rodage - Studio Guastalla","isPartOf":{"@id":"https:\/\/www.guastalla.com\/it\/#website"},"primaryImageOfPage":{"@id":"https:\/\/www.guastalla.com\/it\/mostre\/la-lune-en-rodage\/#primaryimage"},"image":{"@id":"https:\/\/www.guastalla.com\/it\/mostre\/la-lune-en-rodage\/#primaryimage"},"thumbnailUrl":"https:\/\/www.guastalla.com\/wp-content\/uploads\/2021\/04\/446fbd6b65f9661efb5de52dbe88384bf61accd91a5776e0f20cb72a7f07ed16b1a8fc20951ad0d37f5c66c19ce3e46cd2df2a0b4d663a524da97f3060860250.jpg","datePublished":"2016-05-18T13:47:02+00:00","dateModified":"2022-07-08T13:47:18+00:00","author":{"@id":"https:\/\/www.guastalla.com\/it\/#\/schema\/person\/1585d08759466444a5233722aa3a2197"},"breadcrumb":{"@id":"https:\/\/www.guastalla.com\/it\/mostre\/la-lune-en-rodage\/#breadcrumb"},"inLanguage":"it-IT","potentialAction":[{"@type":"ReadAction","target":["https:\/\/www.guastalla.com\/it\/mostre\/la-lune-en-rodage\/"]}]},{"@type":"ImageObject","inLanguage":"it-IT","@id":"https:\/\/www.guastalla.com\/it\/mostre\/la-lune-en-rodage\/#primaryimage","url":"https:\/\/www.guastalla.com\/wp-content\/uploads\/2021\/04\/446fbd6b65f9661efb5de52dbe88384bf61accd91a5776e0f20cb72a7f07ed16b1a8fc20951ad0d37f5c66c19ce3e46cd2df2a0b4d663a524da97f3060860250.jpg","contentUrl":"https:\/\/www.guastalla.com\/wp-content\/uploads\/2021\/04\/446fbd6b65f9661efb5de52dbe88384bf61accd91a5776e0f20cb72a7f07ed16b1a8fc20951ad0d37f5c66c19ce3e46cd2df2a0b4d663a524da97f3060860250.jpg","width":960,"height":640},{"@type":"BreadcrumbList","@id":"https:\/\/www.guastalla.com\/it\/mostre\/la-lune-en-rodage\/#breadcrumb","itemListElement":[{"@type":"ListItem","position":1,"name":"Home","item":"https:\/\/www.guastalla.com\/it\/"},{"@type":"ListItem","position":2,"name":"La lune en rodage"}]},{"@type":"WebSite","@id":"https:\/\/www.guastalla.com\/it\/#website","url":"https:\/\/www.guastalla.com\/it\/","name":"Studio Guastalla","description":"Galleria Arte Moderna e Contemporanea","potentialAction":[{"@type":"SearchAction","target":{"@type":"EntryPoint","urlTemplate":"https:\/\/www.guastalla.com\/it\/?s={search_term_string}"},"query-input":{"@type":"PropertyValueSpecification","valueRequired":true,"valueName":"search_term_string"}}],"inLanguage":"it-IT"},{"@type":"Person","@id":"https:\/\/www.guastalla.com\/it\/#\/schema\/person\/1585d08759466444a5233722aa3a2197","name":"Erica Toffoletto","image":{"@type":"ImageObject","inLanguage":"it-IT","@id":"https:\/\/secure.gravatar.com\/avatar\/da1d7bc05ba1780f895f17c4c8bdd3fafb0b6e9908ef655c70a3578a94b36dab?s=96&d=mm&r=g","url":"https:\/\/secure.gravatar.com\/avatar\/da1d7bc05ba1780f895f17c4c8bdd3fafb0b6e9908ef655c70a3578a94b36dab?s=96&d=mm&r=g","contentUrl":"https:\/\/secure.gravatar.com\/avatar\/da1d7bc05ba1780f895f17c4c8bdd3fafb0b6e9908ef655c70a3578a94b36dab?s=96&d=mm&r=g","caption":"Erica Toffoletto"},"url":"https:\/\/www.guastalla.com\/it\/author\/erica\/"}]}},"_links":{"self":[{"href":"https:\/\/www.guastalla.com\/it\/wp-json\/wp\/v2\/posts\/8317","targetHints":{"allow":["GET"]}}],"collection":[{"href":"https:\/\/www.guastalla.com\/it\/wp-json\/wp\/v2\/posts"}],"about":[{"href":"https:\/\/www.guastalla.com\/it\/wp-json\/wp\/v2\/types\/post"}],"author":[{"embeddable":true,"href":"https:\/\/www.guastalla.com\/it\/wp-json\/wp\/v2\/users\/11"}],"replies":[{"embeddable":true,"href":"https:\/\/www.guastalla.com\/it\/wp-json\/wp\/v2\/comments?post=8317"}],"version-history":[{"count":6,"href":"https:\/\/www.guastalla.com\/it\/wp-json\/wp\/v2\/posts\/8317\/revisions"}],"predecessor-version":[{"id":13597,"href":"https:\/\/www.guastalla.com\/it\/wp-json\/wp\/v2\/posts\/8317\/revisions\/13597"}],"wp:featuredmedia":[{"embeddable":true,"href":"https:\/\/www.guastalla.com\/it\/wp-json\/wp\/v2\/media\/2223"}],"wp:attachment":[{"href":"https:\/\/www.guastalla.com\/it\/wp-json\/wp\/v2\/media?parent=8317"}],"wp:term":[{"taxonomy":"category","embeddable":true,"href":"https:\/\/www.guastalla.com\/it\/wp-json\/wp\/v2\/categories?post=8317"},{"taxonomy":"post_tag","embeddable":true,"href":"https:\/\/www.guastalla.com\/it\/wp-json\/wp\/v2\/tags?post=8317"}],"curies":[{"name":"wp","href":"https:\/\/api.w.org\/{rel}","templated":true}]}}