{"id":8312,"date":"2018-02-18T15:47:01","date_gmt":"2018-02-18T14:47:01","guid":{"rendered":"https:\/\/www.guastalla.com\/non-categorizzato\/arte-fiera-bologna-2018\/"},"modified":"2021-07-12T09:41:49","modified_gmt":"2021-07-12T07:41:49","slug":"arte-fiera-bologna-2018","status":"publish","type":"post","link":"https:\/\/www.guastalla.com\/it\/mostre\/arte-fiera-bologna-2018\/","title":{"rendered":"Arte Fiera Bologna 2018"},"content":{"rendered":"<p>02\/02\/2018 &#8211; 05\/02\/2018<\/p>\n<p>Luogo<br \/>\nQuartiere Fieristico di Bologna<br \/>\nPadiglione 26 stand B16<\/p>\n<p>&nbsp;<\/p>\n<p><b>SEZIONE MODERNITY: EMILIO ISGR\u00d2<\/b><\/p>\n<p>Studio Guastalla Arte Moderna e Contemporanea partecipa a Bologna Artefiera 2018 proponendo un focus monografico su Emilio Isgr\u00f2, artista con cui ha sviluppato un lavoro pluridecennale sia sulla produzione storica che su progetti contemporanei. La direzione di Artefiera ha scelto di premiare questa proposta inserendola all\u2019interno di MODERNITY, percorso su \u201cartisti diversi per epoca, nazionalit\u00e0 e movimento di afferenza, con attenzione per\u00f2 alla loro peculiare attualit\u00e0\u201d.<br \/>\nPer l\u2019occasione Studio Guastalla presenter\u00e0 un\u2019opera quasi sconosciuta, \u201cQuesta \u00e8 Maluba\u201d, che fa parte di un piccolo ciclo di lavori. Si tratta di una primissima (1966) forma di cancellatura, un\u2019opera puramente concettuale in cui l\u2019artista cancella, annerendolo, il volto di Gina Lollobrigida, della quale lascia solo i dettagli di una mise da star, con cappello, guanti occhiali e revers a quadretti. \u201cMaluba\u201d \u00e8 un\u2019invenzione dell\u2019artista, ma sembra rimandare a un nome africano, cos\u00ec come il volto dalla pelle nera. L\u2019immagine e la scritta, con l\u2019uso del bianco e nero, l\u2019ironia sottile, l\u2019effetto di spaesamento, operano un evidente rovesciamento della Pop Art che all\u2019epoca rappresentava l\u2019avanguardia indiscussa.<br \/>\nInsieme a \u201cMaluba\u201d Studio Guastalla propone un\u2019importante selezione di opere storiche di Emilio Isgr\u00f2 in cui la cancellatura \u00e8 declinata nelle varie forme del testo cancellato (con libri, Telex e una rara Treccani), delle vocali estratte, dei particolari ingranditi.<\/p>\n<p><b><br \/>\nMAIN SECTION<\/b><\/p>\n<p>La galleria presenta poi opere di artisti tra i pi\u00f9 importanti del XX secolo, da Adolfo Wildt, Arturo Martini, Amedeo Modigliani, Marino Marini, Dadamaino, Giorgio Griffa, Michelangelo Pistoletto, Tano Festa, Mario Schifano.<\/p>\n<p>Studio Guastalla Arte Moderna e Contemporanea<br \/>\nBologna Artefiera 2-5 febbraio 2018 Pad 26 stand B16<\/p>\n","protected":false},"excerpt":{"rendered":"<p>02\/02\/2018 &#8211; 05\/02\/2018 Luogo Quartiere Fieristico di Bologna Padiglione 26 stand B16 &nbsp; SEZIONE MODERNITY: EMILIO ISGR\u00d2 Studio Guastalla Arte Moderna e Contemporanea partecipa a Bologna Artefiera 2018 proponendo un focus monografico su Emilio Isgr\u00f2, artista con cui ha sviluppato un lavoro pluridecennale sia sulla produzione storica che su progetti contemporanei. La direzione di Artefiera [&hellip;]<\/p>\n","protected":false},"author":11,"featured_media":2297,"comment_status":"closed","ping_status":"closed","sticky":false,"template":"","format":"standard","meta":{"_acf_changed":false,"_et_pb_use_builder":"","_et_pb_old_content":"","_et_gb_content_width":"","footnotes":""},"categories":[13,30,85],"tags":[89,151,153,169],"class_list":["post-8312","post","type-post","status-publish","format-standard","has-post-thumbnail","hentry","category-mostre","category-mostre-e-fiere","category-passate","tag-isgro-emilio","tag-marini-marino","tag-modigliani-amedeo","tag-wildt-adolfo"],"acf":[],"yoast_head":"<!-- This site is optimized with the Yoast SEO plugin v28.4 - https:\/\/yoast.com\/product\/yoast-seo-wordpress\/ -->\n<title>Arte Fiera Bologna 2018 - Studio Guastalla<\/title>\n<meta name=\"robots\" content=\"index, follow, max-snippet:-1, max-image-preview:large, max-video-preview:-1\" \/>\n<link rel=\"canonical\" href=\"https:\/\/www.guastalla.com\/it\/mostre\/arte-fiera-bologna-2018\/\" \/>\n<meta property=\"og:locale\" content=\"it_IT\" \/>\n<meta property=\"og:type\" content=\"article\" \/>\n<meta property=\"og:title\" content=\"Arte Fiera Bologna 2018 - Studio Guastalla\" \/>\n<meta property=\"og:description\" content=\"02\/02\/2018 &#8211; 05\/02\/2018 Luogo Quartiere Fieristico di Bologna Padiglione 26 stand B16 &nbsp; SEZIONE MODERNITY: EMILIO ISGR\u00d2 Studio Guastalla Arte Moderna e Contemporanea partecipa a Bologna Artefiera 2018 proponendo un focus monografico su Emilio Isgr\u00f2, artista con cui ha sviluppato un lavoro pluridecennale sia sulla produzione storica che su progetti contemporanei. La direzione di Artefiera [&hellip;]\" \/>\n<meta property=\"og:url\" content=\"https:\/\/www.guastalla.com\/it\/mostre\/arte-fiera-bologna-2018\/\" \/>\n<meta property=\"og:site_name\" content=\"Studio Guastalla\" \/>\n<meta property=\"article:published_time\" content=\"2018-02-18T14:47:01+00:00\" \/>\n<meta property=\"article:modified_time\" content=\"2021-07-12T07:41:49+00:00\" \/>\n<meta property=\"og:image\" content=\"https:\/\/www.guastalla.com\/wp-content\/uploads\/2021\/04\/cf4098ec2f3b9818301fb305960545469887dfdfa8e36e60fd7d567427dd35b615be50c8f763381226e5262a912557aee3a113ab0fb28c8d1bc3679f3f1accda.jpg\" \/>\n\t<meta property=\"og:image:width\" content=\"960\" \/>\n\t<meta property=\"og:image:height\" content=\"640\" \/>\n\t<meta property=\"og:image:type\" content=\"image\/jpeg\" \/>\n<meta name=\"author\" content=\"Erica Toffoletto\" \/>\n<meta name=\"twitter:card\" content=\"summary_large_image\" \/>\n<meta name=\"twitter:label1\" content=\"Scritto da\" \/>\n\t<meta name=\"twitter:data1\" content=\"Erica Toffoletto\" \/>\n\t<meta name=\"twitter:label2\" content=\"Tempo di lettura stimato\" \/>\n\t<meta name=\"twitter:data2\" content=\"1 minuto\" \/>\n<script type=\"application\/ld+json\" class=\"yoast-schema-graph\">{\"@context\":\"https:\\\/\\\/schema.org\",\"@graph\":[{\"@type\":\"Article\",\"@id\":\"https:\\\/\\\/www.guastalla.com\\\/it\\\/mostre\\\/arte-fiera-bologna-2018\\\/#article\",\"isPartOf\":{\"@id\":\"https:\\\/\\\/www.guastalla.com\\\/it\\\/mostre\\\/arte-fiera-bologna-2018\\\/\"},\"author\":{\"name\":\"Erica Toffoletto\",\"@id\":\"https:\\\/\\\/www.guastalla.com\\\/it\\\/#\\\/schema\\\/person\\\/1585d08759466444a5233722aa3a2197\"},\"headline\":\"Arte Fiera Bologna 2018\",\"datePublished\":\"2018-02-18T14:47:01+00:00\",\"dateModified\":\"2021-07-12T07:41:49+00:00\",\"mainEntityOfPage\":{\"@id\":\"https:\\\/\\\/www.guastalla.com\\\/it\\\/mostre\\\/arte-fiera-bologna-2018\\\/\"},\"wordCount\":284,\"image\":{\"@id\":\"https:\\\/\\\/www.guastalla.com\\\/it\\\/mostre\\\/arte-fiera-bologna-2018\\\/#primaryimage\"},\"thumbnailUrl\":\"https:\\\/\\\/www.guastalla.com\\\/wp-content\\\/uploads\\\/2021\\\/04\\\/cf4098ec2f3b9818301fb305960545469887dfdfa8e36e60fd7d567427dd35b615be50c8f763381226e5262a912557aee3a113ab0fb28c8d1bc3679f3f1accda.jpg\",\"keywords\":[\"isgr\u00d2-emilio\",\"marini-marino\",\"modigliani-amedeo\",\"wildt-adolfo\"],\"articleSection\":[\"Mostre\",\"Mostre e fiere\",\"Passate\"],\"inLanguage\":\"it-IT\"},{\"@type\":\"WebPage\",\"@id\":\"https:\\\/\\\/www.guastalla.com\\\/it\\\/mostre\\\/arte-fiera-bologna-2018\\\/\",\"url\":\"https:\\\/\\\/www.guastalla.com\\\/it\\\/mostre\\\/arte-fiera-bologna-2018\\\/\",\"name\":\"Arte Fiera Bologna 2018 - Studio Guastalla\",\"isPartOf\":{\"@id\":\"https:\\\/\\\/www.guastalla.com\\\/it\\\/#website\"},\"primaryImageOfPage\":{\"@id\":\"https:\\\/\\\/www.guastalla.com\\\/it\\\/mostre\\\/arte-fiera-bologna-2018\\\/#primaryimage\"},\"image\":{\"@id\":\"https:\\\/\\\/www.guastalla.com\\\/it\\\/mostre\\\/arte-fiera-bologna-2018\\\/#primaryimage\"},\"thumbnailUrl\":\"https:\\\/\\\/www.guastalla.com\\\/wp-content\\\/uploads\\\/2021\\\/04\\\/cf4098ec2f3b9818301fb305960545469887dfdfa8e36e60fd7d567427dd35b615be50c8f763381226e5262a912557aee3a113ab0fb28c8d1bc3679f3f1accda.jpg\",\"datePublished\":\"2018-02-18T14:47:01+00:00\",\"dateModified\":\"2021-07-12T07:41:49+00:00\",\"author\":{\"@id\":\"https:\\\/\\\/www.guastalla.com\\\/it\\\/#\\\/schema\\\/person\\\/1585d08759466444a5233722aa3a2197\"},\"breadcrumb\":{\"@id\":\"https:\\\/\\\/www.guastalla.com\\\/it\\\/mostre\\\/arte-fiera-bologna-2018\\\/#breadcrumb\"},\"inLanguage\":\"it-IT\",\"potentialAction\":[{\"@type\":\"ReadAction\",\"target\":[\"https:\\\/\\\/www.guastalla.com\\\/it\\\/mostre\\\/arte-fiera-bologna-2018\\\/\"]}]},{\"@type\":\"ImageObject\",\"inLanguage\":\"it-IT\",\"@id\":\"https:\\\/\\\/www.guastalla.com\\\/it\\\/mostre\\\/arte-fiera-bologna-2018\\\/#primaryimage\",\"url\":\"https:\\\/\\\/www.guastalla.com\\\/wp-content\\\/uploads\\\/2021\\\/04\\\/cf4098ec2f3b9818301fb305960545469887dfdfa8e36e60fd7d567427dd35b615be50c8f763381226e5262a912557aee3a113ab0fb28c8d1bc3679f3f1accda.jpg\",\"contentUrl\":\"https:\\\/\\\/www.guastalla.com\\\/wp-content\\\/uploads\\\/2021\\\/04\\\/cf4098ec2f3b9818301fb305960545469887dfdfa8e36e60fd7d567427dd35b615be50c8f763381226e5262a912557aee3a113ab0fb28c8d1bc3679f3f1accda.jpg\",\"width\":960,\"height\":640},{\"@type\":\"BreadcrumbList\",\"@id\":\"https:\\\/\\\/www.guastalla.com\\\/it\\\/mostre\\\/arte-fiera-bologna-2018\\\/#breadcrumb\",\"itemListElement\":[{\"@type\":\"ListItem\",\"position\":1,\"name\":\"Home\",\"item\":\"https:\\\/\\\/www.guastalla.com\\\/it\\\/\"},{\"@type\":\"ListItem\",\"position\":2,\"name\":\"Arte Fiera Bologna 2018\"}]},{\"@type\":\"WebSite\",\"@id\":\"https:\\\/\\\/www.guastalla.com\\\/it\\\/#website\",\"url\":\"https:\\\/\\\/www.guastalla.com\\\/it\\\/\",\"name\":\"Studio Guastalla\",\"description\":\"Galleria Arte Moderna e Contemporanea\",\"potentialAction\":[{\"@type\":\"SearchAction\",\"target\":{\"@type\":\"EntryPoint\",\"urlTemplate\":\"https:\\\/\\\/www.guastalla.com\\\/it\\\/?s={search_term_string}\"},\"query-input\":{\"@type\":\"PropertyValueSpecification\",\"valueRequired\":true,\"valueName\":\"search_term_string\"}}],\"inLanguage\":\"it-IT\"},{\"@type\":\"Person\",\"@id\":\"https:\\\/\\\/www.guastalla.com\\\/it\\\/#\\\/schema\\\/person\\\/1585d08759466444a5233722aa3a2197\",\"name\":\"Erica Toffoletto\",\"image\":{\"@type\":\"ImageObject\",\"inLanguage\":\"it-IT\",\"@id\":\"https:\\\/\\\/secure.gravatar.com\\\/avatar\\\/da1d7bc05ba1780f895f17c4c8bdd3fafb0b6e9908ef655c70a3578a94b36dab?s=96&d=mm&r=g\",\"url\":\"https:\\\/\\\/secure.gravatar.com\\\/avatar\\\/da1d7bc05ba1780f895f17c4c8bdd3fafb0b6e9908ef655c70a3578a94b36dab?s=96&d=mm&r=g\",\"contentUrl\":\"https:\\\/\\\/secure.gravatar.com\\\/avatar\\\/da1d7bc05ba1780f895f17c4c8bdd3fafb0b6e9908ef655c70a3578a94b36dab?s=96&d=mm&r=g\",\"caption\":\"Erica Toffoletto\"},\"url\":\"https:\\\/\\\/www.guastalla.com\\\/it\\\/author\\\/erica\\\/\"}]}<\/script>\n<!-- \/ Yoast SEO plugin. -->","yoast_head_json":{"title":"Arte Fiera Bologna 2018 - Studio Guastalla","robots":{"index":"index","follow":"follow","max-snippet":"max-snippet:-1","max-image-preview":"max-image-preview:large","max-video-preview":"max-video-preview:-1"},"canonical":"https:\/\/www.guastalla.com\/it\/mostre\/arte-fiera-bologna-2018\/","og_locale":"it_IT","og_type":"article","og_title":"Arte Fiera Bologna 2018 - Studio Guastalla","og_description":"02\/02\/2018 &#8211; 05\/02\/2018 Luogo Quartiere Fieristico di Bologna Padiglione 26 stand B16 &nbsp; SEZIONE MODERNITY: EMILIO ISGR\u00d2 Studio Guastalla Arte Moderna e Contemporanea partecipa a Bologna Artefiera 2018 proponendo un focus monografico su Emilio Isgr\u00f2, artista con cui ha sviluppato un lavoro pluridecennale sia sulla produzione storica che su progetti contemporanei. La direzione di Artefiera [&hellip;]","og_url":"https:\/\/www.guastalla.com\/it\/mostre\/arte-fiera-bologna-2018\/","og_site_name":"Studio Guastalla","article_published_time":"2018-02-18T14:47:01+00:00","article_modified_time":"2021-07-12T07:41:49+00:00","og_image":[{"width":960,"height":640,"url":"https:\/\/www.guastalla.com\/wp-content\/uploads\/2021\/04\/cf4098ec2f3b9818301fb305960545469887dfdfa8e36e60fd7d567427dd35b615be50c8f763381226e5262a912557aee3a113ab0fb28c8d1bc3679f3f1accda.jpg","type":"image\/jpeg"}],"author":"Erica Toffoletto","twitter_card":"summary_large_image","twitter_misc":{"Scritto da":"Erica Toffoletto","Tempo di lettura stimato":"1 minuto"},"schema":{"@context":"https:\/\/schema.org","@graph":[{"@type":"Article","@id":"https:\/\/www.guastalla.com\/it\/mostre\/arte-fiera-bologna-2018\/#article","isPartOf":{"@id":"https:\/\/www.guastalla.com\/it\/mostre\/arte-fiera-bologna-2018\/"},"author":{"name":"Erica Toffoletto","@id":"https:\/\/www.guastalla.com\/it\/#\/schema\/person\/1585d08759466444a5233722aa3a2197"},"headline":"Arte Fiera Bologna 2018","datePublished":"2018-02-18T14:47:01+00:00","dateModified":"2021-07-12T07:41:49+00:00","mainEntityOfPage":{"@id":"https:\/\/www.guastalla.com\/it\/mostre\/arte-fiera-bologna-2018\/"},"wordCount":284,"image":{"@id":"https:\/\/www.guastalla.com\/it\/mostre\/arte-fiera-bologna-2018\/#primaryimage"},"thumbnailUrl":"https:\/\/www.guastalla.com\/wp-content\/uploads\/2021\/04\/cf4098ec2f3b9818301fb305960545469887dfdfa8e36e60fd7d567427dd35b615be50c8f763381226e5262a912557aee3a113ab0fb28c8d1bc3679f3f1accda.jpg","keywords":["isgr\u00d2-emilio","marini-marino","modigliani-amedeo","wildt-adolfo"],"articleSection":["Mostre","Mostre e fiere","Passate"],"inLanguage":"it-IT"},{"@type":"WebPage","@id":"https:\/\/www.guastalla.com\/it\/mostre\/arte-fiera-bologna-2018\/","url":"https:\/\/www.guastalla.com\/it\/mostre\/arte-fiera-bologna-2018\/","name":"Arte Fiera Bologna 2018 - Studio Guastalla","isPartOf":{"@id":"https:\/\/www.guastalla.com\/it\/#website"},"primaryImageOfPage":{"@id":"https:\/\/www.guastalla.com\/it\/mostre\/arte-fiera-bologna-2018\/#primaryimage"},"image":{"@id":"https:\/\/www.guastalla.com\/it\/mostre\/arte-fiera-bologna-2018\/#primaryimage"},"thumbnailUrl":"https:\/\/www.guastalla.com\/wp-content\/uploads\/2021\/04\/cf4098ec2f3b9818301fb305960545469887dfdfa8e36e60fd7d567427dd35b615be50c8f763381226e5262a912557aee3a113ab0fb28c8d1bc3679f3f1accda.jpg","datePublished":"2018-02-18T14:47:01+00:00","dateModified":"2021-07-12T07:41:49+00:00","author":{"@id":"https:\/\/www.guastalla.com\/it\/#\/schema\/person\/1585d08759466444a5233722aa3a2197"},"breadcrumb":{"@id":"https:\/\/www.guastalla.com\/it\/mostre\/arte-fiera-bologna-2018\/#breadcrumb"},"inLanguage":"it-IT","potentialAction":[{"@type":"ReadAction","target":["https:\/\/www.guastalla.com\/it\/mostre\/arte-fiera-bologna-2018\/"]}]},{"@type":"ImageObject","inLanguage":"it-IT","@id":"https:\/\/www.guastalla.com\/it\/mostre\/arte-fiera-bologna-2018\/#primaryimage","url":"https:\/\/www.guastalla.com\/wp-content\/uploads\/2021\/04\/cf4098ec2f3b9818301fb305960545469887dfdfa8e36e60fd7d567427dd35b615be50c8f763381226e5262a912557aee3a113ab0fb28c8d1bc3679f3f1accda.jpg","contentUrl":"https:\/\/www.guastalla.com\/wp-content\/uploads\/2021\/04\/cf4098ec2f3b9818301fb305960545469887dfdfa8e36e60fd7d567427dd35b615be50c8f763381226e5262a912557aee3a113ab0fb28c8d1bc3679f3f1accda.jpg","width":960,"height":640},{"@type":"BreadcrumbList","@id":"https:\/\/www.guastalla.com\/it\/mostre\/arte-fiera-bologna-2018\/#breadcrumb","itemListElement":[{"@type":"ListItem","position":1,"name":"Home","item":"https:\/\/www.guastalla.com\/it\/"},{"@type":"ListItem","position":2,"name":"Arte Fiera Bologna 2018"}]},{"@type":"WebSite","@id":"https:\/\/www.guastalla.com\/it\/#website","url":"https:\/\/www.guastalla.com\/it\/","name":"Studio Guastalla","description":"Galleria Arte Moderna e Contemporanea","potentialAction":[{"@type":"SearchAction","target":{"@type":"EntryPoint","urlTemplate":"https:\/\/www.guastalla.com\/it\/?s={search_term_string}"},"query-input":{"@type":"PropertyValueSpecification","valueRequired":true,"valueName":"search_term_string"}}],"inLanguage":"it-IT"},{"@type":"Person","@id":"https:\/\/www.guastalla.com\/it\/#\/schema\/person\/1585d08759466444a5233722aa3a2197","name":"Erica Toffoletto","image":{"@type":"ImageObject","inLanguage":"it-IT","@id":"https:\/\/secure.gravatar.com\/avatar\/da1d7bc05ba1780f895f17c4c8bdd3fafb0b6e9908ef655c70a3578a94b36dab?s=96&d=mm&r=g","url":"https:\/\/secure.gravatar.com\/avatar\/da1d7bc05ba1780f895f17c4c8bdd3fafb0b6e9908ef655c70a3578a94b36dab?s=96&d=mm&r=g","contentUrl":"https:\/\/secure.gravatar.com\/avatar\/da1d7bc05ba1780f895f17c4c8bdd3fafb0b6e9908ef655c70a3578a94b36dab?s=96&d=mm&r=g","caption":"Erica Toffoletto"},"url":"https:\/\/www.guastalla.com\/it\/author\/erica\/"}]}},"_links":{"self":[{"href":"https:\/\/www.guastalla.com\/it\/wp-json\/wp\/v2\/posts\/8312","targetHints":{"allow":["GET"]}}],"collection":[{"href":"https:\/\/www.guastalla.com\/it\/wp-json\/wp\/v2\/posts"}],"about":[{"href":"https:\/\/www.guastalla.com\/it\/wp-json\/wp\/v2\/types\/post"}],"author":[{"embeddable":true,"href":"https:\/\/www.guastalla.com\/it\/wp-json\/wp\/v2\/users\/11"}],"replies":[{"embeddable":true,"href":"https:\/\/www.guastalla.com\/it\/wp-json\/wp\/v2\/comments?post=8312"}],"version-history":[{"count":2,"href":"https:\/\/www.guastalla.com\/it\/wp-json\/wp\/v2\/posts\/8312\/revisions"}],"predecessor-version":[{"id":9676,"href":"https:\/\/www.guastalla.com\/it\/wp-json\/wp\/v2\/posts\/8312\/revisions\/9676"}],"wp:featuredmedia":[{"embeddable":true,"href":"https:\/\/www.guastalla.com\/it\/wp-json\/wp\/v2\/media\/2297"}],"wp:attachment":[{"href":"https:\/\/www.guastalla.com\/it\/wp-json\/wp\/v2\/media?parent=8312"}],"wp:term":[{"taxonomy":"category","embeddable":true,"href":"https:\/\/www.guastalla.com\/it\/wp-json\/wp\/v2\/categories?post=8312"},{"taxonomy":"post_tag","embeddable":true,"href":"https:\/\/www.guastalla.com\/it\/wp-json\/wp\/v2\/tags?post=8312"}],"curies":[{"name":"wp","href":"https:\/\/api.w.org\/{rel}","templated":true}]}}