{"id":8306,"date":"2019-01-31T15:47:00","date_gmt":"2019-01-31T14:47:00","guid":{"rendered":"https:\/\/www.guastalla.com\/non-categorizzato\/arte-fiera-bologna-2019\/"},"modified":"2021-07-12T09:50:20","modified_gmt":"2021-07-12T07:50:20","slug":"arte-fiera-bologna-2019","status":"publish","type":"post","link":"https:\/\/www.guastalla.com\/it\/mostre\/arte-fiera-bologna-2019\/","title":{"rendered":"Arte Fiera Bologna 2019"},"content":{"rendered":"<p>31\/01\/2019 &#8211; 04\/02\/2019<\/p>\n<p>Luogo<br \/>\nQuartiere Fieristico di Bologna<br \/>\nPadiglione 26 stand B 24<\/p>\n<p>Orari<br \/>\ngioved\u00ec 31 gennaio dalle 12 alle 21 (preview ad inviti)<br \/>\nda venerd\u00ec 1 a domenica 3 febbraio: dalle 11 alle 19<\/p>\n<p>luned\u00ec 4 febbraio: dalle 11 alle 17<\/p>\n<p>&nbsp;<\/p>\n<p>Giorgio Griffa, Emilio Isgr\u00f2 e Mario Schifano<\/p>\n<p>&nbsp;<\/p>\n<p>e opere di:<br \/>\nAlioto, Aubertin, Ballocco, Beuys, Boetti, Bonalumi, Calzolari, Cuoghi, Chin, Christo, Dadamaino, De Kooning, Festa, Forte, Giacomelli, Hassoun, Klein, Kounellis, Melotti, Munari, Pinelli, Pistoletto, Puglisi, Rotella, Spalletti, Simeti, Schifano, Veneziano<\/p>\n","protected":false},"excerpt":{"rendered":"<p>31\/01\/2019 &#8211; 04\/02\/2019 Luogo Quartiere Fieristico di Bologna Padiglione 26 stand B 24 Orari gioved\u00ec 31 gennaio dalle 12 alle 21 (preview ad inviti) da venerd\u00ec 1 a domenica 3 febbraio: dalle 11 alle 19 luned\u00ec 4 febbraio: dalle 11 alle 17 &nbsp; Giorgio Griffa, Emilio Isgr\u00f2 e Mario Schifano &nbsp; e opere di: Alioto, [&hellip;]<\/p>\n","protected":false},"author":11,"featured_media":2172,"comment_status":"closed","ping_status":"closed","sticky":false,"template":"","format":"standard","meta":{"_acf_changed":false,"_et_pb_use_builder":"","_et_pb_old_content":"","_et_gb_content_width":"","footnotes":""},"categories":[13,30,85],"tags":[143,89,33],"class_list":["post-8306","post","type-post","status-publish","format-standard","has-post-thumbnail","hentry","category-mostre","category-mostre-e-fiere","category-passate","tag-griffa-giorgio","tag-isgro-emilio","tag-schifano-mario"],"acf":[],"yoast_head":"<!-- This site is optimized with the Yoast SEO plugin v28.4 - https:\/\/yoast.com\/product\/yoast-seo-wordpress\/ -->\n<title>Arte Fiera Bologna 2019 - Studio Guastalla<\/title>\n<meta name=\"robots\" content=\"index, follow, max-snippet:-1, max-image-preview:large, max-video-preview:-1\" \/>\n<link rel=\"canonical\" href=\"https:\/\/www.guastalla.com\/it\/mostre\/arte-fiera-bologna-2019\/\" \/>\n<meta property=\"og:locale\" content=\"it_IT\" \/>\n<meta property=\"og:type\" content=\"article\" \/>\n<meta property=\"og:title\" content=\"Arte Fiera Bologna 2019 - Studio Guastalla\" \/>\n<meta property=\"og:description\" content=\"31\/01\/2019 &#8211; 04\/02\/2019 Luogo Quartiere Fieristico di Bologna Padiglione 26 stand B 24 Orari gioved\u00ec 31 gennaio dalle 12 alle 21 (preview ad inviti) da venerd\u00ec 1 a domenica 3 febbraio: dalle 11 alle 19 luned\u00ec 4 febbraio: dalle 11 alle 17 &nbsp; Giorgio Griffa, Emilio Isgr\u00f2 e Mario Schifano &nbsp; e opere di: Alioto, [&hellip;]\" \/>\n<meta property=\"og:url\" content=\"https:\/\/www.guastalla.com\/it\/mostre\/arte-fiera-bologna-2019\/\" \/>\n<meta property=\"og:site_name\" content=\"Studio Guastalla\" \/>\n<meta property=\"article:published_time\" content=\"2019-01-31T14:47:00+00:00\" \/>\n<meta property=\"article:modified_time\" content=\"2021-07-12T07:50:20+00:00\" \/>\n<meta property=\"og:image\" content=\"https:\/\/www.guastalla.com\/wp-content\/uploads\/2021\/04\/9f568b5bb9c71ac5ab359312ce9f1a42e128d72be709b0e0065a4c40d9ba2160c80a2128fe0b08d29b73c6734b9d2875a1b409befd1c16d52de35ffd84b94817.jpg\" \/>\n\t<meta property=\"og:image:width\" content=\"960\" \/>\n\t<meta property=\"og:image:height\" content=\"640\" \/>\n\t<meta property=\"og:image:type\" content=\"image\/jpeg\" \/>\n<meta name=\"author\" content=\"Erica Toffoletto\" \/>\n<meta name=\"twitter:card\" content=\"summary_large_image\" \/>\n<meta name=\"twitter:label1\" content=\"Scritto da\" \/>\n\t<meta name=\"twitter:data1\" content=\"Erica Toffoletto\" \/>\n<script type=\"application\/ld+json\" class=\"yoast-schema-graph\">{\"@context\":\"https:\\\/\\\/schema.org\",\"@graph\":[{\"@type\":\"Article\",\"@id\":\"https:\\\/\\\/www.guastalla.com\\\/it\\\/mostre\\\/arte-fiera-bologna-2019\\\/#article\",\"isPartOf\":{\"@id\":\"https:\\\/\\\/www.guastalla.com\\\/it\\\/mostre\\\/arte-fiera-bologna-2019\\\/\"},\"author\":{\"name\":\"Erica Toffoletto\",\"@id\":\"https:\\\/\\\/www.guastalla.com\\\/it\\\/#\\\/schema\\\/person\\\/1585d08759466444a5233722aa3a2197\"},\"headline\":\"Arte Fiera Bologna 2019\",\"datePublished\":\"2019-01-31T14:47:00+00:00\",\"dateModified\":\"2021-07-12T07:50:20+00:00\",\"mainEntityOfPage\":{\"@id\":\"https:\\\/\\\/www.guastalla.com\\\/it\\\/mostre\\\/arte-fiera-bologna-2019\\\/\"},\"wordCount\":72,\"image\":{\"@id\":\"https:\\\/\\\/www.guastalla.com\\\/it\\\/mostre\\\/arte-fiera-bologna-2019\\\/#primaryimage\"},\"thumbnailUrl\":\"https:\\\/\\\/www.guastalla.com\\\/wp-content\\\/uploads\\\/2021\\\/04\\\/9f568b5bb9c71ac5ab359312ce9f1a42e128d72be709b0e0065a4c40d9ba2160c80a2128fe0b08d29b73c6734b9d2875a1b409befd1c16d52de35ffd84b94817.jpg\",\"keywords\":[\"griffa-giorgio\",\"isgr\u00d2-emilio\",\"schifano-mario\"],\"articleSection\":[\"Mostre\",\"Mostre e fiere\",\"Passate\"],\"inLanguage\":\"it-IT\"},{\"@type\":\"WebPage\",\"@id\":\"https:\\\/\\\/www.guastalla.com\\\/it\\\/mostre\\\/arte-fiera-bologna-2019\\\/\",\"url\":\"https:\\\/\\\/www.guastalla.com\\\/it\\\/mostre\\\/arte-fiera-bologna-2019\\\/\",\"name\":\"Arte Fiera Bologna 2019 - Studio Guastalla\",\"isPartOf\":{\"@id\":\"https:\\\/\\\/www.guastalla.com\\\/it\\\/#website\"},\"primaryImageOfPage\":{\"@id\":\"https:\\\/\\\/www.guastalla.com\\\/it\\\/mostre\\\/arte-fiera-bologna-2019\\\/#primaryimage\"},\"image\":{\"@id\":\"https:\\\/\\\/www.guastalla.com\\\/it\\\/mostre\\\/arte-fiera-bologna-2019\\\/#primaryimage\"},\"thumbnailUrl\":\"https:\\\/\\\/www.guastalla.com\\\/wp-content\\\/uploads\\\/2021\\\/04\\\/9f568b5bb9c71ac5ab359312ce9f1a42e128d72be709b0e0065a4c40d9ba2160c80a2128fe0b08d29b73c6734b9d2875a1b409befd1c16d52de35ffd84b94817.jpg\",\"datePublished\":\"2019-01-31T14:47:00+00:00\",\"dateModified\":\"2021-07-12T07:50:20+00:00\",\"author\":{\"@id\":\"https:\\\/\\\/www.guastalla.com\\\/it\\\/#\\\/schema\\\/person\\\/1585d08759466444a5233722aa3a2197\"},\"breadcrumb\":{\"@id\":\"https:\\\/\\\/www.guastalla.com\\\/it\\\/mostre\\\/arte-fiera-bologna-2019\\\/#breadcrumb\"},\"inLanguage\":\"it-IT\",\"potentialAction\":[{\"@type\":\"ReadAction\",\"target\":[\"https:\\\/\\\/www.guastalla.com\\\/it\\\/mostre\\\/arte-fiera-bologna-2019\\\/\"]}]},{\"@type\":\"ImageObject\",\"inLanguage\":\"it-IT\",\"@id\":\"https:\\\/\\\/www.guastalla.com\\\/it\\\/mostre\\\/arte-fiera-bologna-2019\\\/#primaryimage\",\"url\":\"https:\\\/\\\/www.guastalla.com\\\/wp-content\\\/uploads\\\/2021\\\/04\\\/9f568b5bb9c71ac5ab359312ce9f1a42e128d72be709b0e0065a4c40d9ba2160c80a2128fe0b08d29b73c6734b9d2875a1b409befd1c16d52de35ffd84b94817.jpg\",\"contentUrl\":\"https:\\\/\\\/www.guastalla.com\\\/wp-content\\\/uploads\\\/2021\\\/04\\\/9f568b5bb9c71ac5ab359312ce9f1a42e128d72be709b0e0065a4c40d9ba2160c80a2128fe0b08d29b73c6734b9d2875a1b409befd1c16d52de35ffd84b94817.jpg\",\"width\":960,\"height\":640},{\"@type\":\"BreadcrumbList\",\"@id\":\"https:\\\/\\\/www.guastalla.com\\\/it\\\/mostre\\\/arte-fiera-bologna-2019\\\/#breadcrumb\",\"itemListElement\":[{\"@type\":\"ListItem\",\"position\":1,\"name\":\"Home\",\"item\":\"https:\\\/\\\/www.guastalla.com\\\/it\\\/\"},{\"@type\":\"ListItem\",\"position\":2,\"name\":\"Arte Fiera Bologna 2019\"}]},{\"@type\":\"WebSite\",\"@id\":\"https:\\\/\\\/www.guastalla.com\\\/it\\\/#website\",\"url\":\"https:\\\/\\\/www.guastalla.com\\\/it\\\/\",\"name\":\"Studio Guastalla\",\"description\":\"Galleria Arte Moderna e Contemporanea\",\"potentialAction\":[{\"@type\":\"SearchAction\",\"target\":{\"@type\":\"EntryPoint\",\"urlTemplate\":\"https:\\\/\\\/www.guastalla.com\\\/it\\\/?s={search_term_string}\"},\"query-input\":{\"@type\":\"PropertyValueSpecification\",\"valueRequired\":true,\"valueName\":\"search_term_string\"}}],\"inLanguage\":\"it-IT\"},{\"@type\":\"Person\",\"@id\":\"https:\\\/\\\/www.guastalla.com\\\/it\\\/#\\\/schema\\\/person\\\/1585d08759466444a5233722aa3a2197\",\"name\":\"Erica Toffoletto\",\"image\":{\"@type\":\"ImageObject\",\"inLanguage\":\"it-IT\",\"@id\":\"https:\\\/\\\/secure.gravatar.com\\\/avatar\\\/da1d7bc05ba1780f895f17c4c8bdd3fafb0b6e9908ef655c70a3578a94b36dab?s=96&d=mm&r=g\",\"url\":\"https:\\\/\\\/secure.gravatar.com\\\/avatar\\\/da1d7bc05ba1780f895f17c4c8bdd3fafb0b6e9908ef655c70a3578a94b36dab?s=96&d=mm&r=g\",\"contentUrl\":\"https:\\\/\\\/secure.gravatar.com\\\/avatar\\\/da1d7bc05ba1780f895f17c4c8bdd3fafb0b6e9908ef655c70a3578a94b36dab?s=96&d=mm&r=g\",\"caption\":\"Erica Toffoletto\"},\"url\":\"https:\\\/\\\/www.guastalla.com\\\/it\\\/author\\\/erica\\\/\"}]}<\/script>\n<!-- \/ Yoast SEO plugin. -->","yoast_head_json":{"title":"Arte Fiera Bologna 2019 - Studio Guastalla","robots":{"index":"index","follow":"follow","max-snippet":"max-snippet:-1","max-image-preview":"max-image-preview:large","max-video-preview":"max-video-preview:-1"},"canonical":"https:\/\/www.guastalla.com\/it\/mostre\/arte-fiera-bologna-2019\/","og_locale":"it_IT","og_type":"article","og_title":"Arte Fiera Bologna 2019 - Studio Guastalla","og_description":"31\/01\/2019 &#8211; 04\/02\/2019 Luogo Quartiere Fieristico di Bologna Padiglione 26 stand B 24 Orari gioved\u00ec 31 gennaio dalle 12 alle 21 (preview ad inviti) da venerd\u00ec 1 a domenica 3 febbraio: dalle 11 alle 19 luned\u00ec 4 febbraio: dalle 11 alle 17 &nbsp; Giorgio Griffa, Emilio Isgr\u00f2 e Mario Schifano &nbsp; e opere di: Alioto, [&hellip;]","og_url":"https:\/\/www.guastalla.com\/it\/mostre\/arte-fiera-bologna-2019\/","og_site_name":"Studio Guastalla","article_published_time":"2019-01-31T14:47:00+00:00","article_modified_time":"2021-07-12T07:50:20+00:00","og_image":[{"width":960,"height":640,"url":"https:\/\/www.guastalla.com\/wp-content\/uploads\/2021\/04\/9f568b5bb9c71ac5ab359312ce9f1a42e128d72be709b0e0065a4c40d9ba2160c80a2128fe0b08d29b73c6734b9d2875a1b409befd1c16d52de35ffd84b94817.jpg","type":"image\/jpeg"}],"author":"Erica Toffoletto","twitter_card":"summary_large_image","twitter_misc":{"Scritto da":"Erica Toffoletto"},"schema":{"@context":"https:\/\/schema.org","@graph":[{"@type":"Article","@id":"https:\/\/www.guastalla.com\/it\/mostre\/arte-fiera-bologna-2019\/#article","isPartOf":{"@id":"https:\/\/www.guastalla.com\/it\/mostre\/arte-fiera-bologna-2019\/"},"author":{"name":"Erica Toffoletto","@id":"https:\/\/www.guastalla.com\/it\/#\/schema\/person\/1585d08759466444a5233722aa3a2197"},"headline":"Arte Fiera Bologna 2019","datePublished":"2019-01-31T14:47:00+00:00","dateModified":"2021-07-12T07:50:20+00:00","mainEntityOfPage":{"@id":"https:\/\/www.guastalla.com\/it\/mostre\/arte-fiera-bologna-2019\/"},"wordCount":72,"image":{"@id":"https:\/\/www.guastalla.com\/it\/mostre\/arte-fiera-bologna-2019\/#primaryimage"},"thumbnailUrl":"https:\/\/www.guastalla.com\/wp-content\/uploads\/2021\/04\/9f568b5bb9c71ac5ab359312ce9f1a42e128d72be709b0e0065a4c40d9ba2160c80a2128fe0b08d29b73c6734b9d2875a1b409befd1c16d52de35ffd84b94817.jpg","keywords":["griffa-giorgio","isgr\u00d2-emilio","schifano-mario"],"articleSection":["Mostre","Mostre e fiere","Passate"],"inLanguage":"it-IT"},{"@type":"WebPage","@id":"https:\/\/www.guastalla.com\/it\/mostre\/arte-fiera-bologna-2019\/","url":"https:\/\/www.guastalla.com\/it\/mostre\/arte-fiera-bologna-2019\/","name":"Arte Fiera Bologna 2019 - Studio Guastalla","isPartOf":{"@id":"https:\/\/www.guastalla.com\/it\/#website"},"primaryImageOfPage":{"@id":"https:\/\/www.guastalla.com\/it\/mostre\/arte-fiera-bologna-2019\/#primaryimage"},"image":{"@id":"https:\/\/www.guastalla.com\/it\/mostre\/arte-fiera-bologna-2019\/#primaryimage"},"thumbnailUrl":"https:\/\/www.guastalla.com\/wp-content\/uploads\/2021\/04\/9f568b5bb9c71ac5ab359312ce9f1a42e128d72be709b0e0065a4c40d9ba2160c80a2128fe0b08d29b73c6734b9d2875a1b409befd1c16d52de35ffd84b94817.jpg","datePublished":"2019-01-31T14:47:00+00:00","dateModified":"2021-07-12T07:50:20+00:00","author":{"@id":"https:\/\/www.guastalla.com\/it\/#\/schema\/person\/1585d08759466444a5233722aa3a2197"},"breadcrumb":{"@id":"https:\/\/www.guastalla.com\/it\/mostre\/arte-fiera-bologna-2019\/#breadcrumb"},"inLanguage":"it-IT","potentialAction":[{"@type":"ReadAction","target":["https:\/\/www.guastalla.com\/it\/mostre\/arte-fiera-bologna-2019\/"]}]},{"@type":"ImageObject","inLanguage":"it-IT","@id":"https:\/\/www.guastalla.com\/it\/mostre\/arte-fiera-bologna-2019\/#primaryimage","url":"https:\/\/www.guastalla.com\/wp-content\/uploads\/2021\/04\/9f568b5bb9c71ac5ab359312ce9f1a42e128d72be709b0e0065a4c40d9ba2160c80a2128fe0b08d29b73c6734b9d2875a1b409befd1c16d52de35ffd84b94817.jpg","contentUrl":"https:\/\/www.guastalla.com\/wp-content\/uploads\/2021\/04\/9f568b5bb9c71ac5ab359312ce9f1a42e128d72be709b0e0065a4c40d9ba2160c80a2128fe0b08d29b73c6734b9d2875a1b409befd1c16d52de35ffd84b94817.jpg","width":960,"height":640},{"@type":"BreadcrumbList","@id":"https:\/\/www.guastalla.com\/it\/mostre\/arte-fiera-bologna-2019\/#breadcrumb","itemListElement":[{"@type":"ListItem","position":1,"name":"Home","item":"https:\/\/www.guastalla.com\/it\/"},{"@type":"ListItem","position":2,"name":"Arte Fiera Bologna 2019"}]},{"@type":"WebSite","@id":"https:\/\/www.guastalla.com\/it\/#website","url":"https:\/\/www.guastalla.com\/it\/","name":"Studio Guastalla","description":"Galleria Arte Moderna e Contemporanea","potentialAction":[{"@type":"SearchAction","target":{"@type":"EntryPoint","urlTemplate":"https:\/\/www.guastalla.com\/it\/?s={search_term_string}"},"query-input":{"@type":"PropertyValueSpecification","valueRequired":true,"valueName":"search_term_string"}}],"inLanguage":"it-IT"},{"@type":"Person","@id":"https:\/\/www.guastalla.com\/it\/#\/schema\/person\/1585d08759466444a5233722aa3a2197","name":"Erica Toffoletto","image":{"@type":"ImageObject","inLanguage":"it-IT","@id":"https:\/\/secure.gravatar.com\/avatar\/da1d7bc05ba1780f895f17c4c8bdd3fafb0b6e9908ef655c70a3578a94b36dab?s=96&d=mm&r=g","url":"https:\/\/secure.gravatar.com\/avatar\/da1d7bc05ba1780f895f17c4c8bdd3fafb0b6e9908ef655c70a3578a94b36dab?s=96&d=mm&r=g","contentUrl":"https:\/\/secure.gravatar.com\/avatar\/da1d7bc05ba1780f895f17c4c8bdd3fafb0b6e9908ef655c70a3578a94b36dab?s=96&d=mm&r=g","caption":"Erica Toffoletto"},"url":"https:\/\/www.guastalla.com\/it\/author\/erica\/"}]}},"_links":{"self":[{"href":"https:\/\/www.guastalla.com\/it\/wp-json\/wp\/v2\/posts\/8306","targetHints":{"allow":["GET"]}}],"collection":[{"href":"https:\/\/www.guastalla.com\/it\/wp-json\/wp\/v2\/posts"}],"about":[{"href":"https:\/\/www.guastalla.com\/it\/wp-json\/wp\/v2\/types\/post"}],"author":[{"embeddable":true,"href":"https:\/\/www.guastalla.com\/it\/wp-json\/wp\/v2\/users\/11"}],"replies":[{"embeddable":true,"href":"https:\/\/www.guastalla.com\/it\/wp-json\/wp\/v2\/comments?post=8306"}],"version-history":[{"count":2,"href":"https:\/\/www.guastalla.com\/it\/wp-json\/wp\/v2\/posts\/8306\/revisions"}],"predecessor-version":[{"id":11836,"href":"https:\/\/www.guastalla.com\/it\/wp-json\/wp\/v2\/posts\/8306\/revisions\/11836"}],"wp:featuredmedia":[{"embeddable":true,"href":"https:\/\/www.guastalla.com\/it\/wp-json\/wp\/v2\/media\/2172"}],"wp:attachment":[{"href":"https:\/\/www.guastalla.com\/it\/wp-json\/wp\/v2\/media?parent=8306"}],"wp:term":[{"taxonomy":"category","embeddable":true,"href":"https:\/\/www.guastalla.com\/it\/wp-json\/wp\/v2\/categories?post=8306"},{"taxonomy":"post_tag","embeddable":true,"href":"https:\/\/www.guastalla.com\/it\/wp-json\/wp\/v2\/tags?post=8306"}],"curies":[{"name":"wp","href":"https:\/\/api.w.org\/{rel}","templated":true}]}}