{"id":8303,"date":"2019-11-27T15:47:00","date_gmt":"2019-11-27T14:47:00","guid":{"rendered":"https:\/\/www.guastalla.com\/non-categorizzato\/mario-schifano-in-onda-tv\/"},"modified":"2021-09-06T12:07:51","modified_gmt":"2021-09-06T10:07:51","slug":"mario-schifano-in-onda-tv","status":"publish","type":"post","link":"https:\/\/www.guastalla.com\/it\/mostre\/mario-schifano-in-onda-tv\/","title":{"rendered":"MARIO SCHIFANO. In onda TV"},"content":{"rendered":"<p>27\/11\/2019 &#8211; 25\/01\/2020<\/p>\n<p>Luogo<br \/>\nStudio Guastalla Arte Moderna e Contemporanea<br \/>\nVia Senato, 24<br \/>\nMilano<\/p>\n<p>Orari<br \/>\n10.13 15.19 escluso luned\u00ec e festivi.<br \/>\nInaugurazione mercoled\u00ec 27 novembre ore 18<\/p>\n<p><b>Studio Guastalla Arte Moderna e Contemporanea <\/b>presenta <i><b>Mario Schifano. In onda TV<\/b><\/i>, una mostra di circa quindici \u201cpaesaggi TV\u201d, smalti su tela emulsionata in cui l\u2019artista fissa un\u2019immagine televisiva, da lui fotografata, emulsionandola sulla tela e trasformandola attraverso la pittura. Il plexiglass conferisce poi all\u2019opera la dimensione lucida e riflettente che allude allo schermo televisivo.<br \/>\nSchifano vive in quegli anni, a cavallo tra \u201960 e \u201970, in uno studio in cui decine di televisori sempre accesi (senza volume) inondano il suo spazio visivo con un flusso ininterrotto di immagini, mentre le finestre chiuse bloccano la visione sull\u2019esterno. Schifano, con un\u2019incredibile preveggenza \u2013 siamo nell\u2019Italia dei due canali statali che trasmettevano in realt\u00e0 ad orari contingentati, mentre la fine delle trasmissioni veniva segnalata da un\u2019immagine fissa sullo schermo \u2013 capisce che sempre di pi\u00f9 vivremo immersi nelle immagini, che il pittore non dovr\u00e0 neppure pi\u00f9 cercare ispirazione all\u2019esterno, perch\u00e9 sar\u00e0 l\u2019esterno a cercare lui, baster\u00e0 rimanere sintonizzati, oggi diremmo connessi.<br \/>\nIn sintonia con altre ricerche di quegli anni Schifano spersonalizza l\u2019opera, che non \u00e8 pi\u00f9 il frutto di una creativit\u00e0 romantica unica e irripetibile. L\u2019artista \u00e8 piuttosto colui che coglie immagini trasmesse da un mezzo meccanico, che poi lui coglie con un altro mezzo meccanico, la fotografia, e che poi meccanicamente emulsiona sulla tela, e solo all\u2019ultimo ritocca personalmente l\u2019immagine con lo smalto.<br \/>\nIn queste immagini leggermente sfocate, poco nitide e brillanti rispetto ai nostri standard attuali, inserite all\u2019interno della cornice nera stondata del tubo catodico, ritroviamo gli orologi con le lancette dell\u2019ora esatta, le immagini fisse delle citt\u00e0 italiane con il nome scritto, trasmesse all\u2019intervallo, citazioni dalla storia dell\u2019arte tratte dalla trasmissione \u201cMaestri italiani del 900\u201d, fotogrammi con personaggi politici dai telegiornali ma anche frammenti, ingrandimenti, particolari, macchie di colore. Sono Paesaggi TV, il nuovo paesaggio italiano, direttamente a casa, senza pi\u00f9 bisogno di uscire.<\/p>\n","protected":false},"excerpt":{"rendered":"<p>27\/11\/2019 &#8211; 25\/01\/2020 Luogo Studio Guastalla Arte Moderna e Contemporanea Via Senato, 24 Milano Orari 10.13 15.19 escluso luned\u00ec e festivi. Inaugurazione mercoled\u00ec 27 novembre ore 18 Studio Guastalla Arte Moderna e Contemporanea presenta Mario Schifano. In onda TV, una mostra di circa quindici \u201cpaesaggi TV\u201d, smalti su tela emulsionata in cui l\u2019artista fissa un\u2019immagine [&hellip;]<\/p>\n","protected":false},"author":11,"featured_media":12421,"comment_status":"closed","ping_status":"closed","sticky":false,"template":"","format":"standard","meta":{"_acf_changed":false,"_et_pb_use_builder":"","_et_pb_old_content":"","_et_gb_content_width":"","footnotes":""},"categories":[13,30,85],"tags":[28,87,33],"class_list":["post-8303","post","type-post","status-publish","format-standard","has-post-thumbnail","hentry","category-mostre","category-mostre-e-fiere","category-passate","tag-mario-schifano-in-onda-tv","tag-mostre-gallery","tag-schifano-mario"],"acf":[],"yoast_head":"<!-- This site is optimized with the Yoast SEO plugin v28.4 - https:\/\/yoast.com\/product\/yoast-seo-wordpress\/ -->\n<title>MARIO SCHIFANO. In onda TV - Studio Guastalla<\/title>\n<meta name=\"robots\" content=\"index, follow, max-snippet:-1, max-image-preview:large, max-video-preview:-1\" \/>\n<link rel=\"canonical\" href=\"https:\/\/www.guastalla.com\/it\/mostre\/mario-schifano-in-onda-tv\/\" \/>\n<meta property=\"og:locale\" content=\"it_IT\" \/>\n<meta property=\"og:type\" content=\"article\" \/>\n<meta property=\"og:title\" content=\"MARIO SCHIFANO. In onda TV - Studio Guastalla\" \/>\n<meta property=\"og:description\" content=\"27\/11\/2019 &#8211; 25\/01\/2020 Luogo Studio Guastalla Arte Moderna e Contemporanea Via Senato, 24 Milano Orari 10.13 15.19 escluso luned\u00ec e festivi. Inaugurazione mercoled\u00ec 27 novembre ore 18 Studio Guastalla Arte Moderna e Contemporanea presenta Mario Schifano. In onda TV, una mostra di circa quindici \u201cpaesaggi TV\u201d, smalti su tela emulsionata in cui l\u2019artista fissa un\u2019immagine [&hellip;]\" \/>\n<meta property=\"og:url\" content=\"https:\/\/www.guastalla.com\/it\/mostre\/mario-schifano-in-onda-tv\/\" \/>\n<meta property=\"og:site_name\" content=\"Studio Guastalla\" \/>\n<meta property=\"article:published_time\" content=\"2019-11-27T14:47:00+00:00\" \/>\n<meta property=\"article:modified_time\" content=\"2021-09-06T10:07:51+00:00\" \/>\n<meta property=\"og:image\" content=\"https:\/\/www.guastalla.com\/wp-content\/uploads\/2019\/11\/riz5295-scaled.jpg\" \/>\n\t<meta property=\"og:image:width\" content=\"2560\" \/>\n\t<meta property=\"og:image:height\" content=\"1707\" \/>\n\t<meta property=\"og:image:type\" content=\"image\/jpeg\" \/>\n<meta name=\"author\" content=\"Erica Toffoletto\" \/>\n<meta name=\"twitter:card\" content=\"summary_large_image\" \/>\n<meta name=\"twitter:label1\" content=\"Scritto da\" \/>\n\t<meta name=\"twitter:data1\" content=\"Erica Toffoletto\" \/>\n\t<meta name=\"twitter:label2\" content=\"Tempo di lettura stimato\" \/>\n\t<meta name=\"twitter:data2\" content=\"2 minuti\" \/>\n<script type=\"application\/ld+json\" class=\"yoast-schema-graph\">{\"@context\":\"https:\\\/\\\/schema.org\",\"@graph\":[{\"@type\":\"Article\",\"@id\":\"https:\\\/\\\/www.guastalla.com\\\/it\\\/mostre\\\/mario-schifano-in-onda-tv\\\/#article\",\"isPartOf\":{\"@id\":\"https:\\\/\\\/www.guastalla.com\\\/it\\\/mostre\\\/mario-schifano-in-onda-tv\\\/\"},\"author\":{\"name\":\"Erica Toffoletto\",\"@id\":\"https:\\\/\\\/www.guastalla.com\\\/it\\\/#\\\/schema\\\/person\\\/1585d08759466444a5233722aa3a2197\"},\"headline\":\"MARIO SCHIFANO. In onda TV\",\"datePublished\":\"2019-11-27T14:47:00+00:00\",\"dateModified\":\"2021-09-06T10:07:51+00:00\",\"mainEntityOfPage\":{\"@id\":\"https:\\\/\\\/www.guastalla.com\\\/it\\\/mostre\\\/mario-schifano-in-onda-tv\\\/\"},\"wordCount\":340,\"image\":{\"@id\":\"https:\\\/\\\/www.guastalla.com\\\/it\\\/mostre\\\/mario-schifano-in-onda-tv\\\/#primaryimage\"},\"thumbnailUrl\":\"https:\\\/\\\/www.guastalla.com\\\/wp-content\\\/uploads\\\/2019\\\/11\\\/riz5295-scaled.jpg\",\"keywords\":[\"Mario-Schifano-IN-ONDA-TV\",\"mostre-gallery\",\"schifano-mario\"],\"articleSection\":[\"Mostre\",\"Mostre e fiere\",\"Passate\"],\"inLanguage\":\"it-IT\"},{\"@type\":\"WebPage\",\"@id\":\"https:\\\/\\\/www.guastalla.com\\\/it\\\/mostre\\\/mario-schifano-in-onda-tv\\\/\",\"url\":\"https:\\\/\\\/www.guastalla.com\\\/it\\\/mostre\\\/mario-schifano-in-onda-tv\\\/\",\"name\":\"MARIO SCHIFANO. In onda TV - Studio Guastalla\",\"isPartOf\":{\"@id\":\"https:\\\/\\\/www.guastalla.com\\\/it\\\/#website\"},\"primaryImageOfPage\":{\"@id\":\"https:\\\/\\\/www.guastalla.com\\\/it\\\/mostre\\\/mario-schifano-in-onda-tv\\\/#primaryimage\"},\"image\":{\"@id\":\"https:\\\/\\\/www.guastalla.com\\\/it\\\/mostre\\\/mario-schifano-in-onda-tv\\\/#primaryimage\"},\"thumbnailUrl\":\"https:\\\/\\\/www.guastalla.com\\\/wp-content\\\/uploads\\\/2019\\\/11\\\/riz5295-scaled.jpg\",\"datePublished\":\"2019-11-27T14:47:00+00:00\",\"dateModified\":\"2021-09-06T10:07:51+00:00\",\"author\":{\"@id\":\"https:\\\/\\\/www.guastalla.com\\\/it\\\/#\\\/schema\\\/person\\\/1585d08759466444a5233722aa3a2197\"},\"breadcrumb\":{\"@id\":\"https:\\\/\\\/www.guastalla.com\\\/it\\\/mostre\\\/mario-schifano-in-onda-tv\\\/#breadcrumb\"},\"inLanguage\":\"it-IT\",\"potentialAction\":[{\"@type\":\"ReadAction\",\"target\":[\"https:\\\/\\\/www.guastalla.com\\\/it\\\/mostre\\\/mario-schifano-in-onda-tv\\\/\"]}]},{\"@type\":\"ImageObject\",\"inLanguage\":\"it-IT\",\"@id\":\"https:\\\/\\\/www.guastalla.com\\\/it\\\/mostre\\\/mario-schifano-in-onda-tv\\\/#primaryimage\",\"url\":\"https:\\\/\\\/www.guastalla.com\\\/wp-content\\\/uploads\\\/2019\\\/11\\\/riz5295-scaled.jpg\",\"contentUrl\":\"https:\\\/\\\/www.guastalla.com\\\/wp-content\\\/uploads\\\/2019\\\/11\\\/riz5295-scaled.jpg\",\"width\":2560,\"height\":1707},{\"@type\":\"BreadcrumbList\",\"@id\":\"https:\\\/\\\/www.guastalla.com\\\/it\\\/mostre\\\/mario-schifano-in-onda-tv\\\/#breadcrumb\",\"itemListElement\":[{\"@type\":\"ListItem\",\"position\":1,\"name\":\"Home\",\"item\":\"https:\\\/\\\/www.guastalla.com\\\/it\\\/\"},{\"@type\":\"ListItem\",\"position\":2,\"name\":\"MARIO SCHIFANO. In onda TV\"}]},{\"@type\":\"WebSite\",\"@id\":\"https:\\\/\\\/www.guastalla.com\\\/it\\\/#website\",\"url\":\"https:\\\/\\\/www.guastalla.com\\\/it\\\/\",\"name\":\"Studio Guastalla\",\"description\":\"Galleria Arte Moderna e Contemporanea\",\"potentialAction\":[{\"@type\":\"SearchAction\",\"target\":{\"@type\":\"EntryPoint\",\"urlTemplate\":\"https:\\\/\\\/www.guastalla.com\\\/it\\\/?s={search_term_string}\"},\"query-input\":{\"@type\":\"PropertyValueSpecification\",\"valueRequired\":true,\"valueName\":\"search_term_string\"}}],\"inLanguage\":\"it-IT\"},{\"@type\":\"Person\",\"@id\":\"https:\\\/\\\/www.guastalla.com\\\/it\\\/#\\\/schema\\\/person\\\/1585d08759466444a5233722aa3a2197\",\"name\":\"Erica Toffoletto\",\"image\":{\"@type\":\"ImageObject\",\"inLanguage\":\"it-IT\",\"@id\":\"https:\\\/\\\/secure.gravatar.com\\\/avatar\\\/da1d7bc05ba1780f895f17c4c8bdd3fafb0b6e9908ef655c70a3578a94b36dab?s=96&d=mm&r=g\",\"url\":\"https:\\\/\\\/secure.gravatar.com\\\/avatar\\\/da1d7bc05ba1780f895f17c4c8bdd3fafb0b6e9908ef655c70a3578a94b36dab?s=96&d=mm&r=g\",\"contentUrl\":\"https:\\\/\\\/secure.gravatar.com\\\/avatar\\\/da1d7bc05ba1780f895f17c4c8bdd3fafb0b6e9908ef655c70a3578a94b36dab?s=96&d=mm&r=g\",\"caption\":\"Erica Toffoletto\"},\"url\":\"https:\\\/\\\/www.guastalla.com\\\/it\\\/author\\\/erica\\\/\"}]}<\/script>\n<!-- \/ Yoast SEO plugin. -->","yoast_head_json":{"title":"MARIO SCHIFANO. In onda TV - Studio Guastalla","robots":{"index":"index","follow":"follow","max-snippet":"max-snippet:-1","max-image-preview":"max-image-preview:large","max-video-preview":"max-video-preview:-1"},"canonical":"https:\/\/www.guastalla.com\/it\/mostre\/mario-schifano-in-onda-tv\/","og_locale":"it_IT","og_type":"article","og_title":"MARIO SCHIFANO. In onda TV - Studio Guastalla","og_description":"27\/11\/2019 &#8211; 25\/01\/2020 Luogo Studio Guastalla Arte Moderna e Contemporanea Via Senato, 24 Milano Orari 10.13 15.19 escluso luned\u00ec e festivi. Inaugurazione mercoled\u00ec 27 novembre ore 18 Studio Guastalla Arte Moderna e Contemporanea presenta Mario Schifano. In onda TV, una mostra di circa quindici \u201cpaesaggi TV\u201d, smalti su tela emulsionata in cui l\u2019artista fissa un\u2019immagine [&hellip;]","og_url":"https:\/\/www.guastalla.com\/it\/mostre\/mario-schifano-in-onda-tv\/","og_site_name":"Studio Guastalla","article_published_time":"2019-11-27T14:47:00+00:00","article_modified_time":"2021-09-06T10:07:51+00:00","og_image":[{"width":2560,"height":1707,"url":"https:\/\/www.guastalla.com\/wp-content\/uploads\/2019\/11\/riz5295-scaled.jpg","type":"image\/jpeg"}],"author":"Erica Toffoletto","twitter_card":"summary_large_image","twitter_misc":{"Scritto da":"Erica Toffoletto","Tempo di lettura stimato":"2 minuti"},"schema":{"@context":"https:\/\/schema.org","@graph":[{"@type":"Article","@id":"https:\/\/www.guastalla.com\/it\/mostre\/mario-schifano-in-onda-tv\/#article","isPartOf":{"@id":"https:\/\/www.guastalla.com\/it\/mostre\/mario-schifano-in-onda-tv\/"},"author":{"name":"Erica Toffoletto","@id":"https:\/\/www.guastalla.com\/it\/#\/schema\/person\/1585d08759466444a5233722aa3a2197"},"headline":"MARIO SCHIFANO. In onda TV","datePublished":"2019-11-27T14:47:00+00:00","dateModified":"2021-09-06T10:07:51+00:00","mainEntityOfPage":{"@id":"https:\/\/www.guastalla.com\/it\/mostre\/mario-schifano-in-onda-tv\/"},"wordCount":340,"image":{"@id":"https:\/\/www.guastalla.com\/it\/mostre\/mario-schifano-in-onda-tv\/#primaryimage"},"thumbnailUrl":"https:\/\/www.guastalla.com\/wp-content\/uploads\/2019\/11\/riz5295-scaled.jpg","keywords":["Mario-Schifano-IN-ONDA-TV","mostre-gallery","schifano-mario"],"articleSection":["Mostre","Mostre e fiere","Passate"],"inLanguage":"it-IT"},{"@type":"WebPage","@id":"https:\/\/www.guastalla.com\/it\/mostre\/mario-schifano-in-onda-tv\/","url":"https:\/\/www.guastalla.com\/it\/mostre\/mario-schifano-in-onda-tv\/","name":"MARIO SCHIFANO. In onda TV - Studio Guastalla","isPartOf":{"@id":"https:\/\/www.guastalla.com\/it\/#website"},"primaryImageOfPage":{"@id":"https:\/\/www.guastalla.com\/it\/mostre\/mario-schifano-in-onda-tv\/#primaryimage"},"image":{"@id":"https:\/\/www.guastalla.com\/it\/mostre\/mario-schifano-in-onda-tv\/#primaryimage"},"thumbnailUrl":"https:\/\/www.guastalla.com\/wp-content\/uploads\/2019\/11\/riz5295-scaled.jpg","datePublished":"2019-11-27T14:47:00+00:00","dateModified":"2021-09-06T10:07:51+00:00","author":{"@id":"https:\/\/www.guastalla.com\/it\/#\/schema\/person\/1585d08759466444a5233722aa3a2197"},"breadcrumb":{"@id":"https:\/\/www.guastalla.com\/it\/mostre\/mario-schifano-in-onda-tv\/#breadcrumb"},"inLanguage":"it-IT","potentialAction":[{"@type":"ReadAction","target":["https:\/\/www.guastalla.com\/it\/mostre\/mario-schifano-in-onda-tv\/"]}]},{"@type":"ImageObject","inLanguage":"it-IT","@id":"https:\/\/www.guastalla.com\/it\/mostre\/mario-schifano-in-onda-tv\/#primaryimage","url":"https:\/\/www.guastalla.com\/wp-content\/uploads\/2019\/11\/riz5295-scaled.jpg","contentUrl":"https:\/\/www.guastalla.com\/wp-content\/uploads\/2019\/11\/riz5295-scaled.jpg","width":2560,"height":1707},{"@type":"BreadcrumbList","@id":"https:\/\/www.guastalla.com\/it\/mostre\/mario-schifano-in-onda-tv\/#breadcrumb","itemListElement":[{"@type":"ListItem","position":1,"name":"Home","item":"https:\/\/www.guastalla.com\/it\/"},{"@type":"ListItem","position":2,"name":"MARIO SCHIFANO. In onda TV"}]},{"@type":"WebSite","@id":"https:\/\/www.guastalla.com\/it\/#website","url":"https:\/\/www.guastalla.com\/it\/","name":"Studio Guastalla","description":"Galleria Arte Moderna e Contemporanea","potentialAction":[{"@type":"SearchAction","target":{"@type":"EntryPoint","urlTemplate":"https:\/\/www.guastalla.com\/it\/?s={search_term_string}"},"query-input":{"@type":"PropertyValueSpecification","valueRequired":true,"valueName":"search_term_string"}}],"inLanguage":"it-IT"},{"@type":"Person","@id":"https:\/\/www.guastalla.com\/it\/#\/schema\/person\/1585d08759466444a5233722aa3a2197","name":"Erica Toffoletto","image":{"@type":"ImageObject","inLanguage":"it-IT","@id":"https:\/\/secure.gravatar.com\/avatar\/da1d7bc05ba1780f895f17c4c8bdd3fafb0b6e9908ef655c70a3578a94b36dab?s=96&d=mm&r=g","url":"https:\/\/secure.gravatar.com\/avatar\/da1d7bc05ba1780f895f17c4c8bdd3fafb0b6e9908ef655c70a3578a94b36dab?s=96&d=mm&r=g","contentUrl":"https:\/\/secure.gravatar.com\/avatar\/da1d7bc05ba1780f895f17c4c8bdd3fafb0b6e9908ef655c70a3578a94b36dab?s=96&d=mm&r=g","caption":"Erica Toffoletto"},"url":"https:\/\/www.guastalla.com\/it\/author\/erica\/"}]}},"_links":{"self":[{"href":"https:\/\/www.guastalla.com\/it\/wp-json\/wp\/v2\/posts\/8303","targetHints":{"allow":["GET"]}}],"collection":[{"href":"https:\/\/www.guastalla.com\/it\/wp-json\/wp\/v2\/posts"}],"about":[{"href":"https:\/\/www.guastalla.com\/it\/wp-json\/wp\/v2\/types\/post"}],"author":[{"embeddable":true,"href":"https:\/\/www.guastalla.com\/it\/wp-json\/wp\/v2\/users\/11"}],"replies":[{"embeddable":true,"href":"https:\/\/www.guastalla.com\/it\/wp-json\/wp\/v2\/comments?post=8303"}],"version-history":[{"count":5,"href":"https:\/\/www.guastalla.com\/it\/wp-json\/wp\/v2\/posts\/8303\/revisions"}],"predecessor-version":[{"id":13580,"href":"https:\/\/www.guastalla.com\/it\/wp-json\/wp\/v2\/posts\/8303\/revisions\/13580"}],"wp:featuredmedia":[{"embeddable":true,"href":"https:\/\/www.guastalla.com\/it\/wp-json\/wp\/v2\/media\/12421"}],"wp:attachment":[{"href":"https:\/\/www.guastalla.com\/it\/wp-json\/wp\/v2\/media?parent=8303"}],"wp:term":[{"taxonomy":"category","embeddable":true,"href":"https:\/\/www.guastalla.com\/it\/wp-json\/wp\/v2\/categories?post=8303"},{"taxonomy":"post_tag","embeddable":true,"href":"https:\/\/www.guastalla.com\/it\/wp-json\/wp\/v2\/tags?post=8303"}],"curies":[{"name":"wp","href":"https:\/\/api.w.org\/{rel}","templated":true}]}}