{"id":8285,"date":"2021-05-18T15:46:58","date_gmt":"2021-05-18T13:46:58","guid":{"rendered":"https:\/\/www.guastalla.com\/non-categorizzato\/wildt-mi-dolgon-fanciullo\/"},"modified":"2022-11-30T11:34:56","modified_gmt":"2022-11-30T10:34:56","slug":"wildt-mi-dolgon-fanciullo","status":"publish","type":"post","link":"https:\/\/www.guastalla.com\/it\/opere\/wildt-mi-dolgon-fanciullo\/","title":{"rendered":"Wildt &#8211; Mi dolgon fanciullo"},"content":{"rendered":"<p>Matita e oro su carta<br \/>\ncm 21.5 x 22.7<br \/>\nAnni &#8217;20<\/p>\n<p>NOTE:<br \/>\nFirmato con sigla dell&#8217;artista.<\/p>\n<p>A sinistra MI DOLGON, FANCIULLO, LE PENE CHE PI\u00d9 NON MI DAI. M.SARFATTI<\/p>\n<p>L&#8217;opera \u00e8 stata realizzata per Margherita Sarafatti in memoria del figlio, caduto durante la Prima Guerra Mondiale<\/p>\n<p>PUBBLICAZIONI:<br \/>\nA. Wildt, Wildt, Bestetti e Tumminelli, Milano, 1926, ill. pag. 68<\/p>\n<p>PROVENIENZA:<br \/>\nEredi Wildt<\/p>\n<p>ESPOSIZIONI:<br \/>\n<span style=\"color: #ff0000;\"><a style=\"color: #ff0000;\" href=\"https:\/\/www.guastalla.com\/it\/mostre\/mostre-e-fiere\/adolfo-wildt-ladro-danime\/\">2022-2023, Milano,\u00a0<em>Adolfo Wildt. Ladro d\u2019anime<\/em>, Studio Guastalla Arte Moderna e Contemporanea, ill. in cat. p. 41<\/a><\/span><\/p>\n<p>&nbsp;<\/p>\n<h4><strong>Il dolore e il suo archetipo<\/strong><\/h4>\n<p>Quattro donne dolenti, una con un infante in braccio, emergono da un nero indistinto, come ritagliate sul fondo bianco da una linea continua e nitida. Il loro \u00e8 l\u2019archetipo del dolore umano, quello che il cuore e la mente tengono lontano come un punto di non ritorno. Il dolore della madre per la morte del figlio.<br \/>\nE oltre. Per la morte dell\u2019unico figlio.<br \/>\nSopra di loro, il corpo di un giovane senza vita, diviso a met\u00e0 dalla linea esile di un arbusto dalle poche foglie, che crea una croce. Non \u00e8 solo questo simbolo, insieme alle aureole dorate, a ricordarci che siamo in presenza del Cristo. \u00c8 quel dolore, che il Cristianesimo ha interpretato come divino, ma che ogni essere umano riconosce come assoluto, a riportarci a un evento religioso particolare ma anche universale. Tanto che Adolfo Wildt, in questo disegno presentato da Studio Guastalla, lo mette in scena in un\u2019opera dedicata al dolore di Margherita Sarfatti, regina dell\u2019arte italiana tra le due guerre, ebrea, per la morte del giovane figlio in guerra. Come Asher Lev (protagonista di un famoso romanzo di Chaim Potok), pittore ebreo che sconvolge la sua comunit\u00e0 dipingendo la Crocifissione, perch\u00e9 non trova un\u2019immagine altrettanto archetipica per raffigurare il dolore, anche per Margherita Sarfatti il dolore assoluto prende le forme del dramma cristiano. Che torna umano, troppo umano nelle parole di questa madre: \u201cMi dolgon, fanciullo, le pene che pi\u00f9 non mi dai\u201d.<\/p>\n<p>&nbsp;<\/p>\n","protected":false},"excerpt":{"rendered":"<p>Matita e oro su carta cm 21.5 x 22.7 Anni &#8217;20 NOTE: Firmato con sigla dell&#8217;artista. A sinistra MI DOLGON, FANCIULLO, LE PENE CHE PI\u00d9 NON MI DAI. M.SARFATTI L&#8217;opera \u00e8 stata realizzata per Margherita Sarafatti in memoria del figlio, caduto durante la Prima Guerra Mondiale PUBBLICAZIONI: A. Wildt, Wildt, Bestetti e Tumminelli, Milano, 1926, [&hellip;]<\/p>\n","protected":false},"author":11,"featured_media":1452,"comment_status":"closed","ping_status":"closed","sticky":false,"template":"","format":"standard","meta":{"_acf_changed":false,"_et_pb_use_builder":"","_et_pb_old_content":"","_et_gb_content_width":"","footnotes":""},"categories":[12],"tags":[169],"class_list":["post-8285","post","type-post","status-publish","format-standard","has-post-thumbnail","hentry","category-opere","tag-wildt-adolfo"],"acf":[],"yoast_head":"<!-- This site is optimized with the Yoast SEO plugin v28.4 - https:\/\/yoast.com\/product\/yoast-seo-wordpress\/ -->\n<title>Wildt - Mi dolgon fanciullo - Studio Guastalla<\/title>\n<meta name=\"robots\" content=\"index, follow, max-snippet:-1, max-image-preview:large, max-video-preview:-1\" \/>\n<link rel=\"canonical\" href=\"https:\/\/www.guastalla.com\/it\/opere\/wildt-mi-dolgon-fanciullo\/\" \/>\n<meta property=\"og:locale\" content=\"it_IT\" \/>\n<meta property=\"og:type\" content=\"article\" \/>\n<meta property=\"og:title\" content=\"Wildt - Mi dolgon fanciullo - Studio Guastalla\" \/>\n<meta property=\"og:description\" content=\"Matita e oro su carta cm 21.5 x 22.7 Anni &#8217;20 NOTE: Firmato con sigla dell&#8217;artista. A sinistra MI DOLGON, FANCIULLO, LE PENE CHE PI\u00d9 NON MI DAI. M.SARFATTI L&#8217;opera \u00e8 stata realizzata per Margherita Sarafatti in memoria del figlio, caduto durante la Prima Guerra Mondiale PUBBLICAZIONI: A. Wildt, Wildt, Bestetti e Tumminelli, Milano, 1926, [&hellip;]\" \/>\n<meta property=\"og:url\" content=\"https:\/\/www.guastalla.com\/it\/opere\/wildt-mi-dolgon-fanciullo\/\" \/>\n<meta property=\"og:site_name\" content=\"Studio Guastalla\" \/>\n<meta property=\"article:published_time\" content=\"2021-05-18T13:46:58+00:00\" \/>\n<meta property=\"article:modified_time\" content=\"2022-11-30T10:34:56+00:00\" \/>\n<meta property=\"og:image\" content=\"https:\/\/www.guastalla.com\/wp-content\/uploads\/2021\/04\/WILDT-Mi-dolgon-fanciullo..-AR-scaled.jpg\" \/>\n\t<meta property=\"og:image:width\" content=\"2560\" \/>\n\t<meta property=\"og:image:height\" content=\"2415\" \/>\n\t<meta property=\"og:image:type\" content=\"image\/jpeg\" \/>\n<meta name=\"author\" content=\"Erica Toffoletto\" \/>\n<meta name=\"twitter:card\" content=\"summary_large_image\" \/>\n<meta name=\"twitter:label1\" content=\"Scritto da\" \/>\n\t<meta name=\"twitter:data1\" content=\"Erica Toffoletto\" \/>\n\t<meta name=\"twitter:label2\" content=\"Tempo di lettura stimato\" \/>\n\t<meta name=\"twitter:data2\" content=\"2 minuti\" \/>\n<script type=\"application\/ld+json\" class=\"yoast-schema-graph\">{\"@context\":\"https:\\\/\\\/schema.org\",\"@graph\":[{\"@type\":\"Article\",\"@id\":\"https:\\\/\\\/www.guastalla.com\\\/it\\\/opere\\\/wildt-mi-dolgon-fanciullo\\\/#article\",\"isPartOf\":{\"@id\":\"https:\\\/\\\/www.guastalla.com\\\/it\\\/opere\\\/wildt-mi-dolgon-fanciullo\\\/\"},\"author\":{\"name\":\"Erica Toffoletto\",\"@id\":\"https:\\\/\\\/www.guastalla.com\\\/it\\\/#\\\/schema\\\/person\\\/1585d08759466444a5233722aa3a2197\"},\"headline\":\"Wildt &#8211; Mi dolgon fanciullo\",\"datePublished\":\"2021-05-18T13:46:58+00:00\",\"dateModified\":\"2022-11-30T10:34:56+00:00\",\"mainEntityOfPage\":{\"@id\":\"https:\\\/\\\/www.guastalla.com\\\/it\\\/opere\\\/wildt-mi-dolgon-fanciullo\\\/\"},\"wordCount\":328,\"image\":{\"@id\":\"https:\\\/\\\/www.guastalla.com\\\/it\\\/opere\\\/wildt-mi-dolgon-fanciullo\\\/#primaryimage\"},\"thumbnailUrl\":\"https:\\\/\\\/www.guastalla.com\\\/wp-content\\\/uploads\\\/2021\\\/04\\\/WILDT-Mi-dolgon-fanciullo..-AR-scaled.jpg\",\"keywords\":[\"wildt-adolfo\"],\"articleSection\":[\"Opere\"],\"inLanguage\":\"it-IT\"},{\"@type\":\"WebPage\",\"@id\":\"https:\\\/\\\/www.guastalla.com\\\/it\\\/opere\\\/wildt-mi-dolgon-fanciullo\\\/\",\"url\":\"https:\\\/\\\/www.guastalla.com\\\/it\\\/opere\\\/wildt-mi-dolgon-fanciullo\\\/\",\"name\":\"Wildt - Mi dolgon fanciullo - Studio Guastalla\",\"isPartOf\":{\"@id\":\"https:\\\/\\\/www.guastalla.com\\\/it\\\/#website\"},\"primaryImageOfPage\":{\"@id\":\"https:\\\/\\\/www.guastalla.com\\\/it\\\/opere\\\/wildt-mi-dolgon-fanciullo\\\/#primaryimage\"},\"image\":{\"@id\":\"https:\\\/\\\/www.guastalla.com\\\/it\\\/opere\\\/wildt-mi-dolgon-fanciullo\\\/#primaryimage\"},\"thumbnailUrl\":\"https:\\\/\\\/www.guastalla.com\\\/wp-content\\\/uploads\\\/2021\\\/04\\\/WILDT-Mi-dolgon-fanciullo..-AR-scaled.jpg\",\"datePublished\":\"2021-05-18T13:46:58+00:00\",\"dateModified\":\"2022-11-30T10:34:56+00:00\",\"author\":{\"@id\":\"https:\\\/\\\/www.guastalla.com\\\/it\\\/#\\\/schema\\\/person\\\/1585d08759466444a5233722aa3a2197\"},\"breadcrumb\":{\"@id\":\"https:\\\/\\\/www.guastalla.com\\\/it\\\/opere\\\/wildt-mi-dolgon-fanciullo\\\/#breadcrumb\"},\"inLanguage\":\"it-IT\",\"potentialAction\":[{\"@type\":\"ReadAction\",\"target\":[\"https:\\\/\\\/www.guastalla.com\\\/it\\\/opere\\\/wildt-mi-dolgon-fanciullo\\\/\"]}]},{\"@type\":\"ImageObject\",\"inLanguage\":\"it-IT\",\"@id\":\"https:\\\/\\\/www.guastalla.com\\\/it\\\/opere\\\/wildt-mi-dolgon-fanciullo\\\/#primaryimage\",\"url\":\"https:\\\/\\\/www.guastalla.com\\\/wp-content\\\/uploads\\\/2021\\\/04\\\/WILDT-Mi-dolgon-fanciullo..-AR-scaled.jpg\",\"contentUrl\":\"https:\\\/\\\/www.guastalla.com\\\/wp-content\\\/uploads\\\/2021\\\/04\\\/WILDT-Mi-dolgon-fanciullo..-AR-scaled.jpg\",\"width\":2560,\"height\":2415,\"caption\":\"disegno di Adolfo Wildt presso Studio Guastalla\"},{\"@type\":\"BreadcrumbList\",\"@id\":\"https:\\\/\\\/www.guastalla.com\\\/it\\\/opere\\\/wildt-mi-dolgon-fanciullo\\\/#breadcrumb\",\"itemListElement\":[{\"@type\":\"ListItem\",\"position\":1,\"name\":\"Home\",\"item\":\"https:\\\/\\\/www.guastalla.com\\\/it\\\/\"},{\"@type\":\"ListItem\",\"position\":2,\"name\":\"Wildt &#8211; Mi dolgon fanciullo\"}]},{\"@type\":\"WebSite\",\"@id\":\"https:\\\/\\\/www.guastalla.com\\\/it\\\/#website\",\"url\":\"https:\\\/\\\/www.guastalla.com\\\/it\\\/\",\"name\":\"Studio Guastalla\",\"description\":\"Galleria Arte Moderna e Contemporanea\",\"potentialAction\":[{\"@type\":\"SearchAction\",\"target\":{\"@type\":\"EntryPoint\",\"urlTemplate\":\"https:\\\/\\\/www.guastalla.com\\\/it\\\/?s={search_term_string}\"},\"query-input\":{\"@type\":\"PropertyValueSpecification\",\"valueRequired\":true,\"valueName\":\"search_term_string\"}}],\"inLanguage\":\"it-IT\"},{\"@type\":\"Person\",\"@id\":\"https:\\\/\\\/www.guastalla.com\\\/it\\\/#\\\/schema\\\/person\\\/1585d08759466444a5233722aa3a2197\",\"name\":\"Erica Toffoletto\",\"image\":{\"@type\":\"ImageObject\",\"inLanguage\":\"it-IT\",\"@id\":\"https:\\\/\\\/secure.gravatar.com\\\/avatar\\\/da1d7bc05ba1780f895f17c4c8bdd3fafb0b6e9908ef655c70a3578a94b36dab?s=96&d=mm&r=g\",\"url\":\"https:\\\/\\\/secure.gravatar.com\\\/avatar\\\/da1d7bc05ba1780f895f17c4c8bdd3fafb0b6e9908ef655c70a3578a94b36dab?s=96&d=mm&r=g\",\"contentUrl\":\"https:\\\/\\\/secure.gravatar.com\\\/avatar\\\/da1d7bc05ba1780f895f17c4c8bdd3fafb0b6e9908ef655c70a3578a94b36dab?s=96&d=mm&r=g\",\"caption\":\"Erica Toffoletto\"},\"url\":\"https:\\\/\\\/www.guastalla.com\\\/it\\\/author\\\/erica\\\/\"}]}<\/script>\n<!-- \/ Yoast SEO plugin. -->","yoast_head_json":{"title":"Wildt - Mi dolgon fanciullo - Studio Guastalla","robots":{"index":"index","follow":"follow","max-snippet":"max-snippet:-1","max-image-preview":"max-image-preview:large","max-video-preview":"max-video-preview:-1"},"canonical":"https:\/\/www.guastalla.com\/it\/opere\/wildt-mi-dolgon-fanciullo\/","og_locale":"it_IT","og_type":"article","og_title":"Wildt - Mi dolgon fanciullo - Studio Guastalla","og_description":"Matita e oro su carta cm 21.5 x 22.7 Anni &#8217;20 NOTE: Firmato con sigla dell&#8217;artista. A sinistra MI DOLGON, FANCIULLO, LE PENE CHE PI\u00d9 NON MI DAI. M.SARFATTI L&#8217;opera \u00e8 stata realizzata per Margherita Sarafatti in memoria del figlio, caduto durante la Prima Guerra Mondiale PUBBLICAZIONI: A. Wildt, Wildt, Bestetti e Tumminelli, Milano, 1926, [&hellip;]","og_url":"https:\/\/www.guastalla.com\/it\/opere\/wildt-mi-dolgon-fanciullo\/","og_site_name":"Studio Guastalla","article_published_time":"2021-05-18T13:46:58+00:00","article_modified_time":"2022-11-30T10:34:56+00:00","og_image":[{"width":2560,"height":2415,"url":"https:\/\/www.guastalla.com\/wp-content\/uploads\/2021\/04\/WILDT-Mi-dolgon-fanciullo..-AR-scaled.jpg","type":"image\/jpeg"}],"author":"Erica Toffoletto","twitter_card":"summary_large_image","twitter_misc":{"Scritto da":"Erica Toffoletto","Tempo di lettura stimato":"2 minuti"},"schema":{"@context":"https:\/\/schema.org","@graph":[{"@type":"Article","@id":"https:\/\/www.guastalla.com\/it\/opere\/wildt-mi-dolgon-fanciullo\/#article","isPartOf":{"@id":"https:\/\/www.guastalla.com\/it\/opere\/wildt-mi-dolgon-fanciullo\/"},"author":{"name":"Erica Toffoletto","@id":"https:\/\/www.guastalla.com\/it\/#\/schema\/person\/1585d08759466444a5233722aa3a2197"},"headline":"Wildt &#8211; Mi dolgon fanciullo","datePublished":"2021-05-18T13:46:58+00:00","dateModified":"2022-11-30T10:34:56+00:00","mainEntityOfPage":{"@id":"https:\/\/www.guastalla.com\/it\/opere\/wildt-mi-dolgon-fanciullo\/"},"wordCount":328,"image":{"@id":"https:\/\/www.guastalla.com\/it\/opere\/wildt-mi-dolgon-fanciullo\/#primaryimage"},"thumbnailUrl":"https:\/\/www.guastalla.com\/wp-content\/uploads\/2021\/04\/WILDT-Mi-dolgon-fanciullo..-AR-scaled.jpg","keywords":["wildt-adolfo"],"articleSection":["Opere"],"inLanguage":"it-IT"},{"@type":"WebPage","@id":"https:\/\/www.guastalla.com\/it\/opere\/wildt-mi-dolgon-fanciullo\/","url":"https:\/\/www.guastalla.com\/it\/opere\/wildt-mi-dolgon-fanciullo\/","name":"Wildt - Mi dolgon fanciullo - Studio Guastalla","isPartOf":{"@id":"https:\/\/www.guastalla.com\/it\/#website"},"primaryImageOfPage":{"@id":"https:\/\/www.guastalla.com\/it\/opere\/wildt-mi-dolgon-fanciullo\/#primaryimage"},"image":{"@id":"https:\/\/www.guastalla.com\/it\/opere\/wildt-mi-dolgon-fanciullo\/#primaryimage"},"thumbnailUrl":"https:\/\/www.guastalla.com\/wp-content\/uploads\/2021\/04\/WILDT-Mi-dolgon-fanciullo..-AR-scaled.jpg","datePublished":"2021-05-18T13:46:58+00:00","dateModified":"2022-11-30T10:34:56+00:00","author":{"@id":"https:\/\/www.guastalla.com\/it\/#\/schema\/person\/1585d08759466444a5233722aa3a2197"},"breadcrumb":{"@id":"https:\/\/www.guastalla.com\/it\/opere\/wildt-mi-dolgon-fanciullo\/#breadcrumb"},"inLanguage":"it-IT","potentialAction":[{"@type":"ReadAction","target":["https:\/\/www.guastalla.com\/it\/opere\/wildt-mi-dolgon-fanciullo\/"]}]},{"@type":"ImageObject","inLanguage":"it-IT","@id":"https:\/\/www.guastalla.com\/it\/opere\/wildt-mi-dolgon-fanciullo\/#primaryimage","url":"https:\/\/www.guastalla.com\/wp-content\/uploads\/2021\/04\/WILDT-Mi-dolgon-fanciullo..-AR-scaled.jpg","contentUrl":"https:\/\/www.guastalla.com\/wp-content\/uploads\/2021\/04\/WILDT-Mi-dolgon-fanciullo..-AR-scaled.jpg","width":2560,"height":2415,"caption":"disegno di Adolfo Wildt presso Studio Guastalla"},{"@type":"BreadcrumbList","@id":"https:\/\/www.guastalla.com\/it\/opere\/wildt-mi-dolgon-fanciullo\/#breadcrumb","itemListElement":[{"@type":"ListItem","position":1,"name":"Home","item":"https:\/\/www.guastalla.com\/it\/"},{"@type":"ListItem","position":2,"name":"Wildt &#8211; Mi dolgon fanciullo"}]},{"@type":"WebSite","@id":"https:\/\/www.guastalla.com\/it\/#website","url":"https:\/\/www.guastalla.com\/it\/","name":"Studio Guastalla","description":"Galleria Arte Moderna e Contemporanea","potentialAction":[{"@type":"SearchAction","target":{"@type":"EntryPoint","urlTemplate":"https:\/\/www.guastalla.com\/it\/?s={search_term_string}"},"query-input":{"@type":"PropertyValueSpecification","valueRequired":true,"valueName":"search_term_string"}}],"inLanguage":"it-IT"},{"@type":"Person","@id":"https:\/\/www.guastalla.com\/it\/#\/schema\/person\/1585d08759466444a5233722aa3a2197","name":"Erica Toffoletto","image":{"@type":"ImageObject","inLanguage":"it-IT","@id":"https:\/\/secure.gravatar.com\/avatar\/da1d7bc05ba1780f895f17c4c8bdd3fafb0b6e9908ef655c70a3578a94b36dab?s=96&d=mm&r=g","url":"https:\/\/secure.gravatar.com\/avatar\/da1d7bc05ba1780f895f17c4c8bdd3fafb0b6e9908ef655c70a3578a94b36dab?s=96&d=mm&r=g","contentUrl":"https:\/\/secure.gravatar.com\/avatar\/da1d7bc05ba1780f895f17c4c8bdd3fafb0b6e9908ef655c70a3578a94b36dab?s=96&d=mm&r=g","caption":"Erica Toffoletto"},"url":"https:\/\/www.guastalla.com\/it\/author\/erica\/"}]}},"_links":{"self":[{"href":"https:\/\/www.guastalla.com\/it\/wp-json\/wp\/v2\/posts\/8285","targetHints":{"allow":["GET"]}}],"collection":[{"href":"https:\/\/www.guastalla.com\/it\/wp-json\/wp\/v2\/posts"}],"about":[{"href":"https:\/\/www.guastalla.com\/it\/wp-json\/wp\/v2\/types\/post"}],"author":[{"embeddable":true,"href":"https:\/\/www.guastalla.com\/it\/wp-json\/wp\/v2\/users\/11"}],"replies":[{"embeddable":true,"href":"https:\/\/www.guastalla.com\/it\/wp-json\/wp\/v2\/comments?post=8285"}],"version-history":[{"count":5,"href":"https:\/\/www.guastalla.com\/it\/wp-json\/wp\/v2\/posts\/8285\/revisions"}],"predecessor-version":[{"id":14093,"href":"https:\/\/www.guastalla.com\/it\/wp-json\/wp\/v2\/posts\/8285\/revisions\/14093"}],"wp:featuredmedia":[{"embeddable":true,"href":"https:\/\/www.guastalla.com\/it\/wp-json\/wp\/v2\/media\/1452"}],"wp:attachment":[{"href":"https:\/\/www.guastalla.com\/it\/wp-json\/wp\/v2\/media?parent=8285"}],"wp:term":[{"taxonomy":"category","embeddable":true,"href":"https:\/\/www.guastalla.com\/it\/wp-json\/wp\/v2\/categories?post=8285"},{"taxonomy":"post_tag","embeddable":true,"href":"https:\/\/www.guastalla.com\/it\/wp-json\/wp\/v2\/tags?post=8285"}],"curies":[{"name":"wp","href":"https:\/\/api.w.org\/{rel}","templated":true}]}}