{"id":8282,"date":"2021-05-18T15:46:58","date_gmt":"2021-05-18T13:46:58","guid":{"rendered":"https:\/\/www.guastalla.com\/non-categorizzato\/wildt-adolfo\/"},"modified":"2025-02-24T13:07:48","modified_gmt":"2025-02-24T12:07:48","slug":"wildt-adolfo","status":"publish","type":"post","link":"https:\/\/www.guastalla.com\/it\/artisti\/wildt-adolfo\/","title":{"rendered":"Wildt Adolfo"},"content":{"rendered":"<p>MILANO 1868 &#8211; MILANO 1931<\/p>\n<p><b>Adolfo Wildt: La formazione<\/b><br \/>\n<b>Adolfo Wildt<\/b> nasce il 1 marzo del 1868 a Milano Entra molto giovane nella bottega dello scultore <b>Giuseppe Grandi<\/b> dove impara a lavorare il marmo A 18 anni \u00e8 gi\u00e0 famoso per la sua abilit\u00e0 nella finitura del marmo e a partire dal 1888 lavora nella bottega di <b>Federico Villa<\/b>, dove entra in contatto con alcuni dei pi\u00f9 famosi scultori lombardi dell\u2019epoca Nel frattempo <b>Wildt <\/b>prosegue gli studi alla Scuola Superiore d\u2019Arte Applicata di Brera, e pi\u00f9 tardi all\u2019Accademia di Belle Arti di Brera<\/p>\n<p><b>Adolfo Wildt: Le prime esposizioni <\/b><br \/>\nNel 1893 la sua prima opera, un ritratto della moglie, viene esposta alla Societ\u00e0 per le Belle Arti di Milano e subito acquisita dalla Galleria d\u2019Arte Moderna di Roma Dal 1894 lavora per il collezionista prussiano <b>Franz Rose<\/b>, con cui firma un contratto della durata di 18 anni<span id='dots'>&#8230;<\/span><\/p>\n<div id='more' name='more' style='display:none;'> In circostanze cos\u00ec protette l\u2019artista si immerge nel suo lavoro ed espone periodicamente a Milano, Monaco, Zurigo, Berlino e Dresda Nella sua ammirazione per le opere di <b>Adolf von Hildebrand <\/b>e <b>Auguste Rodin, Wildt<\/b> fa esperimenti con il marmo per produrre effetti di trasparenza opalescente<br \/>\n<b><br \/>\nAdolfo Wildt: Gli sviluppi artisitici<\/b><br \/>\nCon la morte del mecenate <b>Rose<\/b>, nel 1912 <b>Wildt <\/b>\u00e8 obbligato a misurarsi per la prima volta con il mercato dell\u2019arte La sua arte scultorea prende avvio dal sottofondo romantico del tardo Ottocento, per poi venire influenzata dalla <i>Secessione<\/i> e dall&#8217;<i>Art Nouveau<\/i>, caratterizzata da complessi simbolismi e da una definizione quasi gotica delle sue forme L&#8217;estrema levigatezza delle superfici marmoree conferisce ai suoi busti una purezza assoluta ed un&#8217;integrit\u00e0 plastica che ha sempre cercato di conciliare con il sentimento drammatico di un&#8217;intensit\u00e0 quasi parossistica Nel 1913 viene insignito del premio Principe Umberto per un progetto di grandi dimensioni per la fontana <i>La trilogia <\/i>esposta alla Secessione di Monaco L\u2019opera viene poi acquistata dal Comune di Milano ed esposta permanentemente nel cortile dell\u2019Umanitaria<\/p>\n<p><b>Adolfo Wildt: I grandi riconoscimenti<\/b><br \/>\nWildt inizia ad esporre con regolarit\u00e0 a partire dal 1914, tenendo tra l\u2019altro una personale alla Galleria Pesaro nel 1919 e partecipando alla Biennale di Venezia del 1921,1924 e 1926 Nel 1921 lo scultore apre la <i>Scuola del Marmo<\/i>, che entra successivamente a fare parte dell\u2019Accademia di Brera e nel 1927 si sviluppa in un programma triennale all\u2019Accademia (Scuola per la lavorazione del marmo)<b> Wildt<\/b> muore a Milano nel 1931<\/div>\n<p><button onclick=espandi_bio_artisti('it_IT') id='myBtn'>+ Leggi di pi\u00f9<\/button><\/p>\n","protected":false},"excerpt":{"rendered":"<p>MILANO 1868 &#8211; MILANO 1931 Adolfo Wildt: La formazione Adolfo Wildt nasce il 1 marzo del 1868 a Milano Entra molto giovane nella bottega dello scultore Giuseppe Grandi dove impara a lavorare il marmo A 18 anni \u00e8 gi\u00e0 famoso per la sua abilit\u00e0 nella finitura del marmo e a partire dal 1888 lavora nella [&hellip;]<\/p>\n","protected":false},"author":11,"featured_media":1452,"comment_status":"closed","ping_status":"closed","sticky":false,"template":"","format":"standard","meta":{"_acf_changed":false,"_et_pb_use_builder":"off","_et_pb_old_content":"","_et_gb_content_width":"","footnotes":""},"categories":[11],"tags":[478,91,92,169],"class_list":["post-8282","post","type-post","status-publish","format-standard","has-post-thumbnail","hentry","category-artisti","tag-wildt-adolfo-disegni-sculture-mostra","tag-arte-fiera-bologna-2018","tag-miart-2017","tag-wildt-adolfo"],"acf":[],"yoast_head":"<!-- This site is optimized with the Yoast SEO plugin v28.4 - https:\/\/yoast.com\/product\/yoast-seo-wordpress\/ -->\n<title>Adolfo Wildt: biografia, opere, mostre - Studio Guastalla<\/title>\n<meta name=\"robots\" content=\"index, follow, max-snippet:-1, max-image-preview:large, max-video-preview:-1\" \/>\n<link rel=\"canonical\" href=\"https:\/\/www.guastalla.com\/it\/artisti\/wildt-adolfo\/\" \/>\n<meta property=\"og:locale\" content=\"it_IT\" \/>\n<meta property=\"og:type\" content=\"article\" \/>\n<meta property=\"og:title\" content=\"Adolfo Wildt: biografia, opere, mostre - Studio Guastalla\" \/>\n<meta property=\"og:description\" content=\"MILANO 1868 &#8211; MILANO 1931 Adolfo Wildt: La formazione Adolfo Wildt nasce il 1 marzo del 1868 a Milano Entra molto giovane nella bottega dello scultore Giuseppe Grandi dove impara a lavorare il marmo A 18 anni \u00e8 gi\u00e0 famoso per la sua abilit\u00e0 nella finitura del marmo e a partire dal 1888 lavora nella [&hellip;]\" \/>\n<meta property=\"og:url\" content=\"https:\/\/www.guastalla.com\/it\/artisti\/wildt-adolfo\/\" \/>\n<meta property=\"og:site_name\" content=\"Studio Guastalla\" \/>\n<meta property=\"article:published_time\" content=\"2021-05-18T13:46:58+00:00\" \/>\n<meta property=\"article:modified_time\" content=\"2025-02-24T12:07:48+00:00\" \/>\n<meta property=\"og:image\" content=\"https:\/\/www.guastalla.com\/wp-content\/uploads\/2021\/04\/WILDT-Mi-dolgon-fanciullo..-AR-scaled.jpg\" \/>\n\t<meta property=\"og:image:width\" content=\"2560\" \/>\n\t<meta property=\"og:image:height\" content=\"2415\" \/>\n\t<meta property=\"og:image:type\" content=\"image\/jpeg\" \/>\n<meta name=\"author\" content=\"Erica Toffoletto\" \/>\n<meta name=\"twitter:card\" content=\"summary_large_image\" \/>\n<meta name=\"twitter:label1\" content=\"Scritto da\" \/>\n\t<meta name=\"twitter:data1\" content=\"Erica Toffoletto\" \/>\n\t<meta name=\"twitter:label2\" content=\"Tempo di lettura stimato\" \/>\n\t<meta name=\"twitter:data2\" content=\"2 minuti\" \/>\n<script type=\"application\/ld+json\" class=\"yoast-schema-graph\">{\"@context\":\"https:\\\/\\\/schema.org\",\"@graph\":[{\"@type\":\"Article\",\"@id\":\"https:\\\/\\\/www.guastalla.com\\\/it\\\/artisti\\\/wildt-adolfo\\\/#article\",\"isPartOf\":{\"@id\":\"https:\\\/\\\/www.guastalla.com\\\/it\\\/artisti\\\/wildt-adolfo\\\/\"},\"author\":{\"name\":\"Erica Toffoletto\",\"@id\":\"https:\\\/\\\/www.guastalla.com\\\/it\\\/#\\\/schema\\\/person\\\/1585d08759466444a5233722aa3a2197\"},\"headline\":\"Wildt Adolfo\",\"datePublished\":\"2021-05-18T13:46:58+00:00\",\"dateModified\":\"2025-02-24T12:07:48+00:00\",\"mainEntityOfPage\":{\"@id\":\"https:\\\/\\\/www.guastalla.com\\\/it\\\/artisti\\\/wildt-adolfo\\\/\"},\"wordCount\":390,\"image\":{\"@id\":\"https:\\\/\\\/www.guastalla.com\\\/it\\\/artisti\\\/wildt-adolfo\\\/#primaryimage\"},\"thumbnailUrl\":\"https:\\\/\\\/www.guastalla.com\\\/wp-content\\\/uploads\\\/2021\\\/04\\\/WILDT-Mi-dolgon-fanciullo..-AR-scaled.jpg\",\"keywords\":[\"ADOLFO WILDT. Disegni e sculture\",\"Arte Fiera Bologna 2018\",\"MIART 2017\",\"wildt-adolfo\"],\"articleSection\":[\"Artisti\"],\"inLanguage\":\"it-IT\"},{\"@type\":\"WebPage\",\"@id\":\"https:\\\/\\\/www.guastalla.com\\\/it\\\/artisti\\\/wildt-adolfo\\\/\",\"url\":\"https:\\\/\\\/www.guastalla.com\\\/it\\\/artisti\\\/wildt-adolfo\\\/\",\"name\":\"Adolfo Wildt: biografia, opere, mostre - Studio Guastalla\",\"isPartOf\":{\"@id\":\"https:\\\/\\\/www.guastalla.com\\\/it\\\/#website\"},\"primaryImageOfPage\":{\"@id\":\"https:\\\/\\\/www.guastalla.com\\\/it\\\/artisti\\\/wildt-adolfo\\\/#primaryimage\"},\"image\":{\"@id\":\"https:\\\/\\\/www.guastalla.com\\\/it\\\/artisti\\\/wildt-adolfo\\\/#primaryimage\"},\"thumbnailUrl\":\"https:\\\/\\\/www.guastalla.com\\\/wp-content\\\/uploads\\\/2021\\\/04\\\/WILDT-Mi-dolgon-fanciullo..-AR-scaled.jpg\",\"datePublished\":\"2021-05-18T13:46:58+00:00\",\"dateModified\":\"2025-02-24T12:07:48+00:00\",\"author\":{\"@id\":\"https:\\\/\\\/www.guastalla.com\\\/it\\\/#\\\/schema\\\/person\\\/1585d08759466444a5233722aa3a2197\"},\"breadcrumb\":{\"@id\":\"https:\\\/\\\/www.guastalla.com\\\/it\\\/artisti\\\/wildt-adolfo\\\/#breadcrumb\"},\"inLanguage\":\"it-IT\",\"potentialAction\":[{\"@type\":\"ReadAction\",\"target\":[\"https:\\\/\\\/www.guastalla.com\\\/it\\\/artisti\\\/wildt-adolfo\\\/\"]}]},{\"@type\":\"ImageObject\",\"inLanguage\":\"it-IT\",\"@id\":\"https:\\\/\\\/www.guastalla.com\\\/it\\\/artisti\\\/wildt-adolfo\\\/#primaryimage\",\"url\":\"https:\\\/\\\/www.guastalla.com\\\/wp-content\\\/uploads\\\/2021\\\/04\\\/WILDT-Mi-dolgon-fanciullo..-AR-scaled.jpg\",\"contentUrl\":\"https:\\\/\\\/www.guastalla.com\\\/wp-content\\\/uploads\\\/2021\\\/04\\\/WILDT-Mi-dolgon-fanciullo..-AR-scaled.jpg\",\"width\":2560,\"height\":2415,\"caption\":\"disegno di Adolfo Wildt presso Studio Guastalla\"},{\"@type\":\"BreadcrumbList\",\"@id\":\"https:\\\/\\\/www.guastalla.com\\\/it\\\/artisti\\\/wildt-adolfo\\\/#breadcrumb\",\"itemListElement\":[{\"@type\":\"ListItem\",\"position\":1,\"name\":\"Home\",\"item\":\"https:\\\/\\\/www.guastalla.com\\\/it\\\/\"},{\"@type\":\"ListItem\",\"position\":2,\"name\":\"Wildt Adolfo\"}]},{\"@type\":\"WebSite\",\"@id\":\"https:\\\/\\\/www.guastalla.com\\\/it\\\/#website\",\"url\":\"https:\\\/\\\/www.guastalla.com\\\/it\\\/\",\"name\":\"Studio Guastalla\",\"description\":\"Galleria Arte Moderna e Contemporanea\",\"potentialAction\":[{\"@type\":\"SearchAction\",\"target\":{\"@type\":\"EntryPoint\",\"urlTemplate\":\"https:\\\/\\\/www.guastalla.com\\\/it\\\/?s={search_term_string}\"},\"query-input\":{\"@type\":\"PropertyValueSpecification\",\"valueRequired\":true,\"valueName\":\"search_term_string\"}}],\"inLanguage\":\"it-IT\"},{\"@type\":\"Person\",\"@id\":\"https:\\\/\\\/www.guastalla.com\\\/it\\\/#\\\/schema\\\/person\\\/1585d08759466444a5233722aa3a2197\",\"name\":\"Erica Toffoletto\",\"image\":{\"@type\":\"ImageObject\",\"inLanguage\":\"it-IT\",\"@id\":\"https:\\\/\\\/secure.gravatar.com\\\/avatar\\\/da1d7bc05ba1780f895f17c4c8bdd3fafb0b6e9908ef655c70a3578a94b36dab?s=96&d=mm&r=g\",\"url\":\"https:\\\/\\\/secure.gravatar.com\\\/avatar\\\/da1d7bc05ba1780f895f17c4c8bdd3fafb0b6e9908ef655c70a3578a94b36dab?s=96&d=mm&r=g\",\"contentUrl\":\"https:\\\/\\\/secure.gravatar.com\\\/avatar\\\/da1d7bc05ba1780f895f17c4c8bdd3fafb0b6e9908ef655c70a3578a94b36dab?s=96&d=mm&r=g\",\"caption\":\"Erica Toffoletto\"},\"url\":\"https:\\\/\\\/www.guastalla.com\\\/it\\\/author\\\/erica\\\/\"}]}<\/script>\n<!-- \/ Yoast SEO plugin. -->","yoast_head_json":{"title":"Adolfo Wildt: biografia, opere, mostre - Studio Guastalla","robots":{"index":"index","follow":"follow","max-snippet":"max-snippet:-1","max-image-preview":"max-image-preview:large","max-video-preview":"max-video-preview:-1"},"canonical":"https:\/\/www.guastalla.com\/it\/artisti\/wildt-adolfo\/","og_locale":"it_IT","og_type":"article","og_title":"Adolfo Wildt: biografia, opere, mostre - Studio Guastalla","og_description":"MILANO 1868 &#8211; MILANO 1931 Adolfo Wildt: La formazione Adolfo Wildt nasce il 1 marzo del 1868 a Milano Entra molto giovane nella bottega dello scultore Giuseppe Grandi dove impara a lavorare il marmo A 18 anni \u00e8 gi\u00e0 famoso per la sua abilit\u00e0 nella finitura del marmo e a partire dal 1888 lavora nella [&hellip;]","og_url":"https:\/\/www.guastalla.com\/it\/artisti\/wildt-adolfo\/","og_site_name":"Studio Guastalla","article_published_time":"2021-05-18T13:46:58+00:00","article_modified_time":"2025-02-24T12:07:48+00:00","og_image":[{"width":2560,"height":2415,"url":"https:\/\/www.guastalla.com\/wp-content\/uploads\/2021\/04\/WILDT-Mi-dolgon-fanciullo..-AR-scaled.jpg","type":"image\/jpeg"}],"author":"Erica Toffoletto","twitter_card":"summary_large_image","twitter_misc":{"Scritto da":"Erica Toffoletto","Tempo di lettura stimato":"2 minuti"},"schema":{"@context":"https:\/\/schema.org","@graph":[{"@type":"Article","@id":"https:\/\/www.guastalla.com\/it\/artisti\/wildt-adolfo\/#article","isPartOf":{"@id":"https:\/\/www.guastalla.com\/it\/artisti\/wildt-adolfo\/"},"author":{"name":"Erica Toffoletto","@id":"https:\/\/www.guastalla.com\/it\/#\/schema\/person\/1585d08759466444a5233722aa3a2197"},"headline":"Wildt Adolfo","datePublished":"2021-05-18T13:46:58+00:00","dateModified":"2025-02-24T12:07:48+00:00","mainEntityOfPage":{"@id":"https:\/\/www.guastalla.com\/it\/artisti\/wildt-adolfo\/"},"wordCount":390,"image":{"@id":"https:\/\/www.guastalla.com\/it\/artisti\/wildt-adolfo\/#primaryimage"},"thumbnailUrl":"https:\/\/www.guastalla.com\/wp-content\/uploads\/2021\/04\/WILDT-Mi-dolgon-fanciullo..-AR-scaled.jpg","keywords":["ADOLFO WILDT. Disegni e sculture","Arte Fiera Bologna 2018","MIART 2017","wildt-adolfo"],"articleSection":["Artisti"],"inLanguage":"it-IT"},{"@type":"WebPage","@id":"https:\/\/www.guastalla.com\/it\/artisti\/wildt-adolfo\/","url":"https:\/\/www.guastalla.com\/it\/artisti\/wildt-adolfo\/","name":"Adolfo Wildt: biografia, opere, mostre - Studio Guastalla","isPartOf":{"@id":"https:\/\/www.guastalla.com\/it\/#website"},"primaryImageOfPage":{"@id":"https:\/\/www.guastalla.com\/it\/artisti\/wildt-adolfo\/#primaryimage"},"image":{"@id":"https:\/\/www.guastalla.com\/it\/artisti\/wildt-adolfo\/#primaryimage"},"thumbnailUrl":"https:\/\/www.guastalla.com\/wp-content\/uploads\/2021\/04\/WILDT-Mi-dolgon-fanciullo..-AR-scaled.jpg","datePublished":"2021-05-18T13:46:58+00:00","dateModified":"2025-02-24T12:07:48+00:00","author":{"@id":"https:\/\/www.guastalla.com\/it\/#\/schema\/person\/1585d08759466444a5233722aa3a2197"},"breadcrumb":{"@id":"https:\/\/www.guastalla.com\/it\/artisti\/wildt-adolfo\/#breadcrumb"},"inLanguage":"it-IT","potentialAction":[{"@type":"ReadAction","target":["https:\/\/www.guastalla.com\/it\/artisti\/wildt-adolfo\/"]}]},{"@type":"ImageObject","inLanguage":"it-IT","@id":"https:\/\/www.guastalla.com\/it\/artisti\/wildt-adolfo\/#primaryimage","url":"https:\/\/www.guastalla.com\/wp-content\/uploads\/2021\/04\/WILDT-Mi-dolgon-fanciullo..-AR-scaled.jpg","contentUrl":"https:\/\/www.guastalla.com\/wp-content\/uploads\/2021\/04\/WILDT-Mi-dolgon-fanciullo..-AR-scaled.jpg","width":2560,"height":2415,"caption":"disegno di Adolfo Wildt presso Studio Guastalla"},{"@type":"BreadcrumbList","@id":"https:\/\/www.guastalla.com\/it\/artisti\/wildt-adolfo\/#breadcrumb","itemListElement":[{"@type":"ListItem","position":1,"name":"Home","item":"https:\/\/www.guastalla.com\/it\/"},{"@type":"ListItem","position":2,"name":"Wildt Adolfo"}]},{"@type":"WebSite","@id":"https:\/\/www.guastalla.com\/it\/#website","url":"https:\/\/www.guastalla.com\/it\/","name":"Studio Guastalla","description":"Galleria Arte Moderna e Contemporanea","potentialAction":[{"@type":"SearchAction","target":{"@type":"EntryPoint","urlTemplate":"https:\/\/www.guastalla.com\/it\/?s={search_term_string}"},"query-input":{"@type":"PropertyValueSpecification","valueRequired":true,"valueName":"search_term_string"}}],"inLanguage":"it-IT"},{"@type":"Person","@id":"https:\/\/www.guastalla.com\/it\/#\/schema\/person\/1585d08759466444a5233722aa3a2197","name":"Erica Toffoletto","image":{"@type":"ImageObject","inLanguage":"it-IT","@id":"https:\/\/secure.gravatar.com\/avatar\/da1d7bc05ba1780f895f17c4c8bdd3fafb0b6e9908ef655c70a3578a94b36dab?s=96&d=mm&r=g","url":"https:\/\/secure.gravatar.com\/avatar\/da1d7bc05ba1780f895f17c4c8bdd3fafb0b6e9908ef655c70a3578a94b36dab?s=96&d=mm&r=g","contentUrl":"https:\/\/secure.gravatar.com\/avatar\/da1d7bc05ba1780f895f17c4c8bdd3fafb0b6e9908ef655c70a3578a94b36dab?s=96&d=mm&r=g","caption":"Erica Toffoletto"},"url":"https:\/\/www.guastalla.com\/it\/author\/erica\/"}]}},"_links":{"self":[{"href":"https:\/\/www.guastalla.com\/it\/wp-json\/wp\/v2\/posts\/8282","targetHints":{"allow":["GET"]}}],"collection":[{"href":"https:\/\/www.guastalla.com\/it\/wp-json\/wp\/v2\/posts"}],"about":[{"href":"https:\/\/www.guastalla.com\/it\/wp-json\/wp\/v2\/types\/post"}],"author":[{"embeddable":true,"href":"https:\/\/www.guastalla.com\/it\/wp-json\/wp\/v2\/users\/11"}],"replies":[{"embeddable":true,"href":"https:\/\/www.guastalla.com\/it\/wp-json\/wp\/v2\/comments?post=8282"}],"version-history":[{"count":9,"href":"https:\/\/www.guastalla.com\/it\/wp-json\/wp\/v2\/posts\/8282\/revisions"}],"predecessor-version":[{"id":17437,"href":"https:\/\/www.guastalla.com\/it\/wp-json\/wp\/v2\/posts\/8282\/revisions\/17437"}],"wp:featuredmedia":[{"embeddable":true,"href":"https:\/\/www.guastalla.com\/it\/wp-json\/wp\/v2\/media\/1452"}],"wp:attachment":[{"href":"https:\/\/www.guastalla.com\/it\/wp-json\/wp\/v2\/media?parent=8282"}],"wp:term":[{"taxonomy":"category","embeddable":true,"href":"https:\/\/www.guastalla.com\/it\/wp-json\/wp\/v2\/categories?post=8282"},{"taxonomy":"post_tag","embeddable":true,"href":"https:\/\/www.guastalla.com\/it\/wp-json\/wp\/v2\/tags?post=8282"}],"curies":[{"name":"wp","href":"https:\/\/api.w.org\/{rel}","templated":true}]}}