{"id":8261,"date":"2021-05-18T15:46:56","date_gmt":"2021-05-18T13:46:56","guid":{"rendered":"https:\/\/www.guastalla.com\/non-categorizzato\/schifano-mario\/"},"modified":"2026-05-15T19:05:43","modified_gmt":"2026-05-15T17:05:43","slug":"schifano-mario","status":"publish","type":"post","link":"https:\/\/www.guastalla.com\/it\/artisti\/schifano-mario\/","title":{"rendered":"Schifano Mario"},"content":{"rendered":"<p>HOMS (LIBIA) 1934 &#8211; ROMA 1998<\/p>\n<p>&nbsp;<\/p>\n<p>Nasce il 20 settembre 1934 a Homs, in Libia, dove il padre, archeologo, \u00e8 responsabile degli scavi di Leptis Magna<br \/>\nDopo il trasferimento della famiglia a Roma il giovane <b>Schifano <\/b>dapprima lavora come commesso e in seguito affianca il padre, archeologo restauratore al Museo Etrusco di Villa Giulia Comincia nel frattempo la sua attivit\u00e0 artistica come pittore<br \/>\nI suoi debutti si possono situare all&#8217;interno della cultura informale con tele ad alto spessore materico, solcate da un&#8217;accorta gestualit\u00e0<br \/>\nInaugura la sua prima personale nel 1959 alla Galleria Appia Antica di Roma e, l\u2019 anno successivo, alla Galleria La Salita, Pierre Restany cura la collettiva Cinque pittori romani: Angeli, Festa, Lo Savio, <b>Schifano<\/b>, Uncini<br \/>\nIn questo periodo la pittura di <b>Schifano<\/b> subisce una svolta per certi versi radicale<span id='dots'>&#8230;<\/span><\/p>\n<div id='more' name='more' style='display:none;'> L&#8217;artista dipinge ora quadri monocromi: delle grandi carte incollate su tela e ricoperte di un solo colore uniforme e superficiale, quasi una sorta di schermo nel quale si annullano tutti gli eventi e tutti gli oggetti In seguito questi schermi accoglieranno numeri, lettere, segnali stradali, marchi di Esso e Coca-Cola<br \/>\nFirma un contratto in esclusiva con la gallerista Ileana Sonnabend<br \/>\nNel corso del 1962 Schifano visita gli Stati Uniti dove entra in contatto con il movimento della Pop Art e resta colpito dall&#8217;opera di Jim Dine e Franz Kline<br \/>\nSue opere saranno esposte alla Sidney Janis Gallery di New York nella mostra The New Realist Ritorner\u00e0 negli States sul finire del 1963, dopo aver allestito diverse personali in alcune delle grandi citt\u00e0 europee (Roma, Parigi e Milano) Interrompe il sodalizio con Ileana Sonnabend<br \/>\nL&#8217;artista opera ora per cicli tematici e verso la fine del 1964 accentua quell&#8217;interesse verso la rivisitazione della storia dell&#8217;arte che Io porter\u00e0, l&#8217;anno successivo, alle opere dedicate al Futurismo<br \/>\nSi occupano in questa fase del suo lavoro tanto critici attenti, come Maurizio Calvesi, Maurizio Fagiolo e Alberto Boatto, quanto scrittori illustri, quali Alberto Moravia e Goffredo Parise Allo Studio Marconi presenta nel 1967 il lungometraggio Anna Carini vista in agosto dalle farfalle, cui far\u00e0 seguito la trilogia di film composta da satellite, Umano non umano, Trapianto, consunzione e morte di Franco Brocani<br \/>\nLe sue prime esperienze cinematografiche risalgono comunque al 1964 e risultano in perfetta sintonia con l&#8217;attenzione critica che <b>Schifano<\/b> presta all&#8217;ininterrotto flusso di immagini prodotto dalla nostra civilt\u00e0 tecnologica<br \/>\nCollabora con un gruppo di rock psichedelico, Le stelle di Mario Schifano Uno dei loro concerti d\u2019esordio, il 28 Dicembre 1967 al Piper Club di Roma, diventa il primo liveshow multimediale italiano<br \/>\nFra il 1966 e 1967 realizza le serie Ossigeno ossigeno, Oasi, Compagni compagni Quest&#8217;ultima emblematizza il preciso impegno che condurr\u00e0 Schifano, in questi anni tormentati, a una crisi ideologica e d&#8217;identit\u00e0 tale da portarlo a dichiarare di abbandonare la pittura<br \/>\nAgli inizi degli anni Settanta comincia a riportare delle immagini televisive direttamente su tela emulsionata, isolandole dal ritmo narrativo delle sequenze cui appartengono e riproponendole con tocchi di colore alla nitro in funzione estraniante Dapprima \u00e8 il materiale raccolto negli Stati Uniti durante i sopralluoghi per la progettazione del film, mai realizzato, Laboratorio umano, a essere oggetto di rielaborazione, poi il patrimonio di immagini che quotidianamente trasmettono le nostre stazioni televisive Nell\u2019elaborazione di queste opere utilizza nuovi smalti industriali di grande brillantezza e trasparenza, capaci di asciugare con grande rapidit\u00e0, consentendogli cos\u00ec anche una produzione molto pi\u00f9 estesa<br \/>\nNel 1971 partecipa alla mostra Vitalit\u00e0 del negativo nell&#8217;arte italiana 1960-70, curata da Achille Bonito Oliva; in seguito tiene personali a Roma, a Parma, a Torino e a Napoli ed \u00e8 presente alla X Quadriennale di Roma e a Contemporanea, rassegna allestita nel parcheggio di Villa Borghese, sempre a Roma e ancora a cura di Bonito Oliva<br \/>\nNel 1974 l&#8217;Universit\u00e0 di Parma gli dedica una vasta antologica di circa 100 opere che consentono di leggere per intero la sua avventura pittorica e definirne le linee portanti<br \/>\nUna crisi ideologica ed esistenziale lo costringe a periodi di isolamento nel suo studio dove realizza dei lavori reinterpretando Magritte, de Chirico, Boccioni, C\u00e9zanne, Picabia Rif\u00e0 le proprie opere degli anni Sessanta nel ciclo Sintetico dall\u2019Inventario<br \/>\nNel 1976 Schifano partecipa alla Galleria Nazionale d&#8217;Arte Moderna di Bologna alla mostra Europa \/ America, l&#8217;astrazione determinata 1960-76; due anni dopo \u00e8 invitato nuovamente alla Biennale di Venezia e presenta alla Tartaruga di Roma Il capolavoro sconosciuto, rielaborazione del noto omonimo racconto di Balzac, Diverse sue opere sono in mostra nel 1979 al Palazzo dei Diamanti di Ferrara mentre l&#8217;anno successivo viene invitato da Maurizio Calvesi alla mostra Arte e critica 1980, allestita al Palazzo delle Esposizioni di Roma<br \/>\nNel 1981 Germano Celant seleziona alcune opere di <b>Schifano<\/b> per l&#8217;esposizione Identit\u00e9 italienne organizzata al Centre George Pompidou di Parigi, mentre dello stesso anno sono il gruppo di dipinti raccolti sotto il titolo Cosmesi, cui seguono i cicli Architettura, Biplano, Orto botanico<br \/>\nSempre nel corso degli anni Ottanta le opere dell&#8217;artista vengono esposte in varie edizioni della Biennale di Venezia e Schifano \u00e8 presente alla rassegna Arte italiana nel XX secolo organizzata dalla Royal Academy di Londra<br \/>\nNel 1985, a Firenze, in Piazza Santissima Annunziata, dipinge davanti a seimila persone la Chimera, un\u2019opera monumentale di quattro metri per dieci che inaugura una rassegna sugli Etruschi<br \/>\nSposa Monica De Bei da cui ha il figlio Marco<br \/>\nIn questo periodo tiene inoltre personali al Palais des Beaux-Arts di Bruxelles e al Padiglione d&#8217;arte Contemporanea di Ferrara, dove, sotto il titolo Inventano con anima e senz&#8217;anima, raccoglie una serie di tele che rappresentano la summa della sua ricerca in ambito naturalistico Quest&#8217;ultima mostra diverr\u00e0 poi itinerante, toccando diverse citt\u00e0 italiane, per giungere infine in Francia, al Centre d&#8217;Art Contemporain di Saint Priest (1992)<br \/>\nIl Palazzo delle Esposizioni di Roma, in occasione della sua riapertura (1990), gli allestisce una rassegna, intitolata Divulgare, con un consistente numero di opere di grande formato realizzate per l&#8217;occasione<br \/>\nTre anni dopo presenta in diverse gallerie italiane il ciclo Reperti, dedicato agli animali del mondo preistorico, tema i cui primi esemplari erano gi\u00e0 comparsi nella personale da Maeght<br \/>\nNel 1996<b> Schifano<\/b> rende omaggio alla sua Musa Ausiliaria, ovvero alla televisione, intesa quale flusso continuo di immagini in grado di strutturarsi come vera e unica realt\u00e0 totalizzate della nostra epoca<br \/>\nL&#8217;artista ha nel frattempo attivato un sito Internet, attraverso il quale si relaziona al mondo Se alla fine degli anni Sessanta si limitava a estrapolare dai programmi televisivi dei singoli fotogrammi e a proiettarli decontestualizzati sulla tela, ora, invece, interviene sulle immagini pittoricamente mutandole ulteriormente di senso Allestisce, con una quarantina di tele di questo genere e un migliaio di fotografie ritoccate a mano, una grande mostra che \u00e8 stata ospitata dapprima presso la Fondazione Memorial da America Latina di San Paolo del Brasile (1996), poi presso il Museo di Belle Arti di Buenos Aires (1997); nel corso del 1998 sar\u00e0 presentata alla Fondazione Wifredo Lam dell&#8217;Avana e a Citt\u00e0 del Messico<br \/>\nDurante un suo viaggio in Brasile compie un happening all&#8217;interno di una favela di Rio de Janeiro Nel 1997, in occasione del settimo centenario della edificazione di Santa Croce a Firenze,<b> Schifano<\/b> ottiene il Premio San Giorgio di Donatello per aver realizzato le vetrate policrome collocate nella cripta della Basilica<br \/>\nNello stesso anno cura gli allestimenti scenografici del carnevale di Roma<br \/>\nMuore a Roma il 26 gennaio 1998<\/div>\n<p><button onclick=espandi_bio_artisti('it_IT') id='myBtn'>+ Leggi di pi\u00f9<\/button><\/p>\n","protected":false},"excerpt":{"rendered":"<p>HOMS (LIBIA) 1934 &#8211; ROMA 1998 &nbsp; Nasce il 20 settembre 1934 a Homs, in Libia, dove il padre, archeologo, \u00e8 responsabile degli scavi di Leptis Magna Dopo il trasferimento della famiglia a Roma il giovane Schifano dapprima lavora come commesso e in seguito affianca il padre, archeologo restauratore al Museo Etrusco di Villa Giulia [&hellip;]<\/p>\n","protected":false},"author":11,"featured_media":1423,"comment_status":"closed","ping_status":"closed","sticky":false,"template":"","format":"standard","meta":{"_acf_changed":false,"_et_pb_use_builder":"off","_et_pb_old_content":"","_et_gb_content_width":"","footnotes":""},"categories":[11],"tags":[49,509,454,559,589,93,28,48,513,483,561,595,87,587,33,609,402,555,608,600],"class_list":["post-8261","post","type-post","status-publish","format-standard","has-post-thumbnail","hentry","category-artisti","tag-arte-fiera-bologna-2019","tag-artefiera-2024","tag-baf2021","tag-bologna-2025","tag-bologna-2026","tag-la-lune-en-rodage","tag-mario-schifano-in-onda-tv","tag-miart-2019","tag-miart-2024","tag-miart-2023","tag-miart-2025","tag-miart-2026","tag-mostre-gallery","tag-novdic25-mostra","tag-schifano-mario","tag-selected","tag-selected-works","tag-selected-works-2","tag-selectedworks_maggio26","tag-selectedworks-feb2026"],"acf":[],"yoast_head":"<!-- This site is optimized with the Yoast SEO plugin v28.4 - https:\/\/yoast.com\/product\/yoast-seo-wordpress\/ -->\n<title>Mario Schifano: biografia, opere, mostre - Studio Guastalla<\/title>\n<meta name=\"description\" content=\"Scopri la biografia, le opere e le mostre dell&#039;artista Mario Schifano presso lo Studio Guastalla Arte Moderna e Contemporanea a Milano\" \/>\n<meta name=\"robots\" content=\"index, follow, max-snippet:-1, max-image-preview:large, max-video-preview:-1\" \/>\n<link rel=\"canonical\" href=\"https:\/\/www.guastalla.com\/it\/artisti\/schifano-mario\/\" \/>\n<meta property=\"og:locale\" content=\"it_IT\" \/>\n<meta property=\"og:type\" content=\"article\" \/>\n<meta property=\"og:title\" content=\"Mario Schifano: biografia, opere, mostre - Studio Guastalla\" \/>\n<meta property=\"og:description\" content=\"Scopri la biografia, le opere e le mostre dell&#039;artista Mario Schifano presso lo Studio Guastalla Arte Moderna e Contemporanea a Milano\" \/>\n<meta property=\"og:url\" content=\"https:\/\/www.guastalla.com\/it\/artisti\/schifano-mario\/\" \/>\n<meta property=\"og:site_name\" content=\"Studio Guastalla\" \/>\n<meta property=\"article:published_time\" content=\"2021-05-18T13:46:56+00:00\" \/>\n<meta property=\"article:modified_time\" content=\"2026-05-15T17:05:43+00:00\" \/>\n<meta property=\"og:image\" content=\"https:\/\/www.guastalla.com\/wp-content\/uploads\/2021\/04\/Schifano-Inventario-1-Smalto-su-tela-emulsionata-cm-80x120-1973-74-AR-1-scaled.jpg\" \/>\n\t<meta property=\"og:image:width\" content=\"2560\" \/>\n\t<meta property=\"og:image:height\" content=\"1698\" \/>\n\t<meta property=\"og:image:type\" content=\"image\/jpeg\" \/>\n<meta name=\"author\" content=\"Erica Toffoletto\" \/>\n<meta name=\"twitter:card\" content=\"summary_large_image\" \/>\n<meta name=\"twitter:label1\" content=\"Scritto da\" \/>\n\t<meta name=\"twitter:data1\" content=\"Erica Toffoletto\" \/>\n\t<meta name=\"twitter:label2\" content=\"Tempo di lettura stimato\" \/>\n\t<meta name=\"twitter:data2\" content=\"6 minuti\" \/>\n<script type=\"application\/ld+json\" class=\"yoast-schema-graph\">{\"@context\":\"https:\\\/\\\/schema.org\",\"@graph\":[{\"@type\":\"Article\",\"@id\":\"https:\\\/\\\/www.guastalla.com\\\/it\\\/artisti\\\/schifano-mario\\\/#article\",\"isPartOf\":{\"@id\":\"https:\\\/\\\/www.guastalla.com\\\/it\\\/artisti\\\/schifano-mario\\\/\"},\"author\":{\"name\":\"Erica Toffoletto\",\"@id\":\"https:\\\/\\\/www.guastalla.com\\\/it\\\/#\\\/schema\\\/person\\\/1585d08759466444a5233722aa3a2197\"},\"headline\":\"Schifano Mario\",\"datePublished\":\"2021-05-18T13:46:56+00:00\",\"dateModified\":\"2026-05-15T17:05:43+00:00\",\"mainEntityOfPage\":{\"@id\":\"https:\\\/\\\/www.guastalla.com\\\/it\\\/artisti\\\/schifano-mario\\\/\"},\"wordCount\":1206,\"image\":{\"@id\":\"https:\\\/\\\/www.guastalla.com\\\/it\\\/artisti\\\/schifano-mario\\\/#primaryimage\"},\"thumbnailUrl\":\"https:\\\/\\\/www.guastalla.com\\\/wp-content\\\/uploads\\\/2021\\\/04\\\/Schifano-Inventario-1-Smalto-su-tela-emulsionata-cm-80x120-1973-74-AR-1-scaled.jpg\",\"keywords\":[\"Arte Fiera Bologna 2019\",\"artefiera 2024\",\"baf2021\",\"Bologna-2025\",\"bologna-2026\",\"LA LUNE EN RODAGE\",\"Mario-Schifano-IN-ONDA-TV\",\"Miart 2019\",\"miart 2024\",\"miart-2023\",\"miart-2025\",\"miart-2026\",\"mostre-gallery\",\"novdic25-mostra\",\"schifano-mario\",\"selected\",\"selected-works\",\"selected-works-2\",\"selectedworks_maggio26\",\"selectedworks-feb2026\"],\"articleSection\":[\"Artisti\"],\"inLanguage\":\"it-IT\"},{\"@type\":\"WebPage\",\"@id\":\"https:\\\/\\\/www.guastalla.com\\\/it\\\/artisti\\\/schifano-mario\\\/\",\"url\":\"https:\\\/\\\/www.guastalla.com\\\/it\\\/artisti\\\/schifano-mario\\\/\",\"name\":\"Mario Schifano: biografia, opere, mostre - Studio Guastalla\",\"isPartOf\":{\"@id\":\"https:\\\/\\\/www.guastalla.com\\\/it\\\/#website\"},\"primaryImageOfPage\":{\"@id\":\"https:\\\/\\\/www.guastalla.com\\\/it\\\/artisti\\\/schifano-mario\\\/#primaryimage\"},\"image\":{\"@id\":\"https:\\\/\\\/www.guastalla.com\\\/it\\\/artisti\\\/schifano-mario\\\/#primaryimage\"},\"thumbnailUrl\":\"https:\\\/\\\/www.guastalla.com\\\/wp-content\\\/uploads\\\/2021\\\/04\\\/Schifano-Inventario-1-Smalto-su-tela-emulsionata-cm-80x120-1973-74-AR-1-scaled.jpg\",\"datePublished\":\"2021-05-18T13:46:56+00:00\",\"dateModified\":\"2026-05-15T17:05:43+00:00\",\"author\":{\"@id\":\"https:\\\/\\\/www.guastalla.com\\\/it\\\/#\\\/schema\\\/person\\\/1585d08759466444a5233722aa3a2197\"},\"description\":\"Scopri la biografia, le opere e le mostre dell'artista Mario Schifano presso lo Studio Guastalla Arte Moderna e Contemporanea a Milano\",\"breadcrumb\":{\"@id\":\"https:\\\/\\\/www.guastalla.com\\\/it\\\/artisti\\\/schifano-mario\\\/#breadcrumb\"},\"inLanguage\":\"it-IT\",\"potentialAction\":[{\"@type\":\"ReadAction\",\"target\":[\"https:\\\/\\\/www.guastalla.com\\\/it\\\/artisti\\\/schifano-mario\\\/\"]}]},{\"@type\":\"ImageObject\",\"inLanguage\":\"it-IT\",\"@id\":\"https:\\\/\\\/www.guastalla.com\\\/it\\\/artisti\\\/schifano-mario\\\/#primaryimage\",\"url\":\"https:\\\/\\\/www.guastalla.com\\\/wp-content\\\/uploads\\\/2021\\\/04\\\/Schifano-Inventario-1-Smalto-su-tela-emulsionata-cm-80x120-1973-74-AR-1-scaled.jpg\",\"contentUrl\":\"https:\\\/\\\/www.guastalla.com\\\/wp-content\\\/uploads\\\/2021\\\/04\\\/Schifano-Inventario-1-Smalto-su-tela-emulsionata-cm-80x120-1973-74-AR-1-scaled.jpg\",\"width\":2560,\"height\":1698,\"caption\":\"Mario Schifano Inventario\"},{\"@type\":\"BreadcrumbList\",\"@id\":\"https:\\\/\\\/www.guastalla.com\\\/it\\\/artisti\\\/schifano-mario\\\/#breadcrumb\",\"itemListElement\":[{\"@type\":\"ListItem\",\"position\":1,\"name\":\"Home\",\"item\":\"https:\\\/\\\/www.guastalla.com\\\/it\\\/\"},{\"@type\":\"ListItem\",\"position\":2,\"name\":\"Schifano Mario\"}]},{\"@type\":\"WebSite\",\"@id\":\"https:\\\/\\\/www.guastalla.com\\\/it\\\/#website\",\"url\":\"https:\\\/\\\/www.guastalla.com\\\/it\\\/\",\"name\":\"Studio Guastalla\",\"description\":\"Galleria Arte Moderna e Contemporanea\",\"potentialAction\":[{\"@type\":\"SearchAction\",\"target\":{\"@type\":\"EntryPoint\",\"urlTemplate\":\"https:\\\/\\\/www.guastalla.com\\\/it\\\/?s={search_term_string}\"},\"query-input\":{\"@type\":\"PropertyValueSpecification\",\"valueRequired\":true,\"valueName\":\"search_term_string\"}}],\"inLanguage\":\"it-IT\"},{\"@type\":\"Person\",\"@id\":\"https:\\\/\\\/www.guastalla.com\\\/it\\\/#\\\/schema\\\/person\\\/1585d08759466444a5233722aa3a2197\",\"name\":\"Erica Toffoletto\",\"image\":{\"@type\":\"ImageObject\",\"inLanguage\":\"it-IT\",\"@id\":\"https:\\\/\\\/secure.gravatar.com\\\/avatar\\\/da1d7bc05ba1780f895f17c4c8bdd3fafb0b6e9908ef655c70a3578a94b36dab?s=96&d=mm&r=g\",\"url\":\"https:\\\/\\\/secure.gravatar.com\\\/avatar\\\/da1d7bc05ba1780f895f17c4c8bdd3fafb0b6e9908ef655c70a3578a94b36dab?s=96&d=mm&r=g\",\"contentUrl\":\"https:\\\/\\\/secure.gravatar.com\\\/avatar\\\/da1d7bc05ba1780f895f17c4c8bdd3fafb0b6e9908ef655c70a3578a94b36dab?s=96&d=mm&r=g\",\"caption\":\"Erica Toffoletto\"},\"url\":\"https:\\\/\\\/www.guastalla.com\\\/it\\\/author\\\/erica\\\/\"}]}<\/script>\n<!-- \/ Yoast SEO plugin. -->","yoast_head_json":{"title":"Mario Schifano: biografia, opere, mostre - Studio Guastalla","description":"Scopri la biografia, le opere e le mostre dell'artista Mario Schifano presso lo Studio Guastalla Arte Moderna e Contemporanea a Milano","robots":{"index":"index","follow":"follow","max-snippet":"max-snippet:-1","max-image-preview":"max-image-preview:large","max-video-preview":"max-video-preview:-1"},"canonical":"https:\/\/www.guastalla.com\/it\/artisti\/schifano-mario\/","og_locale":"it_IT","og_type":"article","og_title":"Mario Schifano: biografia, opere, mostre - Studio Guastalla","og_description":"Scopri la biografia, le opere e le mostre dell'artista Mario Schifano presso lo Studio Guastalla Arte Moderna e Contemporanea a Milano","og_url":"https:\/\/www.guastalla.com\/it\/artisti\/schifano-mario\/","og_site_name":"Studio Guastalla","article_published_time":"2021-05-18T13:46:56+00:00","article_modified_time":"2026-05-15T17:05:43+00:00","og_image":[{"width":2560,"height":1698,"url":"https:\/\/www.guastalla.com\/wp-content\/uploads\/2021\/04\/Schifano-Inventario-1-Smalto-su-tela-emulsionata-cm-80x120-1973-74-AR-1-scaled.jpg","type":"image\/jpeg"}],"author":"Erica Toffoletto","twitter_card":"summary_large_image","twitter_misc":{"Scritto da":"Erica Toffoletto","Tempo di lettura stimato":"6 minuti"},"schema":{"@context":"https:\/\/schema.org","@graph":[{"@type":"Article","@id":"https:\/\/www.guastalla.com\/it\/artisti\/schifano-mario\/#article","isPartOf":{"@id":"https:\/\/www.guastalla.com\/it\/artisti\/schifano-mario\/"},"author":{"name":"Erica Toffoletto","@id":"https:\/\/www.guastalla.com\/it\/#\/schema\/person\/1585d08759466444a5233722aa3a2197"},"headline":"Schifano Mario","datePublished":"2021-05-18T13:46:56+00:00","dateModified":"2026-05-15T17:05:43+00:00","mainEntityOfPage":{"@id":"https:\/\/www.guastalla.com\/it\/artisti\/schifano-mario\/"},"wordCount":1206,"image":{"@id":"https:\/\/www.guastalla.com\/it\/artisti\/schifano-mario\/#primaryimage"},"thumbnailUrl":"https:\/\/www.guastalla.com\/wp-content\/uploads\/2021\/04\/Schifano-Inventario-1-Smalto-su-tela-emulsionata-cm-80x120-1973-74-AR-1-scaled.jpg","keywords":["Arte Fiera Bologna 2019","artefiera 2024","baf2021","Bologna-2025","bologna-2026","LA LUNE EN RODAGE","Mario-Schifano-IN-ONDA-TV","Miart 2019","miart 2024","miart-2023","miart-2025","miart-2026","mostre-gallery","novdic25-mostra","schifano-mario","selected","selected-works","selected-works-2","selectedworks_maggio26","selectedworks-feb2026"],"articleSection":["Artisti"],"inLanguage":"it-IT"},{"@type":"WebPage","@id":"https:\/\/www.guastalla.com\/it\/artisti\/schifano-mario\/","url":"https:\/\/www.guastalla.com\/it\/artisti\/schifano-mario\/","name":"Mario Schifano: biografia, opere, mostre - Studio Guastalla","isPartOf":{"@id":"https:\/\/www.guastalla.com\/it\/#website"},"primaryImageOfPage":{"@id":"https:\/\/www.guastalla.com\/it\/artisti\/schifano-mario\/#primaryimage"},"image":{"@id":"https:\/\/www.guastalla.com\/it\/artisti\/schifano-mario\/#primaryimage"},"thumbnailUrl":"https:\/\/www.guastalla.com\/wp-content\/uploads\/2021\/04\/Schifano-Inventario-1-Smalto-su-tela-emulsionata-cm-80x120-1973-74-AR-1-scaled.jpg","datePublished":"2021-05-18T13:46:56+00:00","dateModified":"2026-05-15T17:05:43+00:00","author":{"@id":"https:\/\/www.guastalla.com\/it\/#\/schema\/person\/1585d08759466444a5233722aa3a2197"},"description":"Scopri la biografia, le opere e le mostre dell'artista Mario Schifano presso lo Studio Guastalla Arte Moderna e Contemporanea a Milano","breadcrumb":{"@id":"https:\/\/www.guastalla.com\/it\/artisti\/schifano-mario\/#breadcrumb"},"inLanguage":"it-IT","potentialAction":[{"@type":"ReadAction","target":["https:\/\/www.guastalla.com\/it\/artisti\/schifano-mario\/"]}]},{"@type":"ImageObject","inLanguage":"it-IT","@id":"https:\/\/www.guastalla.com\/it\/artisti\/schifano-mario\/#primaryimage","url":"https:\/\/www.guastalla.com\/wp-content\/uploads\/2021\/04\/Schifano-Inventario-1-Smalto-su-tela-emulsionata-cm-80x120-1973-74-AR-1-scaled.jpg","contentUrl":"https:\/\/www.guastalla.com\/wp-content\/uploads\/2021\/04\/Schifano-Inventario-1-Smalto-su-tela-emulsionata-cm-80x120-1973-74-AR-1-scaled.jpg","width":2560,"height":1698,"caption":"Mario Schifano Inventario"},{"@type":"BreadcrumbList","@id":"https:\/\/www.guastalla.com\/it\/artisti\/schifano-mario\/#breadcrumb","itemListElement":[{"@type":"ListItem","position":1,"name":"Home","item":"https:\/\/www.guastalla.com\/it\/"},{"@type":"ListItem","position":2,"name":"Schifano Mario"}]},{"@type":"WebSite","@id":"https:\/\/www.guastalla.com\/it\/#website","url":"https:\/\/www.guastalla.com\/it\/","name":"Studio Guastalla","description":"Galleria Arte Moderna e Contemporanea","potentialAction":[{"@type":"SearchAction","target":{"@type":"EntryPoint","urlTemplate":"https:\/\/www.guastalla.com\/it\/?s={search_term_string}"},"query-input":{"@type":"PropertyValueSpecification","valueRequired":true,"valueName":"search_term_string"}}],"inLanguage":"it-IT"},{"@type":"Person","@id":"https:\/\/www.guastalla.com\/it\/#\/schema\/person\/1585d08759466444a5233722aa3a2197","name":"Erica Toffoletto","image":{"@type":"ImageObject","inLanguage":"it-IT","@id":"https:\/\/secure.gravatar.com\/avatar\/da1d7bc05ba1780f895f17c4c8bdd3fafb0b6e9908ef655c70a3578a94b36dab?s=96&d=mm&r=g","url":"https:\/\/secure.gravatar.com\/avatar\/da1d7bc05ba1780f895f17c4c8bdd3fafb0b6e9908ef655c70a3578a94b36dab?s=96&d=mm&r=g","contentUrl":"https:\/\/secure.gravatar.com\/avatar\/da1d7bc05ba1780f895f17c4c8bdd3fafb0b6e9908ef655c70a3578a94b36dab?s=96&d=mm&r=g","caption":"Erica Toffoletto"},"url":"https:\/\/www.guastalla.com\/it\/author\/erica\/"}]}},"_links":{"self":[{"href":"https:\/\/www.guastalla.com\/it\/wp-json\/wp\/v2\/posts\/8261","targetHints":{"allow":["GET"]}}],"collection":[{"href":"https:\/\/www.guastalla.com\/it\/wp-json\/wp\/v2\/posts"}],"about":[{"href":"https:\/\/www.guastalla.com\/it\/wp-json\/wp\/v2\/types\/post"}],"author":[{"embeddable":true,"href":"https:\/\/www.guastalla.com\/it\/wp-json\/wp\/v2\/users\/11"}],"replies":[{"embeddable":true,"href":"https:\/\/www.guastalla.com\/it\/wp-json\/wp\/v2\/comments?post=8261"}],"version-history":[{"count":48,"href":"https:\/\/www.guastalla.com\/it\/wp-json\/wp\/v2\/posts\/8261\/revisions"}],"predecessor-version":[{"id":20344,"href":"https:\/\/www.guastalla.com\/it\/wp-json\/wp\/v2\/posts\/8261\/revisions\/20344"}],"wp:featuredmedia":[{"embeddable":true,"href":"https:\/\/www.guastalla.com\/it\/wp-json\/wp\/v2\/media\/1423"}],"wp:attachment":[{"href":"https:\/\/www.guastalla.com\/it\/wp-json\/wp\/v2\/media?parent=8261"}],"wp:term":[{"taxonomy":"category","embeddable":true,"href":"https:\/\/www.guastalla.com\/it\/wp-json\/wp\/v2\/categories?post=8261"},{"taxonomy":"post_tag","embeddable":true,"href":"https:\/\/www.guastalla.com\/it\/wp-json\/wp\/v2\/tags?post=8261"}],"curies":[{"name":"wp","href":"https:\/\/api.w.org\/{rel}","templated":true}]}}