{"id":8247,"date":"2021-05-18T15:46:56","date_gmt":"2021-05-18T13:46:56","guid":{"rendered":"https:\/\/www.guastalla.com\/non-categorizzato\/rapetti-mogol-alfredo\/"},"modified":"2023-11-27T10:54:32","modified_gmt":"2023-11-27T09:54:32","slug":"rapetti-mogol-alfredo","status":"publish","type":"post","link":"https:\/\/www.guastalla.com\/it\/artisti\/rapetti-mogol-alfredo\/","title":{"rendered":"Rapetti Mogol Alfredo"},"content":{"rendered":"<p>[et_pb_section fb_built=&#8221;1&#8243; admin_label=&#8221;section&#8221; _builder_version=&#8221;416&#8243; global_colors_info=&#8221;{}&#8221;][et_pb_row admin_label=&#8221;row&#8221; _builder_version=&#8221;416&#8243; background_size=&#8221;initial&#8221; background_position=&#8221;top_left&#8221; background_repeat=&#8221;repeat&#8221; global_colors_info=&#8221;{}&#8221;][et_pb_column type=&#8221;4_4&#8243; _builder_version=&#8221;416&#8243; custom_padding=&#8221;|||&#8221; global_colors_info=&#8221;{}&#8221; custom_padding__hover=&#8221;|||&#8221;][et_pb_text admin_label=&#8221;Text&#8221; _builder_version=&#8221;416&#8243; background_size=&#8221;initial&#8221; background_position=&#8221;top_left&#8221; background_repeat=&#8221;repeat&#8221; global_colors_info=&#8221;{}&#8221;]MILANO 1961<\/p>\n<p>Nato a Milano nel 1961, la formazione artistica di <b>Alfredo Rapetti Mogol<\/b> risente del clima famigliare, dove da generazioni si respirano musica, letteratura, poesia Giovanissimo, <b>Rapetti Mogol <\/b>\u00e8 introdotto dal nonno materno, Alfredo De Pedrini, Presidente dell&#8217;Associazione Arti Grafiche, nell\u2019ambiente artistico milanese, arrivando a maturare la passione per la pittura, alla quale si uniscono la formazione presso la scuola del Fumetto a Milano, le collaborazioni in ambito editoriale, mentre l&#8217;esercizio pittorico viene sperimentato in diverse direzioni, destinate a confluire, nel 1996, nello studio degli artisti <b>Alessandro Algardi<\/b> e <b>Mario Arlati <\/b>che invitano<b> Rapetti <\/b>a condividere con loro la ricerca pittorica<span id='dots'>&#8230;<\/span><\/p>\n<div id='more' name='more' style='display:none;'> Nell&#8217;atelier di Via Nota <b>Rapetti <\/b>lavora quattro intensi anni, arrivando a maturare l\u2019esigenza di coniugare le sue due pi\u00f9 grandi passioni: la scrittura e la pittura, intendendole quali visualizzazioni del processo mentale e psicologico Grazie ad una tecnica particolare, detta impuntura, l&#8217;azione del dipingere si fonde cos\u00ec con l&#8217;atto dello scrivere, e le parole iniziano ad essere segnate non solamente su fogli ma anche nelle tele<br \/>\nSegni, tracce, graffiti di un\u2019umanit\u00e0 creativa e consapevole, le opere di<b> Rapetti Mogol <\/b>proseguono quell&#8217;ideale tragitto di una scrittura pittorica che tanto pi\u00f9 \u00e8 universale, quanto pi\u00f9 sa frantumarsi e confrontarsi con i secoli della storia dell&#8217;arte, dalle avanguardie storiche al concettuale, passando per le esperienze spazialiste di<b> Lucio Fontana<\/b> e le grafie astratte degli anni Cinquanta<br \/>\nTrovata la forma espressiva congeniale alla sua poetica, fra la fine degli anni Novanta ed oggi \u00e8 davvero notevole l&#8217;attivit\u00e0 espositiva, sia personale che collettiva, conseguita dall&#8217;artista, instancabile come la sua opera sempre in viaggio fra l&#8217;Italia e il resto del mondo: universale, appunto Se tra le sedi delle mostre collettive sono allora da ricordare il Museo della Permanente di Milano, nel 2002, il Salon d&#8217;Automne Paris, Espace Charenton, nel mese di novembre 2004, nel solo 2006 sono da annoverare il Mosca Mar\u2019s contemporary art museum, Palazzo Strozzi a Firenze, il Riga Foreign Art Museum ed il Grand Palais di Parigi per la mostra <i>Comparaisons<\/i>; tra le personali sono da citare la Galleria C\u00e0 d\u2019Oro a Roma, nel 2003, la Fondazione KPMG di Berlino, nello stesso anno, la Galleria Maretti Arte Monaco a Montecarlo e Villa Olmo a Como, nel 2004, L\u2019Albergo delle Povere di Palermo, nel 2005, e l&#8217;anno successivo la Certosa di San Lorenzo a Padula, Salerno Nel 2009 espone 80 opere al Palazzo della Ragione di Mantova Nel 2010 con la Fondazione De Chirico espone in tre prestigiosi Musei e Universit\u00e0 Statunitensi, come la NY University e il Museo di scultura di Santa Monica LA e tiene una personale alla Fondazione Mudima a Milano<br \/>\nDocente presso il Centro Europeo di Toscolano e nelle Universit\u00e0 dell\u2019immagine di Milano e New York, <b>Rapetti <\/b>\u00e8 stato invitato a numerose conferenze e workshop: ricordiamo la sua relazione tenuta alla Fondazione Arnaldo Pomodoro, Milano, e l&#8217;insegnamento in occasione di Master dell\u2019Universit\u00e0 Cattolica di Milano<br \/>\nDal 2004 entra a far parte del gruppo internazionale <i>Signes et Traces<\/i>, fondato da <b>Riccardo Licata<\/b>; fra i premi, ricordiamo l&#8217;Etoile per la pittura della Provincia di Roma<br \/>\nLa sua opera sempre pi\u00f9 coinvolge e suscita interessi e dibattiti, da <b>Duccio Trombadori<\/b> a <b>Gianluca Ranzi<\/b>, da <b>Luciano Caprile<\/b> a <b>Maurizio Vanni<\/b> La critica pi\u00f9 attenta ha saputo leggere in <b>Alfredo Rapetti<\/b> quella tensione costante ad una ricerca tesa fra Oriente e Occidente, fra preghiera e mantra, poesia e prosa Naturale punto di arrivo, o meglio di nuova partenza, \u00e8 nel 2007 l&#8217;invito ad esporre alla 52\u00b0 Biennale di Venezia, nel Padiglione della Repubblica Araba Siriana, in occasione della mostra <i>Sulle vie di Damasco <\/i>curata da <b>Duccio Trombadori,<\/b> e nel 2011 alla 54\u00b0 Biennale di Venezia, <i>Padiglione Italia<\/i> curata da <b>Vittorio Sgarbi<\/b><br \/>\nSempre nel 2011 \u00e8 invitato ad esporre alla 1\u00b0 Edizione della Biennale di Brescia curata da <b>Silvia Landi <\/b>nelle sale del Museo del Piccolo Miglio<\/div>\n<p><button onclick=espandi_bio_artisti('it_IT') id='myBtn'>+ Leggi di pi\u00f9<\/button><\/p>\n","protected":false},"excerpt":{"rendered":"<p>MILANO 1961 Nato a Milano nel 1961, la formazione artistica di Alfredo Rapetti Mogol risente del clima famigliare, dove da generazioni si respirano musica, letteratura, poesia. Giovanissimo, Rapetti Mogol \u00e8 introdotto dal nonno materno, Alfredo De Pedrini, Presidente dell&#8217;Associazione Arti Grafiche, nell\u2019ambiente artistico milanese, arrivando a maturare la passione per la pittura, alla quale si [&hellip;]<\/p>\n","protected":false},"author":11,"featured_media":0,"comment_status":"closed","ping_status":"closed","sticky":false,"template":"","format":"standard","meta":{"_acf_changed":false,"_et_pb_use_builder":"on","_et_pb_old_content":"MILANO 1961\r\n\r\nNato a Milano nel 1961, la formazione artistica di <b>Alfredo Rapetti Mogol<\/b> risente del clima famigliare, dove da generazioni si respirano musica, letteratura, poesia. Giovanissimo, <b>Rapetti Mogol <\/b>\u00e8 introdotto dal nonno materno, Alfredo De Pedrini, Presidente dell'Associazione Arti Grafiche, nell\u2019ambiente artistico milanese, arrivando a maturare la passione per la pittura, alla quale si uniscono la formazione presso la scuola del Fumetto a Milano, le collaborazioni in ambito editoriale, mentre l'esercizio pittorico viene sperimentato in diverse direzioni, destinate a confluire, nel 1996, nello studio degli artisti <b>Alessandro Algardi<\/b> e <b>Mario Arlati <\/b>che invitano<b> Rapetti <\/b>a condividere con loro la ricerca pittorica. Nell'atelier di Via Nota <b>Rapetti <\/b>lavora quattro intensi anni, arrivando a maturare l\u2019esigenza di coniugare le sue due pi\u00f9 grandi passioni: la scrittura e la pittura, intendendole quali visualizzazioni del processo mentale e psicologico. Grazie ad una tecnica particolare, detta impuntura, l'azione del dipingere si fonde cos\u00ec con l'atto dello scrivere, e le parole iniziano ad essere segnate non solamente su fogli ma anche nelle tele.\r\nSegni, tracce, graffiti di un\u2019umanit\u00e0 creativa e consapevole, le opere di<b> Rapetti Mogol <\/b>proseguono quell'ideale tragitto di una scrittura pittorica che tanto pi\u00f9 \u00e8 universale, quanto pi\u00f9 sa frantumarsi e confrontarsi con i secoli della storia dell'arte, dalle avanguardie storiche al concettuale, passando per le esperienze spazialiste di<b> Lucio Fontana<\/b> e le grafie astratte degli anni Cinquanta.\r\nTrovata la forma espressiva congeniale alla sua poetica, fra la fine degli anni Novanta ed oggi \u00e8 davvero notevole l'attivit\u00e0 espositiva, sia personale che collettiva, conseguita dall'artista, instancabile come la sua opera sempre in viaggio fra l'Italia e il resto del mondo: universale, appunto. Se tra le sedi delle mostre collettive sono allora da ricordare il Museo della Permanente di Milano, nel 2002, il Salon d'Automne Paris, Espace Charenton, nel mese di novembre 2004, nel solo 2006 sono da annoverare il Mosca Mar\u2019s contemporary art museum, Palazzo Strozzi a Firenze, il Riga Foreign Art Museum ed il Grand Palais di Parigi per la mostra <i>Comparaisons<\/i>; tra le personali sono da citare la Galleria C\u00e0 d\u2019Oro a Roma, nel 2003, la Fondazione KPMG di Berlino, nello stesso anno, la Galleria Maretti Arte Monaco a Montecarlo e Villa Olmo a Como, nel 2004, L\u2019Albergo delle Povere di Palermo, nel 2005, e l'anno successivo la Certosa di San Lorenzo a Padula, Salerno. Nel 2009 espone 80 opere al Palazzo della Ragione di Mantova. Nel 2010 con la Fondazione De Chirico espone in tre prestigiosi Musei e Universit\u00e0 Statunitensi, come la N.Y. University e il Museo di scultura di Santa Monica L.A. e tiene una personale alla Fondazione Mudima a Milano.\r\nDocente presso il Centro Europeo di Toscolano e nelle Universit\u00e0 dell\u2019immagine di Milano e New York, <b>Rapetti <\/b>\u00e8 stato invitato a numerose conferenze e workshop: ricordiamo la sua relazione tenuta alla Fondazione Arnaldo Pomodoro, Milano, e l'insegnamento in occasione di Master dell\u2019Universit\u00e0 Cattolica di Milano.\r\nDal 2004 entra a far parte del gruppo internazionale <i>Signes et Traces<\/i>, fondato da <b>Riccardo Licata<\/b>; fra i premi, ricordiamo l'Etoile per la pittura della Provincia di Roma.\r\nLa sua opera sempre pi\u00f9 coinvolge e suscita interessi e dibattiti, da <b>Duccio Trombadori<\/b> a <b>Gianluca Ranzi<\/b>, da <b>Luciano Caprile<\/b> a <b>Maurizio Vanni.<\/b> La critica pi\u00f9 attenta ha saputo leggere in <b>Alfredo Rapetti<\/b> quella tensione costante ad una ricerca tesa fra Oriente e Occidente, fra preghiera e mantra, poesia e prosa. Naturale punto di arrivo, o meglio di nuova partenza, \u00e8 nel 2007 l'invito ad esporre alla 52\u00b0 Biennale di Venezia, nel Padiglione della Repubblica Araba Siriana, in occasione della mostra <i>Sulle vie di Damasco <\/i>curata da <b>Duccio Trombadori,<\/b> e nel 2011 alla 54\u00b0 Biennale di Venezia, <i>Padiglione Italia<\/i> curata da <b>Vittorio Sgarbi<\/b>.\r\nSempre nel 2011 \u00e8 invitato ad esporre alla 1\u00b0 Edizione della Biennale di Brescia curata da <b>Silvia Landi <\/b>nelle sale del Museo del Piccolo Miglio.","_et_gb_content_width":"","footnotes":""},"categories":[11],"tags":[192,160],"class_list":["post-8247","post","type-post","status-publish","format-standard","hentry","category-artisti","tag-alfredo-rapetti-mogol-lirica-elementare","tag-rapetti-mogol-alfredo"],"acf":[],"yoast_head":"<!-- This site is optimized with the Yoast SEO plugin v28.4 - https:\/\/yoast.com\/product\/yoast-seo-wordpress\/ -->\n<title>Rapetti Mogol Alfredo - Studio Guastalla<\/title>\n<meta name=\"robots\" content=\"index, follow, max-snippet:-1, max-image-preview:large, max-video-preview:-1\" \/>\n<link rel=\"canonical\" href=\"https:\/\/www.guastalla.com\/it\/artisti\/rapetti-mogol-alfredo\/\" \/>\n<meta property=\"og:locale\" content=\"it_IT\" \/>\n<meta property=\"og:type\" content=\"article\" \/>\n<meta property=\"og:title\" content=\"Rapetti Mogol Alfredo - Studio Guastalla\" \/>\n<meta property=\"og:description\" content=\"MILANO 1961 Nato a Milano nel 1961, la formazione artistica di Alfredo Rapetti Mogol risente del clima famigliare, dove da generazioni si respirano musica, letteratura, poesia. Giovanissimo, Rapetti Mogol \u00e8 introdotto dal nonno materno, Alfredo De Pedrini, Presidente dell&#039;Associazione Arti Grafiche, nell\u2019ambiente artistico milanese, arrivando a maturare la passione per la pittura, alla quale si [&hellip;]\" \/>\n<meta property=\"og:url\" content=\"https:\/\/www.guastalla.com\/it\/artisti\/rapetti-mogol-alfredo\/\" \/>\n<meta property=\"og:site_name\" content=\"Studio Guastalla\" \/>\n<meta property=\"article:published_time\" content=\"2021-05-18T13:46:56+00:00\" \/>\n<meta property=\"article:modified_time\" content=\"2023-11-27T09:54:32+00:00\" \/>\n<meta name=\"author\" content=\"Erica Toffoletto\" \/>\n<meta name=\"twitter:card\" content=\"summary_large_image\" \/>\n<meta name=\"twitter:label1\" content=\"Scritto da\" \/>\n\t<meta name=\"twitter:data1\" content=\"Erica Toffoletto\" \/>\n\t<meta name=\"twitter:label2\" content=\"Tempo di lettura stimato\" \/>\n\t<meta name=\"twitter:data2\" content=\"3 minuti\" \/>\n<script type=\"application\/ld+json\" class=\"yoast-schema-graph\">{\"@context\":\"https:\\\/\\\/schema.org\",\"@graph\":[{\"@type\":\"Article\",\"@id\":\"https:\\\/\\\/www.guastalla.com\\\/it\\\/artisti\\\/rapetti-mogol-alfredo\\\/#article\",\"isPartOf\":{\"@id\":\"https:\\\/\\\/www.guastalla.com\\\/it\\\/artisti\\\/rapetti-mogol-alfredo\\\/\"},\"author\":{\"name\":\"Erica Toffoletto\",\"@id\":\"https:\\\/\\\/www.guastalla.com\\\/it\\\/#\\\/schema\\\/person\\\/1585d08759466444a5233722aa3a2197\"},\"headline\":\"Rapetti Mogol Alfredo\",\"datePublished\":\"2021-05-18T13:46:56+00:00\",\"dateModified\":\"2023-11-27T09:54:32+00:00\",\"mainEntityOfPage\":{\"@id\":\"https:\\\/\\\/www.guastalla.com\\\/it\\\/artisti\\\/rapetti-mogol-alfredo\\\/\"},\"wordCount\":717,\"keywords\":[\"Alfredo Rapetti Mogol - LIRICA ELEMENTARE\",\"rapetti-mogol-alfredo\"],\"articleSection\":[\"Artisti\"],\"inLanguage\":\"it-IT\"},{\"@type\":\"WebPage\",\"@id\":\"https:\\\/\\\/www.guastalla.com\\\/it\\\/artisti\\\/rapetti-mogol-alfredo\\\/\",\"url\":\"https:\\\/\\\/www.guastalla.com\\\/it\\\/artisti\\\/rapetti-mogol-alfredo\\\/\",\"name\":\"Rapetti Mogol Alfredo - Studio Guastalla\",\"isPartOf\":{\"@id\":\"https:\\\/\\\/www.guastalla.com\\\/it\\\/#website\"},\"datePublished\":\"2021-05-18T13:46:56+00:00\",\"dateModified\":\"2023-11-27T09:54:32+00:00\",\"author\":{\"@id\":\"https:\\\/\\\/www.guastalla.com\\\/it\\\/#\\\/schema\\\/person\\\/1585d08759466444a5233722aa3a2197\"},\"breadcrumb\":{\"@id\":\"https:\\\/\\\/www.guastalla.com\\\/it\\\/artisti\\\/rapetti-mogol-alfredo\\\/#breadcrumb\"},\"inLanguage\":\"it-IT\",\"potentialAction\":[{\"@type\":\"ReadAction\",\"target\":[\"https:\\\/\\\/www.guastalla.com\\\/it\\\/artisti\\\/rapetti-mogol-alfredo\\\/\"]}]},{\"@type\":\"BreadcrumbList\",\"@id\":\"https:\\\/\\\/www.guastalla.com\\\/it\\\/artisti\\\/rapetti-mogol-alfredo\\\/#breadcrumb\",\"itemListElement\":[{\"@type\":\"ListItem\",\"position\":1,\"name\":\"Home\",\"item\":\"https:\\\/\\\/www.guastalla.com\\\/it\\\/\"},{\"@type\":\"ListItem\",\"position\":2,\"name\":\"Rapetti Mogol Alfredo\"}]},{\"@type\":\"WebSite\",\"@id\":\"https:\\\/\\\/www.guastalla.com\\\/it\\\/#website\",\"url\":\"https:\\\/\\\/www.guastalla.com\\\/it\\\/\",\"name\":\"Studio Guastalla\",\"description\":\"Galleria Arte Moderna e Contemporanea\",\"potentialAction\":[{\"@type\":\"SearchAction\",\"target\":{\"@type\":\"EntryPoint\",\"urlTemplate\":\"https:\\\/\\\/www.guastalla.com\\\/it\\\/?s={search_term_string}\"},\"query-input\":{\"@type\":\"PropertyValueSpecification\",\"valueRequired\":true,\"valueName\":\"search_term_string\"}}],\"inLanguage\":\"it-IT\"},{\"@type\":\"Person\",\"@id\":\"https:\\\/\\\/www.guastalla.com\\\/it\\\/#\\\/schema\\\/person\\\/1585d08759466444a5233722aa3a2197\",\"name\":\"Erica Toffoletto\",\"image\":{\"@type\":\"ImageObject\",\"inLanguage\":\"it-IT\",\"@id\":\"https:\\\/\\\/secure.gravatar.com\\\/avatar\\\/da1d7bc05ba1780f895f17c4c8bdd3fafb0b6e9908ef655c70a3578a94b36dab?s=96&d=mm&r=g\",\"url\":\"https:\\\/\\\/secure.gravatar.com\\\/avatar\\\/da1d7bc05ba1780f895f17c4c8bdd3fafb0b6e9908ef655c70a3578a94b36dab?s=96&d=mm&r=g\",\"contentUrl\":\"https:\\\/\\\/secure.gravatar.com\\\/avatar\\\/da1d7bc05ba1780f895f17c4c8bdd3fafb0b6e9908ef655c70a3578a94b36dab?s=96&d=mm&r=g\",\"caption\":\"Erica Toffoletto\"},\"url\":\"https:\\\/\\\/www.guastalla.com\\\/it\\\/author\\\/erica\\\/\"}]}<\/script>\n<!-- \/ Yoast SEO plugin. -->","yoast_head_json":{"title":"Rapetti Mogol Alfredo - Studio Guastalla","robots":{"index":"index","follow":"follow","max-snippet":"max-snippet:-1","max-image-preview":"max-image-preview:large","max-video-preview":"max-video-preview:-1"},"canonical":"https:\/\/www.guastalla.com\/it\/artisti\/rapetti-mogol-alfredo\/","og_locale":"it_IT","og_type":"article","og_title":"Rapetti Mogol Alfredo - Studio Guastalla","og_description":"MILANO 1961 Nato a Milano nel 1961, la formazione artistica di Alfredo Rapetti Mogol risente del clima famigliare, dove da generazioni si respirano musica, letteratura, poesia. Giovanissimo, Rapetti Mogol \u00e8 introdotto dal nonno materno, Alfredo De Pedrini, Presidente dell'Associazione Arti Grafiche, nell\u2019ambiente artistico milanese, arrivando a maturare la passione per la pittura, alla quale si [&hellip;]","og_url":"https:\/\/www.guastalla.com\/it\/artisti\/rapetti-mogol-alfredo\/","og_site_name":"Studio Guastalla","article_published_time":"2021-05-18T13:46:56+00:00","article_modified_time":"2023-11-27T09:54:32+00:00","author":"Erica Toffoletto","twitter_card":"summary_large_image","twitter_misc":{"Scritto da":"Erica Toffoletto","Tempo di lettura stimato":"3 minuti"},"schema":{"@context":"https:\/\/schema.org","@graph":[{"@type":"Article","@id":"https:\/\/www.guastalla.com\/it\/artisti\/rapetti-mogol-alfredo\/#article","isPartOf":{"@id":"https:\/\/www.guastalla.com\/it\/artisti\/rapetti-mogol-alfredo\/"},"author":{"name":"Erica Toffoletto","@id":"https:\/\/www.guastalla.com\/it\/#\/schema\/person\/1585d08759466444a5233722aa3a2197"},"headline":"Rapetti Mogol Alfredo","datePublished":"2021-05-18T13:46:56+00:00","dateModified":"2023-11-27T09:54:32+00:00","mainEntityOfPage":{"@id":"https:\/\/www.guastalla.com\/it\/artisti\/rapetti-mogol-alfredo\/"},"wordCount":717,"keywords":["Alfredo Rapetti Mogol - LIRICA ELEMENTARE","rapetti-mogol-alfredo"],"articleSection":["Artisti"],"inLanguage":"it-IT"},{"@type":"WebPage","@id":"https:\/\/www.guastalla.com\/it\/artisti\/rapetti-mogol-alfredo\/","url":"https:\/\/www.guastalla.com\/it\/artisti\/rapetti-mogol-alfredo\/","name":"Rapetti Mogol Alfredo - Studio Guastalla","isPartOf":{"@id":"https:\/\/www.guastalla.com\/it\/#website"},"datePublished":"2021-05-18T13:46:56+00:00","dateModified":"2023-11-27T09:54:32+00:00","author":{"@id":"https:\/\/www.guastalla.com\/it\/#\/schema\/person\/1585d08759466444a5233722aa3a2197"},"breadcrumb":{"@id":"https:\/\/www.guastalla.com\/it\/artisti\/rapetti-mogol-alfredo\/#breadcrumb"},"inLanguage":"it-IT","potentialAction":[{"@type":"ReadAction","target":["https:\/\/www.guastalla.com\/it\/artisti\/rapetti-mogol-alfredo\/"]}]},{"@type":"BreadcrumbList","@id":"https:\/\/www.guastalla.com\/it\/artisti\/rapetti-mogol-alfredo\/#breadcrumb","itemListElement":[{"@type":"ListItem","position":1,"name":"Home","item":"https:\/\/www.guastalla.com\/it\/"},{"@type":"ListItem","position":2,"name":"Rapetti Mogol Alfredo"}]},{"@type":"WebSite","@id":"https:\/\/www.guastalla.com\/it\/#website","url":"https:\/\/www.guastalla.com\/it\/","name":"Studio Guastalla","description":"Galleria Arte Moderna e Contemporanea","potentialAction":[{"@type":"SearchAction","target":{"@type":"EntryPoint","urlTemplate":"https:\/\/www.guastalla.com\/it\/?s={search_term_string}"},"query-input":{"@type":"PropertyValueSpecification","valueRequired":true,"valueName":"search_term_string"}}],"inLanguage":"it-IT"},{"@type":"Person","@id":"https:\/\/www.guastalla.com\/it\/#\/schema\/person\/1585d08759466444a5233722aa3a2197","name":"Erica Toffoletto","image":{"@type":"ImageObject","inLanguage":"it-IT","@id":"https:\/\/secure.gravatar.com\/avatar\/da1d7bc05ba1780f895f17c4c8bdd3fafb0b6e9908ef655c70a3578a94b36dab?s=96&d=mm&r=g","url":"https:\/\/secure.gravatar.com\/avatar\/da1d7bc05ba1780f895f17c4c8bdd3fafb0b6e9908ef655c70a3578a94b36dab?s=96&d=mm&r=g","contentUrl":"https:\/\/secure.gravatar.com\/avatar\/da1d7bc05ba1780f895f17c4c8bdd3fafb0b6e9908ef655c70a3578a94b36dab?s=96&d=mm&r=g","caption":"Erica Toffoletto"},"url":"https:\/\/www.guastalla.com\/it\/author\/erica\/"}]}},"_links":{"self":[{"href":"https:\/\/www.guastalla.com\/it\/wp-json\/wp\/v2\/posts\/8247","targetHints":{"allow":["GET"]}}],"collection":[{"href":"https:\/\/www.guastalla.com\/it\/wp-json\/wp\/v2\/posts"}],"about":[{"href":"https:\/\/www.guastalla.com\/it\/wp-json\/wp\/v2\/types\/post"}],"author":[{"embeddable":true,"href":"https:\/\/www.guastalla.com\/it\/wp-json\/wp\/v2\/users\/11"}],"replies":[{"embeddable":true,"href":"https:\/\/www.guastalla.com\/it\/wp-json\/wp\/v2\/comments?post=8247"}],"version-history":[{"count":11,"href":"https:\/\/www.guastalla.com\/it\/wp-json\/wp\/v2\/posts\/8247\/revisions"}],"predecessor-version":[{"id":14938,"href":"https:\/\/www.guastalla.com\/it\/wp-json\/wp\/v2\/posts\/8247\/revisions\/14938"}],"wp:attachment":[{"href":"https:\/\/www.guastalla.com\/it\/wp-json\/wp\/v2\/media?parent=8247"}],"wp:term":[{"taxonomy":"category","embeddable":true,"href":"https:\/\/www.guastalla.com\/it\/wp-json\/wp\/v2\/categories?post=8247"},{"taxonomy":"post_tag","embeddable":true,"href":"https:\/\/www.guastalla.com\/it\/wp-json\/wp\/v2\/tags?post=8247"}],"curies":[{"name":"wp","href":"https:\/\/api.w.org\/{rel}","templated":true}]}}