{"id":8189,"date":"2021-05-18T15:46:52","date_gmt":"2021-05-18T13:46:52","guid":{"rendered":"https:\/\/www.guastalla.com\/non-categorizzato\/miro-joan\/"},"modified":"2024-10-29T15:25:24","modified_gmt":"2024-10-29T14:25:24","slug":"miro-joan","status":"publish","type":"post","link":"https:\/\/www.guastalla.com\/it\/artisti\/miro-joan\/","title":{"rendered":"Mir\u00f2 Joan"},"content":{"rendered":"<p>[et_pb_section fb_built=&#8221;1&#8243; admin_label=&#8221;section&#8221; _builder_version=&#8221;416&#8243; global_colors_info=&#8221;{}&#8221; theme_builder_area=&#8221;post_content&#8221;][et_pb_row admin_label=&#8221;row&#8221; _builder_version=&#8221;416&#8243; background_size=&#8221;initial&#8221; background_position=&#8221;top_left&#8221; background_repeat=&#8221;repeat&#8221; global_colors_info=&#8221;{}&#8221; theme_builder_area=&#8221;post_content&#8221;][et_pb_column type=&#8221;4_4&#8243; _builder_version=&#8221;416&#8243; custom_padding=&#8221;|||&#8221; global_colors_info=&#8221;{}&#8221; custom_padding__hover=&#8221;|||&#8221; theme_builder_area=&#8221;post_content&#8221;][et_pb_text admin_label=&#8221;Text&#8221; _builder_version=&#8221;416&#8243; background_size=&#8221;initial&#8221; background_position=&#8221;top_left&#8221; background_repeat=&#8221;repeat&#8221; global_colors_info=&#8221;{}&#8221; theme_builder_area=&#8221;post_content&#8221;]BARCELLONA (SPAGNA) 1893 &#8211; PALMA DI MAIORCA (SPAGNA) 1983<\/p>\n<p><b>Joan Mir\u00f2: La formazione<\/b><br \/>\nFiglio di un orefice e orologiaio, <b>Joan Mir\u00f3 <\/b>cominci\u00f2 a disegnare dall\u2019et\u00e0 di 8 anni Su consiglio del padre, <b>Mir\u00f3 i<\/b>ntraprese studi commerciali ma in parallelo frequent\u00f2 lezioni private di disegno; dal 1910 al 1911 lavor\u00f2 come contabile in una drogheria, finch\u00e9 un esaurimento nervoso non lo convinse a dedicarsi all\u2019arte a tempo pieno<span id='dots'>&#8230;<\/span><\/p>\n<div id='more' name='more' style='display:none;'> Fu il lungo periodo di convalescenza passato nella casa di famiglia a Mont-roig del Camp a consolidare definitivamente la sua vocazione; lo stesso<b> Mir\u00f3<\/b> riconobbe in seguito in Montroig e Maiorca i due poli della sua ispirazione<br \/>\nTornato a Barcellona nel 1912, frequent\u00f2 l\u2019Accademia Gal\u00ed fino al 1915, dopodich\u00e9 pass\u00f2 al Circolo Artistico di Sant Lluc Nel 1916<b> Mir\u00f2<\/b> affitt\u00f2 uno studio ed entr\u00f2 in contatto con personalit\u00e0 nel mondo dell&#8217;arte Furono questi gli anni in cui <b>Mir\u00f3<\/b> scopr\u00ec il fauvismo e in cui tenne la sua prima esposizione personale alle Galeries Dalmau (1918)<br \/>\n<b><br \/>\nJoan Mir\u00f2: Gli anni parigini<\/b><br \/>\nAttirato dalla comunit\u00e0 artistica che si riuniva a Montparnasse, nel 1920 si stabil\u00ec a Parigi, dove conobbe<b> Picasso<\/b> e il circolo dadaista di <b>Tristan Tzara<\/b> Gi\u00e0 in questo periodo, in cui disegnava nell\u2019accademia La Grande Chaumi\u00e8re, cominci\u00f2 a delinearsi il suo stile decisamente originale, influenzato inizialmente dai dadaisti ma in seguito portato verso l\u2019astrazione per l\u2019influsso di poeti e scrittori surrealisti<br \/>\nNel 1926 collabor\u00f2 con<b> Max Ernst <\/b>per la scenografia di <i>Romeo e Giulietta<\/i> e realizz\u00f2 il celebre <i>Nudo<\/i> L\u2019anno successivo, dopo la morte del padre, <b>Mir\u00f3 <\/b>si trasfer\u00ec alla Cit\u00e9 des Fusains ed ebbe come vicini, oltre ad <b>Ernst<\/b>, anche<b> Jean Arp<\/b> e <b>Pierre Bonnard<\/b> Sempre a Parigi, nel 1928, la sua esposizione nella galleria Georges Bernheim lo rese famoso<\/p>\n<p><b>Joan Mir\u00f2: Dalla sperimentazione di nuovi materiali alle teorie surrealiste<\/b><br \/>\nIl 12 ottobre 1929 <b>Mir\u00f3 <\/b>spos\u00f2 Pilar Juncosa a Palma di Maiorca; la coppia ebbe una unica figlia di nome Mar\u00eda Dolores (nata il 17 luglio 1931 e morta nel dicembre 2004)<br \/>\nInizi\u00f2 in questi anni la sperimentazione artistica di<b> Mir\u00f3,<\/b> che si ciment\u00f2 con le litografie, l\u2019acquaforte e la scultura, nonch\u00e9 con la pittura su carta catramata e vetro<br \/>\nCon lo scoppio della guerra civile spagnola (1936) torn\u00f2 a Parigi, dove si dedic\u00f2 a raccogliere fondi a favore della causa repubblicana, ma fece ritorno in Spagna al momento dell\u2019invasione nazista della Francia Da questo momento visse stabilmente a Maiorca o a Montroig<br \/>\n<b>Mir\u00f3 <\/b>fu uno dei pi\u00f9 radicali teorici del surrealismo, al punto che <b>Andr\u00e9 Breton,<\/b> fondatore di questa corrente artistica, lo descrisse come \u201cil pi\u00f9 surrealista di noi tutti\u201d Tornato nella casa di famiglia, <b>Mir\u00f3<\/b> svilupp\u00f2 uno stile surrealista sempre pi\u00f9 marcato; in numerosi scritti e interviste espresse il suo disprezzo per la pittura convenzionale e il desiderio di \u201cucciderla\u201d, \u201cassassinarla\u201d o stuprarla per giungere a nuovi mezzi di espressione La prima monografia su <b>Mir\u00f3 <\/b>fu pubblicata da Shuzo Takiguchi nel 1940<\/p>\n<p><b>Joan Mir\u00f2: Il dopoguerra <\/b><br \/>\nDopo la morte della madre, avvenuta nel 1944, <b>Mir\u00f3 <\/b>inizi\u00f2 a dedicarsi a lavori sfusi di ceramica e a sculture di bronzo<br \/>\nNel 1954 <b>Mir\u00f3 <\/b>vinse il premio per la grafica alla Biennale di Venezia e nel 1958 il Premio Internazionale Guggenheim In questi anni fece molti viaggi ed esposizioni negli Stati Uniti<\/p>\n<p><b>Joan Mir\u00f2: La Fundaci\u00f3 e i riconoscimenti in patria<\/b><br \/>\nFin dal 1956 si stabil\u00ec definitivamente a Palma di Maiorca in una casa progettata e costruita dal cognato, cui aggreg\u00f2 in seguito un laboratorio e uno studio di pittura grazie all\u2019aiuto dell\u2019amico <b>Josep Llu\u00eds Sert<\/b> Al fine di preservare la propriet\u00e0 cos\u00ec delineatasi, per lui luogo creativo per eccellenza,<b> Mir\u00f3 <\/b>ne don\u00f2 parte alla cittadinanza, che nel 1981 vi allest\u00ec la <i>Fundaci\u00f3 Pilar e Joan Mir\u00f3<\/i> Gi\u00e0 nel 1972, d&#8217;altronde, <b>Mir\u00f3 <\/b>aveva creato la<i> Fundaci\u00f3 Joan Mir\u00f3 a Barcellona<\/i><br \/>\nNel 1978 si dedic\u00f2 alla scenografia per uno spettacolo teatrale, nonch\u00e9 alla scultura monumentale Risale a questo periodo la sua celebre scultura <i>Dona i ocell <\/i>(Donna e uccello), che si trova nel parco<b> Joan Mir\u00f3 <\/b>a Barcellona<br \/>\nPer i riconoscimenti in patria <b>Mir\u00f3 <\/b>dovette attendere gli anni della vecchiaia e la caduta del franchismo: nel 1978 ricevette la Medalla d&#8217;Or de la Generalitat de Catalunya; nel 1979 l&#8217;Universit\u00e0 di Barcellona gli confer\u00ec la laurea honoris causa (l&#8217;Universit\u00e0 di Harvard aveva gi\u00e0 provveduto nel 1968); nel 1980 ricevette la medaglia d\u2019oro delle Belle Arti dal re di Spagna Juan Carlos; nel 1981 fu premiato con la medaglia d&#8217;oro di Barcellona<br \/>\nIn et\u00e0 avanzata <b>Mir\u00f3 <\/b>acceler\u00f2 il suo lavoro, creando ad esempio centinaia di ceramiche, tra cui il<i> Muro della Luna <\/i>e il <i>Muro del Sole<\/i> presso l&#8217;edificio dell&#8217;UNESCO a Parigi Si dedic\u00f2 pure a pitture su vetro per esposizione<br \/>\nNegli ultimi anni di vita Mir\u00f3 concep\u00ec le sue idee pi\u00f9 radicali, interessandosi della scultura gassosa e della pittura quadridimensionale<br \/>\n<b>Joan Mir\u00f3<\/b> mor\u00ec a Maiorca all&#8217;et\u00e0 di 90 anni e venne sepolto a Barcellona, nel cimitero di Montju\u00efc<\/div>\n<p><button onclick=espandi_bio_artisti('it_IT') id='myBtn'>+ Leggi di pi\u00f9<\/button><\/p>\n","protected":false},"excerpt":{"rendered":"<p>BARCELLONA (SPAGNA) 1893 &#8211; PALMA DI MAIORCA (SPAGNA) 1983 Joan Mir\u00f2: La formazione Figlio di un orefice e orologiaio, Joan Mir\u00f3 cominci\u00f2 a disegnare dall\u2019et\u00e0 di 8 anni. Su consiglio del padre, Mir\u00f3 intraprese studi commerciali ma in parallelo frequent\u00f2 lezioni private di disegno; dal 1910 al 1911 lavor\u00f2 come contabile in una drogheria, finch\u00e9 [&hellip;]<\/p>\n","protected":false},"author":11,"featured_media":1286,"comment_status":"closed","ping_status":"closed","sticky":false,"template":"","format":"standard","meta":{"_acf_changed":false,"_et_pb_use_builder":"on","_et_pb_old_content":"BARCELLONA (SPAGNA) 1893 - PALMA DI MAIORCA (SPAGNA) 1983\r\n\r\n<b>Joan Mir\u00f2: La formazione<\/b>\r\nFiglio di un orefice e orologiaio, <b>Joan Mir\u00f3 <\/b>cominci\u00f2 a disegnare dall\u2019et\u00e0 di 8 anni. Su consiglio del padre, <b>Mir\u00f3 i<\/b>ntraprese studi commerciali ma in parallelo frequent\u00f2 lezioni private di disegno; dal 1910 al 1911 lavor\u00f2 come contabile in una drogheria, finch\u00e9 un esaurimento nervoso non lo convinse a dedicarsi all\u2019arte a tempo pieno. Fu il lungo periodo di convalescenza passato nella casa di famiglia a Mont-roig del Camp a consolidare definitivamente la sua vocazione; lo stesso<b> Mir\u00f3<\/b> riconobbe in seguito in Montroig e Maiorca i due poli della sua ispirazione.\r\nTornato a Barcellona nel 1912, frequent\u00f2 l\u2019Accademia Gal\u00ed fino al 1915, dopodich\u00e9 pass\u00f2 al Circolo Artistico di Sant Lluc. Nel 1916<b> Mir\u00f2<\/b> affitt\u00f2 uno studio ed entr\u00f2 in contatto con personalit\u00e0 nel mondo dell'arte. Furono questi gli anni in cui <b>Mir\u00f3<\/b> scopr\u00ec il fauvismo e in cui tenne la sua prima esposizione personale alle Galeries Dalmau (1918).\r\n<b>\r\nJoan Mir\u00f2: Gli anni parigini<\/b>\r\nAttirato dalla comunit\u00e0 artistica che si riuniva a Montparnasse, nel 1920 si stabil\u00ec a Parigi, dove conobbe<b> Picasso<\/b> e il circolo dadaista di <b>Tristan Tzara.<\/b> Gi\u00e0 in questo periodo, in cui disegnava nell\u2019accademia La Grande Chaumi\u00e8re, cominci\u00f2 a delinearsi il suo stile decisamente originale, influenzato inizialmente dai dadaisti ma in seguito portato verso l\u2019astrazione per l\u2019influsso di poeti e scrittori surrealisti.\r\nNel 1926 collabor\u00f2 con<b> Max Ernst <\/b>per la scenografia di <i>Romeo e Giulietta<\/i> e realizz\u00f2 il celebre <i>Nudo<\/i>. L\u2019anno successivo, dopo la morte del padre, <b>Mir\u00f3 <\/b>si trasfer\u00ec alla Cit\u00e9 des Fusains ed ebbe come vicini, oltre ad <b>Ernst<\/b>, anche<b> Jean Arp<\/b> e <b>Pierre Bonnard<\/b>. Sempre a Parigi, nel 1928, la sua esposizione nella galleria Georges Bernheim lo rese famoso.\r\n\r\n<b>Joan Mir\u00f2: Dalla sperimentazione di nuovi materiali alle teorie surrealiste<\/b>\r\nIl 12 ottobre 1929 <b>Mir\u00f3 <\/b>spos\u00f2 Pilar Juncosa a Palma di Maiorca; la coppia ebbe una unica figlia di nome Mar\u00eda Dolores (nata il 17 luglio 1931 e morta nel dicembre 2004).\r\nInizi\u00f2 in questi anni la sperimentazione artistica di<b> Mir\u00f3,<\/b> che si ciment\u00f2 con le litografie, l\u2019acquaforte e la scultura, nonch\u00e9 con la pittura su carta catramata e vetro.\r\nCon lo scoppio della guerra civile spagnola (1936) torn\u00f2 a Parigi, dove si dedic\u00f2 a raccogliere fondi a favore della causa repubblicana, ma fece ritorno in Spagna al momento dell\u2019invasione nazista della Francia. Da questo momento visse stabilmente a Maiorca o a Montroig.\r\n<b>Mir\u00f3 <\/b>fu uno dei pi\u00f9 radicali teorici del surrealismo, al punto che <b>Andr\u00e9 Breton,<\/b> fondatore di questa corrente artistica, lo descrisse come \u201cil pi\u00f9 surrealista di noi tutti\u201d. Tornato nella casa di famiglia, <b>Mir\u00f3<\/b> svilupp\u00f2 uno stile surrealista sempre pi\u00f9 marcato; in numerosi scritti e interviste espresse il suo disprezzo per la pittura convenzionale e il desiderio di \u201cucciderla\u201d, \u201cassassinarla\u201d o stuprarla per giungere a nuovi mezzi di espressione. La prima monografia su <b>Mir\u00f3 <\/b>fu pubblicata da Shuzo Takiguchi nel 1940.\r\n\r\n<b>Joan Mir\u00f2: Il dopoguerra <\/b>\r\nDopo la morte della madre, avvenuta nel 1944, <b>Mir\u00f3 <\/b>inizi\u00f2 a dedicarsi a lavori sfusi di ceramica e a sculture di bronzo.\r\nNel 1954 <b>Mir\u00f3 <\/b>vinse il premio per la grafica alla Biennale di Venezia e nel 1958 il Premio Internazionale Guggenheim. In questi anni fece molti viaggi ed esposizioni negli Stati Uniti.\r\n\r\n<b>Joan Mir\u00f2: La Fundaci\u00f3 e i riconoscimenti in patria<\/b>\r\nFin dal 1956 si stabil\u00ec definitivamente a Palma di Maiorca in una casa progettata e costruita dal cognato, cui aggreg\u00f2 in seguito un laboratorio e uno studio di pittura grazie all\u2019aiuto dell\u2019amico <b>Josep Llu\u00eds Sert<\/b>. Al fine di preservare la propriet\u00e0 cos\u00ec delineatasi, per lui luogo creativo per eccellenza,<b> Mir\u00f3 <\/b>ne don\u00f2 parte alla cittadinanza, che nel 1981 vi allest\u00ec la <i>Fundaci\u00f3 Pilar e Joan Mir\u00f3<\/i> .Gi\u00e0 nel 1972, d'altronde, <b>Mir\u00f3 <\/b>aveva creato la<i> Fundaci\u00f3 Joan Mir\u00f3 a Barcellona.<\/i>\r\nNel 1978 si dedic\u00f2 alla scenografia per uno spettacolo teatrale, nonch\u00e9 alla scultura monumentale. Risale a questo periodo la sua celebre scultura <i>Dona i ocell <\/i>(Donna e uccello), che si trova nel parco<b> Joan Mir\u00f3 <\/b>a Barcellona.\r\nPer i riconoscimenti in patria <b>Mir\u00f3 <\/b>dovette attendere gli anni della vecchiaia e la caduta del franchismo: nel 1978 ricevette la Medalla d'Or de la Generalitat de Catalunya; nel 1979 l'Universit\u00e0 di Barcellona gli confer\u00ec la laurea honoris causa (l'Universit\u00e0 di Harvard aveva gi\u00e0 provveduto nel 1968); nel 1980 ricevette la medaglia d\u2019oro delle Belle Arti dal re di Spagna Juan Carlos; nel 1981 fu premiato con la medaglia d'oro di Barcellona.\r\nIn et\u00e0 avanzata <b>Mir\u00f3 <\/b>acceler\u00f2 il suo lavoro, creando ad esempio centinaia di ceramiche, tra cui il<i> Muro della Luna <\/i>e il <i>Muro del Sole<\/i> presso l'edificio dell'UNESCO a Parigi. Si dedic\u00f2 pure a pitture su vetro per esposizione.\r\nNegli ultimi anni di vita Mir\u00f3 concep\u00ec le sue idee pi\u00f9 radicali, interessandosi della scultura gassosa e della pittura quadridimensionale.\r\n<b>Joan Mir\u00f3<\/b> mor\u00ec a Maiorca all'et\u00e0 di 90 anni e venne sepolto a Barcellona, nel cimitero di Montju\u00efc.","_et_gb_content_width":"","footnotes":""},"categories":[11],"tags":[409,390,210,211,400,398,152],"class_list":["post-8189","post","type-post","status-publish","format-standard","has-post-thumbnail","hentry","category-artisti","tag-altre-opere","tag-artisti-surrealisti-la-potenza-del-sogno","tag-joan-miro-litografo-i","tag-joan-miro-litografo-ii","tag-joan-miro-antoni-tapies-il-colore-e-la-materia","tag-joan-miro-il-giardino-delle-meraviglie","tag-miro-joan"],"acf":[],"yoast_head":"<!-- This site is optimized with the Yoast SEO plugin v28.4 - https:\/\/yoast.com\/product\/yoast-seo-wordpress\/ -->\n<title>Mir\u00f2 Joan - Studio Guastalla<\/title>\n<meta name=\"robots\" content=\"index, follow, max-snippet:-1, max-image-preview:large, max-video-preview:-1\" \/>\n<link rel=\"canonical\" href=\"https:\/\/www.guastalla.com\/it\/artisti\/miro-joan\/\" \/>\n<meta property=\"og:locale\" content=\"it_IT\" \/>\n<meta property=\"og:type\" content=\"article\" \/>\n<meta property=\"og:title\" content=\"Mir\u00f2 Joan - Studio Guastalla\" \/>\n<meta property=\"og:description\" content=\"BARCELLONA (SPAGNA) 1893 - PALMA DI MAIORCA (SPAGNA) 1983 Joan Mir\u00f2: La formazione Figlio di un orefice e orologiaio, Joan Mir\u00f3 cominci\u00f2 a disegnare dall\u2019et\u00e0 di 8 anni. Su consiglio del padre, Mir\u00f3 intraprese studi commerciali ma in parallelo frequent\u00f2 lezioni private di disegno; dal 1910 al 1911 lavor\u00f2 come contabile in una drogheria, finch\u00e9 [&hellip;]\" \/>\n<meta property=\"og:url\" content=\"https:\/\/www.guastalla.com\/it\/artisti\/miro-joan\/\" \/>\n<meta property=\"og:site_name\" content=\"Studio Guastalla\" \/>\n<meta property=\"article:published_time\" content=\"2021-05-18T13:46:52+00:00\" \/>\n<meta property=\"article:modified_time\" content=\"2024-10-29T14:25:24+00:00\" \/>\n<meta property=\"og:image\" content=\"https:\/\/www.guastalla.com\/wp-content\/uploads\/2021\/04\/J.Miro_.-Je-travaille-comme-un-jardinier-scaled.jpg\" \/>\n\t<meta property=\"og:image:width\" content=\"2085\" \/>\n\t<meta property=\"og:image:height\" content=\"2560\" \/>\n\t<meta property=\"og:image:type\" content=\"image\/jpeg\" \/>\n<meta name=\"author\" content=\"Erica Toffoletto\" \/>\n<meta name=\"twitter:card\" content=\"summary_large_image\" \/>\n<meta name=\"twitter:label1\" content=\"Scritto da\" \/>\n\t<meta name=\"twitter:data1\" content=\"Erica Toffoletto\" \/>\n\t<meta name=\"twitter:label2\" content=\"Tempo di lettura stimato\" \/>\n\t<meta name=\"twitter:data2\" content=\"4 minuti\" \/>\n<script type=\"application\/ld+json\" class=\"yoast-schema-graph\">{\"@context\":\"https:\\\/\\\/schema.org\",\"@graph\":[{\"@type\":\"Article\",\"@id\":\"https:\\\/\\\/www.guastalla.com\\\/it\\\/artisti\\\/miro-joan\\\/#article\",\"isPartOf\":{\"@id\":\"https:\\\/\\\/www.guastalla.com\\\/it\\\/artisti\\\/miro-joan\\\/\"},\"author\":{\"name\":\"Erica Toffoletto\",\"@id\":\"https:\\\/\\\/www.guastalla.com\\\/it\\\/#\\\/schema\\\/person\\\/1585d08759466444a5233722aa3a2197\"},\"headline\":\"Mir\u00f2 Joan\",\"datePublished\":\"2021-05-18T13:46:52+00:00\",\"dateModified\":\"2024-10-29T14:25:24+00:00\",\"mainEntityOfPage\":{\"@id\":\"https:\\\/\\\/www.guastalla.com\\\/it\\\/artisti\\\/miro-joan\\\/\"},\"wordCount\":908,\"image\":{\"@id\":\"https:\\\/\\\/www.guastalla.com\\\/it\\\/artisti\\\/miro-joan\\\/#primaryimage\"},\"thumbnailUrl\":\"https:\\\/\\\/www.guastalla.com\\\/wp-content\\\/uploads\\\/2021\\\/04\\\/J.Miro_.-Je-travaille-comme-un-jardinier-scaled.jpg\",\"keywords\":[\"altre-opere\",\"artisti-surrealisti-la-potenza-del-sogno\",\"JOAN MIR\u00d2 Litografo I\",\"JOAN MIR\u00d2 Litografo II\",\"joan-miro-antoni-tapies-il-colore-e-la-materia\",\"joan-miro-il-giardino-delle-meraviglie\",\"mir\u00d2-joan\"],\"articleSection\":[\"Artisti\"],\"inLanguage\":\"it-IT\"},{\"@type\":\"WebPage\",\"@id\":\"https:\\\/\\\/www.guastalla.com\\\/it\\\/artisti\\\/miro-joan\\\/\",\"url\":\"https:\\\/\\\/www.guastalla.com\\\/it\\\/artisti\\\/miro-joan\\\/\",\"name\":\"Mir\u00f2 Joan - Studio Guastalla\",\"isPartOf\":{\"@id\":\"https:\\\/\\\/www.guastalla.com\\\/it\\\/#website\"},\"primaryImageOfPage\":{\"@id\":\"https:\\\/\\\/www.guastalla.com\\\/it\\\/artisti\\\/miro-joan\\\/#primaryimage\"},\"image\":{\"@id\":\"https:\\\/\\\/www.guastalla.com\\\/it\\\/artisti\\\/miro-joan\\\/#primaryimage\"},\"thumbnailUrl\":\"https:\\\/\\\/www.guastalla.com\\\/wp-content\\\/uploads\\\/2021\\\/04\\\/J.Miro_.-Je-travaille-comme-un-jardinier-scaled.jpg\",\"datePublished\":\"2021-05-18T13:46:52+00:00\",\"dateModified\":\"2024-10-29T14:25:24+00:00\",\"author\":{\"@id\":\"https:\\\/\\\/www.guastalla.com\\\/it\\\/#\\\/schema\\\/person\\\/1585d08759466444a5233722aa3a2197\"},\"breadcrumb\":{\"@id\":\"https:\\\/\\\/www.guastalla.com\\\/it\\\/artisti\\\/miro-joan\\\/#breadcrumb\"},\"inLanguage\":\"it-IT\",\"potentialAction\":[{\"@type\":\"ReadAction\",\"target\":[\"https:\\\/\\\/www.guastalla.com\\\/it\\\/artisti\\\/miro-joan\\\/\"]}]},{\"@type\":\"ImageObject\",\"inLanguage\":\"it-IT\",\"@id\":\"https:\\\/\\\/www.guastalla.com\\\/it\\\/artisti\\\/miro-joan\\\/#primaryimage\",\"url\":\"https:\\\/\\\/www.guastalla.com\\\/wp-content\\\/uploads\\\/2021\\\/04\\\/J.Miro_.-Je-travaille-comme-un-jardinier-scaled.jpg\",\"contentUrl\":\"https:\\\/\\\/www.guastalla.com\\\/wp-content\\\/uploads\\\/2021\\\/04\\\/J.Miro_.-Je-travaille-comme-un-jardinier-scaled.jpg\",\"width\":2085,\"height\":2560},{\"@type\":\"BreadcrumbList\",\"@id\":\"https:\\\/\\\/www.guastalla.com\\\/it\\\/artisti\\\/miro-joan\\\/#breadcrumb\",\"itemListElement\":[{\"@type\":\"ListItem\",\"position\":1,\"name\":\"Home\",\"item\":\"https:\\\/\\\/www.guastalla.com\\\/it\\\/\"},{\"@type\":\"ListItem\",\"position\":2,\"name\":\"Mir\u00f2 Joan\"}]},{\"@type\":\"WebSite\",\"@id\":\"https:\\\/\\\/www.guastalla.com\\\/it\\\/#website\",\"url\":\"https:\\\/\\\/www.guastalla.com\\\/it\\\/\",\"name\":\"Studio Guastalla\",\"description\":\"Galleria Arte Moderna e Contemporanea\",\"potentialAction\":[{\"@type\":\"SearchAction\",\"target\":{\"@type\":\"EntryPoint\",\"urlTemplate\":\"https:\\\/\\\/www.guastalla.com\\\/it\\\/?s={search_term_string}\"},\"query-input\":{\"@type\":\"PropertyValueSpecification\",\"valueRequired\":true,\"valueName\":\"search_term_string\"}}],\"inLanguage\":\"it-IT\"},{\"@type\":\"Person\",\"@id\":\"https:\\\/\\\/www.guastalla.com\\\/it\\\/#\\\/schema\\\/person\\\/1585d08759466444a5233722aa3a2197\",\"name\":\"Erica Toffoletto\",\"image\":{\"@type\":\"ImageObject\",\"inLanguage\":\"it-IT\",\"@id\":\"https:\\\/\\\/secure.gravatar.com\\\/avatar\\\/da1d7bc05ba1780f895f17c4c8bdd3fafb0b6e9908ef655c70a3578a94b36dab?s=96&d=mm&r=g\",\"url\":\"https:\\\/\\\/secure.gravatar.com\\\/avatar\\\/da1d7bc05ba1780f895f17c4c8bdd3fafb0b6e9908ef655c70a3578a94b36dab?s=96&d=mm&r=g\",\"contentUrl\":\"https:\\\/\\\/secure.gravatar.com\\\/avatar\\\/da1d7bc05ba1780f895f17c4c8bdd3fafb0b6e9908ef655c70a3578a94b36dab?s=96&d=mm&r=g\",\"caption\":\"Erica Toffoletto\"},\"url\":\"https:\\\/\\\/www.guastalla.com\\\/it\\\/author\\\/erica\\\/\"}]}<\/script>\n<!-- \/ Yoast SEO plugin. -->","yoast_head_json":{"title":"Mir\u00f2 Joan - Studio Guastalla","robots":{"index":"index","follow":"follow","max-snippet":"max-snippet:-1","max-image-preview":"max-image-preview:large","max-video-preview":"max-video-preview:-1"},"canonical":"https:\/\/www.guastalla.com\/it\/artisti\/miro-joan\/","og_locale":"it_IT","og_type":"article","og_title":"Mir\u00f2 Joan - Studio Guastalla","og_description":"BARCELLONA (SPAGNA) 1893 - PALMA DI MAIORCA (SPAGNA) 1983 Joan Mir\u00f2: La formazione Figlio di un orefice e orologiaio, Joan Mir\u00f3 cominci\u00f2 a disegnare dall\u2019et\u00e0 di 8 anni. Su consiglio del padre, Mir\u00f3 intraprese studi commerciali ma in parallelo frequent\u00f2 lezioni private di disegno; dal 1910 al 1911 lavor\u00f2 come contabile in una drogheria, finch\u00e9 [&hellip;]","og_url":"https:\/\/www.guastalla.com\/it\/artisti\/miro-joan\/","og_site_name":"Studio Guastalla","article_published_time":"2021-05-18T13:46:52+00:00","article_modified_time":"2024-10-29T14:25:24+00:00","og_image":[{"width":2085,"height":2560,"url":"https:\/\/www.guastalla.com\/wp-content\/uploads\/2021\/04\/J.Miro_.-Je-travaille-comme-un-jardinier-scaled.jpg","type":"image\/jpeg"}],"author":"Erica Toffoletto","twitter_card":"summary_large_image","twitter_misc":{"Scritto da":"Erica Toffoletto","Tempo di lettura stimato":"4 minuti"},"schema":{"@context":"https:\/\/schema.org","@graph":[{"@type":"Article","@id":"https:\/\/www.guastalla.com\/it\/artisti\/miro-joan\/#article","isPartOf":{"@id":"https:\/\/www.guastalla.com\/it\/artisti\/miro-joan\/"},"author":{"name":"Erica Toffoletto","@id":"https:\/\/www.guastalla.com\/it\/#\/schema\/person\/1585d08759466444a5233722aa3a2197"},"headline":"Mir\u00f2 Joan","datePublished":"2021-05-18T13:46:52+00:00","dateModified":"2024-10-29T14:25:24+00:00","mainEntityOfPage":{"@id":"https:\/\/www.guastalla.com\/it\/artisti\/miro-joan\/"},"wordCount":908,"image":{"@id":"https:\/\/www.guastalla.com\/it\/artisti\/miro-joan\/#primaryimage"},"thumbnailUrl":"https:\/\/www.guastalla.com\/wp-content\/uploads\/2021\/04\/J.Miro_.-Je-travaille-comme-un-jardinier-scaled.jpg","keywords":["altre-opere","artisti-surrealisti-la-potenza-del-sogno","JOAN MIR\u00d2 Litografo I","JOAN MIR\u00d2 Litografo II","joan-miro-antoni-tapies-il-colore-e-la-materia","joan-miro-il-giardino-delle-meraviglie","mir\u00d2-joan"],"articleSection":["Artisti"],"inLanguage":"it-IT"},{"@type":"WebPage","@id":"https:\/\/www.guastalla.com\/it\/artisti\/miro-joan\/","url":"https:\/\/www.guastalla.com\/it\/artisti\/miro-joan\/","name":"Mir\u00f2 Joan - Studio Guastalla","isPartOf":{"@id":"https:\/\/www.guastalla.com\/it\/#website"},"primaryImageOfPage":{"@id":"https:\/\/www.guastalla.com\/it\/artisti\/miro-joan\/#primaryimage"},"image":{"@id":"https:\/\/www.guastalla.com\/it\/artisti\/miro-joan\/#primaryimage"},"thumbnailUrl":"https:\/\/www.guastalla.com\/wp-content\/uploads\/2021\/04\/J.Miro_.-Je-travaille-comme-un-jardinier-scaled.jpg","datePublished":"2021-05-18T13:46:52+00:00","dateModified":"2024-10-29T14:25:24+00:00","author":{"@id":"https:\/\/www.guastalla.com\/it\/#\/schema\/person\/1585d08759466444a5233722aa3a2197"},"breadcrumb":{"@id":"https:\/\/www.guastalla.com\/it\/artisti\/miro-joan\/#breadcrumb"},"inLanguage":"it-IT","potentialAction":[{"@type":"ReadAction","target":["https:\/\/www.guastalla.com\/it\/artisti\/miro-joan\/"]}]},{"@type":"ImageObject","inLanguage":"it-IT","@id":"https:\/\/www.guastalla.com\/it\/artisti\/miro-joan\/#primaryimage","url":"https:\/\/www.guastalla.com\/wp-content\/uploads\/2021\/04\/J.Miro_.-Je-travaille-comme-un-jardinier-scaled.jpg","contentUrl":"https:\/\/www.guastalla.com\/wp-content\/uploads\/2021\/04\/J.Miro_.-Je-travaille-comme-un-jardinier-scaled.jpg","width":2085,"height":2560},{"@type":"BreadcrumbList","@id":"https:\/\/www.guastalla.com\/it\/artisti\/miro-joan\/#breadcrumb","itemListElement":[{"@type":"ListItem","position":1,"name":"Home","item":"https:\/\/www.guastalla.com\/it\/"},{"@type":"ListItem","position":2,"name":"Mir\u00f2 Joan"}]},{"@type":"WebSite","@id":"https:\/\/www.guastalla.com\/it\/#website","url":"https:\/\/www.guastalla.com\/it\/","name":"Studio Guastalla","description":"Galleria Arte Moderna e Contemporanea","potentialAction":[{"@type":"SearchAction","target":{"@type":"EntryPoint","urlTemplate":"https:\/\/www.guastalla.com\/it\/?s={search_term_string}"},"query-input":{"@type":"PropertyValueSpecification","valueRequired":true,"valueName":"search_term_string"}}],"inLanguage":"it-IT"},{"@type":"Person","@id":"https:\/\/www.guastalla.com\/it\/#\/schema\/person\/1585d08759466444a5233722aa3a2197","name":"Erica Toffoletto","image":{"@type":"ImageObject","inLanguage":"it-IT","@id":"https:\/\/secure.gravatar.com\/avatar\/da1d7bc05ba1780f895f17c4c8bdd3fafb0b6e9908ef655c70a3578a94b36dab?s=96&d=mm&r=g","url":"https:\/\/secure.gravatar.com\/avatar\/da1d7bc05ba1780f895f17c4c8bdd3fafb0b6e9908ef655c70a3578a94b36dab?s=96&d=mm&r=g","contentUrl":"https:\/\/secure.gravatar.com\/avatar\/da1d7bc05ba1780f895f17c4c8bdd3fafb0b6e9908ef655c70a3578a94b36dab?s=96&d=mm&r=g","caption":"Erica Toffoletto"},"url":"https:\/\/www.guastalla.com\/it\/author\/erica\/"}]}},"_links":{"self":[{"href":"https:\/\/www.guastalla.com\/it\/wp-json\/wp\/v2\/posts\/8189","targetHints":{"allow":["GET"]}}],"collection":[{"href":"https:\/\/www.guastalla.com\/it\/wp-json\/wp\/v2\/posts"}],"about":[{"href":"https:\/\/www.guastalla.com\/it\/wp-json\/wp\/v2\/types\/post"}],"author":[{"embeddable":true,"href":"https:\/\/www.guastalla.com\/it\/wp-json\/wp\/v2\/users\/11"}],"replies":[{"embeddable":true,"href":"https:\/\/www.guastalla.com\/it\/wp-json\/wp\/v2\/comments?post=8189"}],"version-history":[{"count":16,"href":"https:\/\/www.guastalla.com\/it\/wp-json\/wp\/v2\/posts\/8189\/revisions"}],"predecessor-version":[{"id":16571,"href":"https:\/\/www.guastalla.com\/it\/wp-json\/wp\/v2\/posts\/8189\/revisions\/16571"}],"wp:featuredmedia":[{"embeddable":true,"href":"https:\/\/www.guastalla.com\/it\/wp-json\/wp\/v2\/media\/1286"}],"wp:attachment":[{"href":"https:\/\/www.guastalla.com\/it\/wp-json\/wp\/v2\/media?parent=8189"}],"wp:term":[{"taxonomy":"category","embeddable":true,"href":"https:\/\/www.guastalla.com\/it\/wp-json\/wp\/v2\/categories?post=8189"},{"taxonomy":"post_tag","embeddable":true,"href":"https:\/\/www.guastalla.com\/it\/wp-json\/wp\/v2\/tags?post=8189"}],"curies":[{"name":"wp","href":"https:\/\/api.w.org\/{rel}","templated":true}]}}