{"id":8133,"date":"2021-05-18T15:46:48","date_gmt":"2021-05-18T13:46:48","guid":{"rendered":"https:\/\/www.guastalla.com\/non-categorizzato\/isgro-emilio\/"},"modified":"2026-08-24T10:49:15","modified_gmt":"2026-08-24T08:49:15","slug":"isgro-emilio","status":"publish","type":"post","link":"https:\/\/www.guastalla.com\/it\/artisti\/isgro-emilio\/","title":{"rendered":"Isgr\u00f2 Emilio"},"content":{"rendered":"<p>[et_pb_section admin_label=&#8221;section&#8221;]<br \/>\n\t\t\t[et_pb_row admin_label=&#8221;row&#8221;]<br \/>\n\t\t\t\t[et_pb_column type=&#8221;4_4&#8243;][et_pb_text admin_label=&#8221;Text&#8221;]BARCELLONA DI SICILIA (ME) 1937<\/p>\n<p><b>Emilio Isgr\u00f2<\/b> (Barcellona di Sicilia, 1937) assieme a <b>Lucio Fontana <\/b>e a<b> Piero Manzoni <\/b>\u00e8 considerato uno dei grandi innovatori del linguaggio artistico italiano del secondo dopoguerra<br \/>\n1956 Si trasferisce a Milano, dove tuttora vive e lavora Fin dagli esordi accompagna la produzione artistica con l\u2019attivit\u00e0 di scrittore, poeta, drammaturgo, regista, performer, giornalista Esordisce con la raccolta di poesie Fiere del Sud (<b>Arturo Schwarz<\/b>)<\/p>\n<p><b>Emilio Isgr\u00f2: Gli anni sessanta<\/b><br \/>\n1964 Realizza le prime cancellature su enciclopedie e libri contribuendo in misura decisiva alla nascita e agli sviluppi della poesia visiva e dell\u2019arte concettuale e dando luogo nel tempo a una vera e propria arte cancellatoria i cui esiti, sempre sorprendenti per variet\u00e0 di forme e stili, sono stati accolti via via da importanti musei italiani e stranieri Artista poliedrico, <b>Emilio Isgr\u00f2<\/b>, nel 1965, partecipa alla mostra <i>Poesie e no<\/i> nell\u2019ambito del<i> Festival del Gruppo 70 <\/i>e l&#8217;anno successivo, in occasione della personale alla Galleria Il Traghetto di Venezia, pubblica <i>Dichiarazione 1<\/i>, nella quale precisa la sua concezione di poesia come \u201carte generale del segno\u201d e pubblica il libro di poesie <i>L\u2019et\u00e0 della ginnastica <\/i>(Mondadori)<span id='dots'>&#8230;<\/span><\/p>\n<div id='more' name='more' style='display:none;'>\nNel 1969 decide inoltre di applicare le cancellature anche al cinema: progetta <i>La jena pi\u00f9 ne ha e pi\u00f9 ne vuole<\/i>, una pellicola quasi completamente nera tranne qualche secondo di immagini Nonostante il progetto non andr\u00e0 mai in porto, \u201ccancellato dai produttori spaventati\u201d dice sorridendo l\u2019artista, verr\u00e0 dedicato un servizio con foto in prima pagina dal londinese Daily Mirror<br \/>\n<b><br \/>\nEmilio Isgr\u00f2: La prima Biennale di Venezia e gli anni settanta<\/b><br \/>\nNel 1972 <b>Emilio Isgr\u00f2<\/b> \u00e8 invitato alla Biennale d\u2019Arte di Venezia, dove sar\u00e0 ancora nel 1978, 1986 e 1993, mentre l&#8217;anno seguente viene prescelto da <b>Achille Bonito Oliva <\/b>a esporre con altri artisti di fama internazionale nella mostra <i>Contemporanea<\/i>, realizzata nel parcheggio sotterraneo di Villa Borghese a Roma Una nuova pubblicazione nel 1974, <i>L\u2019avventurosa vita di Emilio Isgr\u00f2<\/i> <i>nelle testimonianze di uomini di stato, scrittori, artisti, parlamentari, attori, parenti, familiari, amici, anonimi cittadini <\/i>(Il Formichiere), entrer\u00e0 nella rosa dei candidati al Premio Strega<br \/>\nIl 1976 \u00e8 l&#8217;anno della prima grande antologica al Centro Studi e Archivio della Comunicazione di Parma, mentre nel 1977 riceve il primo premio alla XIV Biennale d\u2019Arte di San Paolo del Brasile e pubblica\u00a0 il romanzo <i>Marta de Rogatiis Johnson <\/i>(Feltrinelli) Nel 1979 contaminando la propria arte con il linguaggio musicale, presenta alla Rotonda Besana di Milano Chopin, installazione-partitura per 15 pianoforti<\/p>\n<p><b>Emilio Isgr\u00f2: Dagli spettacoli della Valle del B\u00e8lice al romanzo Polifemo<\/b><br \/>\nAgli inizi degli anni ottanta <b>Emilio Isgr\u00f2 <\/b>d\u00e0 l\u2019avvio ai grandi spettacoli della Valle del B\u00e8lice con <i>Gibella del Martirio<\/i> Seguiranno <i>San Rocco legge la lista dei miracoli e degli orrori<\/i> e <i>L\u2019Orestea di Gibellina <\/i><br \/>\n1985 Anno Europeo della Musica: dal Teatro alla Scala riceve la commissione dell\u2019installazione multimediale <i>La veglia di Bach<\/i>, allestita nella chiesa milanese di San Carpoforo, mentre l&#8217;anno successivo al Museo Civico Archeologico di Bologna presenta l\u2019installazione <i>L\u2019ora italiana<\/i>, in memoria delle vittime della strage alla stazione ferroviaria<br \/>\nUn nuovo romanzo nel 1989, <i>Polifemo <\/i>(Mondadori), viene accolto dal pubblico e dalla critica come un avvenimento letterario<\/p>\n<p><b>Emilio Isgr\u00f2: Dalla nuova Teoria della cancellatura al grande Seme d&#8217;arancia<\/b><br \/>\n1990 Elabora una nuova <i>Teoria della cancellatura<\/i> (Fonte d\u2019Abisso); lo stesso anno viene\u00a0 invitato alla rassegna New Art from the Mediterranean and Japan al Museum of Modern Art di Toyama, cui far\u00e0 s\u00e8guito nel 1992 la mostra <i>The Artist and the Book in XX Century Italy,<\/i> organizzata dal Museum of Modern Art (MoMA) di New York Nel 1993 torna per la quarta volta alla Biennale di Venezia con una sala personale intitolata a<i> Guglielmo Tell<\/i> e un anno dopo, sempre a Venezia, la Peggy Guggenheim Collection lo include nell\u2019esposizione <i>I libri d\u2019artista italiani del Novecento<\/i> Alla pubblicazione del romanzo <i>L\u2019asta delle ceneri <\/i>(Camunia) del 1993, seguir\u00e0 tre anni dopo la raccolta<i> Oratorio dei ladri <\/i>(Mondadori) che celebra dopo trent&#8217;anni il ritorno alla poesia lineare<br \/>\n\u00c8 del 1998 il gigantesco <i>Seme d\u2019arancia <\/i>donato al paese natale, scultura simbolo di rinascita sociale ed economica dei popoli del Mediterraneo<\/p>\n<p><b>Emilio Isgr\u00f2: Il nuovo millennio<\/b><br \/>\nPer <b>Emilio Isgr\u00f2<\/b> gli anni duemila iniziano con l&#8217;installazione <i>La rotta dei Catalani,<\/i> realizzata per l\u2019antologica presso i<i> Cantieri Culturali della Zisa<\/i> a Palermo e con la mostra <i>Le api della Torah,<\/i> prodotta dallo Studio Guastalla\u00a0 nel 2001 in occasione della riapertura della casa editrice Salomone Belforte: Isgr\u00f2 inizia il ciclo degli insetti \u2013 formiche, api, farfalle &#8211; che come i filosofi trasportano e intrecciano i semi della conoscenza, concretizzato nel 2003 presso Studio Guastalla con la mostra <i>Insetti e filosofi<\/i><br \/>\nSempre nel 2001 nel complesso di Santa Maria dello Spasimo a Palermo tiene l\u2019antologica<i> Emilio Isgr\u00f2 1964-2000 <\/i>riscontrando un esito favorevole da parte del pubblico Finalista al Premio Strega e vincitore del Premio San Pellegrino il libro di poesie <i>Brindisi all\u2019amico infame <\/i>(Aragno), celebra nel 2002 un altro successo letterario da parte dell&#8217;artista Qualche tempo dopo con il titolo La cancellatura e altre soluzioni raccoglie in volume gli scritti pubblicati su quotidiani e riviste come corredo critico-teorico dell\u2019attivit\u00e0 creativa (Skira), mentre nel 2008 Il Centro per l\u2019Arte Contemporanea Luigi Pecci di Prato gli rende omaggio con una nuova antologica: <i>Dichiaro di essere Emilio Isgr\u00f2,<\/i> alla quale seguir\u00e0 l&#8217;anno successivo a Palazzo delle Stelline di Milano l\u2019ampia personale <i>Fratelli d\u2019Italia <\/i><br \/>\nPer le celebrazioni dell\u2019Unit\u00e0 nazionale, nel 2010, la Citt\u00e0 di Marsala propone Disobbedisco <i>Sbarco a Marsala <\/i>e <i>altre Sicilie2010,\u00a0<\/i> mostra che verr\u00e0 inaugurata alla presenza del Presidente della Repubblica Giorgio Napolitano Quasi in contemporanea si apre l&#8217;antologica Var Ve Yok presso la Sanat Galerisi di Istanbul (capitale europea della cultura di quell\u2019anno), mentre i quattordici Codici Ottomani vengono esposti alla Boghossian Foundation di Bruxelles<br \/>\nNel maggio del 2011 <b>Emilio Isgr\u00f2<\/b> \u00e8 chiamato a esporre i <i>Volumi della Costituzione <\/i>e la grande installazione <i>L\u2019Italia che dorme<\/i> (scultura in alluminio che rappresenta l\u2019Italia dormiente ricoperta di scarafaggi) alla Galleria d\u2019Arte Moderna di Roma, per le celebrazioni del 150\u00b0 dell\u2019Unit\u00e0 d\u2019Italia All\u2019Universit\u00e0 Bocconi di Milano inaugura l\u2019\u201copera pedagogica\u201d <i>Cancellazione del debito pubblico<\/i>, creata appositamente per gli studenti dell\u2019ateneo milanese, mentre nel mese di ottobre riceve il Premio Teocle per il teatro Lo stesso anno espone allo Studio Guastalla di Milano con la mostra <i>La cancellatura e altri particolari<\/i> (opere 1966-1993)<br \/>\nIl 2013 \u00e8 un nuovo anno di riconoscimenti: alla GNAM di Roma viene dedicata a <b>Emilio Isgr\u00f2<\/b> la mostra antologica<i> Modello Italia 2013-1964 <\/i>Nella stessa estate del 2013 viene allestita l&#8217;installazione Epigrafi nel Museo Archeologico Luigi Bernab\u00f2 Brea di Lipari e poco dopo a\u00a0 Radio3 viene nominato Artista dell&#8217;Anno L&#8217;11 gennaio 2014 si apre a Barcellona di Sicilia il <i>Cantiere del Seme d&#8217;Arancia <\/i>per il restauro dell&#8217;opera malconcia donata da <b>Emilio Isgr\u00f2 <\/b>anni prima alla citt\u00e0, mentre seguiranno le mostre <i>Maledetti toscani, benedetti italiani<\/i> a Prato e <i>L\u2019oro della Mirandola Cancellature per Giovanni Pico<\/i>, nelle sale di Palazzo Bondoni Pastorio, un\u2019antica dimora nobiliare di Castiglione delle Stiviere<br \/>\nNel 2015 crea il <i>Seme dell\u2019Altissimo<\/i>, una scultura in marmo di 7 metri d\u2019altezza, collocata all&#8217;interno dell&#8217;Expo di Milano<br \/>\nNel 2016 Palazzo Reale di Milano gli dedica un&#8217;ampia retrospettiva, mentre per Galleria d&#8217;Italia di Banca Intesa e Casa Natale di Alessandro Manzoni l&#8217;artista realizza opere appositamente dedicate<\/div>\n<p><button onclick=espandi_bio_artisti('it_IT') id='myBtn'>+ Leggi di pi\u00f9<\/button><\/p>\n","protected":false},"excerpt":{"rendered":"<p>BARCELLONA DI SICILIA (ME) 1937 Emilio Isgr\u00f2 (Barcellona di Sicilia, 1937) assieme a Lucio Fontana e a Piero Manzoni \u00e8 considerato uno dei grandi innovatori del linguaggio artistico italiano del secondo dopoguerra. 1956 Si trasferisce a Milano, dove tuttora vive e lavora. Fin dagli esordi accompagna la produzione artistica con l\u2019attivit\u00e0 di scrittore, poeta, drammaturgo, [&hellip;]<\/p>\n","protected":false},"author":11,"featured_media":16682,"comment_status":"closed","ping_status":"closed","sticky":false,"template":"","format":"standard","meta":{"_acf_changed":false,"_et_pb_use_builder":"on","_et_pb_old_content":"BARCELLONA DI SICILIA (ME) 1937\r\n\r\n<b>Emilio Isgr\u00f2<\/b> (Barcellona di Sicilia, 1937) assieme a <b>Lucio Fontana <\/b>e a<b> Piero Manzoni <\/b>\u00e8 considerato uno dei grandi innovatori del linguaggio artistico italiano del secondo dopoguerra.\r\n1956 Si trasferisce a Milano, dove tuttora vive e lavora. Fin dagli esordi accompagna la produzione artistica con l\u2019attivit\u00e0 di scrittore, poeta, drammaturgo, regista, performer, giornalista. Esordisce con la raccolta di poesie Fiere del Sud (<b>Arturo Schwarz<\/b>).\r\n\r\n<b>Emilio Isgr\u00f2: Gli anni sessanta<\/b>\r\n1964 Realizza le prime cancellature su enciclopedie e libri contribuendo in misura decisiva alla nascita e agli sviluppi della poesia visiva e dell\u2019arte concettuale e dando luogo nel tempo a una vera e propria arte cancellatoria i cui esiti, sempre sorprendenti per variet\u00e0 di forme e stili, sono stati accolti via via da importanti musei italiani e stranieri. Artista poliedrico, <b>Emilio Isgr\u00f2<\/b>, nel 1965, partecipa alla mostra <i>Poesie e no<\/i> nell\u2019ambito del<i> Festival del Gruppo 70 <\/i>e l'anno successivo, in occasione della personale alla Galleria Il Traghetto di Venezia, pubblica <i>Dichiarazione 1<\/i>, nella quale precisa la sua concezione di poesia come \u201carte generale del segno\u201d e pubblica il libro di poesie <i>L\u2019et\u00e0 della ginnastica <\/i>(Mondadori).\r\nNel 1969 decide inoltre di applicare le cancellature anche al cinema: progetta <i>La jena pi\u00f9 ne ha e pi\u00f9 ne vuole<\/i>, una pellicola quasi completamente nera tranne qualche secondo di immagini. Nonostante il progetto non andr\u00e0 mai in porto, \u201ccancellato dai produttori spaventati\u201d dice sorridendo l\u2019artista, verr\u00e0 dedicato un servizio con foto in prima pagina dal londinese Daily Mirror .\r\n<b>\r\nEmilio Isgr\u00f2: La prima Biennale di Venezia e gli anni settanta<\/b>\r\nNel 1972 <b>Emilio Isgr\u00f2<\/b> \u00e8 invitato alla Biennale d\u2019Arte di Venezia, dove sar\u00e0 ancora nel 1978, 1986 e 1993, mentre l'anno seguente viene prescelto da <b>Achille Bonito Oliva <\/b>a esporre con altri artisti di fama internazionale nella mostra <i>Contemporanea<\/i>, realizzata nel parcheggio sotterraneo di Villa Borghese a Roma. Una nuova pubblicazione nel 1974, <i>L\u2019avventurosa vita di Emilio Isgr\u00f2<\/i> <i>nelle testimonianze di uomini di stato, scrittori, artisti, parlamentari, attori, parenti, familiari, amici, anonimi cittadini <\/i>(Il Formichiere), entrer\u00e0 nella rosa dei candidati al Premio Strega.\r\nIl 1976 \u00e8 l'anno della prima grande antologica al Centro Studi e Archivio della Comunicazione di Parma, mentre nel 1977 riceve il primo premio alla XIV Biennale d\u2019Arte di San Paolo del Brasile e pubblica\u00a0 il romanzo <i>Marta de Rogatiis Johnson <\/i>(Feltrinelli). Nel 1979 contaminando la propria arte con il linguaggio musicale, presenta alla Rotonda Besana di Milano Chopin, installazione-partitura per 15 pianoforti.\r\n\r\n<b>Emilio Isgr\u00f2: Dagli spettacoli della Valle del B\u00e8lice al romanzo Polifemo<\/b>\r\nAgli inizi degli anni ottanta <b>Emilio Isgr\u00f2 <\/b>d\u00e0 l\u2019avvio ai grandi spettacoli della Valle del B\u00e8lice con <i>Gibella del Martirio<\/i>. Seguiranno <i>San Rocco legge la lista dei miracoli e degli orrori<\/i> e <i>L\u2019Orestea di Gibellina. <\/i>\r\n1985 Anno Europeo della Musica: dal Teatro alla Scala riceve la commissione dell\u2019installazione multimediale <i>La veglia di Bach<\/i>, allestita nella chiesa milanese di San Carpoforo, mentre l'anno successivo al Museo Civico Archeologico di Bologna presenta l\u2019installazione <i>L\u2019ora italiana<\/i>, in memoria delle vittime della strage alla stazione ferroviaria.\r\nUn nuovo romanzo nel 1989, <i>Polifemo <\/i>(Mondadori), viene accolto dal pubblico e dalla critica come un avvenimento letterario.\r\n\r\n<b>Emilio Isgr\u00f2: Dalla nuova Teoria della cancellatura al grande Seme d'arancia<\/b>\r\n1990 Elabora una nuova <i>Teoria della cancellatura<\/i> (Fonte d\u2019Abisso); lo stesso anno viene\u00a0 invitato alla rassegna New Art from the Mediterranean and Japan al Museum of Modern Art di Toyama, cui far\u00e0 s\u00e8guito nel 1992 la mostra <i>The Artist and the Book in XX Century Italy,<\/i> organizzata dal Museum of Modern Art (MoMA) di New York. Nel 1993 torna per la quarta volta alla Biennale di Venezia con una sala personale intitolata a<i> Guglielmo Tell<\/i> e un anno dopo, sempre a Venezia, la Peggy Guggenheim Collection lo include nell\u2019esposizione <i>I libri d\u2019artista italiani del Novecento<\/i>. Alla pubblicazione del romanzo <i>L\u2019asta delle ceneri <\/i>(Camunia) del 1993, seguir\u00e0 tre anni dopo la raccolta<i> Oratorio dei ladri <\/i>(Mondadori) che celebra dopo trent'anni il ritorno alla poesia lineare.\r\n\u00c8 del 1998 il gigantesco <i>Seme d\u2019arancia <\/i>donato al paese natale, scultura simbolo di rinascita sociale ed economica dei popoli del Mediterraneo.\r\n\r\n<b>Emilio Isgr\u00f2: Il nuovo millennio<\/b>\r\nPer <b>Emilio Isgr\u00f2<\/b> gli anni duemila iniziano con l'installazione <i>La rotta dei Catalani,<\/i> realizzata per l\u2019antologica presso i<i> Cantieri Culturali della Zisa<\/i> a Palermo e con la mostra <i>Le api della Torah,<\/i> prodotta dallo Studio Guastalla\u00a0 nel 2001 in occasione della riapertura della casa editrice Salomone Belforte: Isgr\u00f2 inizia il ciclo degli insetti \u2013 formiche, api, farfalle - che come i filosofi trasportano e intrecciano i semi della conoscenza, concretizzato nel 2003 presso Studio Guastalla con la mostra <i>Insetti e filosofi.<\/i>\r\nSempre nel 2001 nel complesso di Santa Maria dello Spasimo a Palermo tiene l\u2019antologica<i> Emilio Isgr\u00f2 1964-2000 <\/i>riscontrando un esito favorevole da parte del pubblico. Finalista al Premio Strega e vincitore del Premio San Pellegrino il libro di poesie <i>Brindisi all\u2019amico infame <\/i>(Aragno), celebra nel 2002 un altro successo letterario da parte dell'artista. Qualche tempo dopo con il titolo La cancellatura e altre soluzioni raccoglie in volume gli scritti pubblicati su quotidiani e riviste come corredo critico-teorico dell\u2019attivit\u00e0 creativa (Skira), mentre nel 2008 Il Centro per l\u2019Arte Contemporanea Luigi Pecci di Prato gli rende omaggio con una nuova antologica: <i>Dichiaro di essere Emilio Isgr\u00f2,<\/i> alla quale seguir\u00e0 l'anno successivo a Palazzo delle Stelline di Milano l\u2019ampia personale <i>Fratelli d\u2019Italia. <\/i>\r\nPer le celebrazioni dell\u2019Unit\u00e0 nazionale, nel 2010, la Citt\u00e0 di Marsala propone Disobbedisco. <i>Sbarco a Marsala <\/i>e <i>altre Sicilie2010,\u00a0<\/i> mostra che verr\u00e0 inaugurata alla presenza del Presidente della Repubblica Giorgio Napolitano. Quasi in contemporanea si apre l'antologica Var Ve Yok presso la Sanat Galerisi di Istanbul (capitale europea della cultura di quell\u2019anno), mentre i quattordici Codici Ottomani vengono esposti alla Boghossian Foundation di Bruxelles.\r\nNel maggio del 2011 <b>Emilio Isgr\u00f2<\/b> \u00e8 chiamato a esporre i <i>Volumi della Costituzione <\/i>e la grande installazione <i>L\u2019Italia che dorme<\/i> (scultura in alluminio che rappresenta l\u2019Italia dormiente ricoperta di scarafaggi) alla Galleria d\u2019Arte Moderna di Roma, per le celebrazioni del 150\u00b0 dell\u2019Unit\u00e0 d\u2019Italia. All\u2019Universit\u00e0 Bocconi di Milano inaugura l\u2019\u201copera pedagogica\u201d <i>Cancellazione del debito pubblico<\/i>, creata appositamente per gli studenti dell\u2019ateneo milanese, mentre nel mese di ottobre riceve il Premio Teocle per il teatro. Lo stesso anno espone allo Studio Guastalla di Milano con la mostra <i>La cancellatura e altri particolari<\/i> (opere 1966-1993) .\r\nIl 2013 \u00e8 un nuovo anno di riconoscimenti: alla GNAM di Roma viene dedicata a <b>Emilio Isgr\u00f2<\/b> la mostra antologica<i> Modello Italia 2013-1964. <\/i>Nella stessa estate del 2013 viene allestita l'installazione Epigrafi nel Museo Archeologico Luigi Bernab\u00f2 Brea di Lipari e poco dopo a\u00a0 Radio3 viene nominato Artista dell'Anno. L'11 gennaio 2014 si apre a Barcellona di Sicilia il <i>Cantiere del Seme d'Arancia <\/i>per il restauro dell'opera malconcia donata da <b>Emilio Isgr\u00f2 <\/b>anni prima alla citt\u00e0, mentre seguiranno le mostre <i>Maledetti toscani, benedetti italiani<\/i> a Prato e <i>L\u2019oro della Mirandola. Cancellature per Giovanni Pico<\/i>, nelle sale di Palazzo Bondoni Pastorio, un\u2019antica dimora nobiliare di Castiglione delle Stiviere.\r\nNel 2015 crea il <i>Seme dell\u2019Altissimo<\/i>, una scultura in marmo di 7 metri d\u2019altezza, collocata all'interno dell'Expo di Milano.\r\nNel 2016 Palazzo Reale di Milano gli dedica un'ampia retrospettiva, mentre per Galleria d'Italia di Banca Intesa e Casa Natale di Alessandro Manzoni l'artista realizza opere appositamente dedicate.","_et_gb_content_width":"","footnotes":""},"categories":[481,11],"tags":[95,91,49,509,454,559,589,97,94,98,96,89,93,92,48,437,513,483,561,595,460,57,374,87,587,402,555],"class_list":["post-8133","post","type-post","status-publish","format-standard","has-post-thumbnail","hentry","category-artisti-evidenza","category-artisti","tag-animalia","tag-arte-fiera-bologna-2018","tag-arte-fiera-bologna-2019","tag-artefiera-2024","tag-baf2021","tag-bologna-2025","tag-bologna-2026","tag-emilio-isgro-insetti-e-filosofi","tag-emilio-isgro-la-cancellatura-e-altri-particolari-opere-1966-1993","tag-emilio-isgro-la-cancellatura-e-altri-particolari-1966-1993","tag-food","tag-isgro-emilio","tag-la-lune-en-rodage","tag-miart-2017","tag-miart-2019","tag-miart2021","tag-miart-2024","tag-miart-2023","tag-miart-2025","tag-miart-2026","tag-miart2022","tag-minimalia","tag-monochrome","tag-mostre-gallery","tag-novdic25-mostra","tag-selected-works","tag-selected-works-2"],"acf":[],"yoast_head":"<!-- This site is optimized with the Yoast SEO plugin v28.4 - https:\/\/yoast.com\/product\/yoast-seo-wordpress\/ -->\n<title>Emilio Isgr\u00f2: biografia, opere, mostre - Studio Guastalla<\/title>\n<meta name=\"description\" content=\"Scopri la biografia, le opere e le mostre dell&#039;artista Emilio Isgr\u00f2 presso lo Studio Guastalla Arte Moderna e Contemporanea a Milano\" \/>\n<meta name=\"robots\" content=\"index, follow, max-snippet:-1, max-image-preview:large, max-video-preview:-1\" \/>\n<link rel=\"canonical\" href=\"https:\/\/www.guastalla.com\/it\/artisti\/isgro-emilio\/\" \/>\n<meta property=\"og:locale\" content=\"it_IT\" \/>\n<meta property=\"og:type\" content=\"article\" \/>\n<meta property=\"og:title\" content=\"Emilio Isgr\u00f2: biografia, opere, mostre - Studio Guastalla\" \/>\n<meta property=\"og:description\" content=\"Scopri la biografia, le opere e le mostre dell&#039;artista Emilio Isgr\u00f2 presso lo Studio Guastalla Arte Moderna e Contemporanea a Milano\" \/>\n<meta property=\"og:url\" content=\"https:\/\/www.guastalla.com\/it\/artisti\/isgro-emilio\/\" \/>\n<meta property=\"og:site_name\" content=\"Studio Guastalla\" \/>\n<meta property=\"article:published_time\" content=\"2021-05-18T13:46:48+00:00\" \/>\n<meta property=\"article:modified_time\" content=\"2026-08-24T08:49:15+00:00\" \/>\n<meta property=\"og:image\" content=\"https:\/\/www.guastalla.com\/wp-content\/uploads\/2024\/11\/emilio-isgro-protocollo-china-su-carta-intelata-cm-97x68-1975-ar-727x1024.jpg\" \/>\n\t<meta property=\"og:image:width\" content=\"727\" \/>\n\t<meta property=\"og:image:height\" content=\"1024\" \/>\n\t<meta property=\"og:image:type\" content=\"image\/jpeg\" \/>\n<meta name=\"author\" content=\"Erica Toffoletto\" \/>\n<meta name=\"twitter:card\" content=\"summary_large_image\" \/>\n<meta name=\"twitter:label1\" content=\"Scritto da\" \/>\n\t<meta name=\"twitter:data1\" content=\"Erica Toffoletto\" \/>\n\t<meta name=\"twitter:label2\" content=\"Tempo di lettura stimato\" \/>\n\t<meta name=\"twitter:data2\" content=\"6 minuti\" \/>\n<script type=\"application\/ld+json\" class=\"yoast-schema-graph\">{\"@context\":\"https:\\\/\\\/schema.org\",\"@graph\":[{\"@type\":\"Article\",\"@id\":\"https:\\\/\\\/www.guastalla.com\\\/it\\\/artisti\\\/isgro-emilio\\\/#article\",\"isPartOf\":{\"@id\":\"https:\\\/\\\/www.guastalla.com\\\/it\\\/artisti\\\/isgro-emilio\\\/\"},\"author\":{\"name\":\"Erica Toffoletto\",\"@id\":\"https:\\\/\\\/www.guastalla.com\\\/it\\\/#\\\/schema\\\/person\\\/1585d08759466444a5233722aa3a2197\"},\"headline\":\"Isgr\u00f2 Emilio\",\"datePublished\":\"2021-05-18T13:46:48+00:00\",\"dateModified\":\"2026-08-24T08:49:15+00:00\",\"mainEntityOfPage\":{\"@id\":\"https:\\\/\\\/www.guastalla.com\\\/it\\\/artisti\\\/isgro-emilio\\\/\"},\"wordCount\":1241,\"image\":{\"@id\":\"https:\\\/\\\/www.guastalla.com\\\/it\\\/artisti\\\/isgro-emilio\\\/#primaryimage\"},\"thumbnailUrl\":\"https:\\\/\\\/www.guastalla.com\\\/wp-content\\\/uploads\\\/2024\\\/11\\\/emilio-isgro-protocollo-china-su-carta-intelata-cm-97x68-1975-ar-scaled.jpg\",\"keywords\":[\"ANIMALIA\",\"Arte Fiera Bologna 2018\",\"Arte Fiera Bologna 2019\",\"artefiera 2024\",\"baf2021\",\"Bologna-2025\",\"bologna-2026\",\"Emilio Isgr\u00f2 - INSETTI E FILOSOFI\",\"Emilio Isgr\u00f2 - LA CANCELLATURA E ALTRI PARTICOLARI. OPERE 1966-1993\",\"EMILIO ISGR\u00d2 La cancellatura e altri particolari. 1966-1993\",\"FOOD\",\"isgr\u00d2-emilio\",\"LA LUNE EN RODAGE\",\"MIART 2017\",\"Miart 2019\",\"Miart 2021\",\"miart 2024\",\"miart-2023\",\"miart-2025\",\"miart-2026\",\"miart2022\",\"MINIMALIA\",\"monochrome\",\"mostre-gallery\",\"novdic25-mostra\",\"selected-works\",\"selected-works-2\"],\"articleSection\":[\"Artisti in evidenza\",\"Artisti\"],\"inLanguage\":\"it-IT\"},{\"@type\":\"WebPage\",\"@id\":\"https:\\\/\\\/www.guastalla.com\\\/it\\\/artisti\\\/isgro-emilio\\\/\",\"url\":\"https:\\\/\\\/www.guastalla.com\\\/it\\\/artisti\\\/isgro-emilio\\\/\",\"name\":\"Emilio Isgr\u00f2: biografia, opere, mostre - Studio Guastalla\",\"isPartOf\":{\"@id\":\"https:\\\/\\\/www.guastalla.com\\\/it\\\/#website\"},\"primaryImageOfPage\":{\"@id\":\"https:\\\/\\\/www.guastalla.com\\\/it\\\/artisti\\\/isgro-emilio\\\/#primaryimage\"},\"image\":{\"@id\":\"https:\\\/\\\/www.guastalla.com\\\/it\\\/artisti\\\/isgro-emilio\\\/#primaryimage\"},\"thumbnailUrl\":\"https:\\\/\\\/www.guastalla.com\\\/wp-content\\\/uploads\\\/2024\\\/11\\\/emilio-isgro-protocollo-china-su-carta-intelata-cm-97x68-1975-ar-scaled.jpg\",\"datePublished\":\"2021-05-18T13:46:48+00:00\",\"dateModified\":\"2026-08-24T08:49:15+00:00\",\"author\":{\"@id\":\"https:\\\/\\\/www.guastalla.com\\\/it\\\/#\\\/schema\\\/person\\\/1585d08759466444a5233722aa3a2197\"},\"description\":\"Scopri la biografia, le opere e le mostre dell'artista Emilio Isgr\u00f2 presso lo Studio Guastalla Arte Moderna e Contemporanea a Milano\",\"breadcrumb\":{\"@id\":\"https:\\\/\\\/www.guastalla.com\\\/it\\\/artisti\\\/isgro-emilio\\\/#breadcrumb\"},\"inLanguage\":\"it-IT\",\"potentialAction\":[{\"@type\":\"ReadAction\",\"target\":[\"https:\\\/\\\/www.guastalla.com\\\/it\\\/artisti\\\/isgro-emilio\\\/\"]}]},{\"@type\":\"ImageObject\",\"inLanguage\":\"it-IT\",\"@id\":\"https:\\\/\\\/www.guastalla.com\\\/it\\\/artisti\\\/isgro-emilio\\\/#primaryimage\",\"url\":\"https:\\\/\\\/www.guastalla.com\\\/wp-content\\\/uploads\\\/2024\\\/11\\\/emilio-isgro-protocollo-china-su-carta-intelata-cm-97x68-1975-ar-scaled.jpg\",\"contentUrl\":\"https:\\\/\\\/www.guastalla.com\\\/wp-content\\\/uploads\\\/2024\\\/11\\\/emilio-isgro-protocollo-china-su-carta-intelata-cm-97x68-1975-ar-scaled.jpg\",\"width\":1817,\"height\":2560},{\"@type\":\"BreadcrumbList\",\"@id\":\"https:\\\/\\\/www.guastalla.com\\\/it\\\/artisti\\\/isgro-emilio\\\/#breadcrumb\",\"itemListElement\":[{\"@type\":\"ListItem\",\"position\":1,\"name\":\"Home\",\"item\":\"https:\\\/\\\/www.guastalla.com\\\/it\\\/\"},{\"@type\":\"ListItem\",\"position\":2,\"name\":\"Isgr\u00f2 Emilio\"}]},{\"@type\":\"WebSite\",\"@id\":\"https:\\\/\\\/www.guastalla.com\\\/it\\\/#website\",\"url\":\"https:\\\/\\\/www.guastalla.com\\\/it\\\/\",\"name\":\"Studio Guastalla\",\"description\":\"Galleria Arte Moderna e Contemporanea\",\"potentialAction\":[{\"@type\":\"SearchAction\",\"target\":{\"@type\":\"EntryPoint\",\"urlTemplate\":\"https:\\\/\\\/www.guastalla.com\\\/it\\\/?s={search_term_string}\"},\"query-input\":{\"@type\":\"PropertyValueSpecification\",\"valueRequired\":true,\"valueName\":\"search_term_string\"}}],\"inLanguage\":\"it-IT\"},{\"@type\":\"Person\",\"@id\":\"https:\\\/\\\/www.guastalla.com\\\/it\\\/#\\\/schema\\\/person\\\/1585d08759466444a5233722aa3a2197\",\"name\":\"Erica Toffoletto\",\"image\":{\"@type\":\"ImageObject\",\"inLanguage\":\"it-IT\",\"@id\":\"https:\\\/\\\/secure.gravatar.com\\\/avatar\\\/da1d7bc05ba1780f895f17c4c8bdd3fafb0b6e9908ef655c70a3578a94b36dab?s=96&d=mm&r=g\",\"url\":\"https:\\\/\\\/secure.gravatar.com\\\/avatar\\\/da1d7bc05ba1780f895f17c4c8bdd3fafb0b6e9908ef655c70a3578a94b36dab?s=96&d=mm&r=g\",\"contentUrl\":\"https:\\\/\\\/secure.gravatar.com\\\/avatar\\\/da1d7bc05ba1780f895f17c4c8bdd3fafb0b6e9908ef655c70a3578a94b36dab?s=96&d=mm&r=g\",\"caption\":\"Erica Toffoletto\"},\"url\":\"https:\\\/\\\/www.guastalla.com\\\/it\\\/author\\\/erica\\\/\"}]}<\/script>\n<!-- \/ Yoast SEO plugin. -->","yoast_head_json":{"title":"Emilio Isgr\u00f2: biografia, opere, mostre - Studio Guastalla","description":"Scopri la biografia, le opere e le mostre dell'artista Emilio Isgr\u00f2 presso lo Studio Guastalla Arte Moderna e Contemporanea a Milano","robots":{"index":"index","follow":"follow","max-snippet":"max-snippet:-1","max-image-preview":"max-image-preview:large","max-video-preview":"max-video-preview:-1"},"canonical":"https:\/\/www.guastalla.com\/it\/artisti\/isgro-emilio\/","og_locale":"it_IT","og_type":"article","og_title":"Emilio Isgr\u00f2: biografia, opere, mostre - Studio Guastalla","og_description":"Scopri la biografia, le opere e le mostre dell'artista Emilio Isgr\u00f2 presso lo Studio Guastalla Arte Moderna e Contemporanea a Milano","og_url":"https:\/\/www.guastalla.com\/it\/artisti\/isgro-emilio\/","og_site_name":"Studio Guastalla","article_published_time":"2021-05-18T13:46:48+00:00","article_modified_time":"2026-08-24T08:49:15+00:00","og_image":[{"width":727,"height":1024,"url":"https:\/\/www.guastalla.com\/wp-content\/uploads\/2024\/11\/emilio-isgro-protocollo-china-su-carta-intelata-cm-97x68-1975-ar-727x1024.jpg","type":"image\/jpeg"}],"author":"Erica Toffoletto","twitter_card":"summary_large_image","twitter_misc":{"Scritto da":"Erica Toffoletto","Tempo di lettura stimato":"6 minuti"},"schema":{"@context":"https:\/\/schema.org","@graph":[{"@type":"Article","@id":"https:\/\/www.guastalla.com\/it\/artisti\/isgro-emilio\/#article","isPartOf":{"@id":"https:\/\/www.guastalla.com\/it\/artisti\/isgro-emilio\/"},"author":{"name":"Erica Toffoletto","@id":"https:\/\/www.guastalla.com\/it\/#\/schema\/person\/1585d08759466444a5233722aa3a2197"},"headline":"Isgr\u00f2 Emilio","datePublished":"2021-05-18T13:46:48+00:00","dateModified":"2026-08-24T08:49:15+00:00","mainEntityOfPage":{"@id":"https:\/\/www.guastalla.com\/it\/artisti\/isgro-emilio\/"},"wordCount":1241,"image":{"@id":"https:\/\/www.guastalla.com\/it\/artisti\/isgro-emilio\/#primaryimage"},"thumbnailUrl":"https:\/\/www.guastalla.com\/wp-content\/uploads\/2024\/11\/emilio-isgro-protocollo-china-su-carta-intelata-cm-97x68-1975-ar-scaled.jpg","keywords":["ANIMALIA","Arte Fiera Bologna 2018","Arte Fiera Bologna 2019","artefiera 2024","baf2021","Bologna-2025","bologna-2026","Emilio Isgr\u00f2 - INSETTI E FILOSOFI","Emilio Isgr\u00f2 - LA CANCELLATURA E ALTRI PARTICOLARI. OPERE 1966-1993","EMILIO ISGR\u00d2 La cancellatura e altri particolari. 1966-1993","FOOD","isgr\u00d2-emilio","LA LUNE EN RODAGE","MIART 2017","Miart 2019","Miart 2021","miart 2024","miart-2023","miart-2025","miart-2026","miart2022","MINIMALIA","monochrome","mostre-gallery","novdic25-mostra","selected-works","selected-works-2"],"articleSection":["Artisti in evidenza","Artisti"],"inLanguage":"it-IT"},{"@type":"WebPage","@id":"https:\/\/www.guastalla.com\/it\/artisti\/isgro-emilio\/","url":"https:\/\/www.guastalla.com\/it\/artisti\/isgro-emilio\/","name":"Emilio Isgr\u00f2: biografia, opere, mostre - Studio Guastalla","isPartOf":{"@id":"https:\/\/www.guastalla.com\/it\/#website"},"primaryImageOfPage":{"@id":"https:\/\/www.guastalla.com\/it\/artisti\/isgro-emilio\/#primaryimage"},"image":{"@id":"https:\/\/www.guastalla.com\/it\/artisti\/isgro-emilio\/#primaryimage"},"thumbnailUrl":"https:\/\/www.guastalla.com\/wp-content\/uploads\/2024\/11\/emilio-isgro-protocollo-china-su-carta-intelata-cm-97x68-1975-ar-scaled.jpg","datePublished":"2021-05-18T13:46:48+00:00","dateModified":"2026-08-24T08:49:15+00:00","author":{"@id":"https:\/\/www.guastalla.com\/it\/#\/schema\/person\/1585d08759466444a5233722aa3a2197"},"description":"Scopri la biografia, le opere e le mostre dell'artista Emilio Isgr\u00f2 presso lo Studio Guastalla Arte Moderna e Contemporanea a Milano","breadcrumb":{"@id":"https:\/\/www.guastalla.com\/it\/artisti\/isgro-emilio\/#breadcrumb"},"inLanguage":"it-IT","potentialAction":[{"@type":"ReadAction","target":["https:\/\/www.guastalla.com\/it\/artisti\/isgro-emilio\/"]}]},{"@type":"ImageObject","inLanguage":"it-IT","@id":"https:\/\/www.guastalla.com\/it\/artisti\/isgro-emilio\/#primaryimage","url":"https:\/\/www.guastalla.com\/wp-content\/uploads\/2024\/11\/emilio-isgro-protocollo-china-su-carta-intelata-cm-97x68-1975-ar-scaled.jpg","contentUrl":"https:\/\/www.guastalla.com\/wp-content\/uploads\/2024\/11\/emilio-isgro-protocollo-china-su-carta-intelata-cm-97x68-1975-ar-scaled.jpg","width":1817,"height":2560},{"@type":"BreadcrumbList","@id":"https:\/\/www.guastalla.com\/it\/artisti\/isgro-emilio\/#breadcrumb","itemListElement":[{"@type":"ListItem","position":1,"name":"Home","item":"https:\/\/www.guastalla.com\/it\/"},{"@type":"ListItem","position":2,"name":"Isgr\u00f2 Emilio"}]},{"@type":"WebSite","@id":"https:\/\/www.guastalla.com\/it\/#website","url":"https:\/\/www.guastalla.com\/it\/","name":"Studio Guastalla","description":"Galleria Arte Moderna e Contemporanea","potentialAction":[{"@type":"SearchAction","target":{"@type":"EntryPoint","urlTemplate":"https:\/\/www.guastalla.com\/it\/?s={search_term_string}"},"query-input":{"@type":"PropertyValueSpecification","valueRequired":true,"valueName":"search_term_string"}}],"inLanguage":"it-IT"},{"@type":"Person","@id":"https:\/\/www.guastalla.com\/it\/#\/schema\/person\/1585d08759466444a5233722aa3a2197","name":"Erica Toffoletto","image":{"@type":"ImageObject","inLanguage":"it-IT","@id":"https:\/\/secure.gravatar.com\/avatar\/da1d7bc05ba1780f895f17c4c8bdd3fafb0b6e9908ef655c70a3578a94b36dab?s=96&d=mm&r=g","url":"https:\/\/secure.gravatar.com\/avatar\/da1d7bc05ba1780f895f17c4c8bdd3fafb0b6e9908ef655c70a3578a94b36dab?s=96&d=mm&r=g","contentUrl":"https:\/\/secure.gravatar.com\/avatar\/da1d7bc05ba1780f895f17c4c8bdd3fafb0b6e9908ef655c70a3578a94b36dab?s=96&d=mm&r=g","caption":"Erica Toffoletto"},"url":"https:\/\/www.guastalla.com\/it\/author\/erica\/"}]}},"_links":{"self":[{"href":"https:\/\/www.guastalla.com\/it\/wp-json\/wp\/v2\/posts\/8133","targetHints":{"allow":["GET"]}}],"collection":[{"href":"https:\/\/www.guastalla.com\/it\/wp-json\/wp\/v2\/posts"}],"about":[{"href":"https:\/\/www.guastalla.com\/it\/wp-json\/wp\/v2\/types\/post"}],"author":[{"embeddable":true,"href":"https:\/\/www.guastalla.com\/it\/wp-json\/wp\/v2\/users\/11"}],"replies":[{"embeddable":true,"href":"https:\/\/www.guastalla.com\/it\/wp-json\/wp\/v2\/comments?post=8133"}],"version-history":[{"count":42,"href":"https:\/\/www.guastalla.com\/it\/wp-json\/wp\/v2\/posts\/8133\/revisions"}],"predecessor-version":[{"id":20572,"href":"https:\/\/www.guastalla.com\/it\/wp-json\/wp\/v2\/posts\/8133\/revisions\/20572"}],"wp:featuredmedia":[{"embeddable":true,"href":"https:\/\/www.guastalla.com\/it\/wp-json\/wp\/v2\/media\/16682"}],"wp:attachment":[{"href":"https:\/\/www.guastalla.com\/it\/wp-json\/wp\/v2\/media?parent=8133"}],"wp:term":[{"taxonomy":"category","embeddable":true,"href":"https:\/\/www.guastalla.com\/it\/wp-json\/wp\/v2\/categories?post=8133"},{"taxonomy":"post_tag","embeddable":true,"href":"https:\/\/www.guastalla.com\/it\/wp-json\/wp\/v2\/tags?post=8133"}],"curies":[{"name":"wp","href":"https:\/\/api.w.org\/{rel}","templated":true}]}}