{"id":8035,"date":"2021-05-18T15:46:41","date_gmt":"2021-05-18T13:46:41","guid":{"rendered":"https:\/\/www.guastalla.com\/non-categorizzato\/giacomelli-presa-di-coscienza-sulla-natura-6\/"},"modified":"2025-05-06T18:49:05","modified_gmt":"2025-05-06T16:49:05","slug":"giacomelli-presa-di-coscienza-sulla-natura-6","status":"publish","type":"post","link":"https:\/\/www.guastalla.com\/it\/opere\/giacomelli-presa-di-coscienza-sulla-natura-6\/","title":{"rendered":"Giacomelli &#8211; Presa di coscienza sulla natura 6"},"content":{"rendered":"<p>Stampa alla gelatina dei sali d\u2019argento<br \/>\ncm 30.5&#215;40.4<br \/>\n1962<\/p>\n<p>NOTE:<br \/>\nFirmato a penna su retro.<\/p>\n<p>PUBBLICAZIONI:<br \/>\nG. G. Negri, <em>Storie di terra. Mario Giacomelli<\/em>, Milano, 1992, ill. pag. 99.<\/p>\n<p>ESPOSIZIONI:<br \/>\n2016, Milano, <em>Mario Giacomelli e la terra veniva come magica<\/em>, Studio Guastalla Arte Moderna e Contemporanea.<\/p>\n<p><b>Terra magica<\/b><br \/>\nPer me, non importa il paese, il luogo che \u00e8 rappresentato, ma l&#8217;emozione, il contatto che c&#8217;\u00e8, che si crea tra me e la terra. Quindi \u00e8 la terra che \u00e8 importante pi\u00f9 che il paesaggio di per s\u00e9. Naturalmente queste sensazioni nascono dal paesaggio, dalla sua costruzione, dai bianchi e dai neri che io vi leggo. Ma nascono anche perch\u00e9 conosco chi fa terra, chi lavora, e so il contatto che si crea tra la terra e il contadino.<br \/>\nNelle foto di terra di Giacomelli, in particolare nel ciclo Presa di coscienza sulla natura, come questa presentata da Studio Guastalla, i protagonisti sono i segni lasciati dall&#8217;uomo, i solchi che il contadino traccia sulla terra &#8211; e che spesso l\u2019artista stesso chiede di tracciare secondo un suo disegno mentale &#8211; le impronte che sono come rughe, come ferite. Che rendono la terra come magica. Per questo la terra \u00e8 vista come le pieghe della mano del contadino, del lavoratore: la terra \u00e8 i segni del contadino. Non \u00e8 facile da spiegare, questo che sento, anzi non vorrei mai farlo. La terra sempre ha degli squarci, delle aperture. \u00c8 come il costato di Cristo, la terra ha lo stesso taglio la stessa ferita.<br \/>\nAttraverso i segni tracciati sulla terra si percepisce il mutare del paesaggio, lo scorrere incessante del tempo, i cambiamenti. \u00c8 l&#8217;angoscia dell&#8217;artista, il suo senso tragico che emerge nei violenti contrasti, in cui i grigi scompaiono mentre il bianco abbagliante cancella tutto ci\u00f2 che non serve e il nero \u00e8 un buco dove ci sono i problemi che cadono dentro un vuoto che io continuo a fotografare.<\/p>\n<p>&nbsp;<\/p>\n<p>&nbsp;<\/p>\n<p>&nbsp;<\/p>\n","protected":false},"excerpt":{"rendered":"<p>Stampa alla gelatina dei sali d\u2019argento cm 30.5&#215;40.4 1962 NOTE: Firmato a penna su retro. PUBBLICAZIONI: G. G. Negri, Storie di terra. Mario Giacomelli, Milano, 1992, ill. pag. 99. ESPOSIZIONI: 2016, Milano, Mario Giacomelli e la terra veniva come magica, Studio Guastalla Arte Moderna e Contemporanea. Terra magica Per me, non importa il paese, il [&hellip;]<\/p>\n","protected":false},"author":11,"featured_media":1188,"comment_status":"closed","ping_status":"closed","sticky":false,"template":"","format":"standard","meta":{"_acf_changed":false,"_et_pb_use_builder":"","_et_pb_old_content":"","_et_gb_content_width":"","footnotes":""},"categories":[12],"tags":[141],"class_list":["post-8035","post","type-post","status-publish","format-standard","has-post-thumbnail","hentry","category-opere","tag-giacomelli-mario"],"acf":[],"yoast_head":"<!-- This site is optimized with the Yoast SEO plugin v28.4 - https:\/\/yoast.com\/product\/yoast-seo-wordpress\/ -->\n<title>Giacomelli - Presa di coscienza sulla natura 6 - Studio Guastalla<\/title>\n<meta name=\"robots\" content=\"index, follow, max-snippet:-1, max-image-preview:large, max-video-preview:-1\" \/>\n<link rel=\"canonical\" href=\"https:\/\/www.guastalla.com\/it\/opere\/giacomelli-presa-di-coscienza-sulla-natura-6\/\" \/>\n<meta property=\"og:locale\" content=\"it_IT\" \/>\n<meta property=\"og:type\" content=\"article\" \/>\n<meta property=\"og:title\" content=\"Giacomelli - Presa di coscienza sulla natura 6 - Studio Guastalla\" \/>\n<meta property=\"og:description\" content=\"Stampa alla gelatina dei sali d\u2019argento cm 30.5&#215;40.4 1962 NOTE: Firmato a penna su retro. PUBBLICAZIONI: G. G. Negri, Storie di terra. Mario Giacomelli, Milano, 1992, ill. pag. 99. ESPOSIZIONI: 2016, Milano, Mario Giacomelli e la terra veniva come magica, Studio Guastalla Arte Moderna e Contemporanea. Terra magica Per me, non importa il paese, il [&hellip;]\" \/>\n<meta property=\"og:url\" content=\"https:\/\/www.guastalla.com\/it\/opere\/giacomelli-presa-di-coscienza-sulla-natura-6\/\" \/>\n<meta property=\"og:site_name\" content=\"Studio Guastalla\" \/>\n<meta property=\"article:published_time\" content=\"2021-05-18T13:46:41+00:00\" \/>\n<meta property=\"article:modified_time\" content=\"2025-05-06T16:49:05+00:00\" \/>\n<meta property=\"og:image\" content=\"https:\/\/www.guastalla.com\/wp-content\/uploads\/2021\/04\/Giacomelli-Presa-di-coscienza-sulla-natura6-mm-305x404-AR-scaled.jpg\" \/>\n\t<meta property=\"og:image:width\" content=\"2560\" \/>\n\t<meta property=\"og:image:height\" content=\"1925\" \/>\n\t<meta property=\"og:image:type\" content=\"image\/jpeg\" \/>\n<meta name=\"author\" content=\"Erica Toffoletto\" \/>\n<meta name=\"twitter:card\" content=\"summary_large_image\" \/>\n<meta name=\"twitter:label1\" content=\"Scritto da\" \/>\n\t<meta name=\"twitter:data1\" content=\"Erica Toffoletto\" \/>\n\t<meta name=\"twitter:label2\" content=\"Tempo di lettura stimato\" \/>\n\t<meta name=\"twitter:data2\" content=\"2 minuti\" \/>\n<script type=\"application\/ld+json\" class=\"yoast-schema-graph\">{\"@context\":\"https:\\\/\\\/schema.org\",\"@graph\":[{\"@type\":\"Article\",\"@id\":\"https:\\\/\\\/www.guastalla.com\\\/it\\\/opere\\\/giacomelli-presa-di-coscienza-sulla-natura-6\\\/#article\",\"isPartOf\":{\"@id\":\"https:\\\/\\\/www.guastalla.com\\\/it\\\/opere\\\/giacomelli-presa-di-coscienza-sulla-natura-6\\\/\"},\"author\":{\"name\":\"Erica Toffoletto\",\"@id\":\"https:\\\/\\\/www.guastalla.com\\\/it\\\/#\\\/schema\\\/person\\\/1585d08759466444a5233722aa3a2197\"},\"headline\":\"Giacomelli &#8211; Presa di coscienza sulla natura 6\",\"datePublished\":\"2021-05-18T13:46:41+00:00\",\"dateModified\":\"2025-05-06T16:49:05+00:00\",\"mainEntityOfPage\":{\"@id\":\"https:\\\/\\\/www.guastalla.com\\\/it\\\/opere\\\/giacomelli-presa-di-coscienza-sulla-natura-6\\\/\"},\"wordCount\":321,\"image\":{\"@id\":\"https:\\\/\\\/www.guastalla.com\\\/it\\\/opere\\\/giacomelli-presa-di-coscienza-sulla-natura-6\\\/#primaryimage\"},\"thumbnailUrl\":\"https:\\\/\\\/www.guastalla.com\\\/wp-content\\\/uploads\\\/2021\\\/04\\\/Giacomelli-Presa-di-coscienza-sulla-natura6-mm-305x404-AR-scaled.jpg\",\"keywords\":[\"giacomelli-mario\"],\"articleSection\":[\"Opere\"],\"inLanguage\":\"it-IT\"},{\"@type\":\"WebPage\",\"@id\":\"https:\\\/\\\/www.guastalla.com\\\/it\\\/opere\\\/giacomelli-presa-di-coscienza-sulla-natura-6\\\/\",\"url\":\"https:\\\/\\\/www.guastalla.com\\\/it\\\/opere\\\/giacomelli-presa-di-coscienza-sulla-natura-6\\\/\",\"name\":\"Giacomelli - Presa di coscienza sulla natura 6 - Studio Guastalla\",\"isPartOf\":{\"@id\":\"https:\\\/\\\/www.guastalla.com\\\/it\\\/#website\"},\"primaryImageOfPage\":{\"@id\":\"https:\\\/\\\/www.guastalla.com\\\/it\\\/opere\\\/giacomelli-presa-di-coscienza-sulla-natura-6\\\/#primaryimage\"},\"image\":{\"@id\":\"https:\\\/\\\/www.guastalla.com\\\/it\\\/opere\\\/giacomelli-presa-di-coscienza-sulla-natura-6\\\/#primaryimage\"},\"thumbnailUrl\":\"https:\\\/\\\/www.guastalla.com\\\/wp-content\\\/uploads\\\/2021\\\/04\\\/Giacomelli-Presa-di-coscienza-sulla-natura6-mm-305x404-AR-scaled.jpg\",\"datePublished\":\"2021-05-18T13:46:41+00:00\",\"dateModified\":\"2025-05-06T16:49:05+00:00\",\"author\":{\"@id\":\"https:\\\/\\\/www.guastalla.com\\\/it\\\/#\\\/schema\\\/person\\\/1585d08759466444a5233722aa3a2197\"},\"breadcrumb\":{\"@id\":\"https:\\\/\\\/www.guastalla.com\\\/it\\\/opere\\\/giacomelli-presa-di-coscienza-sulla-natura-6\\\/#breadcrumb\"},\"inLanguage\":\"it-IT\",\"potentialAction\":[{\"@type\":\"ReadAction\",\"target\":[\"https:\\\/\\\/www.guastalla.com\\\/it\\\/opere\\\/giacomelli-presa-di-coscienza-sulla-natura-6\\\/\"]}]},{\"@type\":\"ImageObject\",\"inLanguage\":\"it-IT\",\"@id\":\"https:\\\/\\\/www.guastalla.com\\\/it\\\/opere\\\/giacomelli-presa-di-coscienza-sulla-natura-6\\\/#primaryimage\",\"url\":\"https:\\\/\\\/www.guastalla.com\\\/wp-content\\\/uploads\\\/2021\\\/04\\\/Giacomelli-Presa-di-coscienza-sulla-natura6-mm-305x404-AR-scaled.jpg\",\"contentUrl\":\"https:\\\/\\\/www.guastalla.com\\\/wp-content\\\/uploads\\\/2021\\\/04\\\/Giacomelli-Presa-di-coscienza-sulla-natura6-mm-305x404-AR-scaled.jpg\",\"width\":2560,\"height\":1925},{\"@type\":\"BreadcrumbList\",\"@id\":\"https:\\\/\\\/www.guastalla.com\\\/it\\\/opere\\\/giacomelli-presa-di-coscienza-sulla-natura-6\\\/#breadcrumb\",\"itemListElement\":[{\"@type\":\"ListItem\",\"position\":1,\"name\":\"Home\",\"item\":\"https:\\\/\\\/www.guastalla.com\\\/it\\\/\"},{\"@type\":\"ListItem\",\"position\":2,\"name\":\"Giacomelli &#8211; Presa di coscienza sulla natura 6\"}]},{\"@type\":\"WebSite\",\"@id\":\"https:\\\/\\\/www.guastalla.com\\\/it\\\/#website\",\"url\":\"https:\\\/\\\/www.guastalla.com\\\/it\\\/\",\"name\":\"Studio Guastalla\",\"description\":\"Galleria Arte Moderna e Contemporanea\",\"potentialAction\":[{\"@type\":\"SearchAction\",\"target\":{\"@type\":\"EntryPoint\",\"urlTemplate\":\"https:\\\/\\\/www.guastalla.com\\\/it\\\/?s={search_term_string}\"},\"query-input\":{\"@type\":\"PropertyValueSpecification\",\"valueRequired\":true,\"valueName\":\"search_term_string\"}}],\"inLanguage\":\"it-IT\"},{\"@type\":\"Person\",\"@id\":\"https:\\\/\\\/www.guastalla.com\\\/it\\\/#\\\/schema\\\/person\\\/1585d08759466444a5233722aa3a2197\",\"name\":\"Erica Toffoletto\",\"image\":{\"@type\":\"ImageObject\",\"inLanguage\":\"it-IT\",\"@id\":\"https:\\\/\\\/secure.gravatar.com\\\/avatar\\\/da1d7bc05ba1780f895f17c4c8bdd3fafb0b6e9908ef655c70a3578a94b36dab?s=96&d=mm&r=g\",\"url\":\"https:\\\/\\\/secure.gravatar.com\\\/avatar\\\/da1d7bc05ba1780f895f17c4c8bdd3fafb0b6e9908ef655c70a3578a94b36dab?s=96&d=mm&r=g\",\"contentUrl\":\"https:\\\/\\\/secure.gravatar.com\\\/avatar\\\/da1d7bc05ba1780f895f17c4c8bdd3fafb0b6e9908ef655c70a3578a94b36dab?s=96&d=mm&r=g\",\"caption\":\"Erica Toffoletto\"},\"url\":\"https:\\\/\\\/www.guastalla.com\\\/it\\\/author\\\/erica\\\/\"}]}<\/script>\n<!-- \/ Yoast SEO plugin. -->","yoast_head_json":{"title":"Giacomelli - Presa di coscienza sulla natura 6 - Studio Guastalla","robots":{"index":"index","follow":"follow","max-snippet":"max-snippet:-1","max-image-preview":"max-image-preview:large","max-video-preview":"max-video-preview:-1"},"canonical":"https:\/\/www.guastalla.com\/it\/opere\/giacomelli-presa-di-coscienza-sulla-natura-6\/","og_locale":"it_IT","og_type":"article","og_title":"Giacomelli - Presa di coscienza sulla natura 6 - Studio Guastalla","og_description":"Stampa alla gelatina dei sali d\u2019argento cm 30.5&#215;40.4 1962 NOTE: Firmato a penna su retro. PUBBLICAZIONI: G. G. Negri, Storie di terra. Mario Giacomelli, Milano, 1992, ill. pag. 99. ESPOSIZIONI: 2016, Milano, Mario Giacomelli e la terra veniva come magica, Studio Guastalla Arte Moderna e Contemporanea. Terra magica Per me, non importa il paese, il [&hellip;]","og_url":"https:\/\/www.guastalla.com\/it\/opere\/giacomelli-presa-di-coscienza-sulla-natura-6\/","og_site_name":"Studio Guastalla","article_published_time":"2021-05-18T13:46:41+00:00","article_modified_time":"2025-05-06T16:49:05+00:00","og_image":[{"width":2560,"height":1925,"url":"https:\/\/www.guastalla.com\/wp-content\/uploads\/2021\/04\/Giacomelli-Presa-di-coscienza-sulla-natura6-mm-305x404-AR-scaled.jpg","type":"image\/jpeg"}],"author":"Erica Toffoletto","twitter_card":"summary_large_image","twitter_misc":{"Scritto da":"Erica Toffoletto","Tempo di lettura stimato":"2 minuti"},"schema":{"@context":"https:\/\/schema.org","@graph":[{"@type":"Article","@id":"https:\/\/www.guastalla.com\/it\/opere\/giacomelli-presa-di-coscienza-sulla-natura-6\/#article","isPartOf":{"@id":"https:\/\/www.guastalla.com\/it\/opere\/giacomelli-presa-di-coscienza-sulla-natura-6\/"},"author":{"name":"Erica Toffoletto","@id":"https:\/\/www.guastalla.com\/it\/#\/schema\/person\/1585d08759466444a5233722aa3a2197"},"headline":"Giacomelli &#8211; Presa di coscienza sulla natura 6","datePublished":"2021-05-18T13:46:41+00:00","dateModified":"2025-05-06T16:49:05+00:00","mainEntityOfPage":{"@id":"https:\/\/www.guastalla.com\/it\/opere\/giacomelli-presa-di-coscienza-sulla-natura-6\/"},"wordCount":321,"image":{"@id":"https:\/\/www.guastalla.com\/it\/opere\/giacomelli-presa-di-coscienza-sulla-natura-6\/#primaryimage"},"thumbnailUrl":"https:\/\/www.guastalla.com\/wp-content\/uploads\/2021\/04\/Giacomelli-Presa-di-coscienza-sulla-natura6-mm-305x404-AR-scaled.jpg","keywords":["giacomelli-mario"],"articleSection":["Opere"],"inLanguage":"it-IT"},{"@type":"WebPage","@id":"https:\/\/www.guastalla.com\/it\/opere\/giacomelli-presa-di-coscienza-sulla-natura-6\/","url":"https:\/\/www.guastalla.com\/it\/opere\/giacomelli-presa-di-coscienza-sulla-natura-6\/","name":"Giacomelli - Presa di coscienza sulla natura 6 - Studio Guastalla","isPartOf":{"@id":"https:\/\/www.guastalla.com\/it\/#website"},"primaryImageOfPage":{"@id":"https:\/\/www.guastalla.com\/it\/opere\/giacomelli-presa-di-coscienza-sulla-natura-6\/#primaryimage"},"image":{"@id":"https:\/\/www.guastalla.com\/it\/opere\/giacomelli-presa-di-coscienza-sulla-natura-6\/#primaryimage"},"thumbnailUrl":"https:\/\/www.guastalla.com\/wp-content\/uploads\/2021\/04\/Giacomelli-Presa-di-coscienza-sulla-natura6-mm-305x404-AR-scaled.jpg","datePublished":"2021-05-18T13:46:41+00:00","dateModified":"2025-05-06T16:49:05+00:00","author":{"@id":"https:\/\/www.guastalla.com\/it\/#\/schema\/person\/1585d08759466444a5233722aa3a2197"},"breadcrumb":{"@id":"https:\/\/www.guastalla.com\/it\/opere\/giacomelli-presa-di-coscienza-sulla-natura-6\/#breadcrumb"},"inLanguage":"it-IT","potentialAction":[{"@type":"ReadAction","target":["https:\/\/www.guastalla.com\/it\/opere\/giacomelli-presa-di-coscienza-sulla-natura-6\/"]}]},{"@type":"ImageObject","inLanguage":"it-IT","@id":"https:\/\/www.guastalla.com\/it\/opere\/giacomelli-presa-di-coscienza-sulla-natura-6\/#primaryimage","url":"https:\/\/www.guastalla.com\/wp-content\/uploads\/2021\/04\/Giacomelli-Presa-di-coscienza-sulla-natura6-mm-305x404-AR-scaled.jpg","contentUrl":"https:\/\/www.guastalla.com\/wp-content\/uploads\/2021\/04\/Giacomelli-Presa-di-coscienza-sulla-natura6-mm-305x404-AR-scaled.jpg","width":2560,"height":1925},{"@type":"BreadcrumbList","@id":"https:\/\/www.guastalla.com\/it\/opere\/giacomelli-presa-di-coscienza-sulla-natura-6\/#breadcrumb","itemListElement":[{"@type":"ListItem","position":1,"name":"Home","item":"https:\/\/www.guastalla.com\/it\/"},{"@type":"ListItem","position":2,"name":"Giacomelli &#8211; Presa di coscienza sulla natura 6"}]},{"@type":"WebSite","@id":"https:\/\/www.guastalla.com\/it\/#website","url":"https:\/\/www.guastalla.com\/it\/","name":"Studio Guastalla","description":"Galleria Arte Moderna e Contemporanea","potentialAction":[{"@type":"SearchAction","target":{"@type":"EntryPoint","urlTemplate":"https:\/\/www.guastalla.com\/it\/?s={search_term_string}"},"query-input":{"@type":"PropertyValueSpecification","valueRequired":true,"valueName":"search_term_string"}}],"inLanguage":"it-IT"},{"@type":"Person","@id":"https:\/\/www.guastalla.com\/it\/#\/schema\/person\/1585d08759466444a5233722aa3a2197","name":"Erica Toffoletto","image":{"@type":"ImageObject","inLanguage":"it-IT","@id":"https:\/\/secure.gravatar.com\/avatar\/da1d7bc05ba1780f895f17c4c8bdd3fafb0b6e9908ef655c70a3578a94b36dab?s=96&d=mm&r=g","url":"https:\/\/secure.gravatar.com\/avatar\/da1d7bc05ba1780f895f17c4c8bdd3fafb0b6e9908ef655c70a3578a94b36dab?s=96&d=mm&r=g","contentUrl":"https:\/\/secure.gravatar.com\/avatar\/da1d7bc05ba1780f895f17c4c8bdd3fafb0b6e9908ef655c70a3578a94b36dab?s=96&d=mm&r=g","caption":"Erica Toffoletto"},"url":"https:\/\/www.guastalla.com\/it\/author\/erica\/"}]}},"_links":{"self":[{"href":"https:\/\/www.guastalla.com\/it\/wp-json\/wp\/v2\/posts\/8035","targetHints":{"allow":["GET"]}}],"collection":[{"href":"https:\/\/www.guastalla.com\/it\/wp-json\/wp\/v2\/posts"}],"about":[{"href":"https:\/\/www.guastalla.com\/it\/wp-json\/wp\/v2\/types\/post"}],"author":[{"embeddable":true,"href":"https:\/\/www.guastalla.com\/it\/wp-json\/wp\/v2\/users\/11"}],"replies":[{"embeddable":true,"href":"https:\/\/www.guastalla.com\/it\/wp-json\/wp\/v2\/comments?post=8035"}],"version-history":[{"count":3,"href":"https:\/\/www.guastalla.com\/it\/wp-json\/wp\/v2\/posts\/8035\/revisions"}],"predecessor-version":[{"id":18121,"href":"https:\/\/www.guastalla.com\/it\/wp-json\/wp\/v2\/posts\/8035\/revisions\/18121"}],"wp:featuredmedia":[{"embeddable":true,"href":"https:\/\/www.guastalla.com\/it\/wp-json\/wp\/v2\/media\/1188"}],"wp:attachment":[{"href":"https:\/\/www.guastalla.com\/it\/wp-json\/wp\/v2\/media?parent=8035"}],"wp:term":[{"taxonomy":"category","embeddable":true,"href":"https:\/\/www.guastalla.com\/it\/wp-json\/wp\/v2\/categories?post=8035"},{"taxonomy":"post_tag","embeddable":true,"href":"https:\/\/www.guastalla.com\/it\/wp-json\/wp\/v2\/tags?post=8035"}],"curies":[{"name":"wp","href":"https:\/\/api.w.org\/{rel}","templated":true}]}}