{"id":7952,"date":"2021-05-18T15:46:36","date_gmt":"2021-05-18T13:46:36","guid":{"rendered":"https:\/\/www.guastalla.com\/non-categorizzato\/calderara-senza-titolo-cm-33-3x21-6\/"},"modified":"2021-08-02T18:16:06","modified_gmt":"2021-08-02T16:16:06","slug":"calderara-senza-titolo-cm-33-3x21-6","status":"publish","type":"post","link":"https:\/\/www.guastalla.com\/it\/opere\/calderara-senza-titolo-cm-33-3x21-6\/","title":{"rendered":"Calderara &#8211; Senza titolo cm 33.3&#215;21.6"},"content":{"rendered":"<p>Olio su cartone<br \/>\nCm 33.3&#215;21.6<br \/>\n1971<\/p>\n<p>NOTE:<br \/>\nAutentica della Fondazione Antonio e Carmela Calderara n. 0364 del 22.10.2019<br \/>\nSul retro firmato dall&#8217;artista, riporta la dicitura Per autentica, Carmela Calderara, 13\/02\/1978;<br \/>\nSul retro etichetta Galleria Milano.<\/p>\n<p>PROVENIENZA:<br \/>\nGalleria Grossetti\/Annunciata;<br \/>\nCollezione privata, Milano<\/p>\n<p>&nbsp;<\/p>\n<p><strong>Dalla realt\u00e0 all&#8217;idea<\/strong><b><\/b><br \/>\n\u201cVorrei dipingere il niente che sia tutto, il silenzio, la luce. Vorrei dipingere l&#8217;infinito\u201d. Cos\u00ec scrive Antonio Calderara in una poetica autobiografia, struggente e cristallina allo stesso tempo. In un momento preciso della sua vita Calderara fa cadere per sempre la linea curva, quella che disegna un volto, un occhio, un ventre gravido, e allontanandosi da quella curva si distacca dalla realt\u00e0 come ricordo per avvicinarsi all\u2019idea, in cui natura e uomo non scompaiono ma si avvicinano all\u2019estrema sintesi, all\u2019essenzialit\u00e0. \u00c8 la misura sempre umana ma non pi\u00f9 concreta e tridimensionale, bens\u00ec invasa e annullata dalla luce, una luce senza sorgente, una luce intellettuale, che costruisce lo spazio senza limite in cui si annulla il tempo. I rettangoli e i quadrati che Calderara porta nella pittura, come questa presentata da Studio Guastalla, non sono geometria, ma rappresentazione della misura umana in uno spazio di luce, perch\u00e9 \u00e8 sempre l\u2019umanit\u00e0 al centro della sua arte, ma un\u2019umanit\u00e0 spogliata della dimensione fisica, e arrivata finalmente alla sua essenza pi\u00f9 pura e rarefatta. Al niente che \u00e8 tutto.<\/p>\n","protected":false},"excerpt":{"rendered":"<p>Olio su cartone Cm 33.3&#215;21.6 1971 NOTE: Autentica della Fondazione Antonio e Carmela Calderara n. 0364 del 22.10.2019 Sul retro firmato dall&#8217;artista, riporta la dicitura Per autentica, Carmela Calderara, 13\/02\/1978; Sul retro etichetta Galleria Milano. PROVENIENZA: Galleria Grossetti\/Annunciata; Collezione privata, Milano &nbsp; Dalla realt\u00e0 all&#8217;idea \u201cVorrei dipingere il niente che sia tutto, il silenzio, la [&hellip;]<\/p>\n","protected":false},"author":11,"featured_media":1114,"comment_status":"closed","ping_status":"closed","sticky":false,"template":"","format":"standard","meta":{"_acf_changed":false,"_et_pb_use_builder":"","_et_pb_old_content":"","_et_gb_content_width":"","footnotes":""},"categories":[12],"tags":[127],"class_list":["post-7952","post","type-post","status-publish","format-standard","has-post-thumbnail","hentry","category-opere","tag-calderara-antonio"],"acf":[],"yoast_head":"<!-- This site is optimized with the Yoast SEO plugin v28.4 - https:\/\/yoast.com\/product\/yoast-seo-wordpress\/ -->\n<title>Calderara - Senza titolo cm 33.3x21.6 - Studio Guastalla<\/title>\n<meta name=\"robots\" content=\"index, follow, max-snippet:-1, max-image-preview:large, max-video-preview:-1\" \/>\n<link rel=\"canonical\" href=\"https:\/\/www.guastalla.com\/it\/opere\/calderara-senza-titolo-cm-33-3x21-6\/\" \/>\n<meta property=\"og:locale\" content=\"it_IT\" \/>\n<meta property=\"og:type\" content=\"article\" \/>\n<meta property=\"og:title\" content=\"Calderara - Senza titolo cm 33.3x21.6 - Studio Guastalla\" \/>\n<meta property=\"og:description\" content=\"Olio su cartone Cm 33.3&#215;21.6 1971 NOTE: Autentica della Fondazione Antonio e Carmela Calderara n. 0364 del 22.10.2019 Sul retro firmato dall&#8217;artista, riporta la dicitura Per autentica, Carmela Calderara, 13\/02\/1978; Sul retro etichetta Galleria Milano. PROVENIENZA: Galleria Grossetti\/Annunciata; Collezione privata, Milano &nbsp; Dalla realt\u00e0 all&#8217;idea \u201cVorrei dipingere il niente che sia tutto, il silenzio, la [&hellip;]\" \/>\n<meta property=\"og:url\" content=\"https:\/\/www.guastalla.com\/it\/opere\/calderara-senza-titolo-cm-33-3x21-6\/\" \/>\n<meta property=\"og:site_name\" content=\"Studio Guastalla\" \/>\n<meta property=\"article:published_time\" content=\"2021-05-18T13:46:36+00:00\" \/>\n<meta property=\"article:modified_time\" content=\"2021-08-02T16:16:06+00:00\" \/>\n<meta property=\"og:image\" content=\"https:\/\/www.guastalla.com\/wp-content\/uploads\/2021\/04\/Calderara-Senza-titolo-cm-33.3x21.6-1971-AR-scaled.jpg\" \/>\n\t<meta property=\"og:image:width\" content=\"1652\" \/>\n\t<meta property=\"og:image:height\" content=\"2560\" \/>\n\t<meta property=\"og:image:type\" content=\"image\/jpeg\" \/>\n<meta name=\"author\" content=\"Erica Toffoletto\" \/>\n<meta name=\"twitter:card\" content=\"summary_large_image\" \/>\n<meta name=\"twitter:label1\" content=\"Scritto da\" \/>\n\t<meta name=\"twitter:data1\" content=\"Erica Toffoletto\" \/>\n\t<meta name=\"twitter:label2\" content=\"Tempo di lettura stimato\" \/>\n\t<meta name=\"twitter:data2\" content=\"1 minuto\" \/>\n<script type=\"application\/ld+json\" class=\"yoast-schema-graph\">{\"@context\":\"https:\\\/\\\/schema.org\",\"@graph\":[{\"@type\":\"Article\",\"@id\":\"https:\\\/\\\/www.guastalla.com\\\/it\\\/opere\\\/calderara-senza-titolo-cm-33-3x21-6\\\/#article\",\"isPartOf\":{\"@id\":\"https:\\\/\\\/www.guastalla.com\\\/it\\\/opere\\\/calderara-senza-titolo-cm-33-3x21-6\\\/\"},\"author\":{\"name\":\"Erica Toffoletto\",\"@id\":\"https:\\\/\\\/www.guastalla.com\\\/it\\\/#\\\/schema\\\/person\\\/1585d08759466444a5233722aa3a2197\"},\"headline\":\"Calderara &#8211; Senza titolo cm 33.3&#215;21.6\",\"datePublished\":\"2021-05-18T13:46:36+00:00\",\"dateModified\":\"2021-08-02T16:16:06+00:00\",\"mainEntityOfPage\":{\"@id\":\"https:\\\/\\\/www.guastalla.com\\\/it\\\/opere\\\/calderara-senza-titolo-cm-33-3x21-6\\\/\"},\"wordCount\":228,\"image\":{\"@id\":\"https:\\\/\\\/www.guastalla.com\\\/it\\\/opere\\\/calderara-senza-titolo-cm-33-3x21-6\\\/#primaryimage\"},\"thumbnailUrl\":\"https:\\\/\\\/www.guastalla.com\\\/wp-content\\\/uploads\\\/2021\\\/04\\\/Calderara-Senza-titolo-cm-33.3x21.6-1971-AR-scaled.jpg\",\"keywords\":[\"calderara-antonio\"],\"articleSection\":[\"Opere\"],\"inLanguage\":\"it-IT\"},{\"@type\":\"WebPage\",\"@id\":\"https:\\\/\\\/www.guastalla.com\\\/it\\\/opere\\\/calderara-senza-titolo-cm-33-3x21-6\\\/\",\"url\":\"https:\\\/\\\/www.guastalla.com\\\/it\\\/opere\\\/calderara-senza-titolo-cm-33-3x21-6\\\/\",\"name\":\"Calderara - Senza titolo cm 33.3x21.6 - Studio Guastalla\",\"isPartOf\":{\"@id\":\"https:\\\/\\\/www.guastalla.com\\\/it\\\/#website\"},\"primaryImageOfPage\":{\"@id\":\"https:\\\/\\\/www.guastalla.com\\\/it\\\/opere\\\/calderara-senza-titolo-cm-33-3x21-6\\\/#primaryimage\"},\"image\":{\"@id\":\"https:\\\/\\\/www.guastalla.com\\\/it\\\/opere\\\/calderara-senza-titolo-cm-33-3x21-6\\\/#primaryimage\"},\"thumbnailUrl\":\"https:\\\/\\\/www.guastalla.com\\\/wp-content\\\/uploads\\\/2021\\\/04\\\/Calderara-Senza-titolo-cm-33.3x21.6-1971-AR-scaled.jpg\",\"datePublished\":\"2021-05-18T13:46:36+00:00\",\"dateModified\":\"2021-08-02T16:16:06+00:00\",\"author\":{\"@id\":\"https:\\\/\\\/www.guastalla.com\\\/it\\\/#\\\/schema\\\/person\\\/1585d08759466444a5233722aa3a2197\"},\"breadcrumb\":{\"@id\":\"https:\\\/\\\/www.guastalla.com\\\/it\\\/opere\\\/calderara-senza-titolo-cm-33-3x21-6\\\/#breadcrumb\"},\"inLanguage\":\"it-IT\",\"potentialAction\":[{\"@type\":\"ReadAction\",\"target\":[\"https:\\\/\\\/www.guastalla.com\\\/it\\\/opere\\\/calderara-senza-titolo-cm-33-3x21-6\\\/\"]}]},{\"@type\":\"ImageObject\",\"inLanguage\":\"it-IT\",\"@id\":\"https:\\\/\\\/www.guastalla.com\\\/it\\\/opere\\\/calderara-senza-titolo-cm-33-3x21-6\\\/#primaryimage\",\"url\":\"https:\\\/\\\/www.guastalla.com\\\/wp-content\\\/uploads\\\/2021\\\/04\\\/Calderara-Senza-titolo-cm-33.3x21.6-1971-AR-scaled.jpg\",\"contentUrl\":\"https:\\\/\\\/www.guastalla.com\\\/wp-content\\\/uploads\\\/2021\\\/04\\\/Calderara-Senza-titolo-cm-33.3x21.6-1971-AR-scaled.jpg\",\"width\":1652,\"height\":2560},{\"@type\":\"BreadcrumbList\",\"@id\":\"https:\\\/\\\/www.guastalla.com\\\/it\\\/opere\\\/calderara-senza-titolo-cm-33-3x21-6\\\/#breadcrumb\",\"itemListElement\":[{\"@type\":\"ListItem\",\"position\":1,\"name\":\"Home\",\"item\":\"https:\\\/\\\/www.guastalla.com\\\/it\\\/\"},{\"@type\":\"ListItem\",\"position\":2,\"name\":\"Calderara &#8211; Senza titolo cm 33.3&#215;21.6\"}]},{\"@type\":\"WebSite\",\"@id\":\"https:\\\/\\\/www.guastalla.com\\\/it\\\/#website\",\"url\":\"https:\\\/\\\/www.guastalla.com\\\/it\\\/\",\"name\":\"Studio Guastalla\",\"description\":\"Galleria Arte Moderna e Contemporanea\",\"potentialAction\":[{\"@type\":\"SearchAction\",\"target\":{\"@type\":\"EntryPoint\",\"urlTemplate\":\"https:\\\/\\\/www.guastalla.com\\\/it\\\/?s={search_term_string}\"},\"query-input\":{\"@type\":\"PropertyValueSpecification\",\"valueRequired\":true,\"valueName\":\"search_term_string\"}}],\"inLanguage\":\"it-IT\"},{\"@type\":\"Person\",\"@id\":\"https:\\\/\\\/www.guastalla.com\\\/it\\\/#\\\/schema\\\/person\\\/1585d08759466444a5233722aa3a2197\",\"name\":\"Erica Toffoletto\",\"image\":{\"@type\":\"ImageObject\",\"inLanguage\":\"it-IT\",\"@id\":\"https:\\\/\\\/secure.gravatar.com\\\/avatar\\\/da1d7bc05ba1780f895f17c4c8bdd3fafb0b6e9908ef655c70a3578a94b36dab?s=96&d=mm&r=g\",\"url\":\"https:\\\/\\\/secure.gravatar.com\\\/avatar\\\/da1d7bc05ba1780f895f17c4c8bdd3fafb0b6e9908ef655c70a3578a94b36dab?s=96&d=mm&r=g\",\"contentUrl\":\"https:\\\/\\\/secure.gravatar.com\\\/avatar\\\/da1d7bc05ba1780f895f17c4c8bdd3fafb0b6e9908ef655c70a3578a94b36dab?s=96&d=mm&r=g\",\"caption\":\"Erica Toffoletto\"},\"url\":\"https:\\\/\\\/www.guastalla.com\\\/it\\\/author\\\/erica\\\/\"}]}<\/script>\n<!-- \/ Yoast SEO plugin. -->","yoast_head_json":{"title":"Calderara - Senza titolo cm 33.3x21.6 - Studio Guastalla","robots":{"index":"index","follow":"follow","max-snippet":"max-snippet:-1","max-image-preview":"max-image-preview:large","max-video-preview":"max-video-preview:-1"},"canonical":"https:\/\/www.guastalla.com\/it\/opere\/calderara-senza-titolo-cm-33-3x21-6\/","og_locale":"it_IT","og_type":"article","og_title":"Calderara - Senza titolo cm 33.3x21.6 - Studio Guastalla","og_description":"Olio su cartone Cm 33.3&#215;21.6 1971 NOTE: Autentica della Fondazione Antonio e Carmela Calderara n. 0364 del 22.10.2019 Sul retro firmato dall&#8217;artista, riporta la dicitura Per autentica, Carmela Calderara, 13\/02\/1978; Sul retro etichetta Galleria Milano. PROVENIENZA: Galleria Grossetti\/Annunciata; Collezione privata, Milano &nbsp; Dalla realt\u00e0 all&#8217;idea \u201cVorrei dipingere il niente che sia tutto, il silenzio, la [&hellip;]","og_url":"https:\/\/www.guastalla.com\/it\/opere\/calderara-senza-titolo-cm-33-3x21-6\/","og_site_name":"Studio Guastalla","article_published_time":"2021-05-18T13:46:36+00:00","article_modified_time":"2021-08-02T16:16:06+00:00","og_image":[{"width":1652,"height":2560,"url":"https:\/\/www.guastalla.com\/wp-content\/uploads\/2021\/04\/Calderara-Senza-titolo-cm-33.3x21.6-1971-AR-scaled.jpg","type":"image\/jpeg"}],"author":"Erica Toffoletto","twitter_card":"summary_large_image","twitter_misc":{"Scritto da":"Erica Toffoletto","Tempo di lettura stimato":"1 minuto"},"schema":{"@context":"https:\/\/schema.org","@graph":[{"@type":"Article","@id":"https:\/\/www.guastalla.com\/it\/opere\/calderara-senza-titolo-cm-33-3x21-6\/#article","isPartOf":{"@id":"https:\/\/www.guastalla.com\/it\/opere\/calderara-senza-titolo-cm-33-3x21-6\/"},"author":{"name":"Erica Toffoletto","@id":"https:\/\/www.guastalla.com\/it\/#\/schema\/person\/1585d08759466444a5233722aa3a2197"},"headline":"Calderara &#8211; Senza titolo cm 33.3&#215;21.6","datePublished":"2021-05-18T13:46:36+00:00","dateModified":"2021-08-02T16:16:06+00:00","mainEntityOfPage":{"@id":"https:\/\/www.guastalla.com\/it\/opere\/calderara-senza-titolo-cm-33-3x21-6\/"},"wordCount":228,"image":{"@id":"https:\/\/www.guastalla.com\/it\/opere\/calderara-senza-titolo-cm-33-3x21-6\/#primaryimage"},"thumbnailUrl":"https:\/\/www.guastalla.com\/wp-content\/uploads\/2021\/04\/Calderara-Senza-titolo-cm-33.3x21.6-1971-AR-scaled.jpg","keywords":["calderara-antonio"],"articleSection":["Opere"],"inLanguage":"it-IT"},{"@type":"WebPage","@id":"https:\/\/www.guastalla.com\/it\/opere\/calderara-senza-titolo-cm-33-3x21-6\/","url":"https:\/\/www.guastalla.com\/it\/opere\/calderara-senza-titolo-cm-33-3x21-6\/","name":"Calderara - Senza titolo cm 33.3x21.6 - Studio Guastalla","isPartOf":{"@id":"https:\/\/www.guastalla.com\/it\/#website"},"primaryImageOfPage":{"@id":"https:\/\/www.guastalla.com\/it\/opere\/calderara-senza-titolo-cm-33-3x21-6\/#primaryimage"},"image":{"@id":"https:\/\/www.guastalla.com\/it\/opere\/calderara-senza-titolo-cm-33-3x21-6\/#primaryimage"},"thumbnailUrl":"https:\/\/www.guastalla.com\/wp-content\/uploads\/2021\/04\/Calderara-Senza-titolo-cm-33.3x21.6-1971-AR-scaled.jpg","datePublished":"2021-05-18T13:46:36+00:00","dateModified":"2021-08-02T16:16:06+00:00","author":{"@id":"https:\/\/www.guastalla.com\/it\/#\/schema\/person\/1585d08759466444a5233722aa3a2197"},"breadcrumb":{"@id":"https:\/\/www.guastalla.com\/it\/opere\/calderara-senza-titolo-cm-33-3x21-6\/#breadcrumb"},"inLanguage":"it-IT","potentialAction":[{"@type":"ReadAction","target":["https:\/\/www.guastalla.com\/it\/opere\/calderara-senza-titolo-cm-33-3x21-6\/"]}]},{"@type":"ImageObject","inLanguage":"it-IT","@id":"https:\/\/www.guastalla.com\/it\/opere\/calderara-senza-titolo-cm-33-3x21-6\/#primaryimage","url":"https:\/\/www.guastalla.com\/wp-content\/uploads\/2021\/04\/Calderara-Senza-titolo-cm-33.3x21.6-1971-AR-scaled.jpg","contentUrl":"https:\/\/www.guastalla.com\/wp-content\/uploads\/2021\/04\/Calderara-Senza-titolo-cm-33.3x21.6-1971-AR-scaled.jpg","width":1652,"height":2560},{"@type":"BreadcrumbList","@id":"https:\/\/www.guastalla.com\/it\/opere\/calderara-senza-titolo-cm-33-3x21-6\/#breadcrumb","itemListElement":[{"@type":"ListItem","position":1,"name":"Home","item":"https:\/\/www.guastalla.com\/it\/"},{"@type":"ListItem","position":2,"name":"Calderara &#8211; Senza titolo cm 33.3&#215;21.6"}]},{"@type":"WebSite","@id":"https:\/\/www.guastalla.com\/it\/#website","url":"https:\/\/www.guastalla.com\/it\/","name":"Studio Guastalla","description":"Galleria Arte Moderna e Contemporanea","potentialAction":[{"@type":"SearchAction","target":{"@type":"EntryPoint","urlTemplate":"https:\/\/www.guastalla.com\/it\/?s={search_term_string}"},"query-input":{"@type":"PropertyValueSpecification","valueRequired":true,"valueName":"search_term_string"}}],"inLanguage":"it-IT"},{"@type":"Person","@id":"https:\/\/www.guastalla.com\/it\/#\/schema\/person\/1585d08759466444a5233722aa3a2197","name":"Erica Toffoletto","image":{"@type":"ImageObject","inLanguage":"it-IT","@id":"https:\/\/secure.gravatar.com\/avatar\/da1d7bc05ba1780f895f17c4c8bdd3fafb0b6e9908ef655c70a3578a94b36dab?s=96&d=mm&r=g","url":"https:\/\/secure.gravatar.com\/avatar\/da1d7bc05ba1780f895f17c4c8bdd3fafb0b6e9908ef655c70a3578a94b36dab?s=96&d=mm&r=g","contentUrl":"https:\/\/secure.gravatar.com\/avatar\/da1d7bc05ba1780f895f17c4c8bdd3fafb0b6e9908ef655c70a3578a94b36dab?s=96&d=mm&r=g","caption":"Erica Toffoletto"},"url":"https:\/\/www.guastalla.com\/it\/author\/erica\/"}]}},"_links":{"self":[{"href":"https:\/\/www.guastalla.com\/it\/wp-json\/wp\/v2\/posts\/7952","targetHints":{"allow":["GET"]}}],"collection":[{"href":"https:\/\/www.guastalla.com\/it\/wp-json\/wp\/v2\/posts"}],"about":[{"href":"https:\/\/www.guastalla.com\/it\/wp-json\/wp\/v2\/types\/post"}],"author":[{"embeddable":true,"href":"https:\/\/www.guastalla.com\/it\/wp-json\/wp\/v2\/users\/11"}],"replies":[{"embeddable":true,"href":"https:\/\/www.guastalla.com\/it\/wp-json\/wp\/v2\/comments?post=7952"}],"version-history":[{"count":2,"href":"https:\/\/www.guastalla.com\/it\/wp-json\/wp\/v2\/posts\/7952\/revisions"}],"predecessor-version":[{"id":12201,"href":"https:\/\/www.guastalla.com\/it\/wp-json\/wp\/v2\/posts\/7952\/revisions\/12201"}],"wp:featuredmedia":[{"embeddable":true,"href":"https:\/\/www.guastalla.com\/it\/wp-json\/wp\/v2\/media\/1114"}],"wp:attachment":[{"href":"https:\/\/www.guastalla.com\/it\/wp-json\/wp\/v2\/media?parent=7952"}],"wp:term":[{"taxonomy":"category","embeddable":true,"href":"https:\/\/www.guastalla.com\/it\/wp-json\/wp\/v2\/categories?post=7952"},{"taxonomy":"post_tag","embeddable":true,"href":"https:\/\/www.guastalla.com\/it\/wp-json\/wp\/v2\/tags?post=7952"}],"curies":[{"name":"wp","href":"https:\/\/api.w.org\/{rel}","templated":true}]}}