{"id":7951,"date":"2021-05-18T15:46:36","date_gmt":"2021-05-18T13:46:36","guid":{"rendered":"https:\/\/www.guastalla.com\/non-categorizzato\/calderara-antonio\/"},"modified":"2026-04-27T13:05:19","modified_gmt":"2026-04-27T11:05:19","slug":"calderara-antonio","status":"publish","type":"post","link":"https:\/\/www.guastalla.com\/it\/artisti\/calderara-antonio\/","title":{"rendered":"Calderara Antonio"},"content":{"rendered":"<p>ABBIATEGRASSO (MI) 1903 &#8211; VACCIAGO (NO) 1978<br \/>\n<b><br \/>\nAntonio Calderara<\/b> nasce ad Abbiategrasso nel 1903 Dopo i primi anni passati nella provincia milanese, nel 1915 si trasferisce a Milano con la famiglia e solo pochi anni pi\u00f9 tardi, appena vent&#8217;enne espone la sua prima mostra personale a Vacciago Nelle sue prime opere, in cui predilige rappresentazioni di scorci urbani caratterizzati dalla potente presenza di architetture industriali, emerge la sua formazione universitaria di studente di ingegneria al Politecnico di Milano<br \/>\nAgli inizi degli anni trenta si trasferisce definitivamente a Vacciago, restando fin da quel momento, sostanzialmente estraneo a quella formazione di artisti che frequentava e conosceva a Milano, ricercando una maniera personale rispetto alle ricerche ufficiali o etichettate come tali<br \/>\nLa sua produzione di quegli anni \u00e8 perlopi\u00f9 caratterizzata da una ricerca sulla materia e sulla masse volumetrica della composizione, mentre a partire dal 1940 i profili si fanno pi\u00f9 levigati e lo studio si concentra sempre di pi\u00f9 sulla luce; cambiano i formati, che diventano sempre pi\u00f9 piccoli, mentre i soggetti rimangono i paesaggi lacustri, la natura morta e le figure<br \/>\nNel 1944 un grave lutto colpisce l&#8217;artista: muore la giovane figlia<span id='dots'>&#8230;<\/span><\/p>\n<div id='more' name='more' style='display:none;'> Questo avvenimento segner\u00e0 <b>Calderara <\/b>profondamente, tanto che fino al 1958 l&#8217;immagine della piccola continuer\u00e0 a rivivere nei ritratti della moglie in sembianze giovanili<br \/>\nL&#8217;anno successivo torna a vivere a Milano con la moglie e nel 1947 inaugura una sua personale alla Galleria della Spiga<br \/>\nNel 1953, nel pieno di un&#8217;attivit\u00e0 espositiva che lo vede presente in tutto il territorio nazionale e internazionale, viene colpito da un altro lutto: la morte del fratello Come la precedente, anche questa tragedia si rifletter\u00e0 nella produzione artistica; il pittore in cerca di conforto, sposter\u00e0 le proprie ricerche verso l&#8217;astrattismo, cercando affinit\u00e0 con l&#8217;opera di Mondrian<br \/>\nAttraverso l&#8217;abbandono graduale della costruzione prospettica, la sua indagine sulla luce basate sull&#8217;uso delle velature di colore porta a risultati che trovano spazialit\u00e0 solamente nelle relazioni tonali Le sue idee figurative subiscono un&#8217;originale trasformazione linguistica pur restando coerente ai suoi fondamentali presupposti artistici: il tema unificante della luce prende sempre pi\u00f9 spazio, diventando ora, dall&#8217;interno, sorgente primaria rispetto al dato naturale, abolito anche nei titoli delle opere che, a partire dagli anni settanta diventano:<i> Misure quadrato, Spazi-luce, Tensioni verticali<\/i> Questo cambiamento lo porter\u00e0 letteralmente ad azzerare il linguaggio espressivo fino a prediligere la monocromia e l&#8217;aniconicit\u00e0, permettendo ai suoi lavori di essere apprezzati sempre pi\u00f9 in ambito internazionale e europeo, soprattutto in Germania, mentre in Italia l&#8217;autore lamenta una larga incomprensione della sua opera<br \/>\nNegli anni sessanta <b>Calderara<\/b> attira comunque l&#8217;attenzione dei maggiori critici d&#8217;arte e, in un periodo costellato da numerose manifestazioni incentrate sui temi dello spazio, del tempo, del movimento e della luce, approda all&#8217;interno di circuiti sperimentali di primissimo livello<br \/>\nIn questo prolifico contesto diviene anche promotore di cultura fondando nel 1961 il <i>Gruppo Punto<\/i> Tra il 1961 e il 1966 il gruppo espone in importanti luoghi anche a livello internazionale Del nucleo originario <b>Calderara<\/b> \u00e8 uno dei membri pi\u00f9 attivi e partecipa a quasi tutte le manifestazioni dal 1962 al 1966, anno in cui espone autonomamente a Napoli con il romano <i>Gruppo 1<\/i> in una mostra presentata da Achille Bonito Oliva e Filiberto Menna<br \/>\nNel 1968 incontra a Milano il compositore elettronico Enore Zaffiri, con cui collabora creando opere frutto di uno stretto colloquio tra partitura e immagine<br \/>\nNel 1970, nonostante un terzo infarto, si intensificano e consolidano i rapporti con i pi\u00f9 importanti luoghi espositivi europei, mentre negli ultimi anni di vita si concretizza la sua volont\u00e0 di creare una fondazione per ospitare le oltre trecento opere collezionate da amici artisti internazionali <b>Calderara<\/b> muore a Vacciago nel 1978 pochi mesi prima dell&#8217;apertura ufficiale della Fondazione<\/div>\n<p><button onclick=espandi_bio_artisti('it_IT') id='myBtn'>+ Leggi di pi\u00f9<\/button><\/p>\n","protected":false},"excerpt":{"rendered":"<p>ABBIATEGRASSO (MI) 1903 &#8211; VACCIAGO (NO) 1978 Antonio Calderara nasce ad Abbiategrasso nel 1903 Dopo i primi anni passati nella provincia milanese, nel 1915 si trasferisce a Milano con la famiglia e solo pochi anni pi\u00f9 tardi, appena vent&#8217;enne espone la sua prima mostra personale a Vacciago Nelle sue prime opere, in cui predilige rappresentazioni [&hellip;]<\/p>\n","protected":false},"author":11,"featured_media":1114,"comment_status":"closed","ping_status":"closed","sticky":false,"template":"","format":"standard","meta":{"_acf_changed":false,"_et_pb_use_builder":"off","_et_pb_old_content":"","_et_gb_content_width":"","footnotes":""},"categories":[11],"tags":[127,561,595,460,563],"class_list":["post-7951","post","type-post","status-publish","format-standard","has-post-thumbnail","hentry","category-artisti","tag-calderara-antonio","tag-miart-2025","tag-miart-2026","tag-miart2022","tag-spazio-aperto"],"acf":[],"yoast_head":"<!-- This site is optimized with the Yoast SEO plugin v28.4 - https:\/\/yoast.com\/product\/yoast-seo-wordpress\/ -->\n<title>Calderara Antonio - Studio Guastalla<\/title>\n<meta name=\"robots\" content=\"index, follow, max-snippet:-1, max-image-preview:large, max-video-preview:-1\" \/>\n<link rel=\"canonical\" href=\"https:\/\/www.guastalla.com\/it\/artisti\/calderara-antonio\/\" \/>\n<meta property=\"og:locale\" content=\"it_IT\" \/>\n<meta property=\"og:type\" content=\"article\" \/>\n<meta property=\"og:title\" content=\"Calderara Antonio - Studio Guastalla\" \/>\n<meta property=\"og:description\" content=\"ABBIATEGRASSO (MI) 1903 &#8211; VACCIAGO (NO) 1978 Antonio Calderara nasce ad Abbiategrasso nel 1903 Dopo i primi anni passati nella provincia milanese, nel 1915 si trasferisce a Milano con la famiglia e solo pochi anni pi\u00f9 tardi, appena vent&#8217;enne espone la sua prima mostra personale a Vacciago Nelle sue prime opere, in cui predilige rappresentazioni [&hellip;]\" \/>\n<meta property=\"og:url\" content=\"https:\/\/www.guastalla.com\/it\/artisti\/calderara-antonio\/\" \/>\n<meta property=\"og:site_name\" content=\"Studio Guastalla\" \/>\n<meta property=\"article:published_time\" content=\"2021-05-18T13:46:36+00:00\" \/>\n<meta property=\"article:modified_time\" content=\"2026-04-27T11:05:19+00:00\" \/>\n<meta property=\"og:image\" content=\"https:\/\/www.guastalla.com\/wp-content\/uploads\/2021\/04\/Calderara-Senza-titolo-cm-33.3x21.6-1971-AR-scaled.jpg\" \/>\n\t<meta property=\"og:image:width\" content=\"1652\" \/>\n\t<meta property=\"og:image:height\" content=\"2560\" \/>\n\t<meta property=\"og:image:type\" content=\"image\/jpeg\" \/>\n<meta name=\"author\" content=\"Erica Toffoletto\" \/>\n<meta name=\"twitter:card\" content=\"summary_large_image\" \/>\n<meta name=\"twitter:label1\" content=\"Scritto da\" \/>\n\t<meta name=\"twitter:data1\" content=\"Erica Toffoletto\" \/>\n\t<meta name=\"twitter:label2\" content=\"Tempo di lettura stimato\" \/>\n\t<meta name=\"twitter:data2\" content=\"3 minuti\" \/>\n<script type=\"application\/ld+json\" class=\"yoast-schema-graph\">{\"@context\":\"https:\\\/\\\/schema.org\",\"@graph\":[{\"@type\":\"Article\",\"@id\":\"https:\\\/\\\/www.guastalla.com\\\/it\\\/artisti\\\/calderara-antonio\\\/#article\",\"isPartOf\":{\"@id\":\"https:\\\/\\\/www.guastalla.com\\\/it\\\/artisti\\\/calderara-antonio\\\/\"},\"author\":{\"name\":\"Erica Toffoletto\",\"@id\":\"https:\\\/\\\/www.guastalla.com\\\/it\\\/#\\\/schema\\\/person\\\/1585d08759466444a5233722aa3a2197\"},\"headline\":\"Calderara Antonio\",\"datePublished\":\"2021-05-18T13:46:36+00:00\",\"dateModified\":\"2026-04-27T11:05:19+00:00\",\"mainEntityOfPage\":{\"@id\":\"https:\\\/\\\/www.guastalla.com\\\/it\\\/artisti\\\/calderara-antonio\\\/\"},\"wordCount\":611,\"image\":{\"@id\":\"https:\\\/\\\/www.guastalla.com\\\/it\\\/artisti\\\/calderara-antonio\\\/#primaryimage\"},\"thumbnailUrl\":\"https:\\\/\\\/www.guastalla.com\\\/wp-content\\\/uploads\\\/2021\\\/04\\\/Calderara-Senza-titolo-cm-33.3x21.6-1971-AR-scaled.jpg\",\"keywords\":[\"calderara-antonio\",\"miart-2025\",\"miart-2026\",\"miart2022\",\"spazio-aperto\"],\"articleSection\":[\"Artisti\"],\"inLanguage\":\"it-IT\"},{\"@type\":\"WebPage\",\"@id\":\"https:\\\/\\\/www.guastalla.com\\\/it\\\/artisti\\\/calderara-antonio\\\/\",\"url\":\"https:\\\/\\\/www.guastalla.com\\\/it\\\/artisti\\\/calderara-antonio\\\/\",\"name\":\"Calderara Antonio - Studio Guastalla\",\"isPartOf\":{\"@id\":\"https:\\\/\\\/www.guastalla.com\\\/it\\\/#website\"},\"primaryImageOfPage\":{\"@id\":\"https:\\\/\\\/www.guastalla.com\\\/it\\\/artisti\\\/calderara-antonio\\\/#primaryimage\"},\"image\":{\"@id\":\"https:\\\/\\\/www.guastalla.com\\\/it\\\/artisti\\\/calderara-antonio\\\/#primaryimage\"},\"thumbnailUrl\":\"https:\\\/\\\/www.guastalla.com\\\/wp-content\\\/uploads\\\/2021\\\/04\\\/Calderara-Senza-titolo-cm-33.3x21.6-1971-AR-scaled.jpg\",\"datePublished\":\"2021-05-18T13:46:36+00:00\",\"dateModified\":\"2026-04-27T11:05:19+00:00\",\"author\":{\"@id\":\"https:\\\/\\\/www.guastalla.com\\\/it\\\/#\\\/schema\\\/person\\\/1585d08759466444a5233722aa3a2197\"},\"breadcrumb\":{\"@id\":\"https:\\\/\\\/www.guastalla.com\\\/it\\\/artisti\\\/calderara-antonio\\\/#breadcrumb\"},\"inLanguage\":\"it-IT\",\"potentialAction\":[{\"@type\":\"ReadAction\",\"target\":[\"https:\\\/\\\/www.guastalla.com\\\/it\\\/artisti\\\/calderara-antonio\\\/\"]}]},{\"@type\":\"ImageObject\",\"inLanguage\":\"it-IT\",\"@id\":\"https:\\\/\\\/www.guastalla.com\\\/it\\\/artisti\\\/calderara-antonio\\\/#primaryimage\",\"url\":\"https:\\\/\\\/www.guastalla.com\\\/wp-content\\\/uploads\\\/2021\\\/04\\\/Calderara-Senza-titolo-cm-33.3x21.6-1971-AR-scaled.jpg\",\"contentUrl\":\"https:\\\/\\\/www.guastalla.com\\\/wp-content\\\/uploads\\\/2021\\\/04\\\/Calderara-Senza-titolo-cm-33.3x21.6-1971-AR-scaled.jpg\",\"width\":1652,\"height\":2560},{\"@type\":\"BreadcrumbList\",\"@id\":\"https:\\\/\\\/www.guastalla.com\\\/it\\\/artisti\\\/calderara-antonio\\\/#breadcrumb\",\"itemListElement\":[{\"@type\":\"ListItem\",\"position\":1,\"name\":\"Home\",\"item\":\"https:\\\/\\\/www.guastalla.com\\\/it\\\/\"},{\"@type\":\"ListItem\",\"position\":2,\"name\":\"Calderara Antonio\"}]},{\"@type\":\"WebSite\",\"@id\":\"https:\\\/\\\/www.guastalla.com\\\/it\\\/#website\",\"url\":\"https:\\\/\\\/www.guastalla.com\\\/it\\\/\",\"name\":\"Studio Guastalla\",\"description\":\"Galleria Arte Moderna e Contemporanea\",\"potentialAction\":[{\"@type\":\"SearchAction\",\"target\":{\"@type\":\"EntryPoint\",\"urlTemplate\":\"https:\\\/\\\/www.guastalla.com\\\/it\\\/?s={search_term_string}\"},\"query-input\":{\"@type\":\"PropertyValueSpecification\",\"valueRequired\":true,\"valueName\":\"search_term_string\"}}],\"inLanguage\":\"it-IT\"},{\"@type\":\"Person\",\"@id\":\"https:\\\/\\\/www.guastalla.com\\\/it\\\/#\\\/schema\\\/person\\\/1585d08759466444a5233722aa3a2197\",\"name\":\"Erica Toffoletto\",\"image\":{\"@type\":\"ImageObject\",\"inLanguage\":\"it-IT\",\"@id\":\"https:\\\/\\\/secure.gravatar.com\\\/avatar\\\/da1d7bc05ba1780f895f17c4c8bdd3fafb0b6e9908ef655c70a3578a94b36dab?s=96&d=mm&r=g\",\"url\":\"https:\\\/\\\/secure.gravatar.com\\\/avatar\\\/da1d7bc05ba1780f895f17c4c8bdd3fafb0b6e9908ef655c70a3578a94b36dab?s=96&d=mm&r=g\",\"contentUrl\":\"https:\\\/\\\/secure.gravatar.com\\\/avatar\\\/da1d7bc05ba1780f895f17c4c8bdd3fafb0b6e9908ef655c70a3578a94b36dab?s=96&d=mm&r=g\",\"caption\":\"Erica Toffoletto\"},\"url\":\"https:\\\/\\\/www.guastalla.com\\\/it\\\/author\\\/erica\\\/\"}]}<\/script>\n<!-- \/ Yoast SEO plugin. -->","yoast_head_json":{"title":"Calderara Antonio - Studio Guastalla","robots":{"index":"index","follow":"follow","max-snippet":"max-snippet:-1","max-image-preview":"max-image-preview:large","max-video-preview":"max-video-preview:-1"},"canonical":"https:\/\/www.guastalla.com\/it\/artisti\/calderara-antonio\/","og_locale":"it_IT","og_type":"article","og_title":"Calderara Antonio - Studio Guastalla","og_description":"ABBIATEGRASSO (MI) 1903 &#8211; VACCIAGO (NO) 1978 Antonio Calderara nasce ad Abbiategrasso nel 1903 Dopo i primi anni passati nella provincia milanese, nel 1915 si trasferisce a Milano con la famiglia e solo pochi anni pi\u00f9 tardi, appena vent&#8217;enne espone la sua prima mostra personale a Vacciago Nelle sue prime opere, in cui predilige rappresentazioni [&hellip;]","og_url":"https:\/\/www.guastalla.com\/it\/artisti\/calderara-antonio\/","og_site_name":"Studio Guastalla","article_published_time":"2021-05-18T13:46:36+00:00","article_modified_time":"2026-04-27T11:05:19+00:00","og_image":[{"width":1652,"height":2560,"url":"https:\/\/www.guastalla.com\/wp-content\/uploads\/2021\/04\/Calderara-Senza-titolo-cm-33.3x21.6-1971-AR-scaled.jpg","type":"image\/jpeg"}],"author":"Erica Toffoletto","twitter_card":"summary_large_image","twitter_misc":{"Scritto da":"Erica Toffoletto","Tempo di lettura stimato":"3 minuti"},"schema":{"@context":"https:\/\/schema.org","@graph":[{"@type":"Article","@id":"https:\/\/www.guastalla.com\/it\/artisti\/calderara-antonio\/#article","isPartOf":{"@id":"https:\/\/www.guastalla.com\/it\/artisti\/calderara-antonio\/"},"author":{"name":"Erica Toffoletto","@id":"https:\/\/www.guastalla.com\/it\/#\/schema\/person\/1585d08759466444a5233722aa3a2197"},"headline":"Calderara Antonio","datePublished":"2021-05-18T13:46:36+00:00","dateModified":"2026-04-27T11:05:19+00:00","mainEntityOfPage":{"@id":"https:\/\/www.guastalla.com\/it\/artisti\/calderara-antonio\/"},"wordCount":611,"image":{"@id":"https:\/\/www.guastalla.com\/it\/artisti\/calderara-antonio\/#primaryimage"},"thumbnailUrl":"https:\/\/www.guastalla.com\/wp-content\/uploads\/2021\/04\/Calderara-Senza-titolo-cm-33.3x21.6-1971-AR-scaled.jpg","keywords":["calderara-antonio","miart-2025","miart-2026","miart2022","spazio-aperto"],"articleSection":["Artisti"],"inLanguage":"it-IT"},{"@type":"WebPage","@id":"https:\/\/www.guastalla.com\/it\/artisti\/calderara-antonio\/","url":"https:\/\/www.guastalla.com\/it\/artisti\/calderara-antonio\/","name":"Calderara Antonio - Studio Guastalla","isPartOf":{"@id":"https:\/\/www.guastalla.com\/it\/#website"},"primaryImageOfPage":{"@id":"https:\/\/www.guastalla.com\/it\/artisti\/calderara-antonio\/#primaryimage"},"image":{"@id":"https:\/\/www.guastalla.com\/it\/artisti\/calderara-antonio\/#primaryimage"},"thumbnailUrl":"https:\/\/www.guastalla.com\/wp-content\/uploads\/2021\/04\/Calderara-Senza-titolo-cm-33.3x21.6-1971-AR-scaled.jpg","datePublished":"2021-05-18T13:46:36+00:00","dateModified":"2026-04-27T11:05:19+00:00","author":{"@id":"https:\/\/www.guastalla.com\/it\/#\/schema\/person\/1585d08759466444a5233722aa3a2197"},"breadcrumb":{"@id":"https:\/\/www.guastalla.com\/it\/artisti\/calderara-antonio\/#breadcrumb"},"inLanguage":"it-IT","potentialAction":[{"@type":"ReadAction","target":["https:\/\/www.guastalla.com\/it\/artisti\/calderara-antonio\/"]}]},{"@type":"ImageObject","inLanguage":"it-IT","@id":"https:\/\/www.guastalla.com\/it\/artisti\/calderara-antonio\/#primaryimage","url":"https:\/\/www.guastalla.com\/wp-content\/uploads\/2021\/04\/Calderara-Senza-titolo-cm-33.3x21.6-1971-AR-scaled.jpg","contentUrl":"https:\/\/www.guastalla.com\/wp-content\/uploads\/2021\/04\/Calderara-Senza-titolo-cm-33.3x21.6-1971-AR-scaled.jpg","width":1652,"height":2560},{"@type":"BreadcrumbList","@id":"https:\/\/www.guastalla.com\/it\/artisti\/calderara-antonio\/#breadcrumb","itemListElement":[{"@type":"ListItem","position":1,"name":"Home","item":"https:\/\/www.guastalla.com\/it\/"},{"@type":"ListItem","position":2,"name":"Calderara Antonio"}]},{"@type":"WebSite","@id":"https:\/\/www.guastalla.com\/it\/#website","url":"https:\/\/www.guastalla.com\/it\/","name":"Studio Guastalla","description":"Galleria Arte Moderna e Contemporanea","potentialAction":[{"@type":"SearchAction","target":{"@type":"EntryPoint","urlTemplate":"https:\/\/www.guastalla.com\/it\/?s={search_term_string}"},"query-input":{"@type":"PropertyValueSpecification","valueRequired":true,"valueName":"search_term_string"}}],"inLanguage":"it-IT"},{"@type":"Person","@id":"https:\/\/www.guastalla.com\/it\/#\/schema\/person\/1585d08759466444a5233722aa3a2197","name":"Erica Toffoletto","image":{"@type":"ImageObject","inLanguage":"it-IT","@id":"https:\/\/secure.gravatar.com\/avatar\/da1d7bc05ba1780f895f17c4c8bdd3fafb0b6e9908ef655c70a3578a94b36dab?s=96&d=mm&r=g","url":"https:\/\/secure.gravatar.com\/avatar\/da1d7bc05ba1780f895f17c4c8bdd3fafb0b6e9908ef655c70a3578a94b36dab?s=96&d=mm&r=g","contentUrl":"https:\/\/secure.gravatar.com\/avatar\/da1d7bc05ba1780f895f17c4c8bdd3fafb0b6e9908ef655c70a3578a94b36dab?s=96&d=mm&r=g","caption":"Erica Toffoletto"},"url":"https:\/\/www.guastalla.com\/it\/author\/erica\/"}]}},"_links":{"self":[{"href":"https:\/\/www.guastalla.com\/it\/wp-json\/wp\/v2\/posts\/7951","targetHints":{"allow":["GET"]}}],"collection":[{"href":"https:\/\/www.guastalla.com\/it\/wp-json\/wp\/v2\/posts"}],"about":[{"href":"https:\/\/www.guastalla.com\/it\/wp-json\/wp\/v2\/types\/post"}],"author":[{"embeddable":true,"href":"https:\/\/www.guastalla.com\/it\/wp-json\/wp\/v2\/users\/11"}],"replies":[{"embeddable":true,"href":"https:\/\/www.guastalla.com\/it\/wp-json\/wp\/v2\/comments?post=7951"}],"version-history":[{"count":6,"href":"https:\/\/www.guastalla.com\/it\/wp-json\/wp\/v2\/posts\/7951\/revisions"}],"predecessor-version":[{"id":20151,"href":"https:\/\/www.guastalla.com\/it\/wp-json\/wp\/v2\/posts\/7951\/revisions\/20151"}],"wp:featuredmedia":[{"embeddable":true,"href":"https:\/\/www.guastalla.com\/it\/wp-json\/wp\/v2\/media\/1114"}],"wp:attachment":[{"href":"https:\/\/www.guastalla.com\/it\/wp-json\/wp\/v2\/media?parent=7951"}],"wp:term":[{"taxonomy":"category","embeddable":true,"href":"https:\/\/www.guastalla.com\/it\/wp-json\/wp\/v2\/categories?post=7951"},{"taxonomy":"post_tag","embeddable":true,"href":"https:\/\/www.guastalla.com\/it\/wp-json\/wp\/v2\/tags?post=7951"}],"curies":[{"name":"wp","href":"https:\/\/api.w.org\/{rel}","templated":true}]}}