{"id":7949,"date":"2021-05-18T15:46:36","date_gmt":"2021-05-18T13:46:36","guid":{"rendered":"https:\/\/www.guastalla.com\/non-categorizzato\/braque-georges\/"},"modified":"2025-11-11T17:16:12","modified_gmt":"2025-11-11T16:16:12","slug":"braque-georges","status":"publish","type":"post","link":"https:\/\/www.guastalla.com\/it\/artisti\/braque-georges\/","title":{"rendered":"Braque Georges"},"content":{"rendered":"<p>ARGENTUIL (FRANCIA)1882 &#8211; PARIGI (FRANCIA) 1963<\/p>\n<p><b>Georges Braque<\/b> nacque a Argentuil (Francia) nel 1882, pass\u00f2 poi l&#8217;infanzia e la prima giovinezza a Le Havre Frequent\u00f2 i corsi serali alla scuola di belle arti dal 1897 al 1899 Poco dopo si trasfer\u00ec a Parigi, dove fu apprendista presso un maestro decoratore ed ottenne l&#8217;abilitazione nel 1901 L&#8217;anno seguente si iscrisse all&#8217;Academie Humbert che frequent\u00f2 fino al 1904, e dove incontr\u00f2 <b>Marie Laurencin <\/b>e Francis Picabia Durante l&#8217;inverno del 1905-1906, dopo essersi formato all&#8217;\u00c9cole des Beaux-Arts di Parigi e subendo l&#8217;influenza dell&#8217;opera di <b>Henri Matisse, <\/b>cominci\u00f2 a dipingere alla maniera dei fauves, ricorrendo all&#8217;uso di colori brillanti e sfruttando la libert\u00e0 della composizione: fanno parte di questo periodo opere quali <i>Pysage \u00e0 l&#8217;Estaque<\/i> (1906, Museo dell&#8217;Annonciade, Saint-Tropez) Il 1907 fu un anno determinante nella formazione dell&#8217;artista che visit\u00f2 la retrospettiva su <b>Paul C\u00e9zanne <\/b>presentata in occasione del Salon d&#8217;automne, venne in contatto con <b>Picasso<\/b> impegnato nella realizzazione di <i>Les demoiselles d&#8217;Avignon <\/i>e cominci\u00f2 a nutrire un considerevole interesse per l&#8217;arte primitiva<span id='dots'>&#8230;<\/span><\/p>\n<div id='more' name='more' style='display:none;'> Ricorrendo a volumi geometrici e riducendo la tavolozza alle tonalit\u00e0 del verde e del bruno, <b>Braque <\/b>cerc\u00f2 di dare forma e di costruire lo spazio esistente tra i volumi della composizione senza l&#8217;ausilio di artifici quali la prospettiva e il chiaroscuro In <i>Grand Nu<\/i> (1908, collezione privata, Parigi) egli costruisce l&#8217;anatomia con ampie e brevi pennellate che suggeriscono i volumi chiusi in una spessa e nera linea di contorno Applic\u00f2 questi stessi principi di costruzione geometrica sia ai paesaggi sia alle nature morte Tra il 1909 e il 1914 i progressi nell&#8217;arte plastica di <b>Braque<\/b> e<b> Picasso<\/b> furono favoriti da una proficua amicizia Da questo stimolante connubio nacque una nuova visione dello spazio pittorico, che presenta oggetti smembrati e sfaccettature creati dallo spezzettarsi dei piani: \u00e8 la fase del cosiddetto cubismo analitico In <i>Violon et Palette <\/i>(1909, Guggenheim Museum, New York), la rappresentazione cos\u00ec creata di un violino ne sottolinea i contrasti della composizione; allo spettatore vengono in questo modo offerti tutti i piani di una visione prospettica ridotta alla superficie del quadro e chiusa in uno stesso e coerente volume La parte superiore del dipinto, dove appare raffigurato un chiodo che sostiene una tavolozza, simboleggia ironicamente le due possibilit\u00e0 della ricerca pittorica Nello sforzo di rappresentare volumi sempre pi\u00f9 complessi per renderli in ogni loro sfaccettatura, le tele di<b> Braque<\/b> divennero pressoch\u00e9 indecifrabili, a dispetto dell&#8217;astrazione che tanto aveva ricusato Per questo, nell&#8217;autunno del 1911, egli introdusse nei suoi quadri segni riconoscibili quali lettere e cifre stampate (<i>Le Portugais<\/i>, 1911, Kunstmuseum, Basilea) e, l&#8217;anno seguente, speriment\u00f2 la tecnica del collage che gli consent\u00ec di creare una sintesi di elementi diversi per descrivere con chiarezza un oggetto attraverso la dissociazione di forme e colori La proficua collaborazione tra <b>Braque<\/b> e <b>Picasso<\/b> si interruppe nel 1914, quando <b>Braque<\/b> fu chiamato alle armi Dopo la prima guerra mondiale, durante la quale rimase ferito, lavor\u00f2 autonomamente e svilupp\u00f2 uno stile pi\u00f9 personale, caratterizzato da colori vivaci e superfici a trama e, dopo il suo trasferimento sulla costa della Normandia, dalla ricomparsa della figura umana Ritrasse anche nature morte, vedute d&#8217;interni e paesaggi marini: sono di questo periodo le serie degli <i>Ateliers<\/i> (1948-1955) e degli <i>Uccelli<\/i> (1955-1963) In questo periodo realizz\u00f2 anche alcuni lavori decorativi come la scultura della porta del tabernacolo della chiesa ad Assy nel 1948 o la decorazione del soffitto della sala etrusca al museo del Louvre dal 1952 al 1953 Riconosciuto universalmente come uno dei maggiori pittori del XX secolo, mor\u00ec il 31 agosto 1963 a Parigi Venne sepolto nel cimitero marino di Varengeville-sur-Mer in Normandia<\/div>\n<p><button onclick=espandi_bio_artisti('it_IT') id='myBtn'>+ Leggi di pi\u00f9<\/button><\/p>\n","protected":false},"excerpt":{"rendered":"<p>ARGENTUIL (FRANCIA)1882 &#8211; PARIGI (FRANCIA) 1963 Georges Braque nacque a Argentuil (Francia) nel 1882, pass\u00f2 poi l&#8217;infanzia e la prima giovinezza a Le Havre Frequent\u00f2 i corsi serali alla scuola di belle arti dal 1897 al 1899 Poco dopo si trasfer\u00ec a Parigi, dove fu apprendista presso un maestro decoratore ed ottenne l&#8217;abilitazione nel 1901 [&hellip;]<\/p>\n","protected":false},"author":11,"featured_media":1113,"comment_status":"closed","ping_status":"closed","sticky":false,"template":"","format":"standard","meta":{"_acf_changed":false,"_et_pb_use_builder":"off","_et_pb_old_content":"","_et_gb_content_width":"","footnotes":""},"categories":[11],"tags":[409,95,126,380],"class_list":["post-7949","post","type-post","status-publish","format-standard","has-post-thumbnail","hentry","category-artisti","tag-altre-opere","tag-animalia","tag-braque-georges","tag-marc-chagall-george-braque-pablo-picasso-opere-grafiche"],"acf":[],"yoast_head":"<!-- This site is optimized with the Yoast SEO plugin v28.4 - https:\/\/yoast.com\/product\/yoast-seo-wordpress\/ -->\n<title>Braque Georges - Studio Guastalla<\/title>\n<meta name=\"robots\" content=\"index, follow, max-snippet:-1, max-image-preview:large, max-video-preview:-1\" \/>\n<link rel=\"canonical\" href=\"https:\/\/www.guastalla.com\/it\/artisti\/braque-georges\/\" \/>\n<meta property=\"og:locale\" content=\"it_IT\" \/>\n<meta property=\"og:type\" content=\"article\" \/>\n<meta property=\"og:title\" content=\"Braque Georges - Studio Guastalla\" \/>\n<meta property=\"og:description\" content=\"ARGENTUIL (FRANCIA)1882 &#8211; PARIGI (FRANCIA) 1963 Georges Braque nacque a Argentuil (Francia) nel 1882, pass\u00f2 poi l&#8217;infanzia e la prima giovinezza a Le Havre Frequent\u00f2 i corsi serali alla scuola di belle arti dal 1897 al 1899 Poco dopo si trasfer\u00ec a Parigi, dove fu apprendista presso un maestro decoratore ed ottenne l&#8217;abilitazione nel 1901 [&hellip;]\" \/>\n<meta property=\"og:url\" content=\"https:\/\/www.guastalla.com\/it\/artisti\/braque-georges\/\" \/>\n<meta property=\"og:site_name\" content=\"Studio Guastalla\" \/>\n<meta property=\"article:published_time\" content=\"2021-05-18T13:46:36+00:00\" \/>\n<meta property=\"article:modified_time\" content=\"2025-11-11T16:16:12+00:00\" \/>\n<meta property=\"og:image\" content=\"https:\/\/www.guastalla.com\/wp-content\/uploads\/2021\/04\/Braque.-Oiseau-bleu-et-jaune-AR-scaled.jpg\" \/>\n\t<meta property=\"og:image:width\" content=\"2560\" \/>\n\t<meta property=\"og:image:height\" content=\"1791\" \/>\n\t<meta property=\"og:image:type\" content=\"image\/jpeg\" \/>\n<meta name=\"author\" content=\"Erica Toffoletto\" \/>\n<meta name=\"twitter:card\" content=\"summary_large_image\" \/>\n<meta name=\"twitter:label1\" content=\"Scritto da\" \/>\n\t<meta name=\"twitter:data1\" content=\"Erica Toffoletto\" \/>\n\t<meta name=\"twitter:label2\" content=\"Tempo di lettura stimato\" \/>\n\t<meta name=\"twitter:data2\" content=\"3 minuti\" \/>\n<script type=\"application\/ld+json\" class=\"yoast-schema-graph\">{\"@context\":\"https:\\\/\\\/schema.org\",\"@graph\":[{\"@type\":\"Article\",\"@id\":\"https:\\\/\\\/www.guastalla.com\\\/it\\\/artisti\\\/braque-georges\\\/#article\",\"isPartOf\":{\"@id\":\"https:\\\/\\\/www.guastalla.com\\\/it\\\/artisti\\\/braque-georges\\\/\"},\"author\":{\"name\":\"Erica Toffoletto\",\"@id\":\"https:\\\/\\\/www.guastalla.com\\\/it\\\/#\\\/schema\\\/person\\\/1585d08759466444a5233722aa3a2197\"},\"headline\":\"Braque Georges\",\"datePublished\":\"2021-05-18T13:46:36+00:00\",\"dateModified\":\"2025-11-11T16:16:12+00:00\",\"mainEntityOfPage\":{\"@id\":\"https:\\\/\\\/www.guastalla.com\\\/it\\\/artisti\\\/braque-georges\\\/\"},\"wordCount\":598,\"image\":{\"@id\":\"https:\\\/\\\/www.guastalla.com\\\/it\\\/artisti\\\/braque-georges\\\/#primaryimage\"},\"thumbnailUrl\":\"https:\\\/\\\/www.guastalla.com\\\/wp-content\\\/uploads\\\/2021\\\/04\\\/Braque.-Oiseau-bleu-et-jaune-AR-scaled.jpg\",\"keywords\":[\"altre-opere\",\"ANIMALIA\",\"braque-georges\",\"marc-chagall-george-braque-pablo-picasso-opere-grafiche\"],\"articleSection\":[\"Artisti\"],\"inLanguage\":\"it-IT\"},{\"@type\":\"WebPage\",\"@id\":\"https:\\\/\\\/www.guastalla.com\\\/it\\\/artisti\\\/braque-georges\\\/\",\"url\":\"https:\\\/\\\/www.guastalla.com\\\/it\\\/artisti\\\/braque-georges\\\/\",\"name\":\"Braque Georges - Studio Guastalla\",\"isPartOf\":{\"@id\":\"https:\\\/\\\/www.guastalla.com\\\/it\\\/#website\"},\"primaryImageOfPage\":{\"@id\":\"https:\\\/\\\/www.guastalla.com\\\/it\\\/artisti\\\/braque-georges\\\/#primaryimage\"},\"image\":{\"@id\":\"https:\\\/\\\/www.guastalla.com\\\/it\\\/artisti\\\/braque-georges\\\/#primaryimage\"},\"thumbnailUrl\":\"https:\\\/\\\/www.guastalla.com\\\/wp-content\\\/uploads\\\/2021\\\/04\\\/Braque.-Oiseau-bleu-et-jaune-AR-scaled.jpg\",\"datePublished\":\"2021-05-18T13:46:36+00:00\",\"dateModified\":\"2025-11-11T16:16:12+00:00\",\"author\":{\"@id\":\"https:\\\/\\\/www.guastalla.com\\\/it\\\/#\\\/schema\\\/person\\\/1585d08759466444a5233722aa3a2197\"},\"breadcrumb\":{\"@id\":\"https:\\\/\\\/www.guastalla.com\\\/it\\\/artisti\\\/braque-georges\\\/#breadcrumb\"},\"inLanguage\":\"it-IT\",\"potentialAction\":[{\"@type\":\"ReadAction\",\"target\":[\"https:\\\/\\\/www.guastalla.com\\\/it\\\/artisti\\\/braque-georges\\\/\"]}]},{\"@type\":\"ImageObject\",\"inLanguage\":\"it-IT\",\"@id\":\"https:\\\/\\\/www.guastalla.com\\\/it\\\/artisti\\\/braque-georges\\\/#primaryimage\",\"url\":\"https:\\\/\\\/www.guastalla.com\\\/wp-content\\\/uploads\\\/2021\\\/04\\\/Braque.-Oiseau-bleu-et-jaune-AR-scaled.jpg\",\"contentUrl\":\"https:\\\/\\\/www.guastalla.com\\\/wp-content\\\/uploads\\\/2021\\\/04\\\/Braque.-Oiseau-bleu-et-jaune-AR-scaled.jpg\",\"width\":2560,\"height\":1791},{\"@type\":\"BreadcrumbList\",\"@id\":\"https:\\\/\\\/www.guastalla.com\\\/it\\\/artisti\\\/braque-georges\\\/#breadcrumb\",\"itemListElement\":[{\"@type\":\"ListItem\",\"position\":1,\"name\":\"Home\",\"item\":\"https:\\\/\\\/www.guastalla.com\\\/it\\\/\"},{\"@type\":\"ListItem\",\"position\":2,\"name\":\"Braque Georges\"}]},{\"@type\":\"WebSite\",\"@id\":\"https:\\\/\\\/www.guastalla.com\\\/it\\\/#website\",\"url\":\"https:\\\/\\\/www.guastalla.com\\\/it\\\/\",\"name\":\"Studio Guastalla\",\"description\":\"Galleria Arte Moderna e Contemporanea\",\"potentialAction\":[{\"@type\":\"SearchAction\",\"target\":{\"@type\":\"EntryPoint\",\"urlTemplate\":\"https:\\\/\\\/www.guastalla.com\\\/it\\\/?s={search_term_string}\"},\"query-input\":{\"@type\":\"PropertyValueSpecification\",\"valueRequired\":true,\"valueName\":\"search_term_string\"}}],\"inLanguage\":\"it-IT\"},{\"@type\":\"Person\",\"@id\":\"https:\\\/\\\/www.guastalla.com\\\/it\\\/#\\\/schema\\\/person\\\/1585d08759466444a5233722aa3a2197\",\"name\":\"Erica Toffoletto\",\"image\":{\"@type\":\"ImageObject\",\"inLanguage\":\"it-IT\",\"@id\":\"https:\\\/\\\/secure.gravatar.com\\\/avatar\\\/da1d7bc05ba1780f895f17c4c8bdd3fafb0b6e9908ef655c70a3578a94b36dab?s=96&d=mm&r=g\",\"url\":\"https:\\\/\\\/secure.gravatar.com\\\/avatar\\\/da1d7bc05ba1780f895f17c4c8bdd3fafb0b6e9908ef655c70a3578a94b36dab?s=96&d=mm&r=g\",\"contentUrl\":\"https:\\\/\\\/secure.gravatar.com\\\/avatar\\\/da1d7bc05ba1780f895f17c4c8bdd3fafb0b6e9908ef655c70a3578a94b36dab?s=96&d=mm&r=g\",\"caption\":\"Erica Toffoletto\"},\"url\":\"https:\\\/\\\/www.guastalla.com\\\/it\\\/author\\\/erica\\\/\"}]}<\/script>\n<!-- \/ Yoast SEO plugin. -->","yoast_head_json":{"title":"Braque Georges - Studio Guastalla","robots":{"index":"index","follow":"follow","max-snippet":"max-snippet:-1","max-image-preview":"max-image-preview:large","max-video-preview":"max-video-preview:-1"},"canonical":"https:\/\/www.guastalla.com\/it\/artisti\/braque-georges\/","og_locale":"it_IT","og_type":"article","og_title":"Braque Georges - Studio Guastalla","og_description":"ARGENTUIL (FRANCIA)1882 &#8211; PARIGI (FRANCIA) 1963 Georges Braque nacque a Argentuil (Francia) nel 1882, pass\u00f2 poi l&#8217;infanzia e la prima giovinezza a Le Havre Frequent\u00f2 i corsi serali alla scuola di belle arti dal 1897 al 1899 Poco dopo si trasfer\u00ec a Parigi, dove fu apprendista presso un maestro decoratore ed ottenne l&#8217;abilitazione nel 1901 [&hellip;]","og_url":"https:\/\/www.guastalla.com\/it\/artisti\/braque-georges\/","og_site_name":"Studio Guastalla","article_published_time":"2021-05-18T13:46:36+00:00","article_modified_time":"2025-11-11T16:16:12+00:00","og_image":[{"width":2560,"height":1791,"url":"https:\/\/www.guastalla.com\/wp-content\/uploads\/2021\/04\/Braque.-Oiseau-bleu-et-jaune-AR-scaled.jpg","type":"image\/jpeg"}],"author":"Erica Toffoletto","twitter_card":"summary_large_image","twitter_misc":{"Scritto da":"Erica Toffoletto","Tempo di lettura stimato":"3 minuti"},"schema":{"@context":"https:\/\/schema.org","@graph":[{"@type":"Article","@id":"https:\/\/www.guastalla.com\/it\/artisti\/braque-georges\/#article","isPartOf":{"@id":"https:\/\/www.guastalla.com\/it\/artisti\/braque-georges\/"},"author":{"name":"Erica Toffoletto","@id":"https:\/\/www.guastalla.com\/it\/#\/schema\/person\/1585d08759466444a5233722aa3a2197"},"headline":"Braque Georges","datePublished":"2021-05-18T13:46:36+00:00","dateModified":"2025-11-11T16:16:12+00:00","mainEntityOfPage":{"@id":"https:\/\/www.guastalla.com\/it\/artisti\/braque-georges\/"},"wordCount":598,"image":{"@id":"https:\/\/www.guastalla.com\/it\/artisti\/braque-georges\/#primaryimage"},"thumbnailUrl":"https:\/\/www.guastalla.com\/wp-content\/uploads\/2021\/04\/Braque.-Oiseau-bleu-et-jaune-AR-scaled.jpg","keywords":["altre-opere","ANIMALIA","braque-georges","marc-chagall-george-braque-pablo-picasso-opere-grafiche"],"articleSection":["Artisti"],"inLanguage":"it-IT"},{"@type":"WebPage","@id":"https:\/\/www.guastalla.com\/it\/artisti\/braque-georges\/","url":"https:\/\/www.guastalla.com\/it\/artisti\/braque-georges\/","name":"Braque Georges - Studio Guastalla","isPartOf":{"@id":"https:\/\/www.guastalla.com\/it\/#website"},"primaryImageOfPage":{"@id":"https:\/\/www.guastalla.com\/it\/artisti\/braque-georges\/#primaryimage"},"image":{"@id":"https:\/\/www.guastalla.com\/it\/artisti\/braque-georges\/#primaryimage"},"thumbnailUrl":"https:\/\/www.guastalla.com\/wp-content\/uploads\/2021\/04\/Braque.-Oiseau-bleu-et-jaune-AR-scaled.jpg","datePublished":"2021-05-18T13:46:36+00:00","dateModified":"2025-11-11T16:16:12+00:00","author":{"@id":"https:\/\/www.guastalla.com\/it\/#\/schema\/person\/1585d08759466444a5233722aa3a2197"},"breadcrumb":{"@id":"https:\/\/www.guastalla.com\/it\/artisti\/braque-georges\/#breadcrumb"},"inLanguage":"it-IT","potentialAction":[{"@type":"ReadAction","target":["https:\/\/www.guastalla.com\/it\/artisti\/braque-georges\/"]}]},{"@type":"ImageObject","inLanguage":"it-IT","@id":"https:\/\/www.guastalla.com\/it\/artisti\/braque-georges\/#primaryimage","url":"https:\/\/www.guastalla.com\/wp-content\/uploads\/2021\/04\/Braque.-Oiseau-bleu-et-jaune-AR-scaled.jpg","contentUrl":"https:\/\/www.guastalla.com\/wp-content\/uploads\/2021\/04\/Braque.-Oiseau-bleu-et-jaune-AR-scaled.jpg","width":2560,"height":1791},{"@type":"BreadcrumbList","@id":"https:\/\/www.guastalla.com\/it\/artisti\/braque-georges\/#breadcrumb","itemListElement":[{"@type":"ListItem","position":1,"name":"Home","item":"https:\/\/www.guastalla.com\/it\/"},{"@type":"ListItem","position":2,"name":"Braque Georges"}]},{"@type":"WebSite","@id":"https:\/\/www.guastalla.com\/it\/#website","url":"https:\/\/www.guastalla.com\/it\/","name":"Studio Guastalla","description":"Galleria Arte Moderna e Contemporanea","potentialAction":[{"@type":"SearchAction","target":{"@type":"EntryPoint","urlTemplate":"https:\/\/www.guastalla.com\/it\/?s={search_term_string}"},"query-input":{"@type":"PropertyValueSpecification","valueRequired":true,"valueName":"search_term_string"}}],"inLanguage":"it-IT"},{"@type":"Person","@id":"https:\/\/www.guastalla.com\/it\/#\/schema\/person\/1585d08759466444a5233722aa3a2197","name":"Erica Toffoletto","image":{"@type":"ImageObject","inLanguage":"it-IT","@id":"https:\/\/secure.gravatar.com\/avatar\/da1d7bc05ba1780f895f17c4c8bdd3fafb0b6e9908ef655c70a3578a94b36dab?s=96&d=mm&r=g","url":"https:\/\/secure.gravatar.com\/avatar\/da1d7bc05ba1780f895f17c4c8bdd3fafb0b6e9908ef655c70a3578a94b36dab?s=96&d=mm&r=g","contentUrl":"https:\/\/secure.gravatar.com\/avatar\/da1d7bc05ba1780f895f17c4c8bdd3fafb0b6e9908ef655c70a3578a94b36dab?s=96&d=mm&r=g","caption":"Erica Toffoletto"},"url":"https:\/\/www.guastalla.com\/it\/author\/erica\/"}]}},"_links":{"self":[{"href":"https:\/\/www.guastalla.com\/it\/wp-json\/wp\/v2\/posts\/7949","targetHints":{"allow":["GET"]}}],"collection":[{"href":"https:\/\/www.guastalla.com\/it\/wp-json\/wp\/v2\/posts"}],"about":[{"href":"https:\/\/www.guastalla.com\/it\/wp-json\/wp\/v2\/types\/post"}],"author":[{"embeddable":true,"href":"https:\/\/www.guastalla.com\/it\/wp-json\/wp\/v2\/users\/11"}],"replies":[{"embeddable":true,"href":"https:\/\/www.guastalla.com\/it\/wp-json\/wp\/v2\/comments?post=7949"}],"version-history":[{"count":3,"href":"https:\/\/www.guastalla.com\/it\/wp-json\/wp\/v2\/posts\/7949\/revisions"}],"predecessor-version":[{"id":14354,"href":"https:\/\/www.guastalla.com\/it\/wp-json\/wp\/v2\/posts\/7949\/revisions\/14354"}],"wp:featuredmedia":[{"embeddable":true,"href":"https:\/\/www.guastalla.com\/it\/wp-json\/wp\/v2\/media\/1113"}],"wp:attachment":[{"href":"https:\/\/www.guastalla.com\/it\/wp-json\/wp\/v2\/media?parent=7949"}],"wp:term":[{"taxonomy":"category","embeddable":true,"href":"https:\/\/www.guastalla.com\/it\/wp-json\/wp\/v2\/categories?post=7949"},{"taxonomy":"post_tag","embeddable":true,"href":"https:\/\/www.guastalla.com\/it\/wp-json\/wp\/v2\/tags?post=7949"}],"curies":[{"name":"wp","href":"https:\/\/api.w.org\/{rel}","templated":true}]}}