{"id":7932,"date":"2021-05-18T15:46:35","date_gmt":"2021-05-18T13:46:35","guid":{"rendered":"https:\/\/www.guastalla.com\/non-categorizzato\/aubertin-bernard\/"},"modified":"2022-01-28T16:35:51","modified_gmt":"2022-01-28T15:35:51","slug":"aubertin-bernard","status":"publish","type":"post","link":"https:\/\/www.guastalla.com\/it\/artisti\/aubertin-bernard\/","title":{"rendered":"Aubertin Bernard"},"content":{"rendered":"<p>FONTENAY-AUX-ROSES (FRANCIA) 1934 &#8211; REUTLIGEN (GERMANIA) 2015<\/p>\n<p><b>Bernard Aubertin: La formazione<\/b><br \/>\n<b>Bernard Aubertin <\/b>nasce a Fontenay-aux-Roses nel 1934<br \/>\nCompiuti gli studi presso la Scuola Statale di Decorazione, da autodidatta, si avvicina al cubismo ed al futurismo Fondamentale fu il suo incontro nel 1957 con <b>Yves Klein<\/b>;\u00a0 dall\u2019anno successivo, infatti, dar\u00e0 inizio alla creazione delle sue celebri tele monocrome<\/p>\n<p><b>Bernard Aubertin: Le rouge total<\/b><br \/>\n<b>Aubertin <\/b>inizia la sua storia di pittore monocromo realizzando i suoi primi <i>Rouge total<\/i> Le ricerche dell\u2019artista si focalizzano dapprima sul colore rosso, inteso come fuoco, energia\u00a0 Realizza i cosiddetti <i>Tableaux Feu <\/i>(quadri fuoco), animando tele monocrome rosse, con chiodi (<i>Tableaux Clous<\/i>), fil di ferro (<i>Tableaux Fil de Fer<\/i>), fiammiferi (<i>Parcours d\u2019Allumettes<\/i>) e svariati materiali, dai ceri, alle reti di ferro<span id='dots'>&#8230;<\/span><\/p>\n<div id='more' name='more' style='display:none;'> Come dichiarato dall&#8217;artista: Per me l&#8217;utilizzo del rosso simbolo dell&#8217;energia vitale, mi fornisce il mezzo di sottrarre  il non senso ormai attribuito al colore Nella mia opera monocroma rossa tutta la psicologia inerente alla concezione tradizionale del quadro (composizione, contrasto delle superfici colorate, forme) \u00e8 rimpiazzata dall&#8217;ossessione lirica di un colore unico \u00c8 il valore di questo colore, la sua importanza che mi interessa di definire precisamente Ci\u00f2 significa questo: la tecnica di distruzione della superficie unita al colore rosso, di cui  il significato \u00e8 simbolico, permette di tradurre plasticamente la sensazione dinamica Attraverso le sue parole <b>Aubertin<\/b> offre la propria visione nichilista dell&#8217;arte che non deve essere descrittiva ma contemplativa La sua concezione della pittura \u00e8 metafisica: attraverso il rosso egli traspone sulla tela l\u2019energia dell\u2019anima L\u2019essere spirituale si rivela attraverso l\u2019arte e nulla pi\u00f9 del colore potrebbe rappresentare una tale forza<\/p>\n<p><b>Bernard Aubertin: Performances di fuoco e nuovi monocromi<\/b><br \/>\nLe sua ricerca artistica si svilupper\u00e0 tra gli anni \u201980 e gli anni \u201990 in performances in cui egli stesso dar\u00e0 alle fiamme pianoforti e automobili, mentre negli ultimi anni il colore rosso dei monocromi \u00e8 stato sostituito dal bianco, dal nero e dall\u2019oro La monocromia di <b>Bernard Aubertin <\/b>rappresenta il silenzio pittorico: l\u2019arte non \u00e8 descrizione, l\u2019arte non ha nulla da dire, non ha niente da esprimere L\u2019arte \u00e8 trasposizione dell\u2019essere, dello spirito e, per tale ragione, non pu\u00f2 spiegarsi attraverso segni grafici, parole, forme <b>Bernard Aubertin<\/b> \u00e8 stato uno degli artisti fondatori del <i>Gruppo Zero<\/i> di Dusseldorf Dal 1990 ha vissuto e lavorato in Germania<\/div>\n<p><button onclick=espandi_bio_artisti('it_IT') id='myBtn'>+ Leggi di pi\u00f9<\/button><\/p>\n","protected":false},"excerpt":{"rendered":"<p>FONTENAY-AUX-ROSES (FRANCIA) 1934 &#8211; REUTLIGEN (GERMANIA) 2015 Bernard Aubertin: La formazione Bernard Aubertin nasce a Fontenay-aux-Roses nel 1934 Compiuti gli studi presso la Scuola Statale di Decorazione, da autodidatta, si avvicina al cubismo ed al futurismo Fondamentale fu il suo incontro nel 1957 con Yves Klein;\u00a0 dall\u2019anno successivo, infatti, dar\u00e0 inizio alla creazione delle sue [&hellip;]<\/p>\n","protected":false},"author":11,"featured_media":1108,"comment_status":"closed","ping_status":"closed","sticky":false,"template":"","format":"standard","meta":{"_acf_changed":false,"_et_pb_use_builder":"off","_et_pb_old_content":"","_et_gb_content_width":"","footnotes":""},"categories":[11],"tags":[120,50,460,57,374,434],"class_list":["post-7932","post","type-post","status-publish","format-standard","has-post-thumbnail","hentry","category-artisti","tag-aubertin-bernard","tag-miart-2018","tag-miart2022","tag-minimalia","tag-monochrome","tag-provatag"],"acf":[],"yoast_head":"<!-- This site is optimized with the Yoast SEO plugin v28.4 - https:\/\/yoast.com\/product\/yoast-seo-wordpress\/ -->\n<title>Aubertin Bernard - Studio Guastalla<\/title>\n<meta name=\"robots\" content=\"index, follow, max-snippet:-1, max-image-preview:large, max-video-preview:-1\" \/>\n<link rel=\"canonical\" href=\"https:\/\/www.guastalla.com\/it\/artisti\/aubertin-bernard\/\" \/>\n<meta property=\"og:locale\" content=\"it_IT\" \/>\n<meta property=\"og:type\" content=\"article\" \/>\n<meta property=\"og:title\" content=\"Aubertin Bernard - Studio Guastalla\" \/>\n<meta property=\"og:description\" content=\"FONTENAY-AUX-ROSES (FRANCIA) 1934 &#8211; REUTLIGEN (GERMANIA) 2015 Bernard Aubertin: La formazione Bernard Aubertin nasce a Fontenay-aux-Roses nel 1934 Compiuti gli studi presso la Scuola Statale di Decorazione, da autodidatta, si avvicina al cubismo ed al futurismo Fondamentale fu il suo incontro nel 1957 con Yves Klein;\u00a0 dall\u2019anno successivo, infatti, dar\u00e0 inizio alla creazione delle sue [&hellip;]\" \/>\n<meta property=\"og:url\" content=\"https:\/\/www.guastalla.com\/it\/artisti\/aubertin-bernard\/\" \/>\n<meta property=\"og:site_name\" content=\"Studio Guastalla\" \/>\n<meta property=\"article:published_time\" content=\"2021-05-18T13:46:35+00:00\" \/>\n<meta property=\"article:modified_time\" content=\"2022-01-28T15:35:51+00:00\" \/>\n<meta property=\"og:image\" content=\"https:\/\/www.guastalla.com\/wp-content\/uploads\/2021\/04\/Bernard-Aubertin-Tableau-clous-cm-30x30-1-scaled.jpg\" \/>\n\t<meta property=\"og:image:width\" content=\"2560\" \/>\n\t<meta property=\"og:image:height\" content=\"2514\" \/>\n\t<meta property=\"og:image:type\" content=\"image\/jpeg\" \/>\n<meta name=\"author\" content=\"Erica Toffoletto\" \/>\n<meta name=\"twitter:card\" content=\"summary_large_image\" \/>\n<meta name=\"twitter:label1\" content=\"Scritto da\" \/>\n\t<meta name=\"twitter:data1\" content=\"Erica Toffoletto\" \/>\n\t<meta name=\"twitter:label2\" content=\"Tempo di lettura stimato\" \/>\n\t<meta name=\"twitter:data2\" content=\"2 minuti\" \/>\n<script type=\"application\/ld+json\" class=\"yoast-schema-graph\">{\"@context\":\"https:\\\/\\\/schema.org\",\"@graph\":[{\"@type\":\"Article\",\"@id\":\"https:\\\/\\\/www.guastalla.com\\\/it\\\/artisti\\\/aubertin-bernard\\\/#article\",\"isPartOf\":{\"@id\":\"https:\\\/\\\/www.guastalla.com\\\/it\\\/artisti\\\/aubertin-bernard\\\/\"},\"author\":{\"name\":\"Erica Toffoletto\",\"@id\":\"https:\\\/\\\/www.guastalla.com\\\/it\\\/#\\\/schema\\\/person\\\/1585d08759466444a5233722aa3a2197\"},\"headline\":\"Aubertin Bernard\",\"datePublished\":\"2021-05-18T13:46:35+00:00\",\"dateModified\":\"2022-01-28T15:35:51+00:00\",\"mainEntityOfPage\":{\"@id\":\"https:\\\/\\\/www.guastalla.com\\\/it\\\/artisti\\\/aubertin-bernard\\\/\"},\"wordCount\":386,\"image\":{\"@id\":\"https:\\\/\\\/www.guastalla.com\\\/it\\\/artisti\\\/aubertin-bernard\\\/#primaryimage\"},\"thumbnailUrl\":\"https:\\\/\\\/www.guastalla.com\\\/wp-content\\\/uploads\\\/2021\\\/04\\\/Bernard-Aubertin-Tableau-clous-cm-30x30-1-scaled.jpg\",\"keywords\":[\"aubertin-bernard\",\"MIART 2018\",\"miart2022\",\"MINIMALIA\",\"monochrome\",\"provatag\"],\"articleSection\":[\"Artisti\"],\"inLanguage\":\"it-IT\"},{\"@type\":\"WebPage\",\"@id\":\"https:\\\/\\\/www.guastalla.com\\\/it\\\/artisti\\\/aubertin-bernard\\\/\",\"url\":\"https:\\\/\\\/www.guastalla.com\\\/it\\\/artisti\\\/aubertin-bernard\\\/\",\"name\":\"Aubertin Bernard - Studio Guastalla\",\"isPartOf\":{\"@id\":\"https:\\\/\\\/www.guastalla.com\\\/it\\\/#website\"},\"primaryImageOfPage\":{\"@id\":\"https:\\\/\\\/www.guastalla.com\\\/it\\\/artisti\\\/aubertin-bernard\\\/#primaryimage\"},\"image\":{\"@id\":\"https:\\\/\\\/www.guastalla.com\\\/it\\\/artisti\\\/aubertin-bernard\\\/#primaryimage\"},\"thumbnailUrl\":\"https:\\\/\\\/www.guastalla.com\\\/wp-content\\\/uploads\\\/2021\\\/04\\\/Bernard-Aubertin-Tableau-clous-cm-30x30-1-scaled.jpg\",\"datePublished\":\"2021-05-18T13:46:35+00:00\",\"dateModified\":\"2022-01-28T15:35:51+00:00\",\"author\":{\"@id\":\"https:\\\/\\\/www.guastalla.com\\\/it\\\/#\\\/schema\\\/person\\\/1585d08759466444a5233722aa3a2197\"},\"breadcrumb\":{\"@id\":\"https:\\\/\\\/www.guastalla.com\\\/it\\\/artisti\\\/aubertin-bernard\\\/#breadcrumb\"},\"inLanguage\":\"it-IT\",\"potentialAction\":[{\"@type\":\"ReadAction\",\"target\":[\"https:\\\/\\\/www.guastalla.com\\\/it\\\/artisti\\\/aubertin-bernard\\\/\"]}]},{\"@type\":\"ImageObject\",\"inLanguage\":\"it-IT\",\"@id\":\"https:\\\/\\\/www.guastalla.com\\\/it\\\/artisti\\\/aubertin-bernard\\\/#primaryimage\",\"url\":\"https:\\\/\\\/www.guastalla.com\\\/wp-content\\\/uploads\\\/2021\\\/04\\\/Bernard-Aubertin-Tableau-clous-cm-30x30-1-scaled.jpg\",\"contentUrl\":\"https:\\\/\\\/www.guastalla.com\\\/wp-content\\\/uploads\\\/2021\\\/04\\\/Bernard-Aubertin-Tableau-clous-cm-30x30-1-scaled.jpg\",\"width\":2560,\"height\":2514},{\"@type\":\"BreadcrumbList\",\"@id\":\"https:\\\/\\\/www.guastalla.com\\\/it\\\/artisti\\\/aubertin-bernard\\\/#breadcrumb\",\"itemListElement\":[{\"@type\":\"ListItem\",\"position\":1,\"name\":\"Home\",\"item\":\"https:\\\/\\\/www.guastalla.com\\\/it\\\/\"},{\"@type\":\"ListItem\",\"position\":2,\"name\":\"Aubertin Bernard\"}]},{\"@type\":\"WebSite\",\"@id\":\"https:\\\/\\\/www.guastalla.com\\\/it\\\/#website\",\"url\":\"https:\\\/\\\/www.guastalla.com\\\/it\\\/\",\"name\":\"Studio Guastalla\",\"description\":\"Galleria Arte Moderna e Contemporanea\",\"potentialAction\":[{\"@type\":\"SearchAction\",\"target\":{\"@type\":\"EntryPoint\",\"urlTemplate\":\"https:\\\/\\\/www.guastalla.com\\\/it\\\/?s={search_term_string}\"},\"query-input\":{\"@type\":\"PropertyValueSpecification\",\"valueRequired\":true,\"valueName\":\"search_term_string\"}}],\"inLanguage\":\"it-IT\"},{\"@type\":\"Person\",\"@id\":\"https:\\\/\\\/www.guastalla.com\\\/it\\\/#\\\/schema\\\/person\\\/1585d08759466444a5233722aa3a2197\",\"name\":\"Erica Toffoletto\",\"image\":{\"@type\":\"ImageObject\",\"inLanguage\":\"it-IT\",\"@id\":\"https:\\\/\\\/secure.gravatar.com\\\/avatar\\\/da1d7bc05ba1780f895f17c4c8bdd3fafb0b6e9908ef655c70a3578a94b36dab?s=96&d=mm&r=g\",\"url\":\"https:\\\/\\\/secure.gravatar.com\\\/avatar\\\/da1d7bc05ba1780f895f17c4c8bdd3fafb0b6e9908ef655c70a3578a94b36dab?s=96&d=mm&r=g\",\"contentUrl\":\"https:\\\/\\\/secure.gravatar.com\\\/avatar\\\/da1d7bc05ba1780f895f17c4c8bdd3fafb0b6e9908ef655c70a3578a94b36dab?s=96&d=mm&r=g\",\"caption\":\"Erica Toffoletto\"},\"url\":\"https:\\\/\\\/www.guastalla.com\\\/it\\\/author\\\/erica\\\/\"}]}<\/script>\n<!-- \/ Yoast SEO plugin. -->","yoast_head_json":{"title":"Aubertin Bernard - Studio Guastalla","robots":{"index":"index","follow":"follow","max-snippet":"max-snippet:-1","max-image-preview":"max-image-preview:large","max-video-preview":"max-video-preview:-1"},"canonical":"https:\/\/www.guastalla.com\/it\/artisti\/aubertin-bernard\/","og_locale":"it_IT","og_type":"article","og_title":"Aubertin Bernard - Studio Guastalla","og_description":"FONTENAY-AUX-ROSES (FRANCIA) 1934 &#8211; REUTLIGEN (GERMANIA) 2015 Bernard Aubertin: La formazione Bernard Aubertin nasce a Fontenay-aux-Roses nel 1934 Compiuti gli studi presso la Scuola Statale di Decorazione, da autodidatta, si avvicina al cubismo ed al futurismo Fondamentale fu il suo incontro nel 1957 con Yves Klein;\u00a0 dall\u2019anno successivo, infatti, dar\u00e0 inizio alla creazione delle sue [&hellip;]","og_url":"https:\/\/www.guastalla.com\/it\/artisti\/aubertin-bernard\/","og_site_name":"Studio Guastalla","article_published_time":"2021-05-18T13:46:35+00:00","article_modified_time":"2022-01-28T15:35:51+00:00","og_image":[{"width":2560,"height":2514,"url":"https:\/\/www.guastalla.com\/wp-content\/uploads\/2021\/04\/Bernard-Aubertin-Tableau-clous-cm-30x30-1-scaled.jpg","type":"image\/jpeg"}],"author":"Erica Toffoletto","twitter_card":"summary_large_image","twitter_misc":{"Scritto da":"Erica Toffoletto","Tempo di lettura stimato":"2 minuti"},"schema":{"@context":"https:\/\/schema.org","@graph":[{"@type":"Article","@id":"https:\/\/www.guastalla.com\/it\/artisti\/aubertin-bernard\/#article","isPartOf":{"@id":"https:\/\/www.guastalla.com\/it\/artisti\/aubertin-bernard\/"},"author":{"name":"Erica Toffoletto","@id":"https:\/\/www.guastalla.com\/it\/#\/schema\/person\/1585d08759466444a5233722aa3a2197"},"headline":"Aubertin Bernard","datePublished":"2021-05-18T13:46:35+00:00","dateModified":"2022-01-28T15:35:51+00:00","mainEntityOfPage":{"@id":"https:\/\/www.guastalla.com\/it\/artisti\/aubertin-bernard\/"},"wordCount":386,"image":{"@id":"https:\/\/www.guastalla.com\/it\/artisti\/aubertin-bernard\/#primaryimage"},"thumbnailUrl":"https:\/\/www.guastalla.com\/wp-content\/uploads\/2021\/04\/Bernard-Aubertin-Tableau-clous-cm-30x30-1-scaled.jpg","keywords":["aubertin-bernard","MIART 2018","miart2022","MINIMALIA","monochrome","provatag"],"articleSection":["Artisti"],"inLanguage":"it-IT"},{"@type":"WebPage","@id":"https:\/\/www.guastalla.com\/it\/artisti\/aubertin-bernard\/","url":"https:\/\/www.guastalla.com\/it\/artisti\/aubertin-bernard\/","name":"Aubertin Bernard - Studio Guastalla","isPartOf":{"@id":"https:\/\/www.guastalla.com\/it\/#website"},"primaryImageOfPage":{"@id":"https:\/\/www.guastalla.com\/it\/artisti\/aubertin-bernard\/#primaryimage"},"image":{"@id":"https:\/\/www.guastalla.com\/it\/artisti\/aubertin-bernard\/#primaryimage"},"thumbnailUrl":"https:\/\/www.guastalla.com\/wp-content\/uploads\/2021\/04\/Bernard-Aubertin-Tableau-clous-cm-30x30-1-scaled.jpg","datePublished":"2021-05-18T13:46:35+00:00","dateModified":"2022-01-28T15:35:51+00:00","author":{"@id":"https:\/\/www.guastalla.com\/it\/#\/schema\/person\/1585d08759466444a5233722aa3a2197"},"breadcrumb":{"@id":"https:\/\/www.guastalla.com\/it\/artisti\/aubertin-bernard\/#breadcrumb"},"inLanguage":"it-IT","potentialAction":[{"@type":"ReadAction","target":["https:\/\/www.guastalla.com\/it\/artisti\/aubertin-bernard\/"]}]},{"@type":"ImageObject","inLanguage":"it-IT","@id":"https:\/\/www.guastalla.com\/it\/artisti\/aubertin-bernard\/#primaryimage","url":"https:\/\/www.guastalla.com\/wp-content\/uploads\/2021\/04\/Bernard-Aubertin-Tableau-clous-cm-30x30-1-scaled.jpg","contentUrl":"https:\/\/www.guastalla.com\/wp-content\/uploads\/2021\/04\/Bernard-Aubertin-Tableau-clous-cm-30x30-1-scaled.jpg","width":2560,"height":2514},{"@type":"BreadcrumbList","@id":"https:\/\/www.guastalla.com\/it\/artisti\/aubertin-bernard\/#breadcrumb","itemListElement":[{"@type":"ListItem","position":1,"name":"Home","item":"https:\/\/www.guastalla.com\/it\/"},{"@type":"ListItem","position":2,"name":"Aubertin Bernard"}]},{"@type":"WebSite","@id":"https:\/\/www.guastalla.com\/it\/#website","url":"https:\/\/www.guastalla.com\/it\/","name":"Studio Guastalla","description":"Galleria Arte Moderna e Contemporanea","potentialAction":[{"@type":"SearchAction","target":{"@type":"EntryPoint","urlTemplate":"https:\/\/www.guastalla.com\/it\/?s={search_term_string}"},"query-input":{"@type":"PropertyValueSpecification","valueRequired":true,"valueName":"search_term_string"}}],"inLanguage":"it-IT"},{"@type":"Person","@id":"https:\/\/www.guastalla.com\/it\/#\/schema\/person\/1585d08759466444a5233722aa3a2197","name":"Erica Toffoletto","image":{"@type":"ImageObject","inLanguage":"it-IT","@id":"https:\/\/secure.gravatar.com\/avatar\/da1d7bc05ba1780f895f17c4c8bdd3fafb0b6e9908ef655c70a3578a94b36dab?s=96&d=mm&r=g","url":"https:\/\/secure.gravatar.com\/avatar\/da1d7bc05ba1780f895f17c4c8bdd3fafb0b6e9908ef655c70a3578a94b36dab?s=96&d=mm&r=g","contentUrl":"https:\/\/secure.gravatar.com\/avatar\/da1d7bc05ba1780f895f17c4c8bdd3fafb0b6e9908ef655c70a3578a94b36dab?s=96&d=mm&r=g","caption":"Erica Toffoletto"},"url":"https:\/\/www.guastalla.com\/it\/author\/erica\/"}]}},"_links":{"self":[{"href":"https:\/\/www.guastalla.com\/it\/wp-json\/wp\/v2\/posts\/7932","targetHints":{"allow":["GET"]}}],"collection":[{"href":"https:\/\/www.guastalla.com\/it\/wp-json\/wp\/v2\/posts"}],"about":[{"href":"https:\/\/www.guastalla.com\/it\/wp-json\/wp\/v2\/types\/post"}],"author":[{"embeddable":true,"href":"https:\/\/www.guastalla.com\/it\/wp-json\/wp\/v2\/users\/11"}],"replies":[{"embeddable":true,"href":"https:\/\/www.guastalla.com\/it\/wp-json\/wp\/v2\/comments?post=7932"}],"version-history":[{"count":2,"href":"https:\/\/www.guastalla.com\/it\/wp-json\/wp\/v2\/posts\/7932\/revisions"}],"predecessor-version":[{"id":12065,"href":"https:\/\/www.guastalla.com\/it\/wp-json\/wp\/v2\/posts\/7932\/revisions\/12065"}],"wp:featuredmedia":[{"embeddable":true,"href":"https:\/\/www.guastalla.com\/it\/wp-json\/wp\/v2\/media\/1108"}],"wp:attachment":[{"href":"https:\/\/www.guastalla.com\/it\/wp-json\/wp\/v2\/media?parent=7932"}],"wp:term":[{"taxonomy":"category","embeddable":true,"href":"https:\/\/www.guastalla.com\/it\/wp-json\/wp\/v2\/categories?post=7932"},{"taxonomy":"post_tag","embeddable":true,"href":"https:\/\/www.guastalla.com\/it\/wp-json\/wp\/v2\/tags?post=7932"}],"curies":[{"name":"wp","href":"https:\/\/api.w.org\/{rel}","templated":true}]}}