{"id":20068,"date":"2026-04-17T20:26:44","date_gmt":"2026-04-17T18:26:44","guid":{"rendered":"https:\/\/www.guastalla.com\/?p=20068"},"modified":"2026-05-18T18:34:12","modified_gmt":"2026-05-18T16:34:12","slug":"femme-au-fauteil","status":"publish","type":"post","link":"https:\/\/www.guastalla.com\/it\/opere\/femme-au-fauteil\/","title":{"rendered":"Femme au fauteil"},"content":{"rendered":"<p>Acrilico su stoffa e passamanerie su tela<br \/>\ncm 130&#215;97<br \/>\n1966<\/p>\n<p>NOTE: firmato in basso a sinistra;<br \/>\nPROVENIENZA: Galerie Mayer, Bruxelles; Johannes Wasmuth, Rolandseck; Collezione privata, Italia.<br \/>\nESPOSIZIONI E PUBBLICAZIONI: Klaus Grunewald, Baj, Galerie Mayer, Bruxelles, 1967, ill. in cat. n.16; Catalogo generale Bolaffi dell\u2019opera di Enrico Baj, a cura di Enrico Crispolti, Edizioni Bolaffi, Torino, 1973, ill. in cat. n. 1254.<\/p>\n<p>Scopri il video dell\u2019opera (clicca sul link con il tasto destro del mouse e \u201capri link in un\u2019altra finestra\u201d) <a href=\"https:\/\/youtube.com\/shorts\/m3zCCX4eglo?feature=share\">https:\/\/youtube.com\/shorts\/m3zCCX4eglo?feature=share<\/a><br \/>\nOggi voglio presentarvi un artista, Enrico Baj, che ha saputo parlare di argomenti serissimi, a volte anche molto drammatici, con lo sguardo leggero di un bambino, ed \u00e8 un\u2019esperienza che ho fatto in prima persona perch\u00e9 nella casa in cui cono cresciuta con mio fratello Ettore c\u2019erano varie opere di Baj, dato che nostro padre lavorava con l\u2019artista, e una in particolare riusciva sempre a strappare un sorriso stupito anche ai nostri amichetti perch\u00e9 era fatta con i mattoncini del Lego. Naturalmente tutti pensavano sempre che fosse una nostra opera e cercavano anche di staccare qualche mattoncino, cosa che probabilmente \u00e8 anche successa. Anche in questa opera, Femme au fauteil, Donna sulla poltrona, vediamo che gli elementi del viso, del corpo, sono realizzati con oggetti trovati in casa, forse anche addirittura dei giocattoli, come queste rotelle dipinte. Qui abbiamo un naso fatto con una spoletta di filo, dei capezzoli realizzati con passamaneria, cos\u00ec come il fondo \u00e8 una stoffa da tappezziere, il braccio e la mano sono disegnati con un gesso, come farebbe un bambino per terra.<br \/>\nIl suo modo di giocare, proprio come quello dei bambini, non ha niente di superficiale: con le sue figure deformi e grottesche realizzate con oggetti domestici Baj rivela la violenza del potere costituito, l\u2019ottusit\u00e0 di chi idolatra cariche e ruoli, la vanit\u00e0 del conformismo sociale. Attraverso il meccano ci ricorda, gi\u00e0 cinquanta anni fa, quanto la nostra immaginazione e la nostra unicit\u00e0 siano a rischio in un mondo sempre pi\u00f9 automatizzato. La sua ironia dissacrante, erede del surrealismo, \u00e8 sempre, politicamente, diretta e demistificare il presente e i suoi mostri.<\/p>\n","protected":false},"excerpt":{"rendered":"<p>Acrilico su stoffa e passamanerie su tela cm 130&#215;97 1966 NOTE: firmato in basso a sinistra; PROVENIENZA: Galerie Mayer, Bruxelles; Johannes Wasmuth, Rolandseck; Collezione privata, Italia. ESPOSIZIONI E PUBBLICAZIONI: Klaus Grunewald, Baj, Galerie Mayer, Bruxelles, 1967, ill. in cat. n.16; Catalogo generale Bolaffi dell\u2019opera di Enrico Baj, a cura di Enrico Crispolti, Edizioni Bolaffi, Torino, [&hellip;]<\/p>\n","protected":false},"author":5,"featured_media":20164,"comment_status":"closed","ping_status":"closed","sticky":false,"template":"","format":"standard","meta":{"_acf_changed":false,"_et_pb_use_builder":"","_et_pb_old_content":"","_et_gb_content_width":"","footnotes":""},"categories":[12],"tags":[121],"class_list":["post-20068","post","type-post","status-publish","format-standard","has-post-thumbnail","hentry","category-opere","tag-baj-enrico"],"acf":[],"yoast_head":"<!-- This site is optimized with the Yoast SEO plugin v28.4 - https:\/\/yoast.com\/product\/yoast-seo-wordpress\/ -->\n<title>Femme au fauteil - Studio Guastalla<\/title>\n<meta name=\"robots\" content=\"index, follow, max-snippet:-1, max-image-preview:large, max-video-preview:-1\" \/>\n<link rel=\"canonical\" href=\"https:\/\/www.guastalla.com\/it\/opere\/femme-au-fauteil\/\" \/>\n<meta property=\"og:locale\" content=\"it_IT\" \/>\n<meta property=\"og:type\" content=\"article\" \/>\n<meta property=\"og:title\" content=\"Femme au fauteil - Studio Guastalla\" \/>\n<meta property=\"og:description\" content=\"Acrilico su stoffa e passamanerie su tela cm 130&#215;97 1966 NOTE: firmato in basso a sinistra; PROVENIENZA: Galerie Mayer, Bruxelles; Johannes Wasmuth, Rolandseck; Collezione privata, Italia. ESPOSIZIONI E PUBBLICAZIONI: Klaus Grunewald, Baj, Galerie Mayer, Bruxelles, 1967, ill. in cat. n.16; Catalogo generale Bolaffi dell\u2019opera di Enrico Baj, a cura di Enrico Crispolti, Edizioni Bolaffi, Torino, [&hellip;]\" \/>\n<meta property=\"og:url\" content=\"https:\/\/www.guastalla.com\/it\/opere\/femme-au-fauteil\/\" \/>\n<meta property=\"og:site_name\" content=\"Studio Guastalla\" \/>\n<meta property=\"article:published_time\" content=\"2026-04-17T18:26:44+00:00\" \/>\n<meta property=\"article:modified_time\" content=\"2026-05-18T16:34:12+00:00\" \/>\n<meta property=\"og:image\" content=\"https:\/\/www.guastalla.com\/wp-content\/uploads\/2026\/04\/baj-femme-au-fauteil-tecnica-mista-cm-130-x-97-1966-fronte-scaled.jpg\" \/>\n\t<meta property=\"og:image:width\" content=\"1707\" \/>\n\t<meta property=\"og:image:height\" content=\"2560\" \/>\n\t<meta property=\"og:image:type\" content=\"image\/jpeg\" \/>\n<meta name=\"author\" content=\"guastalla\" \/>\n<meta name=\"twitter:card\" content=\"summary_large_image\" \/>\n<meta name=\"twitter:label1\" content=\"Scritto da\" \/>\n\t<meta name=\"twitter:data1\" content=\"guastalla\" \/>\n\t<meta name=\"twitter:label2\" content=\"Tempo di lettura stimato\" \/>\n\t<meta name=\"twitter:data2\" content=\"2 minuti\" \/>\n<script type=\"application\/ld+json\" class=\"yoast-schema-graph\">{\"@context\":\"https:\\\/\\\/schema.org\",\"@graph\":[{\"@type\":\"Article\",\"@id\":\"https:\\\/\\\/www.guastalla.com\\\/it\\\/opere\\\/femme-au-fauteil\\\/#article\",\"isPartOf\":{\"@id\":\"https:\\\/\\\/www.guastalla.com\\\/it\\\/opere\\\/femme-au-fauteil\\\/\"},\"author\":{\"name\":\"guastalla\",\"@id\":\"https:\\\/\\\/www.guastalla.com\\\/it\\\/#\\\/schema\\\/person\\\/912e9605c4795c9279e35f6f92eefebb\"},\"headline\":\"Femme au fauteil\",\"datePublished\":\"2026-04-17T18:26:44+00:00\",\"dateModified\":\"2026-05-18T16:34:12+00:00\",\"mainEntityOfPage\":{\"@id\":\"https:\\\/\\\/www.guastalla.com\\\/it\\\/opere\\\/femme-au-fauteil\\\/\"},\"wordCount\":358,\"image\":{\"@id\":\"https:\\\/\\\/www.guastalla.com\\\/it\\\/opere\\\/femme-au-fauteil\\\/#primaryimage\"},\"thumbnailUrl\":\"https:\\\/\\\/www.guastalla.com\\\/wp-content\\\/uploads\\\/2026\\\/04\\\/baj-femme-au-fauteil-tecnica-mista-cm-130-x-97-1966-fronte-scaled.jpg\",\"keywords\":[\"baj--enrico\"],\"articleSection\":[\"Opere\"],\"inLanguage\":\"it-IT\"},{\"@type\":\"WebPage\",\"@id\":\"https:\\\/\\\/www.guastalla.com\\\/it\\\/opere\\\/femme-au-fauteil\\\/\",\"url\":\"https:\\\/\\\/www.guastalla.com\\\/it\\\/opere\\\/femme-au-fauteil\\\/\",\"name\":\"Femme au fauteil - Studio Guastalla\",\"isPartOf\":{\"@id\":\"https:\\\/\\\/www.guastalla.com\\\/it\\\/#website\"},\"primaryImageOfPage\":{\"@id\":\"https:\\\/\\\/www.guastalla.com\\\/it\\\/opere\\\/femme-au-fauteil\\\/#primaryimage\"},\"image\":{\"@id\":\"https:\\\/\\\/www.guastalla.com\\\/it\\\/opere\\\/femme-au-fauteil\\\/#primaryimage\"},\"thumbnailUrl\":\"https:\\\/\\\/www.guastalla.com\\\/wp-content\\\/uploads\\\/2026\\\/04\\\/baj-femme-au-fauteil-tecnica-mista-cm-130-x-97-1966-fronte-scaled.jpg\",\"datePublished\":\"2026-04-17T18:26:44+00:00\",\"dateModified\":\"2026-05-18T16:34:12+00:00\",\"author\":{\"@id\":\"https:\\\/\\\/www.guastalla.com\\\/it\\\/#\\\/schema\\\/person\\\/912e9605c4795c9279e35f6f92eefebb\"},\"breadcrumb\":{\"@id\":\"https:\\\/\\\/www.guastalla.com\\\/it\\\/opere\\\/femme-au-fauteil\\\/#breadcrumb\"},\"inLanguage\":\"it-IT\",\"potentialAction\":[{\"@type\":\"ReadAction\",\"target\":[\"https:\\\/\\\/www.guastalla.com\\\/it\\\/opere\\\/femme-au-fauteil\\\/\"]}]},{\"@type\":\"ImageObject\",\"inLanguage\":\"it-IT\",\"@id\":\"https:\\\/\\\/www.guastalla.com\\\/it\\\/opere\\\/femme-au-fauteil\\\/#primaryimage\",\"url\":\"https:\\\/\\\/www.guastalla.com\\\/wp-content\\\/uploads\\\/2026\\\/04\\\/baj-femme-au-fauteil-tecnica-mista-cm-130-x-97-1966-fronte-scaled.jpg\",\"contentUrl\":\"https:\\\/\\\/www.guastalla.com\\\/wp-content\\\/uploads\\\/2026\\\/04\\\/baj-femme-au-fauteil-tecnica-mista-cm-130-x-97-1966-fronte-scaled.jpg\",\"width\":1707,\"height\":2560},{\"@type\":\"BreadcrumbList\",\"@id\":\"https:\\\/\\\/www.guastalla.com\\\/it\\\/opere\\\/femme-au-fauteil\\\/#breadcrumb\",\"itemListElement\":[{\"@type\":\"ListItem\",\"position\":1,\"name\":\"Home\",\"item\":\"https:\\\/\\\/www.guastalla.com\\\/it\\\/\"},{\"@type\":\"ListItem\",\"position\":2,\"name\":\"Femme au fauteil\"}]},{\"@type\":\"WebSite\",\"@id\":\"https:\\\/\\\/www.guastalla.com\\\/it\\\/#website\",\"url\":\"https:\\\/\\\/www.guastalla.com\\\/it\\\/\",\"name\":\"Studio Guastalla\",\"description\":\"Galleria Arte Moderna e Contemporanea\",\"potentialAction\":[{\"@type\":\"SearchAction\",\"target\":{\"@type\":\"EntryPoint\",\"urlTemplate\":\"https:\\\/\\\/www.guastalla.com\\\/it\\\/?s={search_term_string}\"},\"query-input\":{\"@type\":\"PropertyValueSpecification\",\"valueRequired\":true,\"valueName\":\"search_term_string\"}}],\"inLanguage\":\"it-IT\"},{\"@type\":\"Person\",\"@id\":\"https:\\\/\\\/www.guastalla.com\\\/it\\\/#\\\/schema\\\/person\\\/912e9605c4795c9279e35f6f92eefebb\",\"name\":\"guastalla\",\"image\":{\"@type\":\"ImageObject\",\"inLanguage\":\"it-IT\",\"@id\":\"https:\\\/\\\/secure.gravatar.com\\\/avatar\\\/a983a63767681bfd18143292d749b0d07a3c9b1e50df0a6a2095b13761f720ac?s=96&d=mm&r=g\",\"url\":\"https:\\\/\\\/secure.gravatar.com\\\/avatar\\\/a983a63767681bfd18143292d749b0d07a3c9b1e50df0a6a2095b13761f720ac?s=96&d=mm&r=g\",\"contentUrl\":\"https:\\\/\\\/secure.gravatar.com\\\/avatar\\\/a983a63767681bfd18143292d749b0d07a3c9b1e50df0a6a2095b13761f720ac?s=96&d=mm&r=g\",\"caption\":\"guastalla\"},\"url\":\"https:\\\/\\\/www.guastalla.com\\\/it\\\/author\\\/guastalla\\\/\"}]}<\/script>\n<!-- \/ Yoast SEO plugin. -->","yoast_head_json":{"title":"Femme au fauteil - Studio Guastalla","robots":{"index":"index","follow":"follow","max-snippet":"max-snippet:-1","max-image-preview":"max-image-preview:large","max-video-preview":"max-video-preview:-1"},"canonical":"https:\/\/www.guastalla.com\/it\/opere\/femme-au-fauteil\/","og_locale":"it_IT","og_type":"article","og_title":"Femme au fauteil - Studio Guastalla","og_description":"Acrilico su stoffa e passamanerie su tela cm 130&#215;97 1966 NOTE: firmato in basso a sinistra; PROVENIENZA: Galerie Mayer, Bruxelles; Johannes Wasmuth, Rolandseck; Collezione privata, Italia. ESPOSIZIONI E PUBBLICAZIONI: Klaus Grunewald, Baj, Galerie Mayer, Bruxelles, 1967, ill. in cat. n.16; Catalogo generale Bolaffi dell\u2019opera di Enrico Baj, a cura di Enrico Crispolti, Edizioni Bolaffi, Torino, [&hellip;]","og_url":"https:\/\/www.guastalla.com\/it\/opere\/femme-au-fauteil\/","og_site_name":"Studio Guastalla","article_published_time":"2026-04-17T18:26:44+00:00","article_modified_time":"2026-05-18T16:34:12+00:00","og_image":[{"width":1707,"height":2560,"url":"https:\/\/www.guastalla.com\/wp-content\/uploads\/2026\/04\/baj-femme-au-fauteil-tecnica-mista-cm-130-x-97-1966-fronte-scaled.jpg","type":"image\/jpeg"}],"author":"guastalla","twitter_card":"summary_large_image","twitter_misc":{"Scritto da":"guastalla","Tempo di lettura stimato":"2 minuti"},"schema":{"@context":"https:\/\/schema.org","@graph":[{"@type":"Article","@id":"https:\/\/www.guastalla.com\/it\/opere\/femme-au-fauteil\/#article","isPartOf":{"@id":"https:\/\/www.guastalla.com\/it\/opere\/femme-au-fauteil\/"},"author":{"name":"guastalla","@id":"https:\/\/www.guastalla.com\/it\/#\/schema\/person\/912e9605c4795c9279e35f6f92eefebb"},"headline":"Femme au fauteil","datePublished":"2026-04-17T18:26:44+00:00","dateModified":"2026-05-18T16:34:12+00:00","mainEntityOfPage":{"@id":"https:\/\/www.guastalla.com\/it\/opere\/femme-au-fauteil\/"},"wordCount":358,"image":{"@id":"https:\/\/www.guastalla.com\/it\/opere\/femme-au-fauteil\/#primaryimage"},"thumbnailUrl":"https:\/\/www.guastalla.com\/wp-content\/uploads\/2026\/04\/baj-femme-au-fauteil-tecnica-mista-cm-130-x-97-1966-fronte-scaled.jpg","keywords":["baj--enrico"],"articleSection":["Opere"],"inLanguage":"it-IT"},{"@type":"WebPage","@id":"https:\/\/www.guastalla.com\/it\/opere\/femme-au-fauteil\/","url":"https:\/\/www.guastalla.com\/it\/opere\/femme-au-fauteil\/","name":"Femme au fauteil - Studio Guastalla","isPartOf":{"@id":"https:\/\/www.guastalla.com\/it\/#website"},"primaryImageOfPage":{"@id":"https:\/\/www.guastalla.com\/it\/opere\/femme-au-fauteil\/#primaryimage"},"image":{"@id":"https:\/\/www.guastalla.com\/it\/opere\/femme-au-fauteil\/#primaryimage"},"thumbnailUrl":"https:\/\/www.guastalla.com\/wp-content\/uploads\/2026\/04\/baj-femme-au-fauteil-tecnica-mista-cm-130-x-97-1966-fronte-scaled.jpg","datePublished":"2026-04-17T18:26:44+00:00","dateModified":"2026-05-18T16:34:12+00:00","author":{"@id":"https:\/\/www.guastalla.com\/it\/#\/schema\/person\/912e9605c4795c9279e35f6f92eefebb"},"breadcrumb":{"@id":"https:\/\/www.guastalla.com\/it\/opere\/femme-au-fauteil\/#breadcrumb"},"inLanguage":"it-IT","potentialAction":[{"@type":"ReadAction","target":["https:\/\/www.guastalla.com\/it\/opere\/femme-au-fauteil\/"]}]},{"@type":"ImageObject","inLanguage":"it-IT","@id":"https:\/\/www.guastalla.com\/it\/opere\/femme-au-fauteil\/#primaryimage","url":"https:\/\/www.guastalla.com\/wp-content\/uploads\/2026\/04\/baj-femme-au-fauteil-tecnica-mista-cm-130-x-97-1966-fronte-scaled.jpg","contentUrl":"https:\/\/www.guastalla.com\/wp-content\/uploads\/2026\/04\/baj-femme-au-fauteil-tecnica-mista-cm-130-x-97-1966-fronte-scaled.jpg","width":1707,"height":2560},{"@type":"BreadcrumbList","@id":"https:\/\/www.guastalla.com\/it\/opere\/femme-au-fauteil\/#breadcrumb","itemListElement":[{"@type":"ListItem","position":1,"name":"Home","item":"https:\/\/www.guastalla.com\/it\/"},{"@type":"ListItem","position":2,"name":"Femme au fauteil"}]},{"@type":"WebSite","@id":"https:\/\/www.guastalla.com\/it\/#website","url":"https:\/\/www.guastalla.com\/it\/","name":"Studio Guastalla","description":"Galleria Arte Moderna e Contemporanea","potentialAction":[{"@type":"SearchAction","target":{"@type":"EntryPoint","urlTemplate":"https:\/\/www.guastalla.com\/it\/?s={search_term_string}"},"query-input":{"@type":"PropertyValueSpecification","valueRequired":true,"valueName":"search_term_string"}}],"inLanguage":"it-IT"},{"@type":"Person","@id":"https:\/\/www.guastalla.com\/it\/#\/schema\/person\/912e9605c4795c9279e35f6f92eefebb","name":"guastalla","image":{"@type":"ImageObject","inLanguage":"it-IT","@id":"https:\/\/secure.gravatar.com\/avatar\/a983a63767681bfd18143292d749b0d07a3c9b1e50df0a6a2095b13761f720ac?s=96&d=mm&r=g","url":"https:\/\/secure.gravatar.com\/avatar\/a983a63767681bfd18143292d749b0d07a3c9b1e50df0a6a2095b13761f720ac?s=96&d=mm&r=g","contentUrl":"https:\/\/secure.gravatar.com\/avatar\/a983a63767681bfd18143292d749b0d07a3c9b1e50df0a6a2095b13761f720ac?s=96&d=mm&r=g","caption":"guastalla"},"url":"https:\/\/www.guastalla.com\/it\/author\/guastalla\/"}]}},"_links":{"self":[{"href":"https:\/\/www.guastalla.com\/it\/wp-json\/wp\/v2\/posts\/20068","targetHints":{"allow":["GET"]}}],"collection":[{"href":"https:\/\/www.guastalla.com\/it\/wp-json\/wp\/v2\/posts"}],"about":[{"href":"https:\/\/www.guastalla.com\/it\/wp-json\/wp\/v2\/types\/post"}],"author":[{"embeddable":true,"href":"https:\/\/www.guastalla.com\/it\/wp-json\/wp\/v2\/users\/5"}],"replies":[{"embeddable":true,"href":"https:\/\/www.guastalla.com\/it\/wp-json\/wp\/v2\/comments?post=20068"}],"version-history":[{"count":7,"href":"https:\/\/www.guastalla.com\/it\/wp-json\/wp\/v2\/posts\/20068\/revisions"}],"predecessor-version":[{"id":20372,"href":"https:\/\/www.guastalla.com\/it\/wp-json\/wp\/v2\/posts\/20068\/revisions\/20372"}],"wp:featuredmedia":[{"embeddable":true,"href":"https:\/\/www.guastalla.com\/it\/wp-json\/wp\/v2\/media\/20164"}],"wp:attachment":[{"href":"https:\/\/www.guastalla.com\/it\/wp-json\/wp\/v2\/media?parent=20068"}],"wp:term":[{"taxonomy":"category","embeddable":true,"href":"https:\/\/www.guastalla.com\/it\/wp-json\/wp\/v2\/categories?post=20068"},{"taxonomy":"post_tag","embeddable":true,"href":"https:\/\/www.guastalla.com\/it\/wp-json\/wp\/v2\/tags?post=20068"}],"curies":[{"name":"wp","href":"https:\/\/api.w.org\/{rel}","templated":true}]}}