{"id":19885,"date":"2026-03-27T18:20:49","date_gmt":"2026-03-27T17:20:49","guid":{"rendered":"https:\/\/www.guastalla.com\/?p=19885"},"modified":"2026-03-27T18:21:57","modified_gmt":"2026-03-27T17:21:57","slug":"scheggi-paolo","status":"publish","type":"post","link":"https:\/\/www.guastalla.com\/it\/artisti\/scheggi-paolo\/","title":{"rendered":"Scheggi Paolo"},"content":{"rendered":"<p>Paolo Scheggi \u00e8 stato un pioniere nell&#8217;approccio al dipinto come oggetto, creando opere monocromatiche a strati che enfatizzavano la fisicit\u00e0 del piano pittorico rispetto al suo potenziale rappresentativo Gi\u00e0 in giovane et\u00e0, i suoi assemblaggi e collage in lamiera attirarono l&#8217;attenzione del critico d&#8217;arte Germano Celant e dell&#8217;artista Lucio Fontana In seguito ottenne fama internazionale per le sue opere \u201cIntersuperfici\u201d e \u201cStrutture Modulari\u201d, caratterizzate da tele o fogli di cartone in tinta unita punteggiati da piccole aperture ellittiche Sovrapposti l\u2019uno all\u2019altro, ogni strato lascia intravedere quello sottostante Le opere di Scheggi sono state incluse in diverse Biennali di Venezia, sia durante che immediatamente dopo la sua breve vita Fu associato ai gruppi Nul e Zero e al movimento delle Nuove Tendenze, tutti in reazione ai movimenti espressionisti dominanti del dopoguerra<span id='dots'>&#8230;<\/span><\/p>\n<div id='more' name='more' style='display:none;'><\/div>\n<p><button onclick=espandi_bio_artisti('it_IT') id='myBtn'>+ Leggi di pi\u00f9<\/button><\/p>\n","protected":false},"excerpt":{"rendered":"<p>Paolo Scheggi \u00e8 stato un pioniere nell&#8217;approccio al dipinto come oggetto, creando opere monocromatiche a strati che enfatizzavano la fisicit\u00e0 del piano pittorico rispetto al suo potenziale rappresentativo Gi\u00e0 in giovane et\u00e0, i suoi assemblaggi e collage in lamiera attirarono l&#8217;attenzione del critico d&#8217;arte Germano Celant e dell&#8217;artista Lucio Fontana In seguito ottenne fama internazionale [&hellip;]<\/p>\n","protected":false},"author":5,"featured_media":19889,"comment_status":"closed","ping_status":"closed","sticky":false,"template":"","format":"standard","meta":{"_acf_changed":false,"_et_pb_use_builder":"","_et_pb_old_content":"","_et_gb_content_width":"","footnotes":""},"categories":[11],"tags":[604],"class_list":["post-19885","post","type-post","status-publish","format-standard","has-post-thumbnail","hentry","category-artisti","tag-scheggi-paolo"],"acf":[],"yoast_head":"<!-- This site is optimized with the Yoast SEO plugin v28.4 - https:\/\/yoast.com\/product\/yoast-seo-wordpress\/ -->\n<title>Scheggi Paolo - Studio Guastalla<\/title>\n<meta name=\"robots\" content=\"index, follow, max-snippet:-1, max-image-preview:large, max-video-preview:-1\" \/>\n<link rel=\"canonical\" href=\"https:\/\/www.guastalla.com\/it\/artisti\/scheggi-paolo\/\" \/>\n<meta property=\"og:locale\" content=\"it_IT\" \/>\n<meta property=\"og:type\" content=\"article\" \/>\n<meta property=\"og:title\" content=\"Scheggi Paolo - Studio Guastalla\" \/>\n<meta property=\"og:description\" content=\"Paolo Scheggi \u00e8 stato un pioniere nell&#8217;approccio al dipinto come oggetto, creando opere monocromatiche a strati che enfatizzavano la fisicit\u00e0 del piano pittorico rispetto al suo potenziale rappresentativo Gi\u00e0 in giovane et\u00e0, i suoi assemblaggi e collage in lamiera attirarono l&#8217;attenzione del critico d&#8217;arte Germano Celant e dell&#8217;artista Lucio Fontana In seguito ottenne fama internazionale [&hellip;]\" \/>\n<meta property=\"og:url\" content=\"https:\/\/www.guastalla.com\/it\/artisti\/scheggi-paolo\/\" \/>\n<meta property=\"og:site_name\" content=\"Studio Guastalla\" \/>\n<meta property=\"article:published_time\" content=\"2026-03-27T17:20:49+00:00\" \/>\n<meta property=\"article:modified_time\" content=\"2026-03-27T17:21:57+00:00\" \/>\n<meta property=\"og:image\" content=\"https:\/\/www.guastalla.com\/wp-content\/uploads\/2026\/03\/scheggi-inter-ena-cubo-cartone-e-teca-in-plexiglass-cm-31x31x10-1965.jpg\" \/>\n\t<meta property=\"og:image:width\" content=\"600\" \/>\n\t<meta property=\"og:image:height\" content=\"600\" \/>\n\t<meta property=\"og:image:type\" content=\"image\/jpeg\" \/>\n<meta name=\"author\" content=\"guastalla\" \/>\n<meta name=\"twitter:card\" content=\"summary_large_image\" \/>\n<meta name=\"twitter:label1\" content=\"Scritto da\" \/>\n\t<meta name=\"twitter:data1\" content=\"guastalla\" \/>\n\t<meta name=\"twitter:label2\" content=\"Tempo di lettura stimato\" \/>\n\t<meta name=\"twitter:data2\" content=\"1 minuto\" \/>\n<script type=\"application\/ld+json\" class=\"yoast-schema-graph\">{\"@context\":\"https:\\\/\\\/schema.org\",\"@graph\":[{\"@type\":\"Article\",\"@id\":\"https:\\\/\\\/www.guastalla.com\\\/it\\\/artisti\\\/scheggi-paolo\\\/#article\",\"isPartOf\":{\"@id\":\"https:\\\/\\\/www.guastalla.com\\\/it\\\/artisti\\\/scheggi-paolo\\\/\"},\"author\":{\"name\":\"guastalla\",\"@id\":\"https:\\\/\\\/www.guastalla.com\\\/it\\\/#\\\/schema\\\/person\\\/912e9605c4795c9279e35f6f92eefebb\"},\"headline\":\"Scheggi Paolo\",\"datePublished\":\"2026-03-27T17:20:49+00:00\",\"dateModified\":\"2026-03-27T17:21:57+00:00\",\"mainEntityOfPage\":{\"@id\":\"https:\\\/\\\/www.guastalla.com\\\/it\\\/artisti\\\/scheggi-paolo\\\/\"},\"wordCount\":137,\"image\":{\"@id\":\"https:\\\/\\\/www.guastalla.com\\\/it\\\/artisti\\\/scheggi-paolo\\\/#primaryimage\"},\"thumbnailUrl\":\"https:\\\/\\\/www.guastalla.com\\\/wp-content\\\/uploads\\\/2026\\\/03\\\/scheggi-inter-ena-cubo-cartone-e-teca-in-plexiglass-cm-31x31x10-1965.jpg\",\"keywords\":[\"scheggi-paolo\"],\"articleSection\":[\"Artisti\"],\"inLanguage\":\"it-IT\"},{\"@type\":\"WebPage\",\"@id\":\"https:\\\/\\\/www.guastalla.com\\\/it\\\/artisti\\\/scheggi-paolo\\\/\",\"url\":\"https:\\\/\\\/www.guastalla.com\\\/it\\\/artisti\\\/scheggi-paolo\\\/\",\"name\":\"Scheggi Paolo - Studio Guastalla\",\"isPartOf\":{\"@id\":\"https:\\\/\\\/www.guastalla.com\\\/it\\\/#website\"},\"primaryImageOfPage\":{\"@id\":\"https:\\\/\\\/www.guastalla.com\\\/it\\\/artisti\\\/scheggi-paolo\\\/#primaryimage\"},\"image\":{\"@id\":\"https:\\\/\\\/www.guastalla.com\\\/it\\\/artisti\\\/scheggi-paolo\\\/#primaryimage\"},\"thumbnailUrl\":\"https:\\\/\\\/www.guastalla.com\\\/wp-content\\\/uploads\\\/2026\\\/03\\\/scheggi-inter-ena-cubo-cartone-e-teca-in-plexiglass-cm-31x31x10-1965.jpg\",\"datePublished\":\"2026-03-27T17:20:49+00:00\",\"dateModified\":\"2026-03-27T17:21:57+00:00\",\"author\":{\"@id\":\"https:\\\/\\\/www.guastalla.com\\\/it\\\/#\\\/schema\\\/person\\\/912e9605c4795c9279e35f6f92eefebb\"},\"breadcrumb\":{\"@id\":\"https:\\\/\\\/www.guastalla.com\\\/it\\\/artisti\\\/scheggi-paolo\\\/#breadcrumb\"},\"inLanguage\":\"it-IT\",\"potentialAction\":[{\"@type\":\"ReadAction\",\"target\":[\"https:\\\/\\\/www.guastalla.com\\\/it\\\/artisti\\\/scheggi-paolo\\\/\"]}]},{\"@type\":\"ImageObject\",\"inLanguage\":\"it-IT\",\"@id\":\"https:\\\/\\\/www.guastalla.com\\\/it\\\/artisti\\\/scheggi-paolo\\\/#primaryimage\",\"url\":\"https:\\\/\\\/www.guastalla.com\\\/wp-content\\\/uploads\\\/2026\\\/03\\\/scheggi-inter-ena-cubo-cartone-e-teca-in-plexiglass-cm-31x31x10-1965.jpg\",\"contentUrl\":\"https:\\\/\\\/www.guastalla.com\\\/wp-content\\\/uploads\\\/2026\\\/03\\\/scheggi-inter-ena-cubo-cartone-e-teca-in-plexiglass-cm-31x31x10-1965.jpg\",\"width\":600,\"height\":600},{\"@type\":\"BreadcrumbList\",\"@id\":\"https:\\\/\\\/www.guastalla.com\\\/it\\\/artisti\\\/scheggi-paolo\\\/#breadcrumb\",\"itemListElement\":[{\"@type\":\"ListItem\",\"position\":1,\"name\":\"Home\",\"item\":\"https:\\\/\\\/www.guastalla.com\\\/it\\\/\"},{\"@type\":\"ListItem\",\"position\":2,\"name\":\"Scheggi Paolo\"}]},{\"@type\":\"WebSite\",\"@id\":\"https:\\\/\\\/www.guastalla.com\\\/it\\\/#website\",\"url\":\"https:\\\/\\\/www.guastalla.com\\\/it\\\/\",\"name\":\"Studio Guastalla\",\"description\":\"Galleria Arte Moderna e Contemporanea\",\"potentialAction\":[{\"@type\":\"SearchAction\",\"target\":{\"@type\":\"EntryPoint\",\"urlTemplate\":\"https:\\\/\\\/www.guastalla.com\\\/it\\\/?s={search_term_string}\"},\"query-input\":{\"@type\":\"PropertyValueSpecification\",\"valueRequired\":true,\"valueName\":\"search_term_string\"}}],\"inLanguage\":\"it-IT\"},{\"@type\":\"Person\",\"@id\":\"https:\\\/\\\/www.guastalla.com\\\/it\\\/#\\\/schema\\\/person\\\/912e9605c4795c9279e35f6f92eefebb\",\"name\":\"guastalla\",\"image\":{\"@type\":\"ImageObject\",\"inLanguage\":\"it-IT\",\"@id\":\"https:\\\/\\\/secure.gravatar.com\\\/avatar\\\/a983a63767681bfd18143292d749b0d07a3c9b1e50df0a6a2095b13761f720ac?s=96&d=mm&r=g\",\"url\":\"https:\\\/\\\/secure.gravatar.com\\\/avatar\\\/a983a63767681bfd18143292d749b0d07a3c9b1e50df0a6a2095b13761f720ac?s=96&d=mm&r=g\",\"contentUrl\":\"https:\\\/\\\/secure.gravatar.com\\\/avatar\\\/a983a63767681bfd18143292d749b0d07a3c9b1e50df0a6a2095b13761f720ac?s=96&d=mm&r=g\",\"caption\":\"guastalla\"},\"url\":\"https:\\\/\\\/www.guastalla.com\\\/it\\\/author\\\/guastalla\\\/\"}]}<\/script>\n<!-- \/ Yoast SEO plugin. -->","yoast_head_json":{"title":"Scheggi Paolo - Studio Guastalla","robots":{"index":"index","follow":"follow","max-snippet":"max-snippet:-1","max-image-preview":"max-image-preview:large","max-video-preview":"max-video-preview:-1"},"canonical":"https:\/\/www.guastalla.com\/it\/artisti\/scheggi-paolo\/","og_locale":"it_IT","og_type":"article","og_title":"Scheggi Paolo - Studio Guastalla","og_description":"Paolo Scheggi \u00e8 stato un pioniere nell&#8217;approccio al dipinto come oggetto, creando opere monocromatiche a strati che enfatizzavano la fisicit\u00e0 del piano pittorico rispetto al suo potenziale rappresentativo Gi\u00e0 in giovane et\u00e0, i suoi assemblaggi e collage in lamiera attirarono l&#8217;attenzione del critico d&#8217;arte Germano Celant e dell&#8217;artista Lucio Fontana In seguito ottenne fama internazionale [&hellip;]","og_url":"https:\/\/www.guastalla.com\/it\/artisti\/scheggi-paolo\/","og_site_name":"Studio Guastalla","article_published_time":"2026-03-27T17:20:49+00:00","article_modified_time":"2026-03-27T17:21:57+00:00","og_image":[{"width":600,"height":600,"url":"https:\/\/www.guastalla.com\/wp-content\/uploads\/2026\/03\/scheggi-inter-ena-cubo-cartone-e-teca-in-plexiglass-cm-31x31x10-1965.jpg","type":"image\/jpeg"}],"author":"guastalla","twitter_card":"summary_large_image","twitter_misc":{"Scritto da":"guastalla","Tempo di lettura stimato":"1 minuto"},"schema":{"@context":"https:\/\/schema.org","@graph":[{"@type":"Article","@id":"https:\/\/www.guastalla.com\/it\/artisti\/scheggi-paolo\/#article","isPartOf":{"@id":"https:\/\/www.guastalla.com\/it\/artisti\/scheggi-paolo\/"},"author":{"name":"guastalla","@id":"https:\/\/www.guastalla.com\/it\/#\/schema\/person\/912e9605c4795c9279e35f6f92eefebb"},"headline":"Scheggi Paolo","datePublished":"2026-03-27T17:20:49+00:00","dateModified":"2026-03-27T17:21:57+00:00","mainEntityOfPage":{"@id":"https:\/\/www.guastalla.com\/it\/artisti\/scheggi-paolo\/"},"wordCount":137,"image":{"@id":"https:\/\/www.guastalla.com\/it\/artisti\/scheggi-paolo\/#primaryimage"},"thumbnailUrl":"https:\/\/www.guastalla.com\/wp-content\/uploads\/2026\/03\/scheggi-inter-ena-cubo-cartone-e-teca-in-plexiglass-cm-31x31x10-1965.jpg","keywords":["scheggi-paolo"],"articleSection":["Artisti"],"inLanguage":"it-IT"},{"@type":"WebPage","@id":"https:\/\/www.guastalla.com\/it\/artisti\/scheggi-paolo\/","url":"https:\/\/www.guastalla.com\/it\/artisti\/scheggi-paolo\/","name":"Scheggi Paolo - Studio Guastalla","isPartOf":{"@id":"https:\/\/www.guastalla.com\/it\/#website"},"primaryImageOfPage":{"@id":"https:\/\/www.guastalla.com\/it\/artisti\/scheggi-paolo\/#primaryimage"},"image":{"@id":"https:\/\/www.guastalla.com\/it\/artisti\/scheggi-paolo\/#primaryimage"},"thumbnailUrl":"https:\/\/www.guastalla.com\/wp-content\/uploads\/2026\/03\/scheggi-inter-ena-cubo-cartone-e-teca-in-plexiglass-cm-31x31x10-1965.jpg","datePublished":"2026-03-27T17:20:49+00:00","dateModified":"2026-03-27T17:21:57+00:00","author":{"@id":"https:\/\/www.guastalla.com\/it\/#\/schema\/person\/912e9605c4795c9279e35f6f92eefebb"},"breadcrumb":{"@id":"https:\/\/www.guastalla.com\/it\/artisti\/scheggi-paolo\/#breadcrumb"},"inLanguage":"it-IT","potentialAction":[{"@type":"ReadAction","target":["https:\/\/www.guastalla.com\/it\/artisti\/scheggi-paolo\/"]}]},{"@type":"ImageObject","inLanguage":"it-IT","@id":"https:\/\/www.guastalla.com\/it\/artisti\/scheggi-paolo\/#primaryimage","url":"https:\/\/www.guastalla.com\/wp-content\/uploads\/2026\/03\/scheggi-inter-ena-cubo-cartone-e-teca-in-plexiglass-cm-31x31x10-1965.jpg","contentUrl":"https:\/\/www.guastalla.com\/wp-content\/uploads\/2026\/03\/scheggi-inter-ena-cubo-cartone-e-teca-in-plexiglass-cm-31x31x10-1965.jpg","width":600,"height":600},{"@type":"BreadcrumbList","@id":"https:\/\/www.guastalla.com\/it\/artisti\/scheggi-paolo\/#breadcrumb","itemListElement":[{"@type":"ListItem","position":1,"name":"Home","item":"https:\/\/www.guastalla.com\/it\/"},{"@type":"ListItem","position":2,"name":"Scheggi Paolo"}]},{"@type":"WebSite","@id":"https:\/\/www.guastalla.com\/it\/#website","url":"https:\/\/www.guastalla.com\/it\/","name":"Studio Guastalla","description":"Galleria Arte Moderna e Contemporanea","potentialAction":[{"@type":"SearchAction","target":{"@type":"EntryPoint","urlTemplate":"https:\/\/www.guastalla.com\/it\/?s={search_term_string}"},"query-input":{"@type":"PropertyValueSpecification","valueRequired":true,"valueName":"search_term_string"}}],"inLanguage":"it-IT"},{"@type":"Person","@id":"https:\/\/www.guastalla.com\/it\/#\/schema\/person\/912e9605c4795c9279e35f6f92eefebb","name":"guastalla","image":{"@type":"ImageObject","inLanguage":"it-IT","@id":"https:\/\/secure.gravatar.com\/avatar\/a983a63767681bfd18143292d749b0d07a3c9b1e50df0a6a2095b13761f720ac?s=96&d=mm&r=g","url":"https:\/\/secure.gravatar.com\/avatar\/a983a63767681bfd18143292d749b0d07a3c9b1e50df0a6a2095b13761f720ac?s=96&d=mm&r=g","contentUrl":"https:\/\/secure.gravatar.com\/avatar\/a983a63767681bfd18143292d749b0d07a3c9b1e50df0a6a2095b13761f720ac?s=96&d=mm&r=g","caption":"guastalla"},"url":"https:\/\/www.guastalla.com\/it\/author\/guastalla\/"}]}},"_links":{"self":[{"href":"https:\/\/www.guastalla.com\/it\/wp-json\/wp\/v2\/posts\/19885","targetHints":{"allow":["GET"]}}],"collection":[{"href":"https:\/\/www.guastalla.com\/it\/wp-json\/wp\/v2\/posts"}],"about":[{"href":"https:\/\/www.guastalla.com\/it\/wp-json\/wp\/v2\/types\/post"}],"author":[{"embeddable":true,"href":"https:\/\/www.guastalla.com\/it\/wp-json\/wp\/v2\/users\/5"}],"replies":[{"embeddable":true,"href":"https:\/\/www.guastalla.com\/it\/wp-json\/wp\/v2\/comments?post=19885"}],"version-history":[{"count":3,"href":"https:\/\/www.guastalla.com\/it\/wp-json\/wp\/v2\/posts\/19885\/revisions"}],"predecessor-version":[{"id":19892,"href":"https:\/\/www.guastalla.com\/it\/wp-json\/wp\/v2\/posts\/19885\/revisions\/19892"}],"wp:featuredmedia":[{"embeddable":true,"href":"https:\/\/www.guastalla.com\/it\/wp-json\/wp\/v2\/media\/19889"}],"wp:attachment":[{"href":"https:\/\/www.guastalla.com\/it\/wp-json\/wp\/v2\/media?parent=19885"}],"wp:term":[{"taxonomy":"category","embeddable":true,"href":"https:\/\/www.guastalla.com\/it\/wp-json\/wp\/v2\/categories?post=19885"},{"taxonomy":"post_tag","embeddable":true,"href":"https:\/\/www.guastalla.com\/it\/wp-json\/wp\/v2\/tags?post=19885"}],"curies":[{"name":"wp","href":"https:\/\/api.w.org\/{rel}","templated":true}]}}