{"id":19236,"date":"2025-12-02T12:26:20","date_gmt":"2025-12-02T11:26:20","guid":{"rendered":"https:\/\/www.guastalla.com\/?p=19236"},"modified":"2025-12-02T12:26:20","modified_gmt":"2025-12-02T11:26:20","slug":"joan-miro-il-giardino-delle-meraviglie-palazzo-dosi-delfini-rieti","status":"publish","type":"post","link":"https:\/\/www.guastalla.com\/it\/news\/joan-miro-il-giardino-delle-meraviglie-palazzo-dosi-delfini-rieti\/","title":{"rendered":"Joan Mir\u00f3. Il giardino delle meraviglie @ Palazzo Dosi Delfini, Rieti"},"content":{"rendered":"<p style=\"text-align: center;\"><strong>Joan Mir\u00f3. Il giardino delle meraviglie<\/strong> \u00e8 il titolo della mostra che si terr\u00e0 dal <strong>3 dicembre<\/strong>, <strong>2025<\/strong>, al <strong>1 marzo<\/strong>,<strong> 2026<\/strong>,\u00a0presso la <a href=\"https:\/\/www.fondazionevarrone.it\/news-e-comunicazione\/news\/miro-palazzo-dosi-la-nuova-mostra-della-fondazione-varrone\"><strong>Fondazione Varrone Cassa di Risparmio di Rieti<\/strong><\/a>. Oltre cinquanta opere \u2013 tra illustrazioni, litografie e incisioni &#8211; coloratissime e di grande impatto visivo, realizzate tra il 1953 e il 1981, saranno esposte nella sala mostre al pianterreno di <strong>Palazzo Dosi Delfini<\/strong>, in un progetto in collaborazione con <a href=\"https:\/\/www.guastalla.com\/it\/\"><strong>Studio Guastalla Arte Moderna e Contemporanea<\/strong><\/a>.<\/p>\n<p style=\"text-align: center;\">\u201cAbbiamo fortemente voluto a Rieti questa mostra per le festivit\u00e0 natalizie e per l\u2019inizio del nuovo anno, come augurio e incoraggiamento alla citt\u00e0 che nel 2026 si prepara a vivere con L\u2019Aquila l\u2019esperienza di Capitale italiana della Cultura\u201d, dice il presidente di Fondazione Varrone Mauro Trilli.<\/p>\n","protected":false},"excerpt":{"rendered":"<p>Joan Mir\u00f3. Il giardino delle meraviglie \u00e8 il titolo della mostra che si terr\u00e0 dal 3 dicembre, 2025, al 1 marzo, 2026,\u00a0presso la Fondazione Varrone Cassa di Risparmio di Rieti. Oltre cinquanta opere \u2013 tra illustrazioni, litografie e incisioni &#8211; coloratissime e di grande impatto visivo, realizzate tra il 1953 e il 1981, saranno esposte [&hellip;]<\/p>\n","protected":false},"author":5,"featured_media":19237,"comment_status":"closed","ping_status":"closed","sticky":false,"template":"","format":"standard","meta":{"_acf_changed":false,"_et_pb_use_builder":"","_et_pb_old_content":"","_et_gb_content_width":"","footnotes":""},"categories":[15],"tags":[],"class_list":["post-19236","post","type-post","status-publish","format-standard","has-post-thumbnail","hentry","category-news"],"acf":[],"yoast_head":"<!-- This site is optimized with the Yoast SEO plugin v28.4 - https:\/\/yoast.com\/product\/yoast-seo-wordpress\/ -->\n<title>Joan Mir\u00f3. Il giardino delle meraviglie @ Palazzo Dosi Delfini, Rieti - Studio Guastalla<\/title>\n<meta name=\"robots\" content=\"index, follow, max-snippet:-1, max-image-preview:large, max-video-preview:-1\" \/>\n<link rel=\"canonical\" href=\"https:\/\/www.guastalla.com\/it\/news\/joan-miro-il-giardino-delle-meraviglie-palazzo-dosi-delfini-rieti\/\" \/>\n<meta property=\"og:locale\" content=\"it_IT\" \/>\n<meta property=\"og:type\" content=\"article\" \/>\n<meta property=\"og:title\" content=\"Joan Mir\u00f3. Il giardino delle meraviglie @ Palazzo Dosi Delfini, Rieti - Studio Guastalla\" \/>\n<meta property=\"og:description\" content=\"Joan Mir\u00f3. Il giardino delle meraviglie \u00e8 il titolo della mostra che si terr\u00e0 dal 3 dicembre, 2025, al 1 marzo, 2026,\u00a0presso la Fondazione Varrone Cassa di Risparmio di Rieti. Oltre cinquanta opere \u2013 tra illustrazioni, litografie e incisioni &#8211; coloratissime e di grande impatto visivo, realizzate tra il 1953 e il 1981, saranno esposte [&hellip;]\" \/>\n<meta property=\"og:url\" content=\"https:\/\/www.guastalla.com\/it\/news\/joan-miro-il-giardino-delle-meraviglie-palazzo-dosi-delfini-rieti\/\" \/>\n<meta property=\"og:site_name\" content=\"Studio Guastalla\" \/>\n<meta property=\"article:published_time\" content=\"2025-12-02T11:26:20+00:00\" \/>\n<meta property=\"og:image\" content=\"https:\/\/www.guastalla.com\/wp-content\/uploads\/2025\/12\/jmiro-centenario-mourlot-scaled.jpg\" \/>\n\t<meta property=\"og:image:width\" content=\"2560\" \/>\n\t<meta property=\"og:image:height\" content=\"1949\" \/>\n\t<meta property=\"og:image:type\" content=\"image\/jpeg\" \/>\n<meta name=\"author\" content=\"guastalla\" \/>\n<meta name=\"twitter:card\" content=\"summary_large_image\" \/>\n<meta name=\"twitter:label1\" content=\"Scritto da\" \/>\n\t<meta name=\"twitter:data1\" content=\"guastalla\" \/>\n\t<meta name=\"twitter:label2\" content=\"Tempo di lettura stimato\" \/>\n\t<meta name=\"twitter:data2\" content=\"1 minuto\" \/>\n<script type=\"application\/ld+json\" class=\"yoast-schema-graph\">{\"@context\":\"https:\\\/\\\/schema.org\",\"@graph\":[{\"@type\":\"Article\",\"@id\":\"https:\\\/\\\/www.guastalla.com\\\/it\\\/news\\\/joan-miro-il-giardino-delle-meraviglie-palazzo-dosi-delfini-rieti\\\/#article\",\"isPartOf\":{\"@id\":\"https:\\\/\\\/www.guastalla.com\\\/it\\\/news\\\/joan-miro-il-giardino-delle-meraviglie-palazzo-dosi-delfini-rieti\\\/\"},\"author\":{\"name\":\"guastalla\",\"@id\":\"https:\\\/\\\/www.guastalla.com\\\/it\\\/#\\\/schema\\\/person\\\/912e9605c4795c9279e35f6f92eefebb\"},\"headline\":\"Joan Mir\u00f3. Il giardino delle meraviglie @ Palazzo Dosi Delfini, Rieti\",\"datePublished\":\"2025-12-02T11:26:20+00:00\",\"mainEntityOfPage\":{\"@id\":\"https:\\\/\\\/www.guastalla.com\\\/it\\\/news\\\/joan-miro-il-giardino-delle-meraviglie-palazzo-dosi-delfini-rieti\\\/\"},\"wordCount\":127,\"image\":{\"@id\":\"https:\\\/\\\/www.guastalla.com\\\/it\\\/news\\\/joan-miro-il-giardino-delle-meraviglie-palazzo-dosi-delfini-rieti\\\/#primaryimage\"},\"thumbnailUrl\":\"https:\\\/\\\/www.guastalla.com\\\/wp-content\\\/uploads\\\/2025\\\/12\\\/jmiro-centenario-mourlot-scaled.jpg\",\"articleSection\":[\"News\"],\"inLanguage\":\"it-IT\"},{\"@type\":\"WebPage\",\"@id\":\"https:\\\/\\\/www.guastalla.com\\\/it\\\/news\\\/joan-miro-il-giardino-delle-meraviglie-palazzo-dosi-delfini-rieti\\\/\",\"url\":\"https:\\\/\\\/www.guastalla.com\\\/it\\\/news\\\/joan-miro-il-giardino-delle-meraviglie-palazzo-dosi-delfini-rieti\\\/\",\"name\":\"Joan Mir\u00f3. Il giardino delle meraviglie @ Palazzo Dosi Delfini, Rieti - Studio Guastalla\",\"isPartOf\":{\"@id\":\"https:\\\/\\\/www.guastalla.com\\\/it\\\/#website\"},\"primaryImageOfPage\":{\"@id\":\"https:\\\/\\\/www.guastalla.com\\\/it\\\/news\\\/joan-miro-il-giardino-delle-meraviglie-palazzo-dosi-delfini-rieti\\\/#primaryimage\"},\"image\":{\"@id\":\"https:\\\/\\\/www.guastalla.com\\\/it\\\/news\\\/joan-miro-il-giardino-delle-meraviglie-palazzo-dosi-delfini-rieti\\\/#primaryimage\"},\"thumbnailUrl\":\"https:\\\/\\\/www.guastalla.com\\\/wp-content\\\/uploads\\\/2025\\\/12\\\/jmiro-centenario-mourlot-scaled.jpg\",\"datePublished\":\"2025-12-02T11:26:20+00:00\",\"author\":{\"@id\":\"https:\\\/\\\/www.guastalla.com\\\/it\\\/#\\\/schema\\\/person\\\/912e9605c4795c9279e35f6f92eefebb\"},\"breadcrumb\":{\"@id\":\"https:\\\/\\\/www.guastalla.com\\\/it\\\/news\\\/joan-miro-il-giardino-delle-meraviglie-palazzo-dosi-delfini-rieti\\\/#breadcrumb\"},\"inLanguage\":\"it-IT\",\"potentialAction\":[{\"@type\":\"ReadAction\",\"target\":[\"https:\\\/\\\/www.guastalla.com\\\/it\\\/news\\\/joan-miro-il-giardino-delle-meraviglie-palazzo-dosi-delfini-rieti\\\/\"]}]},{\"@type\":\"ImageObject\",\"inLanguage\":\"it-IT\",\"@id\":\"https:\\\/\\\/www.guastalla.com\\\/it\\\/news\\\/joan-miro-il-giardino-delle-meraviglie-palazzo-dosi-delfini-rieti\\\/#primaryimage\",\"url\":\"https:\\\/\\\/www.guastalla.com\\\/wp-content\\\/uploads\\\/2025\\\/12\\\/jmiro-centenario-mourlot-scaled.jpg\",\"contentUrl\":\"https:\\\/\\\/www.guastalla.com\\\/wp-content\\\/uploads\\\/2025\\\/12\\\/jmiro-centenario-mourlot-scaled.jpg\",\"width\":2560,\"height\":1949},{\"@type\":\"BreadcrumbList\",\"@id\":\"https:\\\/\\\/www.guastalla.com\\\/it\\\/news\\\/joan-miro-il-giardino-delle-meraviglie-palazzo-dosi-delfini-rieti\\\/#breadcrumb\",\"itemListElement\":[{\"@type\":\"ListItem\",\"position\":1,\"name\":\"Home\",\"item\":\"https:\\\/\\\/www.guastalla.com\\\/it\\\/\"},{\"@type\":\"ListItem\",\"position\":2,\"name\":\"Joan Mir\u00f3. Il giardino delle meraviglie @ Palazzo Dosi Delfini, Rieti\"}]},{\"@type\":\"WebSite\",\"@id\":\"https:\\\/\\\/www.guastalla.com\\\/it\\\/#website\",\"url\":\"https:\\\/\\\/www.guastalla.com\\\/it\\\/\",\"name\":\"Studio Guastalla\",\"description\":\"Galleria Arte Moderna e Contemporanea\",\"potentialAction\":[{\"@type\":\"SearchAction\",\"target\":{\"@type\":\"EntryPoint\",\"urlTemplate\":\"https:\\\/\\\/www.guastalla.com\\\/it\\\/?s={search_term_string}\"},\"query-input\":{\"@type\":\"PropertyValueSpecification\",\"valueRequired\":true,\"valueName\":\"search_term_string\"}}],\"inLanguage\":\"it-IT\"},{\"@type\":\"Person\",\"@id\":\"https:\\\/\\\/www.guastalla.com\\\/it\\\/#\\\/schema\\\/person\\\/912e9605c4795c9279e35f6f92eefebb\",\"name\":\"guastalla\",\"image\":{\"@type\":\"ImageObject\",\"inLanguage\":\"it-IT\",\"@id\":\"https:\\\/\\\/secure.gravatar.com\\\/avatar\\\/a983a63767681bfd18143292d749b0d07a3c9b1e50df0a6a2095b13761f720ac?s=96&d=mm&r=g\",\"url\":\"https:\\\/\\\/secure.gravatar.com\\\/avatar\\\/a983a63767681bfd18143292d749b0d07a3c9b1e50df0a6a2095b13761f720ac?s=96&d=mm&r=g\",\"contentUrl\":\"https:\\\/\\\/secure.gravatar.com\\\/avatar\\\/a983a63767681bfd18143292d749b0d07a3c9b1e50df0a6a2095b13761f720ac?s=96&d=mm&r=g\",\"caption\":\"guastalla\"},\"url\":\"https:\\\/\\\/www.guastalla.com\\\/it\\\/author\\\/guastalla\\\/\"}]}<\/script>\n<!-- \/ Yoast SEO plugin. -->","yoast_head_json":{"title":"Joan Mir\u00f3. Il giardino delle meraviglie @ Palazzo Dosi Delfini, Rieti - Studio Guastalla","robots":{"index":"index","follow":"follow","max-snippet":"max-snippet:-1","max-image-preview":"max-image-preview:large","max-video-preview":"max-video-preview:-1"},"canonical":"https:\/\/www.guastalla.com\/it\/news\/joan-miro-il-giardino-delle-meraviglie-palazzo-dosi-delfini-rieti\/","og_locale":"it_IT","og_type":"article","og_title":"Joan Mir\u00f3. Il giardino delle meraviglie @ Palazzo Dosi Delfini, Rieti - Studio Guastalla","og_description":"Joan Mir\u00f3. Il giardino delle meraviglie \u00e8 il titolo della mostra che si terr\u00e0 dal 3 dicembre, 2025, al 1 marzo, 2026,\u00a0presso la Fondazione Varrone Cassa di Risparmio di Rieti. Oltre cinquanta opere \u2013 tra illustrazioni, litografie e incisioni &#8211; coloratissime e di grande impatto visivo, realizzate tra il 1953 e il 1981, saranno esposte [&hellip;]","og_url":"https:\/\/www.guastalla.com\/it\/news\/joan-miro-il-giardino-delle-meraviglie-palazzo-dosi-delfini-rieti\/","og_site_name":"Studio Guastalla","article_published_time":"2025-12-02T11:26:20+00:00","og_image":[{"width":2560,"height":1949,"url":"https:\/\/www.guastalla.com\/wp-content\/uploads\/2025\/12\/jmiro-centenario-mourlot-scaled.jpg","type":"image\/jpeg"}],"author":"guastalla","twitter_card":"summary_large_image","twitter_misc":{"Scritto da":"guastalla","Tempo di lettura stimato":"1 minuto"},"schema":{"@context":"https:\/\/schema.org","@graph":[{"@type":"Article","@id":"https:\/\/www.guastalla.com\/it\/news\/joan-miro-il-giardino-delle-meraviglie-palazzo-dosi-delfini-rieti\/#article","isPartOf":{"@id":"https:\/\/www.guastalla.com\/it\/news\/joan-miro-il-giardino-delle-meraviglie-palazzo-dosi-delfini-rieti\/"},"author":{"name":"guastalla","@id":"https:\/\/www.guastalla.com\/it\/#\/schema\/person\/912e9605c4795c9279e35f6f92eefebb"},"headline":"Joan Mir\u00f3. Il giardino delle meraviglie @ Palazzo Dosi Delfini, Rieti","datePublished":"2025-12-02T11:26:20+00:00","mainEntityOfPage":{"@id":"https:\/\/www.guastalla.com\/it\/news\/joan-miro-il-giardino-delle-meraviglie-palazzo-dosi-delfini-rieti\/"},"wordCount":127,"image":{"@id":"https:\/\/www.guastalla.com\/it\/news\/joan-miro-il-giardino-delle-meraviglie-palazzo-dosi-delfini-rieti\/#primaryimage"},"thumbnailUrl":"https:\/\/www.guastalla.com\/wp-content\/uploads\/2025\/12\/jmiro-centenario-mourlot-scaled.jpg","articleSection":["News"],"inLanguage":"it-IT"},{"@type":"WebPage","@id":"https:\/\/www.guastalla.com\/it\/news\/joan-miro-il-giardino-delle-meraviglie-palazzo-dosi-delfini-rieti\/","url":"https:\/\/www.guastalla.com\/it\/news\/joan-miro-il-giardino-delle-meraviglie-palazzo-dosi-delfini-rieti\/","name":"Joan Mir\u00f3. Il giardino delle meraviglie @ Palazzo Dosi Delfini, Rieti - Studio Guastalla","isPartOf":{"@id":"https:\/\/www.guastalla.com\/it\/#website"},"primaryImageOfPage":{"@id":"https:\/\/www.guastalla.com\/it\/news\/joan-miro-il-giardino-delle-meraviglie-palazzo-dosi-delfini-rieti\/#primaryimage"},"image":{"@id":"https:\/\/www.guastalla.com\/it\/news\/joan-miro-il-giardino-delle-meraviglie-palazzo-dosi-delfini-rieti\/#primaryimage"},"thumbnailUrl":"https:\/\/www.guastalla.com\/wp-content\/uploads\/2025\/12\/jmiro-centenario-mourlot-scaled.jpg","datePublished":"2025-12-02T11:26:20+00:00","author":{"@id":"https:\/\/www.guastalla.com\/it\/#\/schema\/person\/912e9605c4795c9279e35f6f92eefebb"},"breadcrumb":{"@id":"https:\/\/www.guastalla.com\/it\/news\/joan-miro-il-giardino-delle-meraviglie-palazzo-dosi-delfini-rieti\/#breadcrumb"},"inLanguage":"it-IT","potentialAction":[{"@type":"ReadAction","target":["https:\/\/www.guastalla.com\/it\/news\/joan-miro-il-giardino-delle-meraviglie-palazzo-dosi-delfini-rieti\/"]}]},{"@type":"ImageObject","inLanguage":"it-IT","@id":"https:\/\/www.guastalla.com\/it\/news\/joan-miro-il-giardino-delle-meraviglie-palazzo-dosi-delfini-rieti\/#primaryimage","url":"https:\/\/www.guastalla.com\/wp-content\/uploads\/2025\/12\/jmiro-centenario-mourlot-scaled.jpg","contentUrl":"https:\/\/www.guastalla.com\/wp-content\/uploads\/2025\/12\/jmiro-centenario-mourlot-scaled.jpg","width":2560,"height":1949},{"@type":"BreadcrumbList","@id":"https:\/\/www.guastalla.com\/it\/news\/joan-miro-il-giardino-delle-meraviglie-palazzo-dosi-delfini-rieti\/#breadcrumb","itemListElement":[{"@type":"ListItem","position":1,"name":"Home","item":"https:\/\/www.guastalla.com\/it\/"},{"@type":"ListItem","position":2,"name":"Joan Mir\u00f3. Il giardino delle meraviglie @ Palazzo Dosi Delfini, Rieti"}]},{"@type":"WebSite","@id":"https:\/\/www.guastalla.com\/it\/#website","url":"https:\/\/www.guastalla.com\/it\/","name":"Studio Guastalla","description":"Galleria Arte Moderna e Contemporanea","potentialAction":[{"@type":"SearchAction","target":{"@type":"EntryPoint","urlTemplate":"https:\/\/www.guastalla.com\/it\/?s={search_term_string}"},"query-input":{"@type":"PropertyValueSpecification","valueRequired":true,"valueName":"search_term_string"}}],"inLanguage":"it-IT"},{"@type":"Person","@id":"https:\/\/www.guastalla.com\/it\/#\/schema\/person\/912e9605c4795c9279e35f6f92eefebb","name":"guastalla","image":{"@type":"ImageObject","inLanguage":"it-IT","@id":"https:\/\/secure.gravatar.com\/avatar\/a983a63767681bfd18143292d749b0d07a3c9b1e50df0a6a2095b13761f720ac?s=96&d=mm&r=g","url":"https:\/\/secure.gravatar.com\/avatar\/a983a63767681bfd18143292d749b0d07a3c9b1e50df0a6a2095b13761f720ac?s=96&d=mm&r=g","contentUrl":"https:\/\/secure.gravatar.com\/avatar\/a983a63767681bfd18143292d749b0d07a3c9b1e50df0a6a2095b13761f720ac?s=96&d=mm&r=g","caption":"guastalla"},"url":"https:\/\/www.guastalla.com\/it\/author\/guastalla\/"}]}},"_links":{"self":[{"href":"https:\/\/www.guastalla.com\/it\/wp-json\/wp\/v2\/posts\/19236","targetHints":{"allow":["GET"]}}],"collection":[{"href":"https:\/\/www.guastalla.com\/it\/wp-json\/wp\/v2\/posts"}],"about":[{"href":"https:\/\/www.guastalla.com\/it\/wp-json\/wp\/v2\/types\/post"}],"author":[{"embeddable":true,"href":"https:\/\/www.guastalla.com\/it\/wp-json\/wp\/v2\/users\/5"}],"replies":[{"embeddable":true,"href":"https:\/\/www.guastalla.com\/it\/wp-json\/wp\/v2\/comments?post=19236"}],"version-history":[{"count":4,"href":"https:\/\/www.guastalla.com\/it\/wp-json\/wp\/v2\/posts\/19236\/revisions"}],"predecessor-version":[{"id":19242,"href":"https:\/\/www.guastalla.com\/it\/wp-json\/wp\/v2\/posts\/19236\/revisions\/19242"}],"wp:featuredmedia":[{"embeddable":true,"href":"https:\/\/www.guastalla.com\/it\/wp-json\/wp\/v2\/media\/19237"}],"wp:attachment":[{"href":"https:\/\/www.guastalla.com\/it\/wp-json\/wp\/v2\/media?parent=19236"}],"wp:term":[{"taxonomy":"category","embeddable":true,"href":"https:\/\/www.guastalla.com\/it\/wp-json\/wp\/v2\/categories?post=19236"},{"taxonomy":"post_tag","embeddable":true,"href":"https:\/\/www.guastalla.com\/it\/wp-json\/wp\/v2\/tags?post=19236"}],"curies":[{"name":"wp","href":"https:\/\/api.w.org\/{rel}","templated":true}]}}