{"id":17710,"date":"2025-03-27T17:18:26","date_gmt":"2025-03-27T16:18:26","guid":{"rendered":"https:\/\/www.guastalla.com\/?p=17710"},"modified":"2025-04-23T15:10:24","modified_gmt":"2025-04-23T13:10:24","slug":"lam-wifredo","status":"publish","type":"post","link":"https:\/\/www.guastalla.com\/it\/artisti\/lam-wifredo\/","title":{"rendered":"Lam Wifredo"},"content":{"rendered":"<p>SAGUA LA GRANDE 1902 &#8211; PARIGI 1982<\/p>\n<p>Uno dei pi\u00f9 importanti artisti latinoamericani del XX secolo, Wifredo Lam ha sviluppato uno stile pittorico unico che fonde elementi del cubismo, del surrealismo e della cultura afro-cubana Durante i suoi lunghi viaggi formativi in Europa, Lam fu allievo di Pablo Picasso, studi\u00f2 con un insegnante che aveva avuto Salvador Dal\u00ed come studente e svilupp\u00f2 stretti legami con artisti d&#8217;avanguardia come Georges Braque, Henri Matisse e Joan Mir\u00f3 Nato da padre cinese e madre di origini miste africane, europee e indiane, Lam fu anche influenzato dalle tradizioni spirituali della Santeria, dalle maschere africane e dall&#8217;arte oceanica Molti dei suoi dipinti erano dominati da tonalit\u00e0 terrose e figure ibride umano-animale-vegetale con volti simili a maschere Le opere di Lam hanno raggiunto cifre da sette cifre sul mercato secondario e si possono trovare nelle collezioni della Tate, del Guggenheim Museum, del Centre Pompidou e del Museo Reina Sof\u00eda Sebbene sia noto soprattutto per i suoi dipinti, Lam ha anche creato sculture, disegni e stampe<span id='dots'>&#8230;<\/span><\/p>\n<div id='more' name='more' style='display:none;'><\/div>\n<p><button onclick=espandi_bio_artisti('it_IT') id='myBtn'>+ Leggi di pi\u00f9<\/button><\/p>\n","protected":false},"excerpt":{"rendered":"<p>SAGUA LA GRANDE 1902 &#8211; PARIGI 1982 Uno dei pi\u00f9 importanti artisti latinoamericani del XX secolo, Wifredo Lam ha sviluppato uno stile pittorico unico che fonde elementi del cubismo, del surrealismo e della cultura afro-cubana Durante i suoi lunghi viaggi formativi in Europa, Lam fu allievo di Pablo Picasso, studi\u00f2 con un insegnante che aveva [&hellip;]<\/p>\n","protected":false},"author":5,"featured_media":0,"comment_status":"closed","ping_status":"closed","sticky":false,"template":"","format":"standard","meta":{"_acf_changed":false,"_et_pb_use_builder":"","_et_pb_old_content":"","_et_gb_content_width":"","footnotes":""},"categories":[11],"tags":[569,561],"class_list":["post-17710","post","type-post","status-publish","format-standard","hentry","category-artisti","tag-lam-wifredo","tag-miart-2025"],"acf":[],"yoast_head":"<!-- This site is optimized with the Yoast SEO plugin v28.4 - https:\/\/yoast.com\/product\/yoast-seo-wordpress\/ -->\n<title>Lam Wifredo - Studio Guastalla<\/title>\n<meta name=\"robots\" content=\"index, follow, max-snippet:-1, max-image-preview:large, max-video-preview:-1\" \/>\n<link rel=\"canonical\" href=\"https:\/\/www.guastalla.com\/it\/artisti\/lam-wifredo\/\" \/>\n<meta property=\"og:locale\" content=\"it_IT\" \/>\n<meta property=\"og:type\" content=\"article\" \/>\n<meta property=\"og:title\" content=\"Lam Wifredo - Studio Guastalla\" \/>\n<meta property=\"og:description\" content=\"SAGUA LA GRANDE 1902 &#8211; PARIGI 1982 Uno dei pi\u00f9 importanti artisti latinoamericani del XX secolo, Wifredo Lam ha sviluppato uno stile pittorico unico che fonde elementi del cubismo, del surrealismo e della cultura afro-cubana Durante i suoi lunghi viaggi formativi in Europa, Lam fu allievo di Pablo Picasso, studi\u00f2 con un insegnante che aveva [&hellip;]\" \/>\n<meta property=\"og:url\" content=\"https:\/\/www.guastalla.com\/it\/artisti\/lam-wifredo\/\" \/>\n<meta property=\"og:site_name\" content=\"Studio Guastalla\" \/>\n<meta property=\"article:published_time\" content=\"2025-03-27T16:18:26+00:00\" \/>\n<meta property=\"article:modified_time\" content=\"2025-04-23T13:10:24+00:00\" \/>\n<meta name=\"author\" content=\"guastalla\" \/>\n<meta name=\"twitter:card\" content=\"summary_large_image\" \/>\n<meta name=\"twitter:label1\" content=\"Scritto da\" \/>\n\t<meta name=\"twitter:data1\" content=\"guastalla\" \/>\n\t<meta name=\"twitter:label2\" content=\"Tempo di lettura stimato\" \/>\n\t<meta name=\"twitter:data2\" content=\"1 minuto\" \/>\n<script type=\"application\/ld+json\" class=\"yoast-schema-graph\">{\"@context\":\"https:\\\/\\\/schema.org\",\"@graph\":[{\"@type\":\"Article\",\"@id\":\"https:\\\/\\\/www.guastalla.com\\\/it\\\/artisti\\\/lam-wifredo\\\/#article\",\"isPartOf\":{\"@id\":\"https:\\\/\\\/www.guastalla.com\\\/it\\\/artisti\\\/lam-wifredo\\\/\"},\"author\":{\"name\":\"guastalla\",\"@id\":\"https:\\\/\\\/www.guastalla.com\\\/it\\\/#\\\/schema\\\/person\\\/912e9605c4795c9279e35f6f92eefebb\"},\"headline\":\"Lam Wifredo\",\"datePublished\":\"2025-03-27T16:18:26+00:00\",\"dateModified\":\"2025-04-23T13:10:24+00:00\",\"mainEntityOfPage\":{\"@id\":\"https:\\\/\\\/www.guastalla.com\\\/it\\\/artisti\\\/lam-wifredo\\\/\"},\"wordCount\":172,\"keywords\":[\"lam-wifredo\",\"miart-2025\"],\"articleSection\":[\"Artisti\"],\"inLanguage\":\"it-IT\"},{\"@type\":\"WebPage\",\"@id\":\"https:\\\/\\\/www.guastalla.com\\\/it\\\/artisti\\\/lam-wifredo\\\/\",\"url\":\"https:\\\/\\\/www.guastalla.com\\\/it\\\/artisti\\\/lam-wifredo\\\/\",\"name\":\"Lam Wifredo - Studio Guastalla\",\"isPartOf\":{\"@id\":\"https:\\\/\\\/www.guastalla.com\\\/it\\\/#website\"},\"datePublished\":\"2025-03-27T16:18:26+00:00\",\"dateModified\":\"2025-04-23T13:10:24+00:00\",\"author\":{\"@id\":\"https:\\\/\\\/www.guastalla.com\\\/it\\\/#\\\/schema\\\/person\\\/912e9605c4795c9279e35f6f92eefebb\"},\"breadcrumb\":{\"@id\":\"https:\\\/\\\/www.guastalla.com\\\/it\\\/artisti\\\/lam-wifredo\\\/#breadcrumb\"},\"inLanguage\":\"it-IT\",\"potentialAction\":[{\"@type\":\"ReadAction\",\"target\":[\"https:\\\/\\\/www.guastalla.com\\\/it\\\/artisti\\\/lam-wifredo\\\/\"]}]},{\"@type\":\"BreadcrumbList\",\"@id\":\"https:\\\/\\\/www.guastalla.com\\\/it\\\/artisti\\\/lam-wifredo\\\/#breadcrumb\",\"itemListElement\":[{\"@type\":\"ListItem\",\"position\":1,\"name\":\"Home\",\"item\":\"https:\\\/\\\/www.guastalla.com\\\/it\\\/\"},{\"@type\":\"ListItem\",\"position\":2,\"name\":\"Lam Wifredo\"}]},{\"@type\":\"WebSite\",\"@id\":\"https:\\\/\\\/www.guastalla.com\\\/it\\\/#website\",\"url\":\"https:\\\/\\\/www.guastalla.com\\\/it\\\/\",\"name\":\"Studio Guastalla\",\"description\":\"Galleria Arte Moderna e Contemporanea\",\"potentialAction\":[{\"@type\":\"SearchAction\",\"target\":{\"@type\":\"EntryPoint\",\"urlTemplate\":\"https:\\\/\\\/www.guastalla.com\\\/it\\\/?s={search_term_string}\"},\"query-input\":{\"@type\":\"PropertyValueSpecification\",\"valueRequired\":true,\"valueName\":\"search_term_string\"}}],\"inLanguage\":\"it-IT\"},{\"@type\":\"Person\",\"@id\":\"https:\\\/\\\/www.guastalla.com\\\/it\\\/#\\\/schema\\\/person\\\/912e9605c4795c9279e35f6f92eefebb\",\"name\":\"guastalla\",\"image\":{\"@type\":\"ImageObject\",\"inLanguage\":\"it-IT\",\"@id\":\"https:\\\/\\\/secure.gravatar.com\\\/avatar\\\/a983a63767681bfd18143292d749b0d07a3c9b1e50df0a6a2095b13761f720ac?s=96&d=mm&r=g\",\"url\":\"https:\\\/\\\/secure.gravatar.com\\\/avatar\\\/a983a63767681bfd18143292d749b0d07a3c9b1e50df0a6a2095b13761f720ac?s=96&d=mm&r=g\",\"contentUrl\":\"https:\\\/\\\/secure.gravatar.com\\\/avatar\\\/a983a63767681bfd18143292d749b0d07a3c9b1e50df0a6a2095b13761f720ac?s=96&d=mm&r=g\",\"caption\":\"guastalla\"},\"url\":\"https:\\\/\\\/www.guastalla.com\\\/it\\\/author\\\/guastalla\\\/\"}]}<\/script>\n<!-- \/ Yoast SEO plugin. -->","yoast_head_json":{"title":"Lam Wifredo - Studio Guastalla","robots":{"index":"index","follow":"follow","max-snippet":"max-snippet:-1","max-image-preview":"max-image-preview:large","max-video-preview":"max-video-preview:-1"},"canonical":"https:\/\/www.guastalla.com\/it\/artisti\/lam-wifredo\/","og_locale":"it_IT","og_type":"article","og_title":"Lam Wifredo - Studio Guastalla","og_description":"SAGUA LA GRANDE 1902 &#8211; PARIGI 1982 Uno dei pi\u00f9 importanti artisti latinoamericani del XX secolo, Wifredo Lam ha sviluppato uno stile pittorico unico che fonde elementi del cubismo, del surrealismo e della cultura afro-cubana Durante i suoi lunghi viaggi formativi in Europa, Lam fu allievo di Pablo Picasso, studi\u00f2 con un insegnante che aveva [&hellip;]","og_url":"https:\/\/www.guastalla.com\/it\/artisti\/lam-wifredo\/","og_site_name":"Studio Guastalla","article_published_time":"2025-03-27T16:18:26+00:00","article_modified_time":"2025-04-23T13:10:24+00:00","author":"guastalla","twitter_card":"summary_large_image","twitter_misc":{"Scritto da":"guastalla","Tempo di lettura stimato":"1 minuto"},"schema":{"@context":"https:\/\/schema.org","@graph":[{"@type":"Article","@id":"https:\/\/www.guastalla.com\/it\/artisti\/lam-wifredo\/#article","isPartOf":{"@id":"https:\/\/www.guastalla.com\/it\/artisti\/lam-wifredo\/"},"author":{"name":"guastalla","@id":"https:\/\/www.guastalla.com\/it\/#\/schema\/person\/912e9605c4795c9279e35f6f92eefebb"},"headline":"Lam Wifredo","datePublished":"2025-03-27T16:18:26+00:00","dateModified":"2025-04-23T13:10:24+00:00","mainEntityOfPage":{"@id":"https:\/\/www.guastalla.com\/it\/artisti\/lam-wifredo\/"},"wordCount":172,"keywords":["lam-wifredo","miart-2025"],"articleSection":["Artisti"],"inLanguage":"it-IT"},{"@type":"WebPage","@id":"https:\/\/www.guastalla.com\/it\/artisti\/lam-wifredo\/","url":"https:\/\/www.guastalla.com\/it\/artisti\/lam-wifredo\/","name":"Lam Wifredo - Studio Guastalla","isPartOf":{"@id":"https:\/\/www.guastalla.com\/it\/#website"},"datePublished":"2025-03-27T16:18:26+00:00","dateModified":"2025-04-23T13:10:24+00:00","author":{"@id":"https:\/\/www.guastalla.com\/it\/#\/schema\/person\/912e9605c4795c9279e35f6f92eefebb"},"breadcrumb":{"@id":"https:\/\/www.guastalla.com\/it\/artisti\/lam-wifredo\/#breadcrumb"},"inLanguage":"it-IT","potentialAction":[{"@type":"ReadAction","target":["https:\/\/www.guastalla.com\/it\/artisti\/lam-wifredo\/"]}]},{"@type":"BreadcrumbList","@id":"https:\/\/www.guastalla.com\/it\/artisti\/lam-wifredo\/#breadcrumb","itemListElement":[{"@type":"ListItem","position":1,"name":"Home","item":"https:\/\/www.guastalla.com\/it\/"},{"@type":"ListItem","position":2,"name":"Lam Wifredo"}]},{"@type":"WebSite","@id":"https:\/\/www.guastalla.com\/it\/#website","url":"https:\/\/www.guastalla.com\/it\/","name":"Studio Guastalla","description":"Galleria Arte Moderna e Contemporanea","potentialAction":[{"@type":"SearchAction","target":{"@type":"EntryPoint","urlTemplate":"https:\/\/www.guastalla.com\/it\/?s={search_term_string}"},"query-input":{"@type":"PropertyValueSpecification","valueRequired":true,"valueName":"search_term_string"}}],"inLanguage":"it-IT"},{"@type":"Person","@id":"https:\/\/www.guastalla.com\/it\/#\/schema\/person\/912e9605c4795c9279e35f6f92eefebb","name":"guastalla","image":{"@type":"ImageObject","inLanguage":"it-IT","@id":"https:\/\/secure.gravatar.com\/avatar\/a983a63767681bfd18143292d749b0d07a3c9b1e50df0a6a2095b13761f720ac?s=96&d=mm&r=g","url":"https:\/\/secure.gravatar.com\/avatar\/a983a63767681bfd18143292d749b0d07a3c9b1e50df0a6a2095b13761f720ac?s=96&d=mm&r=g","contentUrl":"https:\/\/secure.gravatar.com\/avatar\/a983a63767681bfd18143292d749b0d07a3c9b1e50df0a6a2095b13761f720ac?s=96&d=mm&r=g","caption":"guastalla"},"url":"https:\/\/www.guastalla.com\/it\/author\/guastalla\/"}]}},"_links":{"self":[{"href":"https:\/\/www.guastalla.com\/it\/wp-json\/wp\/v2\/posts\/17710","targetHints":{"allow":["GET"]}}],"collection":[{"href":"https:\/\/www.guastalla.com\/it\/wp-json\/wp\/v2\/posts"}],"about":[{"href":"https:\/\/www.guastalla.com\/it\/wp-json\/wp\/v2\/types\/post"}],"author":[{"embeddable":true,"href":"https:\/\/www.guastalla.com\/it\/wp-json\/wp\/v2\/users\/5"}],"replies":[{"embeddable":true,"href":"https:\/\/www.guastalla.com\/it\/wp-json\/wp\/v2\/comments?post=17710"}],"version-history":[{"count":4,"href":"https:\/\/www.guastalla.com\/it\/wp-json\/wp\/v2\/posts\/17710\/revisions"}],"predecessor-version":[{"id":18020,"href":"https:\/\/www.guastalla.com\/it\/wp-json\/wp\/v2\/posts\/17710\/revisions\/18020"}],"wp:attachment":[{"href":"https:\/\/www.guastalla.com\/it\/wp-json\/wp\/v2\/media?parent=17710"}],"wp:term":[{"taxonomy":"category","embeddable":true,"href":"https:\/\/www.guastalla.com\/it\/wp-json\/wp\/v2\/categories?post=17710"},{"taxonomy":"post_tag","embeddable":true,"href":"https:\/\/www.guastalla.com\/it\/wp-json\/wp\/v2\/tags?post=17710"}],"curies":[{"name":"wp","href":"https:\/\/api.w.org\/{rel}","templated":true}]}}