{"id":16755,"date":"2024-12-05T15:51:47","date_gmt":"2024-12-05T14:51:47","guid":{"rendered":"https:\/\/www.guastalla.com\/?p=16755"},"modified":"2025-12-12T14:28:51","modified_gmt":"2025-12-12T13:28:51","slug":"manzoni-piero","status":"publish","type":"post","link":"https:\/\/www.guastalla.com\/it\/artisti\/manzoni-piero\/","title":{"rendered":"Manzoni Piero"},"content":{"rendered":"<p>SONCINO 1933 \u2013 MILANO 1963<\/p>\n<p>Piero Manzoni nasce a Soncino nel 1933 e frequenta la facolt\u00e0 di giurisprudenza dell\u2019Universit\u00e0 Cattolica del Sacro Cuore di Milano senza portare a termine gli studi universitari Nel corso della seconda met\u00e0 degli anni Cinquanta, dopo aver realizzato alcuni paesaggi tradizionali, attratto e ispirato dal paesaggio ligure di Albissola dove andava spesso in villeggiatura con la famiglia, Manzoni si dedica a un\u2019intensa ricerca di sperimentazione condotta sia sul piano tecnico-materiale, sia su quello estetico-concettuale<br \/>\nL\u2019artista si accosta inizialmente alle esperienze astratto-informali di Burri, Fontana e Fautrier: inizia a frequentare l\u2019ambiente artistico milanese visitando gli studi degli artisti Roberto Crippa e Gianni Dova, esponenti del Movimento spazialista<br \/>\nNel 1955 inizia realizzare una serie di lavori immergendo oggetti nel colore e imprimendone l\u2019impronta sulla tela; seguono dipinti realizzati con catrame e, nel 1956, pubblica il manifesto Per la scoperta di una zona di immagini Nello stesso anno a Milano l\u2019artista espone alla Galleria San Fedele partecipando al Premio di pittura di San Fedele 1956, l\u2019anno successivo alla Galleria Pater di Milano e aderisce al Gruppo Nucleare cofirmando il Manifesto contro lo stile<br \/>\nDalla fine del 1957 realizza i suoi primi Achromes, quadri bianchi realizzati con tela imbevuta di gesso grezzo, utilizza feltro, cotone idrofilo e polistirolo espanso nel 1960, lana di vetro l\u2019anno successivo, pane e pietre e altri materiali nel 1962<span id='dots'>&#8230;<\/span><\/p>\n<div id='more' name='more' style='display:none;'>\nL\u2019opera non illustra un soggetto specifico, n\u00e9 rimanda a qualcosa che sia oltre la cornice, \u00e8 autoreferenziale: lo scopo dell\u2019artista \u00e8 quello di privare l\u2019opera di ogni contenuto narrativo, eliminando il colore, l\u2019unico soggetto del quadro \u00e8 la materia<br \/>\nAllontanatosi dal Gruppo Nucleare, nel 1959 incontra Castellani, Bonalumi e Agnetti; con Castellani fonda la rivista \u201cAzimuth\u201d e l\u2019omonima galleria milanese sviluppando un approccio sempre pi\u00f9 concettuale e realizzando le prime Linee su rotoli di carta poi arrotolati e chiusi in cilindri su cui l\u2019artista ha incollato un\u2019etichetta che riporta la lunghezza, la data e la sua firma<br \/>\nNella rivista compaiono scritti di intellettuali e critici, come Gillo Dorfles, opere di artisti come Fontana, Yves Klein, Jasper Johns e Robert Rauschenberg, ma anche poesie di Edoardo Sanguineti, Nanni Balestrini e altri Piero Manzoni viaggia ed espone in Olanda, Danimarca e Germania<br \/>\nCrea quarantacinque Corpi d\u2019aria, comuni palloncini da gonfiare e mettere su un piedistallo e, in seguito, realizza i Fiati d\u2019artista con i quali la figura dell\u2019artista diventa centrale: il fiato diventa esso stesso creazione Nel 1960 presenta da Azimut la sua performance pi\u00f9 famosa: Consumazione dell\u2019arte dinamica del pubblico &#8211; Divorare l\u2019arte, nel corso della quale distribuisce uova sode firmate con l\u2019impronta del suo pollice, invitando i presenti a mangiarle Verso la fine dell\u2019anno sottoscrive il Manifesto contro niente per l\u2019Esposizione Internazionale di niente firmato tra gli altri da Castellani, Mack e Piene Continua a lavorare agli Achromes, servendosi dei materiali pi\u00f9 disparati, e progetta la Base magica, un piedistallo che eleva al ruolo di opera d\u2019arte ogni persona disposta a salire sopra al piedistallo stesso Espone con Castellani alla galleria La Tartaruga di Roma dove presenta altri Achromes e firma in diretta alcune Sculture viventi: per Manzoni l\u2019arte doveva essere totale, l\u2019arte doveva vivere<br \/>\nDella performance Sculture viventi ci sono molte foto che documentato l\u2019evento, in questi preziosi documenti Manzoni firma alcune persone, munite poi di bollini che certificano il loro essere opere d\u2019arte: il bollino rosso significa che la persona sar\u00e0 una scultura vivente fino alla morte, il bollino viola \u00e8 simile a quello rosso ma a pagamento, il giallo indica che solo una parte del corpo \u00e8 una scultura vivente, mentre il verde significa che la persona sar\u00e0 scultura solo in determinate posizioni e atteggiamenti<br \/>\nNel 1961 realizza novanta lattine di Merda d\u2019artista vendute a peso alla quotazione dell\u2019oro: la serie \u00e8 una riflessione critica sul consumo e la commercializzazione dell\u2019arte e pi\u00f9 in generale della societ\u00e0 capitalistica dei consumi<br \/>\nPartendo dal concetto che l\u2019arte comprenda la totalit\u00e0 della realt\u00e0 e della vita sulla terra Manzoni realizza lo stesso anno, durante un soggiorno in Danimarca, la Base del mondo, una \u201cbase magica\u201d in ferro che, come dichiara l\u2019incisione capovolta sulla stessa base, \u201cSocle du monde\u201d, sostiene il mondo intero Continua a lavorare agli Achromes e nel 1962 partecipa con il gruppo Zero alla mostra \u201cNul\u201d allo Stedelijk Museum di Amsterdam<br \/>\nNel 1962 il progetto di ricerca di segni universali prende una forma pi\u00f9 organica: Manzoni elabora 8 tavole di accertamento, in formato di \u201ccartella\u201d in cui compaiono sessanta esemplari numerati con otto fotolitografie edite da Vanni Scheiwiller e con la prefazione di Vincenzo Agnetti<br \/>\nPiero Manzoni muore a causa di un infarto nel suo studio di Milano il 6 febbraio 1963, lasciando una significativa produzione artistica, che costituisce un punto di riferimento imprescindibile, soprattutto per gli artisti concettuali e dell\u2019Arte Povera<\/div>\n<p><button onclick=espandi_bio_artisti('it_IT') id='myBtn'>+ Leggi di pi\u00f9<\/button><\/p>\n","protected":false},"excerpt":{"rendered":"<p>SONCINO 1933 \u2013 MILANO 1963 Piero Manzoni nasce a Soncino nel 1933 e frequenta la facolt\u00e0 di giurisprudenza dell\u2019Universit\u00e0 Cattolica del Sacro Cuore di Milano senza portare a termine gli studi universitari Nel corso della seconda met\u00e0 degli anni Cinquanta, dopo aver realizzato alcuni paesaggi tradizionali, attratto e ispirato dal paesaggio ligure di Albissola dove [&hellip;]<\/p>\n","protected":false},"author":5,"featured_media":0,"comment_status":"closed","ping_status":"closed","sticky":false,"template":"","format":"standard","meta":{"_acf_changed":false,"_et_pb_use_builder":"","_et_pb_old_content":"","_et_gb_content_width":"","footnotes":""},"categories":[11],"tags":[557,561,563],"class_list":["post-16755","post","type-post","status-publish","format-standard","hentry","category-artisti","tag-manzoni-piero","tag-miart-2025","tag-spazio-aperto"],"acf":[],"yoast_head":"<!-- This site is optimized with the Yoast SEO plugin v28.4 - https:\/\/yoast.com\/product\/yoast-seo-wordpress\/ -->\n<title>Manzoni Piero - Studio Guastalla<\/title>\n<meta name=\"robots\" content=\"index, follow, max-snippet:-1, max-image-preview:large, max-video-preview:-1\" \/>\n<link rel=\"canonical\" href=\"https:\/\/www.guastalla.com\/it\/artisti\/manzoni-piero\/\" \/>\n<meta property=\"og:locale\" content=\"it_IT\" \/>\n<meta property=\"og:type\" content=\"article\" \/>\n<meta property=\"og:title\" content=\"Manzoni Piero - Studio Guastalla\" \/>\n<meta property=\"og:description\" content=\"SONCINO 1933 \u2013 MILANO 1963 Piero Manzoni nasce a Soncino nel 1933 e frequenta la facolt\u00e0 di giurisprudenza dell\u2019Universit\u00e0 Cattolica del Sacro Cuore di Milano senza portare a termine gli studi universitari Nel corso della seconda met\u00e0 degli anni Cinquanta, dopo aver realizzato alcuni paesaggi tradizionali, attratto e ispirato dal paesaggio ligure di Albissola dove [&hellip;]\" \/>\n<meta property=\"og:url\" content=\"https:\/\/www.guastalla.com\/it\/artisti\/manzoni-piero\/\" \/>\n<meta property=\"og:site_name\" content=\"Studio Guastalla\" \/>\n<meta property=\"article:published_time\" content=\"2024-12-05T14:51:47+00:00\" \/>\n<meta property=\"article:modified_time\" content=\"2025-12-12T13:28:51+00:00\" \/>\n<meta name=\"author\" content=\"guastalla\" \/>\n<meta name=\"twitter:card\" content=\"summary_large_image\" \/>\n<meta name=\"twitter:label1\" content=\"Scritto da\" \/>\n\t<meta name=\"twitter:data1\" content=\"guastalla\" \/>\n\t<meta name=\"twitter:label2\" content=\"Tempo di lettura stimato\" \/>\n\t<meta name=\"twitter:data2\" content=\"4 minuti\" \/>\n<script type=\"application\/ld+json\" class=\"yoast-schema-graph\">{\"@context\":\"https:\\\/\\\/schema.org\",\"@graph\":[{\"@type\":\"Article\",\"@id\":\"https:\\\/\\\/www.guastalla.com\\\/it\\\/artisti\\\/manzoni-piero\\\/#article\",\"isPartOf\":{\"@id\":\"https:\\\/\\\/www.guastalla.com\\\/it\\\/artisti\\\/manzoni-piero\\\/\"},\"author\":{\"name\":\"guastalla\",\"@id\":\"https:\\\/\\\/www.guastalla.com\\\/it\\\/#\\\/schema\\\/person\\\/912e9605c4795c9279e35f6f92eefebb\"},\"headline\":\"Manzoni Piero\",\"datePublished\":\"2024-12-05T14:51:47+00:00\",\"dateModified\":\"2025-12-12T13:28:51+00:00\",\"mainEntityOfPage\":{\"@id\":\"https:\\\/\\\/www.guastalla.com\\\/it\\\/artisti\\\/manzoni-piero\\\/\"},\"wordCount\":801,\"keywords\":[\"manzoni-piero\",\"miart-2025\",\"spazio-aperto\"],\"articleSection\":[\"Artisti\"],\"inLanguage\":\"it-IT\"},{\"@type\":\"WebPage\",\"@id\":\"https:\\\/\\\/www.guastalla.com\\\/it\\\/artisti\\\/manzoni-piero\\\/\",\"url\":\"https:\\\/\\\/www.guastalla.com\\\/it\\\/artisti\\\/manzoni-piero\\\/\",\"name\":\"Manzoni Piero - Studio Guastalla\",\"isPartOf\":{\"@id\":\"https:\\\/\\\/www.guastalla.com\\\/it\\\/#website\"},\"datePublished\":\"2024-12-05T14:51:47+00:00\",\"dateModified\":\"2025-12-12T13:28:51+00:00\",\"author\":{\"@id\":\"https:\\\/\\\/www.guastalla.com\\\/it\\\/#\\\/schema\\\/person\\\/912e9605c4795c9279e35f6f92eefebb\"},\"breadcrumb\":{\"@id\":\"https:\\\/\\\/www.guastalla.com\\\/it\\\/artisti\\\/manzoni-piero\\\/#breadcrumb\"},\"inLanguage\":\"it-IT\",\"potentialAction\":[{\"@type\":\"ReadAction\",\"target\":[\"https:\\\/\\\/www.guastalla.com\\\/it\\\/artisti\\\/manzoni-piero\\\/\"]}]},{\"@type\":\"BreadcrumbList\",\"@id\":\"https:\\\/\\\/www.guastalla.com\\\/it\\\/artisti\\\/manzoni-piero\\\/#breadcrumb\",\"itemListElement\":[{\"@type\":\"ListItem\",\"position\":1,\"name\":\"Home\",\"item\":\"https:\\\/\\\/www.guastalla.com\\\/it\\\/\"},{\"@type\":\"ListItem\",\"position\":2,\"name\":\"Manzoni Piero\"}]},{\"@type\":\"WebSite\",\"@id\":\"https:\\\/\\\/www.guastalla.com\\\/it\\\/#website\",\"url\":\"https:\\\/\\\/www.guastalla.com\\\/it\\\/\",\"name\":\"Studio Guastalla\",\"description\":\"Galleria Arte Moderna e Contemporanea\",\"potentialAction\":[{\"@type\":\"SearchAction\",\"target\":{\"@type\":\"EntryPoint\",\"urlTemplate\":\"https:\\\/\\\/www.guastalla.com\\\/it\\\/?s={search_term_string}\"},\"query-input\":{\"@type\":\"PropertyValueSpecification\",\"valueRequired\":true,\"valueName\":\"search_term_string\"}}],\"inLanguage\":\"it-IT\"},{\"@type\":\"Person\",\"@id\":\"https:\\\/\\\/www.guastalla.com\\\/it\\\/#\\\/schema\\\/person\\\/912e9605c4795c9279e35f6f92eefebb\",\"name\":\"guastalla\",\"image\":{\"@type\":\"ImageObject\",\"inLanguage\":\"it-IT\",\"@id\":\"https:\\\/\\\/secure.gravatar.com\\\/avatar\\\/a983a63767681bfd18143292d749b0d07a3c9b1e50df0a6a2095b13761f720ac?s=96&d=mm&r=g\",\"url\":\"https:\\\/\\\/secure.gravatar.com\\\/avatar\\\/a983a63767681bfd18143292d749b0d07a3c9b1e50df0a6a2095b13761f720ac?s=96&d=mm&r=g\",\"contentUrl\":\"https:\\\/\\\/secure.gravatar.com\\\/avatar\\\/a983a63767681bfd18143292d749b0d07a3c9b1e50df0a6a2095b13761f720ac?s=96&d=mm&r=g\",\"caption\":\"guastalla\"},\"url\":\"https:\\\/\\\/www.guastalla.com\\\/it\\\/author\\\/guastalla\\\/\"}]}<\/script>\n<!-- \/ Yoast SEO plugin. -->","yoast_head_json":{"title":"Manzoni Piero - Studio Guastalla","robots":{"index":"index","follow":"follow","max-snippet":"max-snippet:-1","max-image-preview":"max-image-preview:large","max-video-preview":"max-video-preview:-1"},"canonical":"https:\/\/www.guastalla.com\/it\/artisti\/manzoni-piero\/","og_locale":"it_IT","og_type":"article","og_title":"Manzoni Piero - Studio Guastalla","og_description":"SONCINO 1933 \u2013 MILANO 1963 Piero Manzoni nasce a Soncino nel 1933 e frequenta la facolt\u00e0 di giurisprudenza dell\u2019Universit\u00e0 Cattolica del Sacro Cuore di Milano senza portare a termine gli studi universitari Nel corso della seconda met\u00e0 degli anni Cinquanta, dopo aver realizzato alcuni paesaggi tradizionali, attratto e ispirato dal paesaggio ligure di Albissola dove [&hellip;]","og_url":"https:\/\/www.guastalla.com\/it\/artisti\/manzoni-piero\/","og_site_name":"Studio Guastalla","article_published_time":"2024-12-05T14:51:47+00:00","article_modified_time":"2025-12-12T13:28:51+00:00","author":"guastalla","twitter_card":"summary_large_image","twitter_misc":{"Scritto da":"guastalla","Tempo di lettura stimato":"4 minuti"},"schema":{"@context":"https:\/\/schema.org","@graph":[{"@type":"Article","@id":"https:\/\/www.guastalla.com\/it\/artisti\/manzoni-piero\/#article","isPartOf":{"@id":"https:\/\/www.guastalla.com\/it\/artisti\/manzoni-piero\/"},"author":{"name":"guastalla","@id":"https:\/\/www.guastalla.com\/it\/#\/schema\/person\/912e9605c4795c9279e35f6f92eefebb"},"headline":"Manzoni Piero","datePublished":"2024-12-05T14:51:47+00:00","dateModified":"2025-12-12T13:28:51+00:00","mainEntityOfPage":{"@id":"https:\/\/www.guastalla.com\/it\/artisti\/manzoni-piero\/"},"wordCount":801,"keywords":["manzoni-piero","miart-2025","spazio-aperto"],"articleSection":["Artisti"],"inLanguage":"it-IT"},{"@type":"WebPage","@id":"https:\/\/www.guastalla.com\/it\/artisti\/manzoni-piero\/","url":"https:\/\/www.guastalla.com\/it\/artisti\/manzoni-piero\/","name":"Manzoni Piero - Studio Guastalla","isPartOf":{"@id":"https:\/\/www.guastalla.com\/it\/#website"},"datePublished":"2024-12-05T14:51:47+00:00","dateModified":"2025-12-12T13:28:51+00:00","author":{"@id":"https:\/\/www.guastalla.com\/it\/#\/schema\/person\/912e9605c4795c9279e35f6f92eefebb"},"breadcrumb":{"@id":"https:\/\/www.guastalla.com\/it\/artisti\/manzoni-piero\/#breadcrumb"},"inLanguage":"it-IT","potentialAction":[{"@type":"ReadAction","target":["https:\/\/www.guastalla.com\/it\/artisti\/manzoni-piero\/"]}]},{"@type":"BreadcrumbList","@id":"https:\/\/www.guastalla.com\/it\/artisti\/manzoni-piero\/#breadcrumb","itemListElement":[{"@type":"ListItem","position":1,"name":"Home","item":"https:\/\/www.guastalla.com\/it\/"},{"@type":"ListItem","position":2,"name":"Manzoni Piero"}]},{"@type":"WebSite","@id":"https:\/\/www.guastalla.com\/it\/#website","url":"https:\/\/www.guastalla.com\/it\/","name":"Studio Guastalla","description":"Galleria Arte Moderna e Contemporanea","potentialAction":[{"@type":"SearchAction","target":{"@type":"EntryPoint","urlTemplate":"https:\/\/www.guastalla.com\/it\/?s={search_term_string}"},"query-input":{"@type":"PropertyValueSpecification","valueRequired":true,"valueName":"search_term_string"}}],"inLanguage":"it-IT"},{"@type":"Person","@id":"https:\/\/www.guastalla.com\/it\/#\/schema\/person\/912e9605c4795c9279e35f6f92eefebb","name":"guastalla","image":{"@type":"ImageObject","inLanguage":"it-IT","@id":"https:\/\/secure.gravatar.com\/avatar\/a983a63767681bfd18143292d749b0d07a3c9b1e50df0a6a2095b13761f720ac?s=96&d=mm&r=g","url":"https:\/\/secure.gravatar.com\/avatar\/a983a63767681bfd18143292d749b0d07a3c9b1e50df0a6a2095b13761f720ac?s=96&d=mm&r=g","contentUrl":"https:\/\/secure.gravatar.com\/avatar\/a983a63767681bfd18143292d749b0d07a3c9b1e50df0a6a2095b13761f720ac?s=96&d=mm&r=g","caption":"guastalla"},"url":"https:\/\/www.guastalla.com\/it\/author\/guastalla\/"}]}},"_links":{"self":[{"href":"https:\/\/www.guastalla.com\/it\/wp-json\/wp\/v2\/posts\/16755","targetHints":{"allow":["GET"]}}],"collection":[{"href":"https:\/\/www.guastalla.com\/it\/wp-json\/wp\/v2\/posts"}],"about":[{"href":"https:\/\/www.guastalla.com\/it\/wp-json\/wp\/v2\/types\/post"}],"author":[{"embeddable":true,"href":"https:\/\/www.guastalla.com\/it\/wp-json\/wp\/v2\/users\/5"}],"replies":[{"embeddable":true,"href":"https:\/\/www.guastalla.com\/it\/wp-json\/wp\/v2\/comments?post=16755"}],"version-history":[{"count":11,"href":"https:\/\/www.guastalla.com\/it\/wp-json\/wp\/v2\/posts\/16755\/revisions"}],"predecessor-version":[{"id":19349,"href":"https:\/\/www.guastalla.com\/it\/wp-json\/wp\/v2\/posts\/16755\/revisions\/19349"}],"wp:attachment":[{"href":"https:\/\/www.guastalla.com\/it\/wp-json\/wp\/v2\/media?parent=16755"}],"wp:term":[{"taxonomy":"category","embeddable":true,"href":"https:\/\/www.guastalla.com\/it\/wp-json\/wp\/v2\/categories?post=16755"},{"taxonomy":"post_tag","embeddable":true,"href":"https:\/\/www.guastalla.com\/it\/wp-json\/wp\/v2\/tags?post=16755"}],"curies":[{"name":"wp","href":"https:\/\/api.w.org\/{rel}","templated":true}]}}