{"id":16012,"date":"2024-09-27T10:33:42","date_gmt":"2024-09-27T08:33:42","guid":{"rendered":"https:\/\/www.guastalla.com\/?p=16012"},"modified":"2026-07-06T17:07:12","modified_gmt":"2026-07-06T15:07:12","slug":"paladino-mimmo","status":"publish","type":"post","link":"https:\/\/www.guastalla.com\/it\/artisti\/paladino-mimmo\/","title":{"rendered":"Paladino Mimmo"},"content":{"rendered":"<p>PADULI, 1948<\/p>\n<p>Mimmo Paladino, nasce a Paduli (Benevento), nel 1948<br \/>\nPittore, scultore e incisore italiano \u00e8 uno dei principali esponenti della Transavanguardia, trascorre la sua infanzia a Napoli e, dal 1964, anno in cui visita la Biennale di Venezia e ammira per la prima volta dal vivo i lavori di Robert Rauschenberg, al 1968, frequenta il Liceo Artistico a Benevento<br \/>\nLa sua prima fase artistica, a partire dal clima comune del &#8220;concettuale&#8221;, s&#8217;incentra principalmente sulla fotografia e sulla tecnica del collage Paladino combina immagini in tecnica mista, creando una complessa iconografia: il suo stile \u00e8 riconoscibile per la presenza di elementi desunti da culture diverse come maschere, animali, mani, teste Nel 1977, anno in cui si trasferisce a Milano, l\u2019artista realizza un grande pastello sul muro della galleria di Lucio Amelio a Napoli e partecipa alla rassegna &#8220;Internationale Triennale f\u00fcr Zeichnung&#8221; organizzata a Breslavia Nella seconda met\u00e0 degli anni &#8217;70 Paladino riscopre la pittura e recupera il colore sia nella sua valenza espressiva sia nella matericit\u00e0 del pigmento<span id='dots'>&#8230;<\/span><\/p>\n<div id='more' name='more' style='display:none;'> Gli anni a cavallo tra il 1978 e il 1980 sono anni di passaggio tra la posizione concettuale della prima fase e la rinnovata attenzione per la pittura figurativa; le opere realizzate in questo periodo sono in prevalenza dipinti monocromatici dalle tinte decise sui quali campeggiano strutture geometriche e oggetti ritrovati quali rami o maschere e le tecniche sperimentate sono diverse, dal disegno alla pittura, alla scultura, al mosaico, all&#8217;incisione, all&#8217;immagine filmica<br \/>\nIn questi anni, nell&#8217;ambito della Biennale di Venezia, il critico d&#8217;arte Achille Bonito Oliva definisce con il termine Transavanguardia quella corrente di cui fanno parte Chia, Clemente, Cucchi e lo stesso Paladino, artisti che attingono al passato e da tradizioni pittoriche anche molto diverse e lontane e creano un linguaggio ibrido, capace di mettere assieme anche epoche diverse Paladino, tra tutti, \u00e8 l\u2019artista pi\u00f9 essenziale, pi\u00f9 vicino al primitivismo e all\u2019espressionismo tedesco d\u2019inizio Novecento; la sua pittura \u00e8 debitrice nei confronti del passato per i contenuti e per le forme, ma al tempo stesso \u00e8 densa di simboli e capace di aprirsi a nuove prospettive Dal 1985 realizza grandi sculture in bronzo e installazioni sperimentando cos\u00ec la contaminazione tra diverse forme espressive: nella loro apparente fissit\u00e0 da icone le opere di Paladino conservano sempre un&#8217;ambiguit\u00e0 densa di allusioni Le maschere senza sguardo, i profili arcaici delle teste, custodiscono valenze emblematiche che sfuggono ad un&#8217;interpretazione univoca Questi elementi risultano essere dei riferimenti a diverse culture di stampo primitivo, e si riconoscono ispirazioni desunte da iconografie dell\u2019arte paleocristiana, egizia ed etrusca: riferimenti tipici della cultura locale del Brasile e del Sudamerica che l\u2019artista visit\u00f2 proprio nel 1982 Nella seconda met\u00e0 degli anni &#8217;80 i lavori di Paladino risultano fondati su una composizione che va semplificandosi Si restringe l&#8217;inventario dei segni, mentre il colore suggerisce l&#8217;intero spazio dell&#8217;opera: pochi attributi sono sufficienti per delinearne l&#8217;intera struttura Per la prima volta dal 1988, si potr\u00e0 osservare ricostruita gran parte della sala personale realizzata dall&#8217;artista alla XLIII Biennale di Venezia<br \/>\nAlla fine degli anni &#8217;90 Paladino realizza diversi altri cicli pittorici, nei quali si rende evidente l&#8217;aspetto pi\u00f9 problematico della sua ricerca, ovvero il continuo interrogarsi sul linguaggio dell&#8217;arte: la geometria, la frammentariet\u00e0, la molteplicit\u00e0 e l&#8217;accumulazione dei segni, insieme a improvvise cesure e cambi di registro, costituiscono alcuni fili conduttori della sua opera Nel 1995 Paladino diventa protagonista di Piazza Plebiscito realizzando, come punto di confluenza dei suoi lavori contemporaneamente esposti al Museo Pignatelli e alle Scuderie di Palazzo Reale, la sua memorabile Montagna di sale: vibrazioni cromatiche, grandi campiture di colore, installazioni scultoree, forme animali e umane, cavalli rovesciati sul sale rimangono ancora oggi nella memoria La sua produzione inizia ad essere conosciuta anche all&#8217;estero, grazie ad una mostra itinerante del 1980, che si sposta da Basilea ad Essen, ad Amsterdam, oltre ad una personale alla Badischer Kunstverein di Karlsruhe Nel 1981 partecipa alla mostra A New Spirit in Painting alla Royal Academy of Art di Londra Il Kunstmuseum di Basilea e il Kestner-Gesellshaft di Hannover organizzano una mostra di disegni realizzati dal 1976 al 1981 Viene proposta anche al Kestner-Gesellshaft di Hannover al Mannheimer Kunstverein di Mannheim, al Groninger Museum di Groningen che lanciano Paladino come artista internazionale Nel 1982 partecipa a Documenta di Kassel Nel 1990 realizza la scenografia de La sposa di Messina di Schiller a Gibellina per la regia di Elio Capitani e del 1992 \u00e8 l&#8217;installazione permanente Hortus conclusus nel complesso universitario di San Domenico a Benevento Negli anni successivi si dedica pi\u00f9 intensamente all\u2019editoria d&#8217;arte e si concentra su materiali quali la ceramica e la terracotta Nel 2003 Paladino viene scelto in qualit\u00e0 di rappresentante dell&#8217;arte italiana durante la presidenza italiana a Bruxelles: la scultura equestre Zenith \u00e8 installata nella piazza della sede del Parlamento Europeo Nel 2011 nel Palazzo Reale di Milano \u00e8 stata allestita una grande retrospettiva che ripercorre gli ultimi quarant\u2019anni di carriera del maestro campano e l\u2019anno successivo l&#8217;artista ha pubblicato con il critico d&#8217;arte C D&#8217;Orazio il libro Ritratti romani Nel 2015 ha ideato la statua La conoscenza, presentata a Expo Milano, in occasione delle celebrazioni per i 90 anni dell\u2019Istituto dell\u2019Enciclopedia Italiana Treccani, mentre nel 2017 ha realizzato i nuovi paramenti sacri della Cappella Rucellai nel complesso dell&#8217;ex-chiesa di San Pancrazio a Firenze \u00c8 possibile ammirare le sue opere nel Museo Napoli Novecento 1910-1980 Per un museo in progress di Napoli, nel Museo Nazionale di Capodimonte di Napoli e nel Museo d\u2019Arte Contemporanea Donnaregina (MADRE) di Napoli ma anche a Roma nella Galleria Nazionale d\u2019Arte Moderna e Contemporanea di Roma, a Bologna nel MAMbo &#8211; Museo d\u2019Arte Moderna di Bologna e a Cagliari, nella Galleria d\u2019arte moderna L\u2019installazione Montagna di sale (1990) \u00e8 stata portata in via definitiva presso il Baglio Di Stefano, un complesso architettonico sede della Fondazione Orestiadi che si trova a Gibellina, in provincia di Trapani Infine, opere di Paladino sono conservate anche presso il Metropolitan Museum of Art di New York<\/div>\n<p><button onclick=espandi_bio_artisti('it_IT') id='myBtn'>+ Leggi di pi\u00f9<\/button><\/p>\n","protected":false},"excerpt":{"rendered":"<p>PADULI, 1948 Mimmo Paladino, nasce a Paduli (Benevento), nel 1948 Pittore, scultore e incisore italiano \u00e8 uno dei principali esponenti della Transavanguardia, trascorre la sua infanzia a Napoli e, dal 1964, anno in cui visita la Biennale di Venezia e ammira per la prima volta dal vivo i lavori di Robert Rauschenberg, al 1968, frequenta [&hellip;]<\/p>\n","protected":false},"author":5,"featured_media":0,"comment_status":"closed","ping_status":"closed","sticky":false,"template":"","format":"standard","meta":{"_acf_changed":false,"_et_pb_use_builder":"","_et_pb_old_content":"","_et_gb_content_width":"","footnotes":""},"categories":[11],"tags":[589,561,595,542,608,600],"class_list":["post-16012","post","type-post","status-publish","format-standard","hentry","category-artisti","tag-bologna-2026","tag-miart-2025","tag-miart-2026","tag-paladino-mimmo","tag-selectedworks_maggio26","tag-selectedworks-feb2026"],"acf":[],"yoast_head":"<!-- This site is optimized with the Yoast SEO plugin v28.4 - https:\/\/yoast.com\/product\/yoast-seo-wordpress\/ -->\n<title>Paladino Mimmo - Studio Guastalla<\/title>\n<meta name=\"robots\" content=\"index, follow, max-snippet:-1, max-image-preview:large, max-video-preview:-1\" \/>\n<link rel=\"canonical\" href=\"https:\/\/www.guastalla.com\/it\/artisti\/paladino-mimmo\/\" \/>\n<meta property=\"og:locale\" content=\"it_IT\" \/>\n<meta property=\"og:type\" content=\"article\" \/>\n<meta property=\"og:title\" content=\"Paladino Mimmo - Studio Guastalla\" \/>\n<meta property=\"og:description\" content=\"PADULI, 1948 Mimmo Paladino, nasce a Paduli (Benevento), nel 1948 Pittore, scultore e incisore italiano \u00e8 uno dei principali esponenti della Transavanguardia, trascorre la sua infanzia a Napoli e, dal 1964, anno in cui visita la Biennale di Venezia e ammira per la prima volta dal vivo i lavori di Robert Rauschenberg, al 1968, frequenta [&hellip;]\" \/>\n<meta property=\"og:url\" content=\"https:\/\/www.guastalla.com\/it\/artisti\/paladino-mimmo\/\" \/>\n<meta property=\"og:site_name\" content=\"Studio Guastalla\" \/>\n<meta property=\"article:published_time\" content=\"2024-09-27T08:33:42+00:00\" \/>\n<meta property=\"article:modified_time\" content=\"2026-07-06T15:07:12+00:00\" \/>\n<meta name=\"author\" content=\"guastalla\" \/>\n<meta name=\"twitter:card\" content=\"summary_large_image\" \/>\n<meta name=\"twitter:label1\" content=\"Scritto da\" \/>\n\t<meta name=\"twitter:data1\" content=\"guastalla\" \/>\n\t<meta name=\"twitter:label2\" content=\"Tempo di lettura stimato\" \/>\n\t<meta name=\"twitter:data2\" content=\"5 minuti\" \/>\n<script type=\"application\/ld+json\" class=\"yoast-schema-graph\">{\"@context\":\"https:\\\/\\\/schema.org\",\"@graph\":[{\"@type\":\"Article\",\"@id\":\"https:\\\/\\\/www.guastalla.com\\\/it\\\/artisti\\\/paladino-mimmo\\\/#article\",\"isPartOf\":{\"@id\":\"https:\\\/\\\/www.guastalla.com\\\/it\\\/artisti\\\/paladino-mimmo\\\/\"},\"author\":{\"name\":\"guastalla\",\"@id\":\"https:\\\/\\\/www.guastalla.com\\\/it\\\/#\\\/schema\\\/person\\\/912e9605c4795c9279e35f6f92eefebb\"},\"headline\":\"Paladino Mimmo\",\"datePublished\":\"2024-09-27T08:33:42+00:00\",\"dateModified\":\"2026-07-06T15:07:12+00:00\",\"mainEntityOfPage\":{\"@id\":\"https:\\\/\\\/www.guastalla.com\\\/it\\\/artisti\\\/paladino-mimmo\\\/\"},\"wordCount\":989,\"keywords\":[\"bologna-2026\",\"miart-2025\",\"miart-2026\",\"paladino-mimmo\",\"selectedworks_maggio26\",\"selectedworks-feb2026\"],\"articleSection\":[\"Artisti\"],\"inLanguage\":\"it-IT\"},{\"@type\":\"WebPage\",\"@id\":\"https:\\\/\\\/www.guastalla.com\\\/it\\\/artisti\\\/paladino-mimmo\\\/\",\"url\":\"https:\\\/\\\/www.guastalla.com\\\/it\\\/artisti\\\/paladino-mimmo\\\/\",\"name\":\"Paladino Mimmo - Studio Guastalla\",\"isPartOf\":{\"@id\":\"https:\\\/\\\/www.guastalla.com\\\/it\\\/#website\"},\"datePublished\":\"2024-09-27T08:33:42+00:00\",\"dateModified\":\"2026-07-06T15:07:12+00:00\",\"author\":{\"@id\":\"https:\\\/\\\/www.guastalla.com\\\/it\\\/#\\\/schema\\\/person\\\/912e9605c4795c9279e35f6f92eefebb\"},\"breadcrumb\":{\"@id\":\"https:\\\/\\\/www.guastalla.com\\\/it\\\/artisti\\\/paladino-mimmo\\\/#breadcrumb\"},\"inLanguage\":\"it-IT\",\"potentialAction\":[{\"@type\":\"ReadAction\",\"target\":[\"https:\\\/\\\/www.guastalla.com\\\/it\\\/artisti\\\/paladino-mimmo\\\/\"]}]},{\"@type\":\"BreadcrumbList\",\"@id\":\"https:\\\/\\\/www.guastalla.com\\\/it\\\/artisti\\\/paladino-mimmo\\\/#breadcrumb\",\"itemListElement\":[{\"@type\":\"ListItem\",\"position\":1,\"name\":\"Home\",\"item\":\"https:\\\/\\\/www.guastalla.com\\\/it\\\/\"},{\"@type\":\"ListItem\",\"position\":2,\"name\":\"Paladino Mimmo\"}]},{\"@type\":\"WebSite\",\"@id\":\"https:\\\/\\\/www.guastalla.com\\\/it\\\/#website\",\"url\":\"https:\\\/\\\/www.guastalla.com\\\/it\\\/\",\"name\":\"Studio Guastalla\",\"description\":\"Galleria Arte Moderna e Contemporanea\",\"potentialAction\":[{\"@type\":\"SearchAction\",\"target\":{\"@type\":\"EntryPoint\",\"urlTemplate\":\"https:\\\/\\\/www.guastalla.com\\\/it\\\/?s={search_term_string}\"},\"query-input\":{\"@type\":\"PropertyValueSpecification\",\"valueRequired\":true,\"valueName\":\"search_term_string\"}}],\"inLanguage\":\"it-IT\"},{\"@type\":\"Person\",\"@id\":\"https:\\\/\\\/www.guastalla.com\\\/it\\\/#\\\/schema\\\/person\\\/912e9605c4795c9279e35f6f92eefebb\",\"name\":\"guastalla\",\"image\":{\"@type\":\"ImageObject\",\"inLanguage\":\"it-IT\",\"@id\":\"https:\\\/\\\/secure.gravatar.com\\\/avatar\\\/a983a63767681bfd18143292d749b0d07a3c9b1e50df0a6a2095b13761f720ac?s=96&d=mm&r=g\",\"url\":\"https:\\\/\\\/secure.gravatar.com\\\/avatar\\\/a983a63767681bfd18143292d749b0d07a3c9b1e50df0a6a2095b13761f720ac?s=96&d=mm&r=g\",\"contentUrl\":\"https:\\\/\\\/secure.gravatar.com\\\/avatar\\\/a983a63767681bfd18143292d749b0d07a3c9b1e50df0a6a2095b13761f720ac?s=96&d=mm&r=g\",\"caption\":\"guastalla\"},\"url\":\"https:\\\/\\\/www.guastalla.com\\\/it\\\/author\\\/guastalla\\\/\"}]}<\/script>\n<!-- \/ Yoast SEO plugin. -->","yoast_head_json":{"title":"Paladino Mimmo - Studio Guastalla","robots":{"index":"index","follow":"follow","max-snippet":"max-snippet:-1","max-image-preview":"max-image-preview:large","max-video-preview":"max-video-preview:-1"},"canonical":"https:\/\/www.guastalla.com\/it\/artisti\/paladino-mimmo\/","og_locale":"it_IT","og_type":"article","og_title":"Paladino Mimmo - Studio Guastalla","og_description":"PADULI, 1948 Mimmo Paladino, nasce a Paduli (Benevento), nel 1948 Pittore, scultore e incisore italiano \u00e8 uno dei principali esponenti della Transavanguardia, trascorre la sua infanzia a Napoli e, dal 1964, anno in cui visita la Biennale di Venezia e ammira per la prima volta dal vivo i lavori di Robert Rauschenberg, al 1968, frequenta [&hellip;]","og_url":"https:\/\/www.guastalla.com\/it\/artisti\/paladino-mimmo\/","og_site_name":"Studio Guastalla","article_published_time":"2024-09-27T08:33:42+00:00","article_modified_time":"2026-07-06T15:07:12+00:00","author":"guastalla","twitter_card":"summary_large_image","twitter_misc":{"Scritto da":"guastalla","Tempo di lettura stimato":"5 minuti"},"schema":{"@context":"https:\/\/schema.org","@graph":[{"@type":"Article","@id":"https:\/\/www.guastalla.com\/it\/artisti\/paladino-mimmo\/#article","isPartOf":{"@id":"https:\/\/www.guastalla.com\/it\/artisti\/paladino-mimmo\/"},"author":{"name":"guastalla","@id":"https:\/\/www.guastalla.com\/it\/#\/schema\/person\/912e9605c4795c9279e35f6f92eefebb"},"headline":"Paladino Mimmo","datePublished":"2024-09-27T08:33:42+00:00","dateModified":"2026-07-06T15:07:12+00:00","mainEntityOfPage":{"@id":"https:\/\/www.guastalla.com\/it\/artisti\/paladino-mimmo\/"},"wordCount":989,"keywords":["bologna-2026","miart-2025","miart-2026","paladino-mimmo","selectedworks_maggio26","selectedworks-feb2026"],"articleSection":["Artisti"],"inLanguage":"it-IT"},{"@type":"WebPage","@id":"https:\/\/www.guastalla.com\/it\/artisti\/paladino-mimmo\/","url":"https:\/\/www.guastalla.com\/it\/artisti\/paladino-mimmo\/","name":"Paladino Mimmo - Studio Guastalla","isPartOf":{"@id":"https:\/\/www.guastalla.com\/it\/#website"},"datePublished":"2024-09-27T08:33:42+00:00","dateModified":"2026-07-06T15:07:12+00:00","author":{"@id":"https:\/\/www.guastalla.com\/it\/#\/schema\/person\/912e9605c4795c9279e35f6f92eefebb"},"breadcrumb":{"@id":"https:\/\/www.guastalla.com\/it\/artisti\/paladino-mimmo\/#breadcrumb"},"inLanguage":"it-IT","potentialAction":[{"@type":"ReadAction","target":["https:\/\/www.guastalla.com\/it\/artisti\/paladino-mimmo\/"]}]},{"@type":"BreadcrumbList","@id":"https:\/\/www.guastalla.com\/it\/artisti\/paladino-mimmo\/#breadcrumb","itemListElement":[{"@type":"ListItem","position":1,"name":"Home","item":"https:\/\/www.guastalla.com\/it\/"},{"@type":"ListItem","position":2,"name":"Paladino Mimmo"}]},{"@type":"WebSite","@id":"https:\/\/www.guastalla.com\/it\/#website","url":"https:\/\/www.guastalla.com\/it\/","name":"Studio Guastalla","description":"Galleria Arte Moderna e Contemporanea","potentialAction":[{"@type":"SearchAction","target":{"@type":"EntryPoint","urlTemplate":"https:\/\/www.guastalla.com\/it\/?s={search_term_string}"},"query-input":{"@type":"PropertyValueSpecification","valueRequired":true,"valueName":"search_term_string"}}],"inLanguage":"it-IT"},{"@type":"Person","@id":"https:\/\/www.guastalla.com\/it\/#\/schema\/person\/912e9605c4795c9279e35f6f92eefebb","name":"guastalla","image":{"@type":"ImageObject","inLanguage":"it-IT","@id":"https:\/\/secure.gravatar.com\/avatar\/a983a63767681bfd18143292d749b0d07a3c9b1e50df0a6a2095b13761f720ac?s=96&d=mm&r=g","url":"https:\/\/secure.gravatar.com\/avatar\/a983a63767681bfd18143292d749b0d07a3c9b1e50df0a6a2095b13761f720ac?s=96&d=mm&r=g","contentUrl":"https:\/\/secure.gravatar.com\/avatar\/a983a63767681bfd18143292d749b0d07a3c9b1e50df0a6a2095b13761f720ac?s=96&d=mm&r=g","caption":"guastalla"},"url":"https:\/\/www.guastalla.com\/it\/author\/guastalla\/"}]}},"_links":{"self":[{"href":"https:\/\/www.guastalla.com\/it\/wp-json\/wp\/v2\/posts\/16012","targetHints":{"allow":["GET"]}}],"collection":[{"href":"https:\/\/www.guastalla.com\/it\/wp-json\/wp\/v2\/posts"}],"about":[{"href":"https:\/\/www.guastalla.com\/it\/wp-json\/wp\/v2\/types\/post"}],"author":[{"embeddable":true,"href":"https:\/\/www.guastalla.com\/it\/wp-json\/wp\/v2\/users\/5"}],"replies":[{"embeddable":true,"href":"https:\/\/www.guastalla.com\/it\/wp-json\/wp\/v2\/comments?post=16012"}],"version-history":[{"count":21,"href":"https:\/\/www.guastalla.com\/it\/wp-json\/wp\/v2\/posts\/16012\/revisions"}],"predecessor-version":[{"id":20523,"href":"https:\/\/www.guastalla.com\/it\/wp-json\/wp\/v2\/posts\/16012\/revisions\/20523"}],"wp:attachment":[{"href":"https:\/\/www.guastalla.com\/it\/wp-json\/wp\/v2\/media?parent=16012"}],"wp:term":[{"taxonomy":"category","embeddable":true,"href":"https:\/\/www.guastalla.com\/it\/wp-json\/wp\/v2\/categories?post=16012"},{"taxonomy":"post_tag","embeddable":true,"href":"https:\/\/www.guastalla.com\/it\/wp-json\/wp\/v2\/tags?post=16012"}],"curies":[{"name":"wp","href":"https:\/\/api.w.org\/{rel}","templated":true}]}}