{"id":15995,"date":"2024-09-26T18:41:11","date_gmt":"2024-09-26T16:41:11","guid":{"rendered":"https:\/\/www.guastalla.com\/?p=15995"},"modified":"2024-10-25T18:45:28","modified_gmt":"2024-10-25T16:45:28","slug":"j-miro-litografo-i-lit-ii-n-858-2","status":"publish","type":"post","link":"https:\/\/www.guastalla.com\/it\/opere\/j-miro-litografo-i-lit-ii-n-858-2\/","title":{"rendered":"J.Mir\u00f2. Litografo I. Lit. II n. 858"},"content":{"rendered":"<p>J.Mir\u00f2. Litografo I. Lit. II n. 858<br \/>\nLITOGRAFO I (SUITE NON FIRMATA) II<br \/>\nLitografia a colori<br \/>\nCm 32,5 \u00d7 26<br \/>\n1972<\/p>\n<p>NOTE: Questa litografia fa parte della suite Joan Mir\u00f2 litografo I, composta da 11 litografie originali a colori non firmate eseguite per il volume I del catalogo ragionato delle litografie di Joan Mir\u00f3 dal 1947 al 1952, Edizioni Graphis Arte, Livorno-Toninelli Arte Moderna, Milano, a cura di Giorgio e Guido Guastalla. Tiratura 365 esemplari.<br \/>\nEDITORE:<br \/>\nGraphis Arte, Livorno e Toninelli Arte Moderna, Milano<br \/>\nSTAMPATORE:<br \/>\nGraphis Arte, Livorno e Toninelli Arte Moderna, Milano<br \/>\nPUBBLICAZIONI:<br \/>\nPatrick Cramer, Joan Mir\u00f3, catalogue raisonne\u0301 des livres illustre\u0301s, Editeur P. Cramer, Gen\u00e8ve, 1989, n. 160<br \/>\nJoan Mir\u00f3 Litografo Vol. IV, Maeght Editeur, Parigi, n.858<\/p>\n","protected":false},"excerpt":{"rendered":"<p>J.Mir\u00f2. Litografo I. Lit. II n. 858 LITOGRAFO I (SUITE NON FIRMATA) II Litografia a colori Cm 32,5 \u00d7 26 1972 NOTE: Questa litografia fa parte della suite Joan Mir\u00f2 litografo I, composta da 11 litografie originali a colori non firmate eseguite per il volume I del catalogo ragionato delle litografie di Joan Mir\u00f3 dal [&hellip;]<\/p>\n","protected":false},"author":5,"featured_media":15809,"comment_status":"closed","ping_status":"closed","sticky":false,"template":"","format":"standard","meta":{"_acf_changed":false,"_et_pb_use_builder":"","_et_pb_old_content":"","_et_gb_content_width":"","footnotes":""},"categories":[12],"tags":[152,369],"class_list":["post-15995","post","type-post","status-publish","format-standard","has-post-thumbnail","hentry","category-opere","tag-miro-joan","tag-opere-gallery"],"acf":[],"yoast_head":"<!-- This site is optimized with the Yoast SEO plugin v28.4 - https:\/\/yoast.com\/product\/yoast-seo-wordpress\/ -->\n<title>J.Mir\u00f2. Litografo I. Lit. II n. 858 - Studio Guastalla<\/title>\n<meta name=\"robots\" content=\"index, follow, max-snippet:-1, max-image-preview:large, max-video-preview:-1\" \/>\n<link rel=\"canonical\" href=\"https:\/\/www.guastalla.com\/it\/opere\/j-miro-litografo-i-lit-ii-n-858-2\/\" \/>\n<meta property=\"og:locale\" content=\"it_IT\" \/>\n<meta property=\"og:type\" content=\"article\" \/>\n<meta property=\"og:title\" content=\"J.Mir\u00f2. Litografo I. Lit. II n. 858 - Studio Guastalla\" \/>\n<meta property=\"og:description\" content=\"J.Mir\u00f2. Litografo I. Lit. II n. 858 LITOGRAFO I (SUITE NON FIRMATA) II Litografia a colori Cm 32,5 \u00d7 26 1972 NOTE: Questa litografia fa parte della suite Joan Mir\u00f2 litografo I, composta da 11 litografie originali a colori non firmate eseguite per il volume I del catalogo ragionato delle litografie di Joan Mir\u00f3 dal [&hellip;]\" \/>\n<meta property=\"og:url\" content=\"https:\/\/www.guastalla.com\/it\/opere\/j-miro-litografo-i-lit-ii-n-858-2\/\" \/>\n<meta property=\"og:site_name\" content=\"Studio Guastalla\" \/>\n<meta property=\"article:published_time\" content=\"2024-09-26T16:41:11+00:00\" \/>\n<meta property=\"article:modified_time\" content=\"2024-10-25T16:45:28+00:00\" \/>\n<meta property=\"og:image\" content=\"https:\/\/www.guastalla.com\/wp-content\/uploads\/2021\/05\/jmiro-litografo-i-litii-n-858-scaled.jpg\" \/>\n\t<meta property=\"og:image:width\" content=\"1948\" \/>\n\t<meta property=\"og:image:height\" content=\"2560\" \/>\n\t<meta property=\"og:image:type\" content=\"image\/jpeg\" \/>\n<meta name=\"author\" content=\"guastalla\" \/>\n<meta name=\"twitter:card\" content=\"summary_large_image\" \/>\n<meta name=\"twitter:label1\" content=\"Scritto da\" \/>\n\t<meta name=\"twitter:data1\" content=\"guastalla\" \/>\n<script type=\"application\/ld+json\" class=\"yoast-schema-graph\">{\"@context\":\"https:\\\/\\\/schema.org\",\"@graph\":[{\"@type\":\"Article\",\"@id\":\"https:\\\/\\\/www.guastalla.com\\\/it\\\/opere\\\/j-miro-litografo-i-lit-ii-n-858-2\\\/#article\",\"isPartOf\":{\"@id\":\"https:\\\/\\\/www.guastalla.com\\\/it\\\/opere\\\/j-miro-litografo-i-lit-ii-n-858-2\\\/\"},\"author\":{\"name\":\"guastalla\",\"@id\":\"https:\\\/\\\/www.guastalla.com\\\/it\\\/#\\\/schema\\\/person\\\/912e9605c4795c9279e35f6f92eefebb\"},\"headline\":\"J.Mir\u00f2. Litografo I. Lit. II n. 858\",\"datePublished\":\"2024-09-26T16:41:11+00:00\",\"dateModified\":\"2024-10-25T16:45:28+00:00\",\"mainEntityOfPage\":{\"@id\":\"https:\\\/\\\/www.guastalla.com\\\/it\\\/opere\\\/j-miro-litografo-i-lit-ii-n-858-2\\\/\"},\"wordCount\":118,\"image\":{\"@id\":\"https:\\\/\\\/www.guastalla.com\\\/it\\\/opere\\\/j-miro-litografo-i-lit-ii-n-858-2\\\/#primaryimage\"},\"thumbnailUrl\":\"https:\\\/\\\/www.guastalla.com\\\/wp-content\\\/uploads\\\/2021\\\/05\\\/jmiro-litografo-i-litii-n-858-scaled.jpg\",\"keywords\":[\"mir\u00d2-joan\",\"opere-gallery\"],\"articleSection\":[\"Opere\"],\"inLanguage\":\"it-IT\"},{\"@type\":\"WebPage\",\"@id\":\"https:\\\/\\\/www.guastalla.com\\\/it\\\/opere\\\/j-miro-litografo-i-lit-ii-n-858-2\\\/\",\"url\":\"https:\\\/\\\/www.guastalla.com\\\/it\\\/opere\\\/j-miro-litografo-i-lit-ii-n-858-2\\\/\",\"name\":\"J.Mir\u00f2. Litografo I. Lit. II n. 858 - Studio Guastalla\",\"isPartOf\":{\"@id\":\"https:\\\/\\\/www.guastalla.com\\\/it\\\/#website\"},\"primaryImageOfPage\":{\"@id\":\"https:\\\/\\\/www.guastalla.com\\\/it\\\/opere\\\/j-miro-litografo-i-lit-ii-n-858-2\\\/#primaryimage\"},\"image\":{\"@id\":\"https:\\\/\\\/www.guastalla.com\\\/it\\\/opere\\\/j-miro-litografo-i-lit-ii-n-858-2\\\/#primaryimage\"},\"thumbnailUrl\":\"https:\\\/\\\/www.guastalla.com\\\/wp-content\\\/uploads\\\/2021\\\/05\\\/jmiro-litografo-i-litii-n-858-scaled.jpg\",\"datePublished\":\"2024-09-26T16:41:11+00:00\",\"dateModified\":\"2024-10-25T16:45:28+00:00\",\"author\":{\"@id\":\"https:\\\/\\\/www.guastalla.com\\\/it\\\/#\\\/schema\\\/person\\\/912e9605c4795c9279e35f6f92eefebb\"},\"breadcrumb\":{\"@id\":\"https:\\\/\\\/www.guastalla.com\\\/it\\\/opere\\\/j-miro-litografo-i-lit-ii-n-858-2\\\/#breadcrumb\"},\"inLanguage\":\"it-IT\",\"potentialAction\":[{\"@type\":\"ReadAction\",\"target\":[\"https:\\\/\\\/www.guastalla.com\\\/it\\\/opere\\\/j-miro-litografo-i-lit-ii-n-858-2\\\/\"]}]},{\"@type\":\"ImageObject\",\"inLanguage\":\"it-IT\",\"@id\":\"https:\\\/\\\/www.guastalla.com\\\/it\\\/opere\\\/j-miro-litografo-i-lit-ii-n-858-2\\\/#primaryimage\",\"url\":\"https:\\\/\\\/www.guastalla.com\\\/wp-content\\\/uploads\\\/2021\\\/05\\\/jmiro-litografo-i-litii-n-858-scaled.jpg\",\"contentUrl\":\"https:\\\/\\\/www.guastalla.com\\\/wp-content\\\/uploads\\\/2021\\\/05\\\/jmiro-litografo-i-litii-n-858-scaled.jpg\",\"width\":1948,\"height\":2560},{\"@type\":\"BreadcrumbList\",\"@id\":\"https:\\\/\\\/www.guastalla.com\\\/it\\\/opere\\\/j-miro-litografo-i-lit-ii-n-858-2\\\/#breadcrumb\",\"itemListElement\":[{\"@type\":\"ListItem\",\"position\":1,\"name\":\"Home\",\"item\":\"https:\\\/\\\/www.guastalla.com\\\/it\\\/\"},{\"@type\":\"ListItem\",\"position\":2,\"name\":\"J.Mir\u00f2. Litografo I. Lit. II n. 858\"}]},{\"@type\":\"WebSite\",\"@id\":\"https:\\\/\\\/www.guastalla.com\\\/it\\\/#website\",\"url\":\"https:\\\/\\\/www.guastalla.com\\\/it\\\/\",\"name\":\"Studio Guastalla\",\"description\":\"Galleria Arte Moderna e Contemporanea\",\"potentialAction\":[{\"@type\":\"SearchAction\",\"target\":{\"@type\":\"EntryPoint\",\"urlTemplate\":\"https:\\\/\\\/www.guastalla.com\\\/it\\\/?s={search_term_string}\"},\"query-input\":{\"@type\":\"PropertyValueSpecification\",\"valueRequired\":true,\"valueName\":\"search_term_string\"}}],\"inLanguage\":\"it-IT\"},{\"@type\":\"Person\",\"@id\":\"https:\\\/\\\/www.guastalla.com\\\/it\\\/#\\\/schema\\\/person\\\/912e9605c4795c9279e35f6f92eefebb\",\"name\":\"guastalla\",\"image\":{\"@type\":\"ImageObject\",\"inLanguage\":\"it-IT\",\"@id\":\"https:\\\/\\\/secure.gravatar.com\\\/avatar\\\/a983a63767681bfd18143292d749b0d07a3c9b1e50df0a6a2095b13761f720ac?s=96&d=mm&r=g\",\"url\":\"https:\\\/\\\/secure.gravatar.com\\\/avatar\\\/a983a63767681bfd18143292d749b0d07a3c9b1e50df0a6a2095b13761f720ac?s=96&d=mm&r=g\",\"contentUrl\":\"https:\\\/\\\/secure.gravatar.com\\\/avatar\\\/a983a63767681bfd18143292d749b0d07a3c9b1e50df0a6a2095b13761f720ac?s=96&d=mm&r=g\",\"caption\":\"guastalla\"},\"url\":\"https:\\\/\\\/www.guastalla.com\\\/it\\\/author\\\/guastalla\\\/\"}]}<\/script>\n<!-- \/ Yoast SEO plugin. -->","yoast_head_json":{"title":"J.Mir\u00f2. Litografo I. Lit. II n. 858 - Studio Guastalla","robots":{"index":"index","follow":"follow","max-snippet":"max-snippet:-1","max-image-preview":"max-image-preview:large","max-video-preview":"max-video-preview:-1"},"canonical":"https:\/\/www.guastalla.com\/it\/opere\/j-miro-litografo-i-lit-ii-n-858-2\/","og_locale":"it_IT","og_type":"article","og_title":"J.Mir\u00f2. Litografo I. Lit. II n. 858 - Studio Guastalla","og_description":"J.Mir\u00f2. Litografo I. Lit. II n. 858 LITOGRAFO I (SUITE NON FIRMATA) II Litografia a colori Cm 32,5 \u00d7 26 1972 NOTE: Questa litografia fa parte della suite Joan Mir\u00f2 litografo I, composta da 11 litografie originali a colori non firmate eseguite per il volume I del catalogo ragionato delle litografie di Joan Mir\u00f3 dal [&hellip;]","og_url":"https:\/\/www.guastalla.com\/it\/opere\/j-miro-litografo-i-lit-ii-n-858-2\/","og_site_name":"Studio Guastalla","article_published_time":"2024-09-26T16:41:11+00:00","article_modified_time":"2024-10-25T16:45:28+00:00","og_image":[{"width":1948,"height":2560,"url":"https:\/\/www.guastalla.com\/wp-content\/uploads\/2021\/05\/jmiro-litografo-i-litii-n-858-scaled.jpg","type":"image\/jpeg"}],"author":"guastalla","twitter_card":"summary_large_image","twitter_misc":{"Scritto da":"guastalla"},"schema":{"@context":"https:\/\/schema.org","@graph":[{"@type":"Article","@id":"https:\/\/www.guastalla.com\/it\/opere\/j-miro-litografo-i-lit-ii-n-858-2\/#article","isPartOf":{"@id":"https:\/\/www.guastalla.com\/it\/opere\/j-miro-litografo-i-lit-ii-n-858-2\/"},"author":{"name":"guastalla","@id":"https:\/\/www.guastalla.com\/it\/#\/schema\/person\/912e9605c4795c9279e35f6f92eefebb"},"headline":"J.Mir\u00f2. Litografo I. Lit. II n. 858","datePublished":"2024-09-26T16:41:11+00:00","dateModified":"2024-10-25T16:45:28+00:00","mainEntityOfPage":{"@id":"https:\/\/www.guastalla.com\/it\/opere\/j-miro-litografo-i-lit-ii-n-858-2\/"},"wordCount":118,"image":{"@id":"https:\/\/www.guastalla.com\/it\/opere\/j-miro-litografo-i-lit-ii-n-858-2\/#primaryimage"},"thumbnailUrl":"https:\/\/www.guastalla.com\/wp-content\/uploads\/2021\/05\/jmiro-litografo-i-litii-n-858-scaled.jpg","keywords":["mir\u00d2-joan","opere-gallery"],"articleSection":["Opere"],"inLanguage":"it-IT"},{"@type":"WebPage","@id":"https:\/\/www.guastalla.com\/it\/opere\/j-miro-litografo-i-lit-ii-n-858-2\/","url":"https:\/\/www.guastalla.com\/it\/opere\/j-miro-litografo-i-lit-ii-n-858-2\/","name":"J.Mir\u00f2. Litografo I. Lit. II n. 858 - Studio Guastalla","isPartOf":{"@id":"https:\/\/www.guastalla.com\/it\/#website"},"primaryImageOfPage":{"@id":"https:\/\/www.guastalla.com\/it\/opere\/j-miro-litografo-i-lit-ii-n-858-2\/#primaryimage"},"image":{"@id":"https:\/\/www.guastalla.com\/it\/opere\/j-miro-litografo-i-lit-ii-n-858-2\/#primaryimage"},"thumbnailUrl":"https:\/\/www.guastalla.com\/wp-content\/uploads\/2021\/05\/jmiro-litografo-i-litii-n-858-scaled.jpg","datePublished":"2024-09-26T16:41:11+00:00","dateModified":"2024-10-25T16:45:28+00:00","author":{"@id":"https:\/\/www.guastalla.com\/it\/#\/schema\/person\/912e9605c4795c9279e35f6f92eefebb"},"breadcrumb":{"@id":"https:\/\/www.guastalla.com\/it\/opere\/j-miro-litografo-i-lit-ii-n-858-2\/#breadcrumb"},"inLanguage":"it-IT","potentialAction":[{"@type":"ReadAction","target":["https:\/\/www.guastalla.com\/it\/opere\/j-miro-litografo-i-lit-ii-n-858-2\/"]}]},{"@type":"ImageObject","inLanguage":"it-IT","@id":"https:\/\/www.guastalla.com\/it\/opere\/j-miro-litografo-i-lit-ii-n-858-2\/#primaryimage","url":"https:\/\/www.guastalla.com\/wp-content\/uploads\/2021\/05\/jmiro-litografo-i-litii-n-858-scaled.jpg","contentUrl":"https:\/\/www.guastalla.com\/wp-content\/uploads\/2021\/05\/jmiro-litografo-i-litii-n-858-scaled.jpg","width":1948,"height":2560},{"@type":"BreadcrumbList","@id":"https:\/\/www.guastalla.com\/it\/opere\/j-miro-litografo-i-lit-ii-n-858-2\/#breadcrumb","itemListElement":[{"@type":"ListItem","position":1,"name":"Home","item":"https:\/\/www.guastalla.com\/it\/"},{"@type":"ListItem","position":2,"name":"J.Mir\u00f2. Litografo I. Lit. II n. 858"}]},{"@type":"WebSite","@id":"https:\/\/www.guastalla.com\/it\/#website","url":"https:\/\/www.guastalla.com\/it\/","name":"Studio Guastalla","description":"Galleria Arte Moderna e Contemporanea","potentialAction":[{"@type":"SearchAction","target":{"@type":"EntryPoint","urlTemplate":"https:\/\/www.guastalla.com\/it\/?s={search_term_string}"},"query-input":{"@type":"PropertyValueSpecification","valueRequired":true,"valueName":"search_term_string"}}],"inLanguage":"it-IT"},{"@type":"Person","@id":"https:\/\/www.guastalla.com\/it\/#\/schema\/person\/912e9605c4795c9279e35f6f92eefebb","name":"guastalla","image":{"@type":"ImageObject","inLanguage":"it-IT","@id":"https:\/\/secure.gravatar.com\/avatar\/a983a63767681bfd18143292d749b0d07a3c9b1e50df0a6a2095b13761f720ac?s=96&d=mm&r=g","url":"https:\/\/secure.gravatar.com\/avatar\/a983a63767681bfd18143292d749b0d07a3c9b1e50df0a6a2095b13761f720ac?s=96&d=mm&r=g","contentUrl":"https:\/\/secure.gravatar.com\/avatar\/a983a63767681bfd18143292d749b0d07a3c9b1e50df0a6a2095b13761f720ac?s=96&d=mm&r=g","caption":"guastalla"},"url":"https:\/\/www.guastalla.com\/it\/author\/guastalla\/"}]}},"_links":{"self":[{"href":"https:\/\/www.guastalla.com\/it\/wp-json\/wp\/v2\/posts\/15995","targetHints":{"allow":["GET"]}}],"collection":[{"href":"https:\/\/www.guastalla.com\/it\/wp-json\/wp\/v2\/posts"}],"about":[{"href":"https:\/\/www.guastalla.com\/it\/wp-json\/wp\/v2\/types\/post"}],"author":[{"embeddable":true,"href":"https:\/\/www.guastalla.com\/it\/wp-json\/wp\/v2\/users\/5"}],"replies":[{"embeddable":true,"href":"https:\/\/www.guastalla.com\/it\/wp-json\/wp\/v2\/comments?post=15995"}],"version-history":[{"count":1,"href":"https:\/\/www.guastalla.com\/it\/wp-json\/wp\/v2\/posts\/15995\/revisions"}],"predecessor-version":[{"id":15998,"href":"https:\/\/www.guastalla.com\/it\/wp-json\/wp\/v2\/posts\/15995\/revisions\/15998"}],"wp:featuredmedia":[{"embeddable":true,"href":"https:\/\/www.guastalla.com\/it\/wp-json\/wp\/v2\/media\/15809"}],"wp:attachment":[{"href":"https:\/\/www.guastalla.com\/it\/wp-json\/wp\/v2\/media?parent=15995"}],"wp:term":[{"taxonomy":"category","embeddable":true,"href":"https:\/\/www.guastalla.com\/it\/wp-json\/wp\/v2\/categories?post=15995"},{"taxonomy":"post_tag","embeddable":true,"href":"https:\/\/www.guastalla.com\/it\/wp-json\/wp\/v2\/tags?post=15995"}],"curies":[{"name":"wp","href":"https:\/\/api.w.org\/{rel}","templated":true}]}}