{"id":14467,"date":"2023-05-10T11:18:18","date_gmt":"2023-05-10T09:18:18","guid":{"rendered":"https:\/\/www.guastalla.com\/?p=14467"},"modified":"2023-06-20T14:11:52","modified_gmt":"2023-06-20T12:11:52","slug":"moreno-gentili-manifesti-poetici-da-leggere-e-sfiorare","status":"publish","type":"post","link":"https:\/\/www.guastalla.com\/it\/mostre\/mostre-e-fiere\/moreno-gentili-manifesti-poetici-da-leggere-e-sfiorare\/","title":{"rendered":"Moreno Gentili. Manifesti poetici, da leggere e sfiorare"},"content":{"rendered":"<p>Luogo<\/p>\n<p>Studio Guastalla Arte Moderna e Contemporanea<br \/>\nVia Senato, 24<br \/>\nMilano<\/p>\n<p>Orari 10-13 15-19 escluso luned\u00ec e festivi.<\/p>\n<p>Inaugurazione mercoled\u00ec 24 maggio, ore 18<\/p>\n<p>&nbsp;<\/p>\n<p><strong>Studio Guastalla Arte Moderna e Contemporanea<\/strong> \u00e8 lieto di presentare negli spazi della galleria una selezione di dodici <strong>Manifesti Poetici<\/strong> dell\u2019artista, fotografo e scrittore Moreno Gentili tra cui un inedito, stampato in caratteri Braille, in collaborazione con l<strong>\u2019Istituto dei Ciechi di Milano<\/strong>.<\/p>\n<p><strong>I <em>manifesti poetici <\/em><\/strong>sono un modello di comunicazione condivisa che l\u2019autore, <strong>Moreno Gentili,<\/strong> ha inventato pi\u00f9 di vent\u2019anni fa e che nel tempo si \u00e8 strutturato come serie organica di opere germinative in continuo divenire, a partire de quel primo unico gesto\/azione di fare della parola forma; una concatenazione di parole e frasi brevi, inanellate in un\u2019unica iperbolica anafora a partire da un codice generatore, come: \u00abTi amo\u00bb, \u00abBevo vivere\u00bb, o da un imperativo: \u00abPiantala\u00bb, \u00abSemina\u00bb, \u00abServila\u00bb, ma anche da avverbi di affermazione, come: \u00abs\u00ec\u00bb, \u00abno\u00bb, ripetuti per 365 volte.<\/p>\n<p>Se l\u2019opera \u00e8 sintesi, il progetto \u00e8 un percorso di ricerca e maturazione che ospita e provoca il cambiamento delle modalit\u00e0 creative e la loro attuazione. I <em>manifesti poetici<\/em> sono un&#8217;opera-progetto che vive degli incontri con le persone che scoprono il progetto, acquistano il manifesto e continuano il dialogo con l\u2019artista e le sue parole.<\/p>\n<p>I <em>manifesti poetici<\/em> sono stati esposti negli anni in diversi luoghi della citt\u00e0, dal caff\u00e8 Cucchi al Teatro Franco Parenti, spazi pubblici di condivisione e scambio secondo la formula cara all\u2019autore di arte come emozione civile, fuori da ogni percorso istituzionale e vicina alla vita delle persone. Per la prima volta i manifesti sono oggi proposti da una galleria, per due motivazioni essenziali:<\/p>\n<p>la prima \u00e8 riconoscimento dei <em>manifesti poetici<\/em> come opera, intesa quindi nel suo valore progettuale storico artistico nel solco dei <strong>manifesti delle avanguardie<\/strong> del primo Novecento;<\/p>\n<p>la seconda \u00e8 l\u2019occasione per presentare un manifesto inedito, realizzato in sinergia con l<strong>\u2019Istituto dei Ciechi di Milano<\/strong> e che rappresenta un nuovo passo nella recezione\/comunicazione del progetto.<\/p>\n<p>Oggi, allo sguardo e all\u2019ascolto si aggiunge il <strong>tatto<\/strong>. Il manifesto \u201cLuce\u201d \u00e8 stato stampato in <strong>caratteri Braille<\/strong>, leggibile cos\u00ec dalle persone ipovedenti attraverso il gesto delle mani. Tra l\u2019indice e la carta le parole prendono luce e il <strong>linguaggio diventa un \u201catto motorio\u201d.<\/strong><\/p>\n<p>L\u2019adozione di una nuova forma porta una mutazione dell&#8217;opera manifesto in una nuova scala di comunicazione e a una nuova identit\u00e0 concettuale: quella della <strong>mappa tattile<\/strong>. Il codice Braille deve infatti essere tracciato sulla faccia opposta della pagina, invertendo non solo la disposizione dei caratteri (da destra verso sinistra), ma anche il formato. <strong>L\u2019alfabeto tattile<\/strong> \u00e8 costituito da sei punti in rilievo inscritti in uno spazio rettangolare che misura all\u2019incirca come il polpastrello dell\u2019indice; i punti sono codificati in modo da formare tutte le lettere. Questi simboli sono condivisi dalla maggior parte delle culture esistenti, perci\u00f2 adatti a lingue differenti. I <em>manifesti poetici<\/em> sono una traduzione sempre in atto di un unico gesto creativo.<\/p>\n<p>Il Braille ha sancito definitivamente, senza se e senza ma, l\u2019<strong>educabilit\u00e0<\/strong>, la <strong>crescita\u00a0intellettuale<\/strong> di chi non vede. Ha inserito chi non vede nel panorama degli itinerari culturali disponibili per tutti. Laddove si parla di inclusione c\u2019\u00e8 il Braille. Se c\u2019\u00e8 Braille c\u2019\u00e8 <strong>inclusione<\/strong>! Attraverso il Braille i manifesti poetici di Moreno Gentili acquistano nuovo significato.<\/p>\n<p>[\u2026] \u00abTi amo perch\u00e9 sai di montagna, Ti amo perch\u00e9 pazzeggi, Ti amo per difenderti, Ti amo perch\u00e9 ci stai, Ti amo perch\u00e9 sei tonica, Ti amo perch\u00e9 hai paura, Ti amo perch\u00e9 sei felice, Ti amo perch\u00e9 sai di panna, Ti amo con furore, Ti amo in Svizzera, Ti amo a Hiroshima, Ti amo sotto la doccia, Ti amo senza appello, Ti amo perch\u00e9 ti offendi, Ti amo perch\u00e9 arrossisci, Ti amo da dentro, Ti amo se ti penso, Ti amo perch\u00e9 sei venuta, Ti amo tra gli ulivi, Ti amo se ti fermi, Ti amo se mi apprezzi, Ti amo tra un lavoro e l\u2019altro, Ti amo davanti al Botticelli, Ti amo sul divano, Ti amo se ti vedo, Ti amo se ti parlo, Ti amo a tavola, Ti amo nella pioggia, Ti amo a Parigi, Ti amo come un fico secco, Ti amo a Capri, Ti amo in fotocopia, Ti amo tra le fiamme, Ti amo in rovina, Ti amo da re,\u00bb [\u2026]<\/p>\n<p>&nbsp;<\/p>\n<p>\u2014\u2014\u2014\u2014\u2014\u2014\u2014\u2014\u2014\u2014\u2014\u2014\u2014\u2014\u2014\u2014\u2014\u2014\u2014\u2014\u2014\u2014\u2014\u2014\u2014\u2014\u2014\u2014\u2014-<\/p>\n<p><em>I manifesti poetici e la parola data<\/em><\/p>\n<p>di Moreno Gentili<\/p>\n<p>&nbsp;<\/p>\n<p>Nel nostro tempo la parola sembra rivestire un\u2019importanza sempre maggiore, come se le immagini, nel loro affastellarsi, corrano il rischio di divenire invisibili, precipitando in un immaginario collettivo dispersivo.<\/p>\n<p>E allora? Stiamo perdendo l&#8217;importanza delle parole, mi ha detto una volta Rosetta Loy, raffinata scrittrice che conosce il valore di parole come: memoria, storia, amore. Cos\u00ec, dal 2000, ho iniziato ad inserire le parole, o meglio dei racconti, accanto alle immagini ed \u00e8 nato il progetto Series, oggi parte della collezioni del Maxxi di Roma.<\/p>\n<p>Ho ridotto sempre di pi\u00f9 le immagini, fino a rovesciare il contesto: \u201cOra et Labora\u201d, \u201cBevo Vivere\u201d e altri. Successivamente, sono arrivati i \u201cmanifesti frase\u201d come \u201cLiberati dalle Mafie\u201d, realizzato per l&#8217;Associazione Libera di Don Ciotti contro la Mafia, e i \u201cPolitikal\u201d, dedicata alla politica.<\/p>\n<p>La svolta fu il passaggio ai \u201cmanifesti 365\u201d e cio\u00e8 una serie di manifesti dedicati a parole germinali come NO, PIANTALA (realizzato per raccogliere fondi per la ricerca contro l\u2019Aids), poi TI AMO, SERVILA, icona ilare del nostro tempo.<\/p>\n<p>In questa serie di manifesti, la parola diventa un mantra, un suono ripetuto e variato per 365 volte, una parola per ogni giorno dell&#8217;anno, un appunto, un ritmo, una citazione continua; un verso poetico denso di ironia, suggestione e anche passione. Un segno sul manifesto bianco della pagina\u00a0 che si fa grande e prende lo spazio della parete, del muro, dell\u2019abitare. Poi, quando il giorno si fa notte le parole si mettono a funzionare non pi\u00f9 come sole, ma stelle. \u00c8 una scrittura notturna, bianca.<\/p>\n<p>Parole bianche su nero, disseminazione stellare, galassie, sono i manifesti della serie \u201cnera\u201d: NOTTE, LUCE, SERVILA, BAUDELAIRE\u00a0 e arrivato il colore, la vita, una nuova stagione e quindi il colore, rosso per il NATALE, blu per CAPODANNO, una nuova serie di MANIFESTI nel solco della poesia.<\/p>\n<p>&nbsp;<\/p>\n<p>&nbsp;<\/p>\n<p>&nbsp;<\/p>\n<p>&nbsp;<\/p>\n<p>&nbsp;<\/p>\n<p>&nbsp;<\/p>\n","protected":false},"excerpt":{"rendered":"<p>Luogo Studio Guastalla Arte Moderna e Contemporanea Via Senato, 24 Milano Orari 10-13 15-19 escluso luned\u00ec e festivi. Inaugurazione mercoled\u00ec 24 maggio, ore 18 &nbsp; Studio Guastalla Arte Moderna e Contemporanea \u00e8 lieto di presentare negli spazi della galleria una selezione di dodici Manifesti Poetici dell\u2019artista, fotografo e scrittore Moreno Gentili tra cui un inedito, [&hellip;]<\/p>\n","protected":false},"author":5,"featured_media":14476,"comment_status":"closed","ping_status":"closed","sticky":false,"template":"","format":"standard","meta":{"_acf_changed":false,"_et_pb_use_builder":"","_et_pb_old_content":"","_et_gb_content_width":"","footnotes":""},"categories":[13,30,85],"tags":[487,489],"class_list":["post-14467","post","type-post","status-publish","format-standard","has-post-thumbnail","hentry","category-mostre","category-mostre-e-fiere","category-passate","tag-gentili-moreno","tag-moreno-gentili-manifesti-poetici"],"acf":[],"yoast_head":"<!-- This site is optimized with the Yoast SEO plugin v28.4 - https:\/\/yoast.com\/product\/yoast-seo-wordpress\/ -->\n<title>Moreno Gentili. Manifesti poetici, da leggere e sfiorare - Studio Guastalla<\/title>\n<meta name=\"robots\" content=\"index, follow, max-snippet:-1, max-image-preview:large, max-video-preview:-1\" \/>\n<link rel=\"canonical\" href=\"https:\/\/www.guastalla.com\/it\/mostre\/mostre-e-fiere\/moreno-gentili-manifesti-poetici-da-leggere-e-sfiorare\/\" \/>\n<meta property=\"og:locale\" content=\"it_IT\" \/>\n<meta property=\"og:type\" content=\"article\" \/>\n<meta property=\"og:title\" content=\"Moreno Gentili. Manifesti poetici, da leggere e sfiorare - Studio Guastalla\" \/>\n<meta property=\"og:description\" content=\"Luogo Studio Guastalla Arte Moderna e Contemporanea Via Senato, 24 Milano Orari 10-13 15-19 escluso luned\u00ec e festivi. Inaugurazione mercoled\u00ec 24 maggio, ore 18 &nbsp; Studio Guastalla Arte Moderna e Contemporanea \u00e8 lieto di presentare negli spazi della galleria una selezione di dodici Manifesti Poetici dell\u2019artista, fotografo e scrittore Moreno Gentili tra cui un inedito, [&hellip;]\" \/>\n<meta property=\"og:url\" content=\"https:\/\/www.guastalla.com\/it\/mostre\/mostre-e-fiere\/moreno-gentili-manifesti-poetici-da-leggere-e-sfiorare\/\" \/>\n<meta property=\"og:site_name\" content=\"Studio Guastalla\" \/>\n<meta property=\"article:published_time\" content=\"2023-05-10T09:18:18+00:00\" \/>\n<meta property=\"article:modified_time\" content=\"2023-06-20T12:11:52+00:00\" \/>\n<meta property=\"og:image\" content=\"https:\/\/www.guastalla.com\/wp-content\/uploads\/2023\/05\/moreno-gentili-manifesto-poetico-luce-scaled.jpg\" \/>\n\t<meta property=\"og:image:width\" content=\"2100\" \/>\n\t<meta property=\"og:image:height\" content=\"2560\" \/>\n\t<meta property=\"og:image:type\" content=\"image\/jpeg\" \/>\n<meta name=\"author\" content=\"guastalla\" \/>\n<meta name=\"twitter:card\" content=\"summary_large_image\" \/>\n<meta name=\"twitter:label1\" content=\"Scritto da\" \/>\n\t<meta name=\"twitter:data1\" content=\"guastalla\" \/>\n\t<meta name=\"twitter:label2\" content=\"Tempo di lettura stimato\" \/>\n\t<meta name=\"twitter:data2\" content=\"5 minuti\" \/>\n<script type=\"application\/ld+json\" class=\"yoast-schema-graph\">{\"@context\":\"https:\\\/\\\/schema.org\",\"@graph\":[{\"@type\":\"Article\",\"@id\":\"https:\\\/\\\/www.guastalla.com\\\/it\\\/mostre\\\/mostre-e-fiere\\\/moreno-gentili-manifesti-poetici-da-leggere-e-sfiorare\\\/#article\",\"isPartOf\":{\"@id\":\"https:\\\/\\\/www.guastalla.com\\\/it\\\/mostre\\\/mostre-e-fiere\\\/moreno-gentili-manifesti-poetici-da-leggere-e-sfiorare\\\/\"},\"author\":{\"name\":\"guastalla\",\"@id\":\"https:\\\/\\\/www.guastalla.com\\\/it\\\/#\\\/schema\\\/person\\\/912e9605c4795c9279e35f6f92eefebb\"},\"headline\":\"Moreno Gentili. Manifesti poetici, da leggere e sfiorare\",\"datePublished\":\"2023-05-10T09:18:18+00:00\",\"dateModified\":\"2023-06-20T12:11:52+00:00\",\"mainEntityOfPage\":{\"@id\":\"https:\\\/\\\/www.guastalla.com\\\/it\\\/mostre\\\/mostre-e-fiere\\\/moreno-gentili-manifesti-poetici-da-leggere-e-sfiorare\\\/\"},\"wordCount\":1045,\"image\":{\"@id\":\"https:\\\/\\\/www.guastalla.com\\\/it\\\/mostre\\\/mostre-e-fiere\\\/moreno-gentili-manifesti-poetici-da-leggere-e-sfiorare\\\/#primaryimage\"},\"thumbnailUrl\":\"https:\\\/\\\/www.guastalla.com\\\/wp-content\\\/uploads\\\/2023\\\/05\\\/moreno-gentili-manifesto-poetico-luce-scaled.jpg\",\"keywords\":[\"Moreno Gentili\",\"Moreno Gentili Manifesti poetici\"],\"articleSection\":[\"Mostre\",\"Mostre e fiere\",\"Passate\"],\"inLanguage\":\"it-IT\"},{\"@type\":\"WebPage\",\"@id\":\"https:\\\/\\\/www.guastalla.com\\\/it\\\/mostre\\\/mostre-e-fiere\\\/moreno-gentili-manifesti-poetici-da-leggere-e-sfiorare\\\/\",\"url\":\"https:\\\/\\\/www.guastalla.com\\\/it\\\/mostre\\\/mostre-e-fiere\\\/moreno-gentili-manifesti-poetici-da-leggere-e-sfiorare\\\/\",\"name\":\"Moreno Gentili. Manifesti poetici, da leggere e sfiorare - Studio Guastalla\",\"isPartOf\":{\"@id\":\"https:\\\/\\\/www.guastalla.com\\\/it\\\/#website\"},\"primaryImageOfPage\":{\"@id\":\"https:\\\/\\\/www.guastalla.com\\\/it\\\/mostre\\\/mostre-e-fiere\\\/moreno-gentili-manifesti-poetici-da-leggere-e-sfiorare\\\/#primaryimage\"},\"image\":{\"@id\":\"https:\\\/\\\/www.guastalla.com\\\/it\\\/mostre\\\/mostre-e-fiere\\\/moreno-gentili-manifesti-poetici-da-leggere-e-sfiorare\\\/#primaryimage\"},\"thumbnailUrl\":\"https:\\\/\\\/www.guastalla.com\\\/wp-content\\\/uploads\\\/2023\\\/05\\\/moreno-gentili-manifesto-poetico-luce-scaled.jpg\",\"datePublished\":\"2023-05-10T09:18:18+00:00\",\"dateModified\":\"2023-06-20T12:11:52+00:00\",\"author\":{\"@id\":\"https:\\\/\\\/www.guastalla.com\\\/it\\\/#\\\/schema\\\/person\\\/912e9605c4795c9279e35f6f92eefebb\"},\"breadcrumb\":{\"@id\":\"https:\\\/\\\/www.guastalla.com\\\/it\\\/mostre\\\/mostre-e-fiere\\\/moreno-gentili-manifesti-poetici-da-leggere-e-sfiorare\\\/#breadcrumb\"},\"inLanguage\":\"it-IT\",\"potentialAction\":[{\"@type\":\"ReadAction\",\"target\":[\"https:\\\/\\\/www.guastalla.com\\\/it\\\/mostre\\\/mostre-e-fiere\\\/moreno-gentili-manifesti-poetici-da-leggere-e-sfiorare\\\/\"]}]},{\"@type\":\"ImageObject\",\"inLanguage\":\"it-IT\",\"@id\":\"https:\\\/\\\/www.guastalla.com\\\/it\\\/mostre\\\/mostre-e-fiere\\\/moreno-gentili-manifesti-poetici-da-leggere-e-sfiorare\\\/#primaryimage\",\"url\":\"https:\\\/\\\/www.guastalla.com\\\/wp-content\\\/uploads\\\/2023\\\/05\\\/moreno-gentili-manifesto-poetico-luce-scaled.jpg\",\"contentUrl\":\"https:\\\/\\\/www.guastalla.com\\\/wp-content\\\/uploads\\\/2023\\\/05\\\/moreno-gentili-manifesto-poetico-luce-scaled.jpg\",\"width\":2100,\"height\":2560},{\"@type\":\"BreadcrumbList\",\"@id\":\"https:\\\/\\\/www.guastalla.com\\\/it\\\/mostre\\\/mostre-e-fiere\\\/moreno-gentili-manifesti-poetici-da-leggere-e-sfiorare\\\/#breadcrumb\",\"itemListElement\":[{\"@type\":\"ListItem\",\"position\":1,\"name\":\"Home\",\"item\":\"https:\\\/\\\/www.guastalla.com\\\/it\\\/\"},{\"@type\":\"ListItem\",\"position\":2,\"name\":\"Moreno Gentili. Manifesti poetici, da leggere e sfiorare\"}]},{\"@type\":\"WebSite\",\"@id\":\"https:\\\/\\\/www.guastalla.com\\\/it\\\/#website\",\"url\":\"https:\\\/\\\/www.guastalla.com\\\/it\\\/\",\"name\":\"Studio Guastalla\",\"description\":\"Galleria Arte Moderna e Contemporanea\",\"potentialAction\":[{\"@type\":\"SearchAction\",\"target\":{\"@type\":\"EntryPoint\",\"urlTemplate\":\"https:\\\/\\\/www.guastalla.com\\\/it\\\/?s={search_term_string}\"},\"query-input\":{\"@type\":\"PropertyValueSpecification\",\"valueRequired\":true,\"valueName\":\"search_term_string\"}}],\"inLanguage\":\"it-IT\"},{\"@type\":\"Person\",\"@id\":\"https:\\\/\\\/www.guastalla.com\\\/it\\\/#\\\/schema\\\/person\\\/912e9605c4795c9279e35f6f92eefebb\",\"name\":\"guastalla\",\"image\":{\"@type\":\"ImageObject\",\"inLanguage\":\"it-IT\",\"@id\":\"https:\\\/\\\/secure.gravatar.com\\\/avatar\\\/a983a63767681bfd18143292d749b0d07a3c9b1e50df0a6a2095b13761f720ac?s=96&d=mm&r=g\",\"url\":\"https:\\\/\\\/secure.gravatar.com\\\/avatar\\\/a983a63767681bfd18143292d749b0d07a3c9b1e50df0a6a2095b13761f720ac?s=96&d=mm&r=g\",\"contentUrl\":\"https:\\\/\\\/secure.gravatar.com\\\/avatar\\\/a983a63767681bfd18143292d749b0d07a3c9b1e50df0a6a2095b13761f720ac?s=96&d=mm&r=g\",\"caption\":\"guastalla\"},\"url\":\"https:\\\/\\\/www.guastalla.com\\\/it\\\/author\\\/guastalla\\\/\"}]}<\/script>\n<!-- \/ Yoast SEO plugin. -->","yoast_head_json":{"title":"Moreno Gentili. Manifesti poetici, da leggere e sfiorare - Studio Guastalla","robots":{"index":"index","follow":"follow","max-snippet":"max-snippet:-1","max-image-preview":"max-image-preview:large","max-video-preview":"max-video-preview:-1"},"canonical":"https:\/\/www.guastalla.com\/it\/mostre\/mostre-e-fiere\/moreno-gentili-manifesti-poetici-da-leggere-e-sfiorare\/","og_locale":"it_IT","og_type":"article","og_title":"Moreno Gentili. Manifesti poetici, da leggere e sfiorare - Studio Guastalla","og_description":"Luogo Studio Guastalla Arte Moderna e Contemporanea Via Senato, 24 Milano Orari 10-13 15-19 escluso luned\u00ec e festivi. Inaugurazione mercoled\u00ec 24 maggio, ore 18 &nbsp; Studio Guastalla Arte Moderna e Contemporanea \u00e8 lieto di presentare negli spazi della galleria una selezione di dodici Manifesti Poetici dell\u2019artista, fotografo e scrittore Moreno Gentili tra cui un inedito, [&hellip;]","og_url":"https:\/\/www.guastalla.com\/it\/mostre\/mostre-e-fiere\/moreno-gentili-manifesti-poetici-da-leggere-e-sfiorare\/","og_site_name":"Studio Guastalla","article_published_time":"2023-05-10T09:18:18+00:00","article_modified_time":"2023-06-20T12:11:52+00:00","og_image":[{"width":2100,"height":2560,"url":"https:\/\/www.guastalla.com\/wp-content\/uploads\/2023\/05\/moreno-gentili-manifesto-poetico-luce-scaled.jpg","type":"image\/jpeg"}],"author":"guastalla","twitter_card":"summary_large_image","twitter_misc":{"Scritto da":"guastalla","Tempo di lettura stimato":"5 minuti"},"schema":{"@context":"https:\/\/schema.org","@graph":[{"@type":"Article","@id":"https:\/\/www.guastalla.com\/it\/mostre\/mostre-e-fiere\/moreno-gentili-manifesti-poetici-da-leggere-e-sfiorare\/#article","isPartOf":{"@id":"https:\/\/www.guastalla.com\/it\/mostre\/mostre-e-fiere\/moreno-gentili-manifesti-poetici-da-leggere-e-sfiorare\/"},"author":{"name":"guastalla","@id":"https:\/\/www.guastalla.com\/it\/#\/schema\/person\/912e9605c4795c9279e35f6f92eefebb"},"headline":"Moreno Gentili. Manifesti poetici, da leggere e sfiorare","datePublished":"2023-05-10T09:18:18+00:00","dateModified":"2023-06-20T12:11:52+00:00","mainEntityOfPage":{"@id":"https:\/\/www.guastalla.com\/it\/mostre\/mostre-e-fiere\/moreno-gentili-manifesti-poetici-da-leggere-e-sfiorare\/"},"wordCount":1045,"image":{"@id":"https:\/\/www.guastalla.com\/it\/mostre\/mostre-e-fiere\/moreno-gentili-manifesti-poetici-da-leggere-e-sfiorare\/#primaryimage"},"thumbnailUrl":"https:\/\/www.guastalla.com\/wp-content\/uploads\/2023\/05\/moreno-gentili-manifesto-poetico-luce-scaled.jpg","keywords":["Moreno Gentili","Moreno Gentili Manifesti poetici"],"articleSection":["Mostre","Mostre e fiere","Passate"],"inLanguage":"it-IT"},{"@type":"WebPage","@id":"https:\/\/www.guastalla.com\/it\/mostre\/mostre-e-fiere\/moreno-gentili-manifesti-poetici-da-leggere-e-sfiorare\/","url":"https:\/\/www.guastalla.com\/it\/mostre\/mostre-e-fiere\/moreno-gentili-manifesti-poetici-da-leggere-e-sfiorare\/","name":"Moreno Gentili. Manifesti poetici, da leggere e sfiorare - Studio Guastalla","isPartOf":{"@id":"https:\/\/www.guastalla.com\/it\/#website"},"primaryImageOfPage":{"@id":"https:\/\/www.guastalla.com\/it\/mostre\/mostre-e-fiere\/moreno-gentili-manifesti-poetici-da-leggere-e-sfiorare\/#primaryimage"},"image":{"@id":"https:\/\/www.guastalla.com\/it\/mostre\/mostre-e-fiere\/moreno-gentili-manifesti-poetici-da-leggere-e-sfiorare\/#primaryimage"},"thumbnailUrl":"https:\/\/www.guastalla.com\/wp-content\/uploads\/2023\/05\/moreno-gentili-manifesto-poetico-luce-scaled.jpg","datePublished":"2023-05-10T09:18:18+00:00","dateModified":"2023-06-20T12:11:52+00:00","author":{"@id":"https:\/\/www.guastalla.com\/it\/#\/schema\/person\/912e9605c4795c9279e35f6f92eefebb"},"breadcrumb":{"@id":"https:\/\/www.guastalla.com\/it\/mostre\/mostre-e-fiere\/moreno-gentili-manifesti-poetici-da-leggere-e-sfiorare\/#breadcrumb"},"inLanguage":"it-IT","potentialAction":[{"@type":"ReadAction","target":["https:\/\/www.guastalla.com\/it\/mostre\/mostre-e-fiere\/moreno-gentili-manifesti-poetici-da-leggere-e-sfiorare\/"]}]},{"@type":"ImageObject","inLanguage":"it-IT","@id":"https:\/\/www.guastalla.com\/it\/mostre\/mostre-e-fiere\/moreno-gentili-manifesti-poetici-da-leggere-e-sfiorare\/#primaryimage","url":"https:\/\/www.guastalla.com\/wp-content\/uploads\/2023\/05\/moreno-gentili-manifesto-poetico-luce-scaled.jpg","contentUrl":"https:\/\/www.guastalla.com\/wp-content\/uploads\/2023\/05\/moreno-gentili-manifesto-poetico-luce-scaled.jpg","width":2100,"height":2560},{"@type":"BreadcrumbList","@id":"https:\/\/www.guastalla.com\/it\/mostre\/mostre-e-fiere\/moreno-gentili-manifesti-poetici-da-leggere-e-sfiorare\/#breadcrumb","itemListElement":[{"@type":"ListItem","position":1,"name":"Home","item":"https:\/\/www.guastalla.com\/it\/"},{"@type":"ListItem","position":2,"name":"Moreno Gentili. Manifesti poetici, da leggere e sfiorare"}]},{"@type":"WebSite","@id":"https:\/\/www.guastalla.com\/it\/#website","url":"https:\/\/www.guastalla.com\/it\/","name":"Studio Guastalla","description":"Galleria Arte Moderna e Contemporanea","potentialAction":[{"@type":"SearchAction","target":{"@type":"EntryPoint","urlTemplate":"https:\/\/www.guastalla.com\/it\/?s={search_term_string}"},"query-input":{"@type":"PropertyValueSpecification","valueRequired":true,"valueName":"search_term_string"}}],"inLanguage":"it-IT"},{"@type":"Person","@id":"https:\/\/www.guastalla.com\/it\/#\/schema\/person\/912e9605c4795c9279e35f6f92eefebb","name":"guastalla","image":{"@type":"ImageObject","inLanguage":"it-IT","@id":"https:\/\/secure.gravatar.com\/avatar\/a983a63767681bfd18143292d749b0d07a3c9b1e50df0a6a2095b13761f720ac?s=96&d=mm&r=g","url":"https:\/\/secure.gravatar.com\/avatar\/a983a63767681bfd18143292d749b0d07a3c9b1e50df0a6a2095b13761f720ac?s=96&d=mm&r=g","contentUrl":"https:\/\/secure.gravatar.com\/avatar\/a983a63767681bfd18143292d749b0d07a3c9b1e50df0a6a2095b13761f720ac?s=96&d=mm&r=g","caption":"guastalla"},"url":"https:\/\/www.guastalla.com\/it\/author\/guastalla\/"}]}},"_links":{"self":[{"href":"https:\/\/www.guastalla.com\/it\/wp-json\/wp\/v2\/posts\/14467","targetHints":{"allow":["GET"]}}],"collection":[{"href":"https:\/\/www.guastalla.com\/it\/wp-json\/wp\/v2\/posts"}],"about":[{"href":"https:\/\/www.guastalla.com\/it\/wp-json\/wp\/v2\/types\/post"}],"author":[{"embeddable":true,"href":"https:\/\/www.guastalla.com\/it\/wp-json\/wp\/v2\/users\/5"}],"replies":[{"embeddable":true,"href":"https:\/\/www.guastalla.com\/it\/wp-json\/wp\/v2\/comments?post=14467"}],"version-history":[{"count":3,"href":"https:\/\/www.guastalla.com\/it\/wp-json\/wp\/v2\/posts\/14467\/revisions"}],"predecessor-version":[{"id":14473,"href":"https:\/\/www.guastalla.com\/it\/wp-json\/wp\/v2\/posts\/14467\/revisions\/14473"}],"wp:featuredmedia":[{"embeddable":true,"href":"https:\/\/www.guastalla.com\/it\/wp-json\/wp\/v2\/media\/14476"}],"wp:attachment":[{"href":"https:\/\/www.guastalla.com\/it\/wp-json\/wp\/v2\/media?parent=14467"}],"wp:term":[{"taxonomy":"category","embeddable":true,"href":"https:\/\/www.guastalla.com\/it\/wp-json\/wp\/v2\/categories?post=14467"},{"taxonomy":"post_tag","embeddable":true,"href":"https:\/\/www.guastalla.com\/it\/wp-json\/wp\/v2\/tags?post=14467"}],"curies":[{"name":"wp","href":"https:\/\/api.w.org\/{rel}","templated":true}]}}