{"id":14255,"date":"2023-02-14T16:31:05","date_gmt":"2023-02-14T15:31:05","guid":{"rendered":"https:\/\/www.guastalla.com\/?p=14255"},"modified":"2023-02-14T16:31:05","modified_gmt":"2023-02-14T15:31:05","slug":"cinq-poesies-en-hommage-a-georges-braque","status":"publish","type":"post","link":"https:\/\/www.guastalla.com\/it\/opere\/cinq-poesies-en-hommage-a-georges-braque\/","title":{"rendered":"Cinq po\u00e9sies en hommage \u00e0 Georges Braque"},"content":{"rendered":"<p>Litografia a colori su carta Japon nacr\u00e9<br \/>\ncm 20&#215;54<br \/>\n1958<\/p>\n<p>NOTE:<br \/>\nFirmata in basso a destra<br \/>\nNumerata 21\/25 \u00e9preuve d&#8217;artiste<br \/>\nLa litografia \u00e8 la copertina dell\u2019opera di Ren\u00e9 Char Cinq po\u00e9sies en hommage \u00e0 Georges Braque (52 pagine, formato cm 26&#215;17). <\/p>\n<p>TIRATURA:<br \/>\n75 esemplari su carta Japon nacr\u00e9 cm 55&#215;70,5, firmati e numerati; 25 esemplari su su carta Japon nacr\u00e9 cm 55&#215;70,5, firmati e numerati da I a XXV; alcune prove d\u2019artista su carta Japon nacr\u00e9 non firmate e non numerate; 15 prove d\u2019artista su carta Japon bleu cm 50,6&#215;77,3, firmate e numerate da I a XV, di cui tre sono state distrutte; esistono anche delle prove d\u2019artista firmate e con la dicitura \u201c\u00e9preuve d\u2019exposition\u201d. Numerata 21\/25 \u00e9preuve d&#8217;artiste <\/p>\n<p>EDITORE: Edwin Engelberts, Ginevra. <\/p>\n<p>STAMPATORE: Mourlot, Parigi. <\/p>\n<p>PUBBLICAZIONI: F. Mourlot, Souvenirs et portraits d\u2019artistes, Edizioni Mazo, Parigi e Amiel, New York, 1972, n. 60; Braque. Donation Laurens I, prefazione di P. Bazin, Ch\u00e2teau-mus\u00e9e de Dieppe, Dieppe, 1973, n. 37; D. Vallier, Braque. L\u2019oeuvre grav\u00e9, 1982, Flammarion, n. 131, pp. 186-187.<\/p>\n","protected":false},"excerpt":{"rendered":"<p>Litografia a colori su carta Japon nacr\u00e9 cm 20&#215;54 1958 NOTE: Firmata in basso a destra Numerata 21\/25 \u00e9preuve d&#8217;artiste La litografia \u00e8 la copertina dell\u2019opera di Ren\u00e9 Char Cinq po\u00e9sies en hommage \u00e0 Georges Braque (52 pagine, formato cm 26&#215;17). TIRATURA: 75 esemplari su carta Japon nacr\u00e9 cm 55&#215;70,5, firmati e numerati; 25 esemplari [&hellip;]<\/p>\n","protected":false},"author":5,"featured_media":14256,"comment_status":"closed","ping_status":"closed","sticky":false,"template":"","format":"standard","meta":{"_acf_changed":false,"_et_pb_use_builder":"","_et_pb_old_content":"","_et_gb_content_width":"","footnotes":""},"categories":[12],"tags":[126],"class_list":["post-14255","post","type-post","status-publish","format-standard","has-post-thumbnail","hentry","category-opere","tag-braque-georges"],"acf":[],"yoast_head":"<!-- This site is optimized with the Yoast SEO plugin v28.4 - https:\/\/yoast.com\/product\/yoast-seo-wordpress\/ -->\n<title>Cinq po\u00e9sies en hommage \u00e0 Georges Braque - Studio Guastalla<\/title>\n<meta name=\"robots\" content=\"index, follow, max-snippet:-1, max-image-preview:large, max-video-preview:-1\" \/>\n<link rel=\"canonical\" href=\"https:\/\/www.guastalla.com\/it\/opere\/cinq-poesies-en-hommage-a-georges-braque\/\" \/>\n<meta property=\"og:locale\" content=\"it_IT\" \/>\n<meta property=\"og:type\" content=\"article\" \/>\n<meta property=\"og:title\" content=\"Cinq po\u00e9sies en hommage \u00e0 Georges Braque - Studio Guastalla\" \/>\n<meta property=\"og:description\" content=\"Litografia a colori su carta Japon nacr\u00e9 cm 20&#215;54 1958 NOTE: Firmata in basso a destra Numerata 21\/25 \u00e9preuve d&#8217;artiste La litografia \u00e8 la copertina dell\u2019opera di Ren\u00e9 Char Cinq po\u00e9sies en hommage \u00e0 Georges Braque (52 pagine, formato cm 26&#215;17). TIRATURA: 75 esemplari su carta Japon nacr\u00e9 cm 55&#215;70,5, firmati e numerati; 25 esemplari [&hellip;]\" \/>\n<meta property=\"og:url\" content=\"https:\/\/www.guastalla.com\/it\/opere\/cinq-poesies-en-hommage-a-georges-braque\/\" \/>\n<meta property=\"og:site_name\" content=\"Studio Guastalla\" \/>\n<meta property=\"article:published_time\" content=\"2023-02-14T15:31:05+00:00\" \/>\n<meta property=\"og:image\" content=\"https:\/\/www.guastalla.com\/wp-content\/uploads\/2023\/02\/braque-cinq-poesies-ar1-scaled.jpg\" \/>\n\t<meta property=\"og:image:width\" content=\"2560\" \/>\n\t<meta property=\"og:image:height\" content=\"1281\" \/>\n\t<meta property=\"og:image:type\" content=\"image\/jpeg\" \/>\n<meta name=\"author\" content=\"guastalla\" \/>\n<meta name=\"twitter:card\" content=\"summary_large_image\" \/>\n<meta name=\"twitter:label1\" content=\"Scritto da\" \/>\n\t<meta name=\"twitter:data1\" content=\"guastalla\" \/>\n\t<meta name=\"twitter:label2\" content=\"Tempo di lettura stimato\" \/>\n\t<meta name=\"twitter:data2\" content=\"1 minuto\" \/>\n<script type=\"application\/ld+json\" class=\"yoast-schema-graph\">{\"@context\":\"https:\\\/\\\/schema.org\",\"@graph\":[{\"@type\":\"Article\",\"@id\":\"https:\\\/\\\/www.guastalla.com\\\/it\\\/opere\\\/cinq-poesies-en-hommage-a-georges-braque\\\/#article\",\"isPartOf\":{\"@id\":\"https:\\\/\\\/www.guastalla.com\\\/it\\\/opere\\\/cinq-poesies-en-hommage-a-georges-braque\\\/\"},\"author\":{\"name\":\"guastalla\",\"@id\":\"https:\\\/\\\/www.guastalla.com\\\/it\\\/#\\\/schema\\\/person\\\/912e9605c4795c9279e35f6f92eefebb\"},\"headline\":\"Cinq po\u00e9sies en hommage \u00e0 Georges Braque\",\"datePublished\":\"2023-02-14T15:31:05+00:00\",\"mainEntityOfPage\":{\"@id\":\"https:\\\/\\\/www.guastalla.com\\\/it\\\/opere\\\/cinq-poesies-en-hommage-a-georges-braque\\\/\"},\"wordCount\":173,\"image\":{\"@id\":\"https:\\\/\\\/www.guastalla.com\\\/it\\\/opere\\\/cinq-poesies-en-hommage-a-georges-braque\\\/#primaryimage\"},\"thumbnailUrl\":\"https:\\\/\\\/www.guastalla.com\\\/wp-content\\\/uploads\\\/2023\\\/02\\\/braque-cinq-poesies-ar1-scaled.jpg\",\"keywords\":[\"braque-georges\"],\"articleSection\":[\"Opere\"],\"inLanguage\":\"it-IT\"},{\"@type\":\"WebPage\",\"@id\":\"https:\\\/\\\/www.guastalla.com\\\/it\\\/opere\\\/cinq-poesies-en-hommage-a-georges-braque\\\/\",\"url\":\"https:\\\/\\\/www.guastalla.com\\\/it\\\/opere\\\/cinq-poesies-en-hommage-a-georges-braque\\\/\",\"name\":\"Cinq po\u00e9sies en hommage \u00e0 Georges Braque - Studio Guastalla\",\"isPartOf\":{\"@id\":\"https:\\\/\\\/www.guastalla.com\\\/it\\\/#website\"},\"primaryImageOfPage\":{\"@id\":\"https:\\\/\\\/www.guastalla.com\\\/it\\\/opere\\\/cinq-poesies-en-hommage-a-georges-braque\\\/#primaryimage\"},\"image\":{\"@id\":\"https:\\\/\\\/www.guastalla.com\\\/it\\\/opere\\\/cinq-poesies-en-hommage-a-georges-braque\\\/#primaryimage\"},\"thumbnailUrl\":\"https:\\\/\\\/www.guastalla.com\\\/wp-content\\\/uploads\\\/2023\\\/02\\\/braque-cinq-poesies-ar1-scaled.jpg\",\"datePublished\":\"2023-02-14T15:31:05+00:00\",\"author\":{\"@id\":\"https:\\\/\\\/www.guastalla.com\\\/it\\\/#\\\/schema\\\/person\\\/912e9605c4795c9279e35f6f92eefebb\"},\"breadcrumb\":{\"@id\":\"https:\\\/\\\/www.guastalla.com\\\/it\\\/opere\\\/cinq-poesies-en-hommage-a-georges-braque\\\/#breadcrumb\"},\"inLanguage\":\"it-IT\",\"potentialAction\":[{\"@type\":\"ReadAction\",\"target\":[\"https:\\\/\\\/www.guastalla.com\\\/it\\\/opere\\\/cinq-poesies-en-hommage-a-georges-braque\\\/\"]}]},{\"@type\":\"ImageObject\",\"inLanguage\":\"it-IT\",\"@id\":\"https:\\\/\\\/www.guastalla.com\\\/it\\\/opere\\\/cinq-poesies-en-hommage-a-georges-braque\\\/#primaryimage\",\"url\":\"https:\\\/\\\/www.guastalla.com\\\/wp-content\\\/uploads\\\/2023\\\/02\\\/braque-cinq-poesies-ar1-scaled.jpg\",\"contentUrl\":\"https:\\\/\\\/www.guastalla.com\\\/wp-content\\\/uploads\\\/2023\\\/02\\\/braque-cinq-poesies-ar1-scaled.jpg\",\"width\":2560,\"height\":1281},{\"@type\":\"BreadcrumbList\",\"@id\":\"https:\\\/\\\/www.guastalla.com\\\/it\\\/opere\\\/cinq-poesies-en-hommage-a-georges-braque\\\/#breadcrumb\",\"itemListElement\":[{\"@type\":\"ListItem\",\"position\":1,\"name\":\"Home\",\"item\":\"https:\\\/\\\/www.guastalla.com\\\/it\\\/\"},{\"@type\":\"ListItem\",\"position\":2,\"name\":\"Cinq po\u00e9sies en hommage \u00e0 Georges Braque\"}]},{\"@type\":\"WebSite\",\"@id\":\"https:\\\/\\\/www.guastalla.com\\\/it\\\/#website\",\"url\":\"https:\\\/\\\/www.guastalla.com\\\/it\\\/\",\"name\":\"Studio Guastalla\",\"description\":\"Galleria Arte Moderna e Contemporanea\",\"potentialAction\":[{\"@type\":\"SearchAction\",\"target\":{\"@type\":\"EntryPoint\",\"urlTemplate\":\"https:\\\/\\\/www.guastalla.com\\\/it\\\/?s={search_term_string}\"},\"query-input\":{\"@type\":\"PropertyValueSpecification\",\"valueRequired\":true,\"valueName\":\"search_term_string\"}}],\"inLanguage\":\"it-IT\"},{\"@type\":\"Person\",\"@id\":\"https:\\\/\\\/www.guastalla.com\\\/it\\\/#\\\/schema\\\/person\\\/912e9605c4795c9279e35f6f92eefebb\",\"name\":\"guastalla\",\"image\":{\"@type\":\"ImageObject\",\"inLanguage\":\"it-IT\",\"@id\":\"https:\\\/\\\/secure.gravatar.com\\\/avatar\\\/a983a63767681bfd18143292d749b0d07a3c9b1e50df0a6a2095b13761f720ac?s=96&d=mm&r=g\",\"url\":\"https:\\\/\\\/secure.gravatar.com\\\/avatar\\\/a983a63767681bfd18143292d749b0d07a3c9b1e50df0a6a2095b13761f720ac?s=96&d=mm&r=g\",\"contentUrl\":\"https:\\\/\\\/secure.gravatar.com\\\/avatar\\\/a983a63767681bfd18143292d749b0d07a3c9b1e50df0a6a2095b13761f720ac?s=96&d=mm&r=g\",\"caption\":\"guastalla\"},\"url\":\"https:\\\/\\\/www.guastalla.com\\\/it\\\/author\\\/guastalla\\\/\"}]}<\/script>\n<!-- \/ Yoast SEO plugin. -->","yoast_head_json":{"title":"Cinq po\u00e9sies en hommage \u00e0 Georges Braque - Studio Guastalla","robots":{"index":"index","follow":"follow","max-snippet":"max-snippet:-1","max-image-preview":"max-image-preview:large","max-video-preview":"max-video-preview:-1"},"canonical":"https:\/\/www.guastalla.com\/it\/opere\/cinq-poesies-en-hommage-a-georges-braque\/","og_locale":"it_IT","og_type":"article","og_title":"Cinq po\u00e9sies en hommage \u00e0 Georges Braque - Studio Guastalla","og_description":"Litografia a colori su carta Japon nacr\u00e9 cm 20&#215;54 1958 NOTE: Firmata in basso a destra Numerata 21\/25 \u00e9preuve d&#8217;artiste La litografia \u00e8 la copertina dell\u2019opera di Ren\u00e9 Char Cinq po\u00e9sies en hommage \u00e0 Georges Braque (52 pagine, formato cm 26&#215;17). TIRATURA: 75 esemplari su carta Japon nacr\u00e9 cm 55&#215;70,5, firmati e numerati; 25 esemplari [&hellip;]","og_url":"https:\/\/www.guastalla.com\/it\/opere\/cinq-poesies-en-hommage-a-georges-braque\/","og_site_name":"Studio Guastalla","article_published_time":"2023-02-14T15:31:05+00:00","og_image":[{"width":2560,"height":1281,"url":"https:\/\/www.guastalla.com\/wp-content\/uploads\/2023\/02\/braque-cinq-poesies-ar1-scaled.jpg","type":"image\/jpeg"}],"author":"guastalla","twitter_card":"summary_large_image","twitter_misc":{"Scritto da":"guastalla","Tempo di lettura stimato":"1 minuto"},"schema":{"@context":"https:\/\/schema.org","@graph":[{"@type":"Article","@id":"https:\/\/www.guastalla.com\/it\/opere\/cinq-poesies-en-hommage-a-georges-braque\/#article","isPartOf":{"@id":"https:\/\/www.guastalla.com\/it\/opere\/cinq-poesies-en-hommage-a-georges-braque\/"},"author":{"name":"guastalla","@id":"https:\/\/www.guastalla.com\/it\/#\/schema\/person\/912e9605c4795c9279e35f6f92eefebb"},"headline":"Cinq po\u00e9sies en hommage \u00e0 Georges Braque","datePublished":"2023-02-14T15:31:05+00:00","mainEntityOfPage":{"@id":"https:\/\/www.guastalla.com\/it\/opere\/cinq-poesies-en-hommage-a-georges-braque\/"},"wordCount":173,"image":{"@id":"https:\/\/www.guastalla.com\/it\/opere\/cinq-poesies-en-hommage-a-georges-braque\/#primaryimage"},"thumbnailUrl":"https:\/\/www.guastalla.com\/wp-content\/uploads\/2023\/02\/braque-cinq-poesies-ar1-scaled.jpg","keywords":["braque-georges"],"articleSection":["Opere"],"inLanguage":"it-IT"},{"@type":"WebPage","@id":"https:\/\/www.guastalla.com\/it\/opere\/cinq-poesies-en-hommage-a-georges-braque\/","url":"https:\/\/www.guastalla.com\/it\/opere\/cinq-poesies-en-hommage-a-georges-braque\/","name":"Cinq po\u00e9sies en hommage \u00e0 Georges Braque - Studio Guastalla","isPartOf":{"@id":"https:\/\/www.guastalla.com\/it\/#website"},"primaryImageOfPage":{"@id":"https:\/\/www.guastalla.com\/it\/opere\/cinq-poesies-en-hommage-a-georges-braque\/#primaryimage"},"image":{"@id":"https:\/\/www.guastalla.com\/it\/opere\/cinq-poesies-en-hommage-a-georges-braque\/#primaryimage"},"thumbnailUrl":"https:\/\/www.guastalla.com\/wp-content\/uploads\/2023\/02\/braque-cinq-poesies-ar1-scaled.jpg","datePublished":"2023-02-14T15:31:05+00:00","author":{"@id":"https:\/\/www.guastalla.com\/it\/#\/schema\/person\/912e9605c4795c9279e35f6f92eefebb"},"breadcrumb":{"@id":"https:\/\/www.guastalla.com\/it\/opere\/cinq-poesies-en-hommage-a-georges-braque\/#breadcrumb"},"inLanguage":"it-IT","potentialAction":[{"@type":"ReadAction","target":["https:\/\/www.guastalla.com\/it\/opere\/cinq-poesies-en-hommage-a-georges-braque\/"]}]},{"@type":"ImageObject","inLanguage":"it-IT","@id":"https:\/\/www.guastalla.com\/it\/opere\/cinq-poesies-en-hommage-a-georges-braque\/#primaryimage","url":"https:\/\/www.guastalla.com\/wp-content\/uploads\/2023\/02\/braque-cinq-poesies-ar1-scaled.jpg","contentUrl":"https:\/\/www.guastalla.com\/wp-content\/uploads\/2023\/02\/braque-cinq-poesies-ar1-scaled.jpg","width":2560,"height":1281},{"@type":"BreadcrumbList","@id":"https:\/\/www.guastalla.com\/it\/opere\/cinq-poesies-en-hommage-a-georges-braque\/#breadcrumb","itemListElement":[{"@type":"ListItem","position":1,"name":"Home","item":"https:\/\/www.guastalla.com\/it\/"},{"@type":"ListItem","position":2,"name":"Cinq po\u00e9sies en hommage \u00e0 Georges Braque"}]},{"@type":"WebSite","@id":"https:\/\/www.guastalla.com\/it\/#website","url":"https:\/\/www.guastalla.com\/it\/","name":"Studio Guastalla","description":"Galleria Arte Moderna e Contemporanea","potentialAction":[{"@type":"SearchAction","target":{"@type":"EntryPoint","urlTemplate":"https:\/\/www.guastalla.com\/it\/?s={search_term_string}"},"query-input":{"@type":"PropertyValueSpecification","valueRequired":true,"valueName":"search_term_string"}}],"inLanguage":"it-IT"},{"@type":"Person","@id":"https:\/\/www.guastalla.com\/it\/#\/schema\/person\/912e9605c4795c9279e35f6f92eefebb","name":"guastalla","image":{"@type":"ImageObject","inLanguage":"it-IT","@id":"https:\/\/secure.gravatar.com\/avatar\/a983a63767681bfd18143292d749b0d07a3c9b1e50df0a6a2095b13761f720ac?s=96&d=mm&r=g","url":"https:\/\/secure.gravatar.com\/avatar\/a983a63767681bfd18143292d749b0d07a3c9b1e50df0a6a2095b13761f720ac?s=96&d=mm&r=g","contentUrl":"https:\/\/secure.gravatar.com\/avatar\/a983a63767681bfd18143292d749b0d07a3c9b1e50df0a6a2095b13761f720ac?s=96&d=mm&r=g","caption":"guastalla"},"url":"https:\/\/www.guastalla.com\/it\/author\/guastalla\/"}]}},"_links":{"self":[{"href":"https:\/\/www.guastalla.com\/it\/wp-json\/wp\/v2\/posts\/14255","targetHints":{"allow":["GET"]}}],"collection":[{"href":"https:\/\/www.guastalla.com\/it\/wp-json\/wp\/v2\/posts"}],"about":[{"href":"https:\/\/www.guastalla.com\/it\/wp-json\/wp\/v2\/types\/post"}],"author":[{"embeddable":true,"href":"https:\/\/www.guastalla.com\/it\/wp-json\/wp\/v2\/users\/5"}],"replies":[{"embeddable":true,"href":"https:\/\/www.guastalla.com\/it\/wp-json\/wp\/v2\/comments?post=14255"}],"version-history":[{"count":1,"href":"https:\/\/www.guastalla.com\/it\/wp-json\/wp\/v2\/posts\/14255\/revisions"}],"predecessor-version":[{"id":14258,"href":"https:\/\/www.guastalla.com\/it\/wp-json\/wp\/v2\/posts\/14255\/revisions\/14258"}],"wp:featuredmedia":[{"embeddable":true,"href":"https:\/\/www.guastalla.com\/it\/wp-json\/wp\/v2\/media\/14256"}],"wp:attachment":[{"href":"https:\/\/www.guastalla.com\/it\/wp-json\/wp\/v2\/media?parent=14255"}],"wp:term":[{"taxonomy":"category","embeddable":true,"href":"https:\/\/www.guastalla.com\/it\/wp-json\/wp\/v2\/categories?post=14255"},{"taxonomy":"post_tag","embeddable":true,"href":"https:\/\/www.guastalla.com\/it\/wp-json\/wp\/v2\/tags?post=14255"}],"curies":[{"name":"wp","href":"https:\/\/api.w.org\/{rel}","templated":true}]}}