{"id":13687,"date":"2022-09-07T15:02:27","date_gmt":"2022-09-07T13:02:27","guid":{"rendered":"https:\/\/www.guastalla.com\/?p=13687"},"modified":"2023-02-02T15:59:51","modified_gmt":"2023-02-02T14:59:51","slug":"adolfo-wildt-ladro-danime","status":"publish","type":"post","link":"https:\/\/www.guastalla.com\/it\/mostre\/mostre-e-fiere\/adolfo-wildt-ladro-danime\/","title":{"rendered":"ADOLFO WILDT Ladro d&#8217;anime"},"content":{"rendered":"<p>10\/11\/2022 \u2013 31\/01\/2023<\/p>\n<p>Luogo<\/p>\n<p>Studio Guastalla Arte Moderna e Contemporanea<br \/>\nVia Senato, 24<br \/>\nMilano<\/p>\n<p>Orari 10-13 15-19 escluso luned\u00ec e festivi.<\/p>\n<p>Inaugurazione gioved\u00ec 10 novembre ore 18<\/p>\n<p><strong>Studio Guastalla Arte Moderna e Contemporanea<\/strong> presenta una collezione di opere (circa quaranta disegni tra studi preparatori di monumenti e pergamene con oro e alcune sculture in marmo e bronzo) distillati in lunghi anni di ricerca attraverso le generazioni. Alcuni sono infatti stati ereditati dai <strong>bisnonni Belforte di Ettore e Silvia Guastalla<\/strong>, che nel <strong>1922 aprirono a Livorno Bottega d\u2019Arte, una delle prime gallerie italiane<\/strong>, dove esposero ripetutamente opere di Wildt in collettive e in una personale del 1930. A corredo dei disegni rimasti da allora nella collezione di famiglia, Studio Guastalla presenta lettere autografe di Adolfo e del figlio Francesco, che gli faceva da segretario, indirizzate all\u2019epoca a Gino Belforte, concernenti questioni estetiche ed economiche. Molte altre opere sono state raccolte nel corso degli anni, soprattutto attraverso un contatto diretto con gli eredi di Wildt, ed alcune provengono da privati e gallerie d\u2019arte. Nonostante la coincidenza dell\u2019inaugurazione di questa mostra, a cento anni dall\u2019apertura di Bottega d\u2019Arte, a celebrare <strong>un secolo di presenza della famiglia nel panorama dell\u2019arte italiana<\/strong>, la mostra vuole essere una ricognizione contemporanea e non antiquaria dell\u2019opera di un artista fedele a un ideale di arte come ricerca dell\u2019idea e non del contenuto, della purezza e non della verosimiglianza, dell\u2019astrazione e non del sentimento. Wildt ci parla in modo cos\u00ec urgente, cento anni dopo la realizzazione delle sue opere, perch\u00e9 la sua \u00e8 <strong>un\u2019arte mentale, astratta, e tremendamente tormentata<\/strong>. Mario Sironi, suo coetaneo che nella grande diversit\u00e0 lo amava e lo capiva, scrisse un bellissimo necrologio nel 1931, in occasione della morte dell\u2019artista, su \u201cIl Popolo d\u2019Italia\u201d, in cui colse il senso della sua \u201cfrenetica aspirazione verso quella stessa fatale, splendida, impassibile meraviglia\u201d degli scultori barocchi. Raramente un maestro \u00e8 riuscito a trasmettere agli allievi il nocciolo profondo della propria visione del mondo lasciandoli poi liberi di trovare il loro nucleo pi\u00f9 autentico come ha fatto Wildt con Lucio Fontana e Fausto Melotti, suoi discepoli all\u2019Accademia di Brera. Ma ogni volta che guardiamo il nostro disegno del Cristo Crocifisso non possiamo non pensare a un taglio di Fontana, con quel segno netto, diagonale, privo di esitazioni. E nel disegno <em>Mi dolgon fanciullo<\/em>, dedicato a Margherita Sarfatti e al suo dolore supremo, quello della morte di un figlio, intravediamo, in quella croce formata da due sottili linee che si intersecano, il modello delle aeree costruzioni di Melotti. L\u2019arte di WIldt \u00e8 senza tempo perch\u00e9 emblematica, mai accomodante, mai facile. E quella nitidezza di verit\u00e0 non pu\u00f2 essere imitata, ma solo fatta propria e trasformata in qualcosa di altrettanto nitido e vero, da chi ne ha la capacit\u00e0. Ognuno con la propria diversa strada per <strong>mostrare il dolore del mondo, nudo, senza veli, senza ipocrisie.<\/strong> Tra le opere, alcune importanti sculture come <strong>Fides<\/strong>, realizzata da Wildt in marmo nel 1906 su commissione del suo mecenate prussiano Franz Rose che lo sostenne per anni indirizzandolo nello stesso tempo verso uno sguardo nordico e mitteleuropeo. Il volto del giovane ha una corona di spine e gli occhi stupefatti rivolti verso l\u2019alto di chi ha affidato la propria fede al cielo e si interroga sul mistero di quella Fiducia. La scultura fu realizzata immediatamente prima di quei tre anni di gravissima depressione che Wildt stesso defin\u00ec \u201cnotte mentale\u201d alla fine dei quali, dopo aver ossessivamente scolpito e ossessivamente distrutto, l\u2019artista emerse nella sua maturit\u00e0 stilistica. A quella crisi segu\u00ec un periodo di \u201critorno\u201d alla classicit\u00e0 in parte testimoniata dal <strong>ritratto del piccolo Augusto Solari<\/strong>, del 1918, realizzato da Wildt nell\u2019ambito della Mostra del Salvadenaio, promossa da Toscanini per stimolare i bambini italiani a raccogliere risparmi per gli orfani di guerra. I vincitori avrebbero ricevuto un ritratto da un famoso artista dell\u2019epoca, e al bambino Augusto Solari tocc\u00f2 di essere ritratto in marmo da Wildt, che realizz\u00f2 quattro esemplari della scultura. <strong>Questo in mostra<\/strong> (proveniente dagli eredi Wildt ed esposto nel 1930 a Bottega d\u2019Arte su prestito dello stesso Wildt), impeccabile nello stato di conservazione, mostra da una parte l\u2019addolcimento di quegli anni nello stile di WIidt rispetto alla drammaticit\u00e0 delle opere precedenti, il <strong>chiaro riferimento ai busti quattrocenteschi di Desiderio da Settignano<\/strong>, e nello stesso tempo i riferimenti al fitomorfismo liberty nelle volute dei capelli cos\u00ec come quella \u201cfinezza squisita fino alla tortura\u201d notata da Margherita Sarfatti che conferisce al ritratto un tono distaccato, glaciale, da erma funebre. Tra i molti disegni, alcuni gi\u00e0 pubblicati negli anni \u201920 e \u201930 sui Bollettini di Bottega d\u2019Arte, i cataloghi mensili che la galleria di Livorno realizzava per far conoscere al pubblico la propria attivit\u00e0, anche un bozzetto per un monumento in cui il curatore, Mirko Agliardi, ha rinvenuto il progetto per una scultura funebre presente al Cimitero Monumentale di Milano, finora inedita, di cui i documenti di archivio certificano la paternit\u00e0 wildtiana.<\/p>\n","protected":false},"excerpt":{"rendered":"<p>10\/11\/2022 \u2013 31\/01\/2023 Luogo Studio Guastalla Arte Moderna e Contemporanea Via Senato, 24 Milano Orari 10-13 15-19 escluso luned\u00ec e festivi. Inaugurazione gioved\u00ec 10 novembre ore 18 Studio Guastalla Arte Moderna e Contemporanea presenta una collezione di opere (circa quaranta disegni tra studi preparatori di monumenti e pergamene con oro e alcune sculture in marmo [&hellip;]<\/p>\n","protected":false},"author":5,"featured_media":14006,"comment_status":"closed","ping_status":"closed","sticky":false,"template":"","format":"standard","meta":{"_acf_changed":false,"_et_pb_use_builder":"off","_et_pb_old_content":"","_et_gb_content_width":"","footnotes":""},"categories":[13,30,85],"tags":[478,87,169],"class_list":["post-13687","post","type-post","status-publish","format-standard","has-post-thumbnail","hentry","category-mostre","category-mostre-e-fiere","category-passate","tag-wildt-adolfo-disegni-sculture-mostra","tag-mostre-gallery","tag-wildt-adolfo"],"acf":[],"yoast_head":"<!-- This site is optimized with the Yoast SEO plugin v28.4 - https:\/\/yoast.com\/product\/yoast-seo-wordpress\/ -->\n<title>ADOLFO WILDT Ladro d&#039;anime - Studio Guastalla<\/title>\n<meta name=\"robots\" content=\"index, follow, max-snippet:-1, max-image-preview:large, max-video-preview:-1\" \/>\n<link rel=\"canonical\" href=\"https:\/\/www.guastalla.com\/it\/mostre\/mostre-e-fiere\/adolfo-wildt-ladro-danime\/\" \/>\n<meta property=\"og:locale\" content=\"it_IT\" \/>\n<meta property=\"og:type\" content=\"article\" \/>\n<meta property=\"og:title\" content=\"ADOLFO WILDT Ladro d&#039;anime - Studio Guastalla\" \/>\n<meta property=\"og:description\" content=\"10\/11\/2022 \u2013 31\/01\/2023 Luogo Studio Guastalla Arte Moderna e Contemporanea Via Senato, 24 Milano Orari 10-13 15-19 escluso luned\u00ec e festivi. Inaugurazione gioved\u00ec 10 novembre ore 18 Studio Guastalla Arte Moderna e Contemporanea presenta una collezione di opere (circa quaranta disegni tra studi preparatori di monumenti e pergamene con oro e alcune sculture in marmo [&hellip;]\" \/>\n<meta property=\"og:url\" content=\"https:\/\/www.guastalla.com\/it\/mostre\/mostre-e-fiere\/adolfo-wildt-ladro-danime\/\" \/>\n<meta property=\"og:site_name\" content=\"Studio Guastalla\" \/>\n<meta property=\"article:published_time\" content=\"2022-09-07T13:02:27+00:00\" \/>\n<meta property=\"article:modified_time\" content=\"2023-02-02T14:59:51+00:00\" \/>\n<meta property=\"og:image\" content=\"https:\/\/www.guastalla.com\/wp-content\/uploads\/2022\/09\/adolfo-wildt-ladro-danime-2-scaled.jpg\" \/>\n\t<meta property=\"og:image:width\" content=\"2560\" \/>\n\t<meta property=\"og:image:height\" content=\"1708\" \/>\n\t<meta property=\"og:image:type\" content=\"image\/jpeg\" \/>\n<meta name=\"author\" content=\"guastalla\" \/>\n<meta name=\"twitter:card\" content=\"summary_large_image\" \/>\n<meta name=\"twitter:label1\" content=\"Scritto da\" \/>\n\t<meta name=\"twitter:data1\" content=\"guastalla\" \/>\n\t<meta name=\"twitter:label2\" content=\"Tempo di lettura stimato\" \/>\n\t<meta name=\"twitter:data2\" content=\"4 minuti\" \/>\n<script type=\"application\/ld+json\" class=\"yoast-schema-graph\">{\"@context\":\"https:\\\/\\\/schema.org\",\"@graph\":[{\"@type\":\"Article\",\"@id\":\"https:\\\/\\\/www.guastalla.com\\\/it\\\/mostre\\\/mostre-e-fiere\\\/adolfo-wildt-ladro-danime\\\/#article\",\"isPartOf\":{\"@id\":\"https:\\\/\\\/www.guastalla.com\\\/it\\\/mostre\\\/mostre-e-fiere\\\/adolfo-wildt-ladro-danime\\\/\"},\"author\":{\"name\":\"guastalla\",\"@id\":\"https:\\\/\\\/www.guastalla.com\\\/it\\\/#\\\/schema\\\/person\\\/912e9605c4795c9279e35f6f92eefebb\"},\"headline\":\"ADOLFO WILDT Ladro d&#8217;anime\",\"datePublished\":\"2022-09-07T13:02:27+00:00\",\"dateModified\":\"2023-02-02T14:59:51+00:00\",\"mainEntityOfPage\":{\"@id\":\"https:\\\/\\\/www.guastalla.com\\\/it\\\/mostre\\\/mostre-e-fiere\\\/adolfo-wildt-ladro-danime\\\/\"},\"wordCount\":826,\"image\":{\"@id\":\"https:\\\/\\\/www.guastalla.com\\\/it\\\/mostre\\\/mostre-e-fiere\\\/adolfo-wildt-ladro-danime\\\/#primaryimage\"},\"thumbnailUrl\":\"https:\\\/\\\/www.guastalla.com\\\/wp-content\\\/uploads\\\/2022\\\/09\\\/adolfo-wildt-ladro-danime-2-scaled.jpg\",\"keywords\":[\"ADOLFO WILDT. Disegni e sculture\",\"mostre-gallery\",\"wildt-adolfo\"],\"articleSection\":[\"Mostre\",\"Mostre e fiere\",\"Passate\"],\"inLanguage\":\"it-IT\"},{\"@type\":\"WebPage\",\"@id\":\"https:\\\/\\\/www.guastalla.com\\\/it\\\/mostre\\\/mostre-e-fiere\\\/adolfo-wildt-ladro-danime\\\/\",\"url\":\"https:\\\/\\\/www.guastalla.com\\\/it\\\/mostre\\\/mostre-e-fiere\\\/adolfo-wildt-ladro-danime\\\/\",\"name\":\"ADOLFO WILDT Ladro d'anime - Studio Guastalla\",\"isPartOf\":{\"@id\":\"https:\\\/\\\/www.guastalla.com\\\/it\\\/#website\"},\"primaryImageOfPage\":{\"@id\":\"https:\\\/\\\/www.guastalla.com\\\/it\\\/mostre\\\/mostre-e-fiere\\\/adolfo-wildt-ladro-danime\\\/#primaryimage\"},\"image\":{\"@id\":\"https:\\\/\\\/www.guastalla.com\\\/it\\\/mostre\\\/mostre-e-fiere\\\/adolfo-wildt-ladro-danime\\\/#primaryimage\"},\"thumbnailUrl\":\"https:\\\/\\\/www.guastalla.com\\\/wp-content\\\/uploads\\\/2022\\\/09\\\/adolfo-wildt-ladro-danime-2-scaled.jpg\",\"datePublished\":\"2022-09-07T13:02:27+00:00\",\"dateModified\":\"2023-02-02T14:59:51+00:00\",\"author\":{\"@id\":\"https:\\\/\\\/www.guastalla.com\\\/it\\\/#\\\/schema\\\/person\\\/912e9605c4795c9279e35f6f92eefebb\"},\"breadcrumb\":{\"@id\":\"https:\\\/\\\/www.guastalla.com\\\/it\\\/mostre\\\/mostre-e-fiere\\\/adolfo-wildt-ladro-danime\\\/#breadcrumb\"},\"inLanguage\":\"it-IT\",\"potentialAction\":[{\"@type\":\"ReadAction\",\"target\":[\"https:\\\/\\\/www.guastalla.com\\\/it\\\/mostre\\\/mostre-e-fiere\\\/adolfo-wildt-ladro-danime\\\/\"]}]},{\"@type\":\"ImageObject\",\"inLanguage\":\"it-IT\",\"@id\":\"https:\\\/\\\/www.guastalla.com\\\/it\\\/mostre\\\/mostre-e-fiere\\\/adolfo-wildt-ladro-danime\\\/#primaryimage\",\"url\":\"https:\\\/\\\/www.guastalla.com\\\/wp-content\\\/uploads\\\/2022\\\/09\\\/adolfo-wildt-ladro-danime-2-scaled.jpg\",\"contentUrl\":\"https:\\\/\\\/www.guastalla.com\\\/wp-content\\\/uploads\\\/2022\\\/09\\\/adolfo-wildt-ladro-danime-2-scaled.jpg\",\"width\":2560,\"height\":1708,\"caption\":\"mostra Adolfo Wildt Ladro d'anime\"},{\"@type\":\"BreadcrumbList\",\"@id\":\"https:\\\/\\\/www.guastalla.com\\\/it\\\/mostre\\\/mostre-e-fiere\\\/adolfo-wildt-ladro-danime\\\/#breadcrumb\",\"itemListElement\":[{\"@type\":\"ListItem\",\"position\":1,\"name\":\"Home\",\"item\":\"https:\\\/\\\/www.guastalla.com\\\/it\\\/\"},{\"@type\":\"ListItem\",\"position\":2,\"name\":\"ADOLFO WILDT Ladro d&#8217;anime\"}]},{\"@type\":\"WebSite\",\"@id\":\"https:\\\/\\\/www.guastalla.com\\\/it\\\/#website\",\"url\":\"https:\\\/\\\/www.guastalla.com\\\/it\\\/\",\"name\":\"Studio Guastalla\",\"description\":\"Galleria Arte Moderna e Contemporanea\",\"potentialAction\":[{\"@type\":\"SearchAction\",\"target\":{\"@type\":\"EntryPoint\",\"urlTemplate\":\"https:\\\/\\\/www.guastalla.com\\\/it\\\/?s={search_term_string}\"},\"query-input\":{\"@type\":\"PropertyValueSpecification\",\"valueRequired\":true,\"valueName\":\"search_term_string\"}}],\"inLanguage\":\"it-IT\"},{\"@type\":\"Person\",\"@id\":\"https:\\\/\\\/www.guastalla.com\\\/it\\\/#\\\/schema\\\/person\\\/912e9605c4795c9279e35f6f92eefebb\",\"name\":\"guastalla\",\"image\":{\"@type\":\"ImageObject\",\"inLanguage\":\"it-IT\",\"@id\":\"https:\\\/\\\/secure.gravatar.com\\\/avatar\\\/a983a63767681bfd18143292d749b0d07a3c9b1e50df0a6a2095b13761f720ac?s=96&d=mm&r=g\",\"url\":\"https:\\\/\\\/secure.gravatar.com\\\/avatar\\\/a983a63767681bfd18143292d749b0d07a3c9b1e50df0a6a2095b13761f720ac?s=96&d=mm&r=g\",\"contentUrl\":\"https:\\\/\\\/secure.gravatar.com\\\/avatar\\\/a983a63767681bfd18143292d749b0d07a3c9b1e50df0a6a2095b13761f720ac?s=96&d=mm&r=g\",\"caption\":\"guastalla\"},\"url\":\"https:\\\/\\\/www.guastalla.com\\\/it\\\/author\\\/guastalla\\\/\"}]}<\/script>\n<!-- \/ Yoast SEO plugin. -->","yoast_head_json":{"title":"ADOLFO WILDT Ladro d'anime - Studio Guastalla","robots":{"index":"index","follow":"follow","max-snippet":"max-snippet:-1","max-image-preview":"max-image-preview:large","max-video-preview":"max-video-preview:-1"},"canonical":"https:\/\/www.guastalla.com\/it\/mostre\/mostre-e-fiere\/adolfo-wildt-ladro-danime\/","og_locale":"it_IT","og_type":"article","og_title":"ADOLFO WILDT Ladro d'anime - Studio Guastalla","og_description":"10\/11\/2022 \u2013 31\/01\/2023 Luogo Studio Guastalla Arte Moderna e Contemporanea Via Senato, 24 Milano Orari 10-13 15-19 escluso luned\u00ec e festivi. Inaugurazione gioved\u00ec 10 novembre ore 18 Studio Guastalla Arte Moderna e Contemporanea presenta una collezione di opere (circa quaranta disegni tra studi preparatori di monumenti e pergamene con oro e alcune sculture in marmo [&hellip;]","og_url":"https:\/\/www.guastalla.com\/it\/mostre\/mostre-e-fiere\/adolfo-wildt-ladro-danime\/","og_site_name":"Studio Guastalla","article_published_time":"2022-09-07T13:02:27+00:00","article_modified_time":"2023-02-02T14:59:51+00:00","og_image":[{"width":2560,"height":1708,"url":"https:\/\/www.guastalla.com\/wp-content\/uploads\/2022\/09\/adolfo-wildt-ladro-danime-2-scaled.jpg","type":"image\/jpeg"}],"author":"guastalla","twitter_card":"summary_large_image","twitter_misc":{"Scritto da":"guastalla","Tempo di lettura stimato":"4 minuti"},"schema":{"@context":"https:\/\/schema.org","@graph":[{"@type":"Article","@id":"https:\/\/www.guastalla.com\/it\/mostre\/mostre-e-fiere\/adolfo-wildt-ladro-danime\/#article","isPartOf":{"@id":"https:\/\/www.guastalla.com\/it\/mostre\/mostre-e-fiere\/adolfo-wildt-ladro-danime\/"},"author":{"name":"guastalla","@id":"https:\/\/www.guastalla.com\/it\/#\/schema\/person\/912e9605c4795c9279e35f6f92eefebb"},"headline":"ADOLFO WILDT Ladro d&#8217;anime","datePublished":"2022-09-07T13:02:27+00:00","dateModified":"2023-02-02T14:59:51+00:00","mainEntityOfPage":{"@id":"https:\/\/www.guastalla.com\/it\/mostre\/mostre-e-fiere\/adolfo-wildt-ladro-danime\/"},"wordCount":826,"image":{"@id":"https:\/\/www.guastalla.com\/it\/mostre\/mostre-e-fiere\/adolfo-wildt-ladro-danime\/#primaryimage"},"thumbnailUrl":"https:\/\/www.guastalla.com\/wp-content\/uploads\/2022\/09\/adolfo-wildt-ladro-danime-2-scaled.jpg","keywords":["ADOLFO WILDT. Disegni e sculture","mostre-gallery","wildt-adolfo"],"articleSection":["Mostre","Mostre e fiere","Passate"],"inLanguage":"it-IT"},{"@type":"WebPage","@id":"https:\/\/www.guastalla.com\/it\/mostre\/mostre-e-fiere\/adolfo-wildt-ladro-danime\/","url":"https:\/\/www.guastalla.com\/it\/mostre\/mostre-e-fiere\/adolfo-wildt-ladro-danime\/","name":"ADOLFO WILDT Ladro d'anime - Studio Guastalla","isPartOf":{"@id":"https:\/\/www.guastalla.com\/it\/#website"},"primaryImageOfPage":{"@id":"https:\/\/www.guastalla.com\/it\/mostre\/mostre-e-fiere\/adolfo-wildt-ladro-danime\/#primaryimage"},"image":{"@id":"https:\/\/www.guastalla.com\/it\/mostre\/mostre-e-fiere\/adolfo-wildt-ladro-danime\/#primaryimage"},"thumbnailUrl":"https:\/\/www.guastalla.com\/wp-content\/uploads\/2022\/09\/adolfo-wildt-ladro-danime-2-scaled.jpg","datePublished":"2022-09-07T13:02:27+00:00","dateModified":"2023-02-02T14:59:51+00:00","author":{"@id":"https:\/\/www.guastalla.com\/it\/#\/schema\/person\/912e9605c4795c9279e35f6f92eefebb"},"breadcrumb":{"@id":"https:\/\/www.guastalla.com\/it\/mostre\/mostre-e-fiere\/adolfo-wildt-ladro-danime\/#breadcrumb"},"inLanguage":"it-IT","potentialAction":[{"@type":"ReadAction","target":["https:\/\/www.guastalla.com\/it\/mostre\/mostre-e-fiere\/adolfo-wildt-ladro-danime\/"]}]},{"@type":"ImageObject","inLanguage":"it-IT","@id":"https:\/\/www.guastalla.com\/it\/mostre\/mostre-e-fiere\/adolfo-wildt-ladro-danime\/#primaryimage","url":"https:\/\/www.guastalla.com\/wp-content\/uploads\/2022\/09\/adolfo-wildt-ladro-danime-2-scaled.jpg","contentUrl":"https:\/\/www.guastalla.com\/wp-content\/uploads\/2022\/09\/adolfo-wildt-ladro-danime-2-scaled.jpg","width":2560,"height":1708,"caption":"mostra Adolfo Wildt Ladro d'anime"},{"@type":"BreadcrumbList","@id":"https:\/\/www.guastalla.com\/it\/mostre\/mostre-e-fiere\/adolfo-wildt-ladro-danime\/#breadcrumb","itemListElement":[{"@type":"ListItem","position":1,"name":"Home","item":"https:\/\/www.guastalla.com\/it\/"},{"@type":"ListItem","position":2,"name":"ADOLFO WILDT Ladro d&#8217;anime"}]},{"@type":"WebSite","@id":"https:\/\/www.guastalla.com\/it\/#website","url":"https:\/\/www.guastalla.com\/it\/","name":"Studio Guastalla","description":"Galleria Arte Moderna e Contemporanea","potentialAction":[{"@type":"SearchAction","target":{"@type":"EntryPoint","urlTemplate":"https:\/\/www.guastalla.com\/it\/?s={search_term_string}"},"query-input":{"@type":"PropertyValueSpecification","valueRequired":true,"valueName":"search_term_string"}}],"inLanguage":"it-IT"},{"@type":"Person","@id":"https:\/\/www.guastalla.com\/it\/#\/schema\/person\/912e9605c4795c9279e35f6f92eefebb","name":"guastalla","image":{"@type":"ImageObject","inLanguage":"it-IT","@id":"https:\/\/secure.gravatar.com\/avatar\/a983a63767681bfd18143292d749b0d07a3c9b1e50df0a6a2095b13761f720ac?s=96&d=mm&r=g","url":"https:\/\/secure.gravatar.com\/avatar\/a983a63767681bfd18143292d749b0d07a3c9b1e50df0a6a2095b13761f720ac?s=96&d=mm&r=g","contentUrl":"https:\/\/secure.gravatar.com\/avatar\/a983a63767681bfd18143292d749b0d07a3c9b1e50df0a6a2095b13761f720ac?s=96&d=mm&r=g","caption":"guastalla"},"url":"https:\/\/www.guastalla.com\/it\/author\/guastalla\/"}]}},"_links":{"self":[{"href":"https:\/\/www.guastalla.com\/it\/wp-json\/wp\/v2\/posts\/13687","targetHints":{"allow":["GET"]}}],"collection":[{"href":"https:\/\/www.guastalla.com\/it\/wp-json\/wp\/v2\/posts"}],"about":[{"href":"https:\/\/www.guastalla.com\/it\/wp-json\/wp\/v2\/types\/post"}],"author":[{"embeddable":true,"href":"https:\/\/www.guastalla.com\/it\/wp-json\/wp\/v2\/users\/5"}],"replies":[{"embeddable":true,"href":"https:\/\/www.guastalla.com\/it\/wp-json\/wp\/v2\/comments?post=13687"}],"version-history":[{"count":18,"href":"https:\/\/www.guastalla.com\/it\/wp-json\/wp\/v2\/posts\/13687\/revisions"}],"predecessor-version":[{"id":14170,"href":"https:\/\/www.guastalla.com\/it\/wp-json\/wp\/v2\/posts\/13687\/revisions\/14170"}],"wp:featuredmedia":[{"embeddable":true,"href":"https:\/\/www.guastalla.com\/it\/wp-json\/wp\/v2\/media\/14006"}],"wp:attachment":[{"href":"https:\/\/www.guastalla.com\/it\/wp-json\/wp\/v2\/media?parent=13687"}],"wp:term":[{"taxonomy":"category","embeddable":true,"href":"https:\/\/www.guastalla.com\/it\/wp-json\/wp\/v2\/categories?post=13687"},{"taxonomy":"post_tag","embeddable":true,"href":"https:\/\/www.guastalla.com\/it\/wp-json\/wp\/v2\/tags?post=13687"}],"curies":[{"name":"wp","href":"https:\/\/api.w.org\/{rel}","templated":true}]}}