{"id":13532,"date":"2022-06-17T17:15:37","date_gmt":"2022-06-17T15:15:37","guid":{"rendered":"https:\/\/www.guastalla.com\/?p=13532"},"modified":"2026-07-16T16:21:00","modified_gmt":"2026-07-16T14:21:00","slug":"accardi-carla","status":"publish","type":"post","link":"https:\/\/www.guastalla.com\/it\/artisti\/accardi-carla\/","title":{"rendered":"Accardi Carla"},"content":{"rendered":"<p>TRAPANI, 1924 &#8211; ROMA, 2014<\/p>\n<p>Carla Accardi \u00e8 stata una delle prime donne italiane a dedicarsi all\u2019astrattismo, una corrente dove solitamente si muovevano per lo pi\u00f9 artisti uomini, e a essere conosciuta all\u2019estero Turcato, il critico d&#8217;arte che present\u00f2 la prima personale di Accardi, in quegli anni ne defin\u00ec l&#8217;opera come in grado di sradicare l&#8217;idea che una pittrice donna debba essere delicata sempre e comunque, ma che anzi &#8220;possa benissimo esprimere un pensiero con forza e un giudizio sulla forma pi\u00f9 di un qualsiasi altro pittore\u201d Per questo, il nome della Accardi \u00e8 spesso collegato all\u2019attivismo a favore delle idee femministe, anche in seguito alla sua adesione al manifesto \u201cRivolta Femminile\u201d redatto insieme a Elvira Banotti e a Carla Lonzi<br \/>\nIl colore, sempre applicato sulla tela tramite la caseina, ritorna nettamente protagonista nella produzione di Accardi degli anni Sessanta, probabilmente influenzata dal dilagare della colorata Pop Art di Andy Warhol Tra gli anni Sessanta e gli anni Settanta l\u2019artista tende ad \u201cuscire\u201d dalla tela portando la sua ricerca in installazioni di vario tipo, utilizzando materiali plastici come fogli di \u201csicofoil\u201d Si tratta di una tipologia di acetato di cellulosa trasparente, dipinto con vernici e smalti<span id='dots'>&#8230;<\/span><\/p>\n<div id='more' name='more' style='display:none;'> Quanto Accardi cerca di cogliere \u00e8 il sottile movimento dei suoi segni e delle sue stesure cromatiche, secondo il quale l\u2019immagine solida si disfa, per farne emergere un\u2019altra in un altro territorio Tale processo \u00e8 evidente nell\u2019uso dei materiali trasparenti che Accardi spiega come una scelta di trasparenza e purezza<br \/>\n\u201cAvevo un desiderio di fluidit\u00e0, di essenzialit\u00e0\u2026 ero e sono aperta a cose nuove, ai nuovi mezzi, tant\u2019\u00e8 vero che, come fanno poi in ogni epoca i giovani, non volevo usare i mezzi sorpassati Non ho mai comprato il cavalletto Per non dipingere sul cavalletto ho dipinto per terra e poi ho usato un tavolo Un giorno mi portarono in studio questo materiale \u2013 il sicofoil \u2013 perch\u00e9 volevano riprodurre il mio lavoro Mi incurios\u00ec quel materiale Pensai: voglio provare ad usarlo perch\u00e9 cos\u00ec svelo i misteri che sono dietro l\u2019arte L\u2019interesse per me era la trasparenza, si vedeva il telaio Volevo rendere trasparente quello che era intorno a noi\u201d E\u2019 un passaggio a una dimensione cristallina, aperta e luminosa che vive di trasparenza<\/div>\n<p><button onclick=espandi_bio_artisti('it_IT') id='myBtn'>+ Leggi di pi\u00f9<\/button><\/p>\n","protected":false},"excerpt":{"rendered":"<p>TRAPANI, 1924 &#8211; ROMA, 2014 Carla Accardi \u00e8 stata una delle prime donne italiane a dedicarsi all\u2019astrattismo, una corrente dove solitamente si muovevano per lo pi\u00f9 artisti uomini, e a essere conosciuta all\u2019estero Turcato, il critico d&#8217;arte che present\u00f2 la prima personale di Accardi, in quegli anni ne defin\u00ec l&#8217;opera come in grado di sradicare [&hellip;]<\/p>\n","protected":false},"author":5,"featured_media":0,"comment_status":"closed","ping_status":"closed","sticky":false,"template":"","format":"standard","meta":{"_acf_changed":false,"_et_pb_use_builder":"off","_et_pb_old_content":"","_et_gb_content_width":"","footnotes":""},"categories":[11],"tags":[476,595],"class_list":["post-13532","post","type-post","status-publish","format-standard","hentry","category-artisti","tag-carla-accardi","tag-miart-2026"],"acf":[],"yoast_head":"<!-- This site is optimized with the Yoast SEO plugin v28.4 - https:\/\/yoast.com\/product\/yoast-seo-wordpress\/ -->\n<title>Carla Accardi: biografia, opere, mostre - Studio Guastalla<\/title>\n<meta name=\"description\" content=\"Scopri la biografia, le opere e le mostre dell&#039;artista Carla Accardi presso lo Studio Guastalla Arte Moderna e Contemporanea a Milano\" \/>\n<meta name=\"robots\" content=\"index, follow, max-snippet:-1, max-image-preview:large, max-video-preview:-1\" \/>\n<link rel=\"canonical\" href=\"https:\/\/www.guastalla.com\/it\/artisti\/accardi-carla\/\" \/>\n<meta property=\"og:locale\" content=\"it_IT\" \/>\n<meta property=\"og:type\" content=\"article\" \/>\n<meta property=\"og:title\" content=\"Carla Accardi: biografia, opere, mostre - Studio Guastalla\" \/>\n<meta property=\"og:description\" content=\"Scopri la biografia, le opere e le mostre dell&#039;artista Carla Accardi presso lo Studio Guastalla Arte Moderna e Contemporanea a Milano\" \/>\n<meta property=\"og:url\" content=\"https:\/\/www.guastalla.com\/it\/artisti\/accardi-carla\/\" \/>\n<meta property=\"og:site_name\" content=\"Studio Guastalla\" \/>\n<meta property=\"article:published_time\" content=\"2022-06-17T15:15:37+00:00\" \/>\n<meta property=\"article:modified_time\" content=\"2026-07-16T14:21:00+00:00\" \/>\n<meta name=\"author\" content=\"guastalla\" \/>\n<meta name=\"twitter:card\" content=\"summary_large_image\" \/>\n<meta name=\"twitter:label1\" content=\"Scritto da\" \/>\n\t<meta name=\"twitter:data1\" content=\"guastalla\" \/>\n\t<meta name=\"twitter:label2\" content=\"Tempo di lettura stimato\" \/>\n\t<meta name=\"twitter:data2\" content=\"2 minuti\" \/>\n<script type=\"application\/ld+json\" class=\"yoast-schema-graph\">{\"@context\":\"https:\\\/\\\/schema.org\",\"@graph\":[{\"@type\":\"Article\",\"@id\":\"https:\\\/\\\/www.guastalla.com\\\/it\\\/artisti\\\/accardi-carla\\\/#article\",\"isPartOf\":{\"@id\":\"https:\\\/\\\/www.guastalla.com\\\/it\\\/artisti\\\/accardi-carla\\\/\"},\"author\":{\"name\":\"guastalla\",\"@id\":\"https:\\\/\\\/www.guastalla.com\\\/it\\\/#\\\/schema\\\/person\\\/912e9605c4795c9279e35f6f92eefebb\"},\"headline\":\"Accardi Carla\",\"datePublished\":\"2022-06-17T15:15:37+00:00\",\"dateModified\":\"2026-07-16T14:21:00+00:00\",\"mainEntityOfPage\":{\"@id\":\"https:\\\/\\\/www.guastalla.com\\\/it\\\/artisti\\\/accardi-carla\\\/\"},\"wordCount\":376,\"keywords\":[\"carla-accardi\",\"miart-2026\"],\"articleSection\":[\"Artisti\"],\"inLanguage\":\"it-IT\"},{\"@type\":\"WebPage\",\"@id\":\"https:\\\/\\\/www.guastalla.com\\\/it\\\/artisti\\\/accardi-carla\\\/\",\"url\":\"https:\\\/\\\/www.guastalla.com\\\/it\\\/artisti\\\/accardi-carla\\\/\",\"name\":\"Carla Accardi: biografia, opere, mostre - Studio Guastalla\",\"isPartOf\":{\"@id\":\"https:\\\/\\\/www.guastalla.com\\\/it\\\/#website\"},\"datePublished\":\"2022-06-17T15:15:37+00:00\",\"dateModified\":\"2026-07-16T14:21:00+00:00\",\"author\":{\"@id\":\"https:\\\/\\\/www.guastalla.com\\\/it\\\/#\\\/schema\\\/person\\\/912e9605c4795c9279e35f6f92eefebb\"},\"description\":\"Scopri la biografia, le opere e le mostre dell'artista Carla Accardi presso lo Studio Guastalla Arte Moderna e Contemporanea a Milano\",\"breadcrumb\":{\"@id\":\"https:\\\/\\\/www.guastalla.com\\\/it\\\/artisti\\\/accardi-carla\\\/#breadcrumb\"},\"inLanguage\":\"it-IT\",\"potentialAction\":[{\"@type\":\"ReadAction\",\"target\":[\"https:\\\/\\\/www.guastalla.com\\\/it\\\/artisti\\\/accardi-carla\\\/\"]}]},{\"@type\":\"BreadcrumbList\",\"@id\":\"https:\\\/\\\/www.guastalla.com\\\/it\\\/artisti\\\/accardi-carla\\\/#breadcrumb\",\"itemListElement\":[{\"@type\":\"ListItem\",\"position\":1,\"name\":\"Home\",\"item\":\"https:\\\/\\\/www.guastalla.com\\\/it\\\/\"},{\"@type\":\"ListItem\",\"position\":2,\"name\":\"Accardi Carla\"}]},{\"@type\":\"WebSite\",\"@id\":\"https:\\\/\\\/www.guastalla.com\\\/it\\\/#website\",\"url\":\"https:\\\/\\\/www.guastalla.com\\\/it\\\/\",\"name\":\"Studio Guastalla\",\"description\":\"Galleria Arte Moderna e Contemporanea\",\"potentialAction\":[{\"@type\":\"SearchAction\",\"target\":{\"@type\":\"EntryPoint\",\"urlTemplate\":\"https:\\\/\\\/www.guastalla.com\\\/it\\\/?s={search_term_string}\"},\"query-input\":{\"@type\":\"PropertyValueSpecification\",\"valueRequired\":true,\"valueName\":\"search_term_string\"}}],\"inLanguage\":\"it-IT\"},{\"@type\":\"Person\",\"@id\":\"https:\\\/\\\/www.guastalla.com\\\/it\\\/#\\\/schema\\\/person\\\/912e9605c4795c9279e35f6f92eefebb\",\"name\":\"guastalla\",\"image\":{\"@type\":\"ImageObject\",\"inLanguage\":\"it-IT\",\"@id\":\"https:\\\/\\\/secure.gravatar.com\\\/avatar\\\/a983a63767681bfd18143292d749b0d07a3c9b1e50df0a6a2095b13761f720ac?s=96&d=mm&r=g\",\"url\":\"https:\\\/\\\/secure.gravatar.com\\\/avatar\\\/a983a63767681bfd18143292d749b0d07a3c9b1e50df0a6a2095b13761f720ac?s=96&d=mm&r=g\",\"contentUrl\":\"https:\\\/\\\/secure.gravatar.com\\\/avatar\\\/a983a63767681bfd18143292d749b0d07a3c9b1e50df0a6a2095b13761f720ac?s=96&d=mm&r=g\",\"caption\":\"guastalla\"},\"url\":\"https:\\\/\\\/www.guastalla.com\\\/it\\\/author\\\/guastalla\\\/\"}]}<\/script>\n<!-- \/ Yoast SEO plugin. -->","yoast_head_json":{"title":"Carla Accardi: biografia, opere, mostre - Studio Guastalla","description":"Scopri la biografia, le opere e le mostre dell'artista Carla Accardi presso lo Studio Guastalla Arte Moderna e Contemporanea a Milano","robots":{"index":"index","follow":"follow","max-snippet":"max-snippet:-1","max-image-preview":"max-image-preview:large","max-video-preview":"max-video-preview:-1"},"canonical":"https:\/\/www.guastalla.com\/it\/artisti\/accardi-carla\/","og_locale":"it_IT","og_type":"article","og_title":"Carla Accardi: biografia, opere, mostre - Studio Guastalla","og_description":"Scopri la biografia, le opere e le mostre dell'artista Carla Accardi presso lo Studio Guastalla Arte Moderna e Contemporanea a Milano","og_url":"https:\/\/www.guastalla.com\/it\/artisti\/accardi-carla\/","og_site_name":"Studio Guastalla","article_published_time":"2022-06-17T15:15:37+00:00","article_modified_time":"2026-07-16T14:21:00+00:00","author":"guastalla","twitter_card":"summary_large_image","twitter_misc":{"Scritto da":"guastalla","Tempo di lettura stimato":"2 minuti"},"schema":{"@context":"https:\/\/schema.org","@graph":[{"@type":"Article","@id":"https:\/\/www.guastalla.com\/it\/artisti\/accardi-carla\/#article","isPartOf":{"@id":"https:\/\/www.guastalla.com\/it\/artisti\/accardi-carla\/"},"author":{"name":"guastalla","@id":"https:\/\/www.guastalla.com\/it\/#\/schema\/person\/912e9605c4795c9279e35f6f92eefebb"},"headline":"Accardi Carla","datePublished":"2022-06-17T15:15:37+00:00","dateModified":"2026-07-16T14:21:00+00:00","mainEntityOfPage":{"@id":"https:\/\/www.guastalla.com\/it\/artisti\/accardi-carla\/"},"wordCount":376,"keywords":["carla-accardi","miart-2026"],"articleSection":["Artisti"],"inLanguage":"it-IT"},{"@type":"WebPage","@id":"https:\/\/www.guastalla.com\/it\/artisti\/accardi-carla\/","url":"https:\/\/www.guastalla.com\/it\/artisti\/accardi-carla\/","name":"Carla Accardi: biografia, opere, mostre - Studio Guastalla","isPartOf":{"@id":"https:\/\/www.guastalla.com\/it\/#website"},"datePublished":"2022-06-17T15:15:37+00:00","dateModified":"2026-07-16T14:21:00+00:00","author":{"@id":"https:\/\/www.guastalla.com\/it\/#\/schema\/person\/912e9605c4795c9279e35f6f92eefebb"},"description":"Scopri la biografia, le opere e le mostre dell'artista Carla Accardi presso lo Studio Guastalla Arte Moderna e Contemporanea a Milano","breadcrumb":{"@id":"https:\/\/www.guastalla.com\/it\/artisti\/accardi-carla\/#breadcrumb"},"inLanguage":"it-IT","potentialAction":[{"@type":"ReadAction","target":["https:\/\/www.guastalla.com\/it\/artisti\/accardi-carla\/"]}]},{"@type":"BreadcrumbList","@id":"https:\/\/www.guastalla.com\/it\/artisti\/accardi-carla\/#breadcrumb","itemListElement":[{"@type":"ListItem","position":1,"name":"Home","item":"https:\/\/www.guastalla.com\/it\/"},{"@type":"ListItem","position":2,"name":"Accardi Carla"}]},{"@type":"WebSite","@id":"https:\/\/www.guastalla.com\/it\/#website","url":"https:\/\/www.guastalla.com\/it\/","name":"Studio Guastalla","description":"Galleria Arte Moderna e Contemporanea","potentialAction":[{"@type":"SearchAction","target":{"@type":"EntryPoint","urlTemplate":"https:\/\/www.guastalla.com\/it\/?s={search_term_string}"},"query-input":{"@type":"PropertyValueSpecification","valueRequired":true,"valueName":"search_term_string"}}],"inLanguage":"it-IT"},{"@type":"Person","@id":"https:\/\/www.guastalla.com\/it\/#\/schema\/person\/912e9605c4795c9279e35f6f92eefebb","name":"guastalla","image":{"@type":"ImageObject","inLanguage":"it-IT","@id":"https:\/\/secure.gravatar.com\/avatar\/a983a63767681bfd18143292d749b0d07a3c9b1e50df0a6a2095b13761f720ac?s=96&d=mm&r=g","url":"https:\/\/secure.gravatar.com\/avatar\/a983a63767681bfd18143292d749b0d07a3c9b1e50df0a6a2095b13761f720ac?s=96&d=mm&r=g","contentUrl":"https:\/\/secure.gravatar.com\/avatar\/a983a63767681bfd18143292d749b0d07a3c9b1e50df0a6a2095b13761f720ac?s=96&d=mm&r=g","caption":"guastalla"},"url":"https:\/\/www.guastalla.com\/it\/author\/guastalla\/"}]}},"_links":{"self":[{"href":"https:\/\/www.guastalla.com\/it\/wp-json\/wp\/v2\/posts\/13532","targetHints":{"allow":["GET"]}}],"collection":[{"href":"https:\/\/www.guastalla.com\/it\/wp-json\/wp\/v2\/posts"}],"about":[{"href":"https:\/\/www.guastalla.com\/it\/wp-json\/wp\/v2\/types\/post"}],"author":[{"embeddable":true,"href":"https:\/\/www.guastalla.com\/it\/wp-json\/wp\/v2\/users\/5"}],"replies":[{"embeddable":true,"href":"https:\/\/www.guastalla.com\/it\/wp-json\/wp\/v2\/comments?post=13532"}],"version-history":[{"count":25,"href":"https:\/\/www.guastalla.com\/it\/wp-json\/wp\/v2\/posts\/13532\/revisions"}],"predecessor-version":[{"id":20539,"href":"https:\/\/www.guastalla.com\/it\/wp-json\/wp\/v2\/posts\/13532\/revisions\/20539"}],"wp:attachment":[{"href":"https:\/\/www.guastalla.com\/it\/wp-json\/wp\/v2\/media?parent=13532"}],"wp:term":[{"taxonomy":"category","embeddable":true,"href":"https:\/\/www.guastalla.com\/it\/wp-json\/wp\/v2\/categories?post=13532"},{"taxonomy":"post_tag","embeddable":true,"href":"https:\/\/www.guastalla.com\/it\/wp-json\/wp\/v2\/tags?post=13532"}],"curies":[{"name":"wp","href":"https:\/\/api.w.org\/{rel}","templated":true}]}}