{"id":13321,"date":"2022-03-30T14:20:17","date_gmt":"2022-03-30T12:20:17","guid":{"rendered":"https:\/\/www.guastalla.com\/?p=13321"},"modified":"2025-09-03T11:27:33","modified_gmt":"2025-09-03T09:27:33","slug":"burri-alberto","status":"publish","type":"post","link":"https:\/\/www.guastalla.com\/it\/artisti\/burri-alberto\/","title":{"rendered":"Burri Alberto"},"content":{"rendered":"<p>Alberto Burri nasce a Citt\u00e0 di Castello (PG) il 12 marzo 1915 Si laurea in medicina nel 1940 Quale ufficiale medico \u00e8 fatto prigioniero in Texas, dove inizia a dipingere Tornato in Italia, nel 1946 si stabilisce a Roma e si dedica alla pitture Nel 1947-48 tiene le prime personali a Roma e nel 1951 partecipa alla fondazione del gruppo Origine con Ballocco, Capogrossi, Colla Nel 1951 assumono rilievo i sacchi e negli anni a seguire iniziano a susseguirsi una serie di mostre personali oltre che a Roma, in diverse citt\u00e0 americane e europee<span id='dots'>&#8230;<\/span><\/p>\n<div id='more' name='more' style='display:none;'> Nel corso degli anni sessanta appaiono Legni, le Combustioni, i Ferri e le Plastiche mentre il decennio successivo \u00e8 segnato dalla rarefazione dei mezzi tecnici e formali verso soluzioni monumentali quali i Cretti e i Cellotex \u00a0In anni ottanta Burri realizza complessi organismi ciclici a struttura polifonica Nel 1981 a Citt\u00e0 di Castello \u00e8 esposta in permanenza a Palazzo Albizzini una scelta selezionata di opere, omaggio di Burri alla sua citt\u00e0 La fortuna critica del pittore si intreccia strettamente da un lato con le reazioni contrasto relative alla divulgazione della sua opera, dall&#8217;altro con le approssimazioni ed i tentativi della critica di rapportarne il significato e le motivazioni con pseudo categorie divulgate di uso internazionale: art brut, informale, concettuale ecc Nel 1989 la Fondazione Palazzo Albinizzi acquisisce l&#8217;Ex Seccatoi del Tabacco, un complesso di capannoni industriali destinati fino agli anni sessanta all&#8217;essicazione del tabacco Queste architetture irripetibili, di insolita grandezza, completamente dipinte di nero all&#8217;esterno per desiderio di Burri, sono state cos\u00ec trasformate in una gigantesca scultura, contenitore ideale per grandi cicli pittorici Nel 1990 la Fondazione Palazzo Albinizzi ha pubblicato un amplissimo volume con la documentazione relativa a circa 2000 opere dell&#8217;artista Nel 1993 presso gli Ex Seccatoi del Tabacco viene aperto al pubblico un nuovo ciclo intitolato Il Nero e l&#8217;Oro che consta di 10 Cellotez Nello stesso anno viene realizzata per Faenza un&#8217;opera in ceramica di grandi dimensioni, che porta lo stesso titolo &#8220;Il Nero e L&#8217;Oro&#8221; Nel 1994 Burri partecipa alla mostra The Italian Metamorphosis 1943-1968 presso il Solomon R Guggenheim Museum di New York\u00a0 il 10 dicembre 1994 viene celebrata la donazione di Burri agli Uffizi, che comprende un quadro Bianco Nero del 1969 e tre serie di grafiche datate 1993-94 Alberto Burri muore a Nizza il 13 febbraio 1995<\/div>\n<p><button onclick=espandi_bio_artisti('it_IT') id='myBtn'>+ Leggi di pi\u00f9<\/button><\/p>\n","protected":false},"excerpt":{"rendered":"<p>Alberto Burri nasce a Citt\u00e0 di Castello (PG) il 12 marzo 1915 Si laurea in medicina nel 1940 Quale ufficiale medico \u00e8 fatto prigioniero in Texas, dove inizia a dipingere Tornato in Italia, nel 1946 si stabilisce a Roma e si dedica alla pitture Nel 1947-48 tiene le prime personali a Roma e nel 1951 [&hellip;]<\/p>\n","protected":false},"author":5,"featured_media":0,"comment_status":"closed","ping_status":"closed","sticky":false,"template":"","format":"standard","meta":{"_acf_changed":false,"_et_pb_use_builder":"","_et_pb_old_content":"","_et_gb_content_width":"","footnotes":""},"categories":[11],"tags":[184,561],"class_list":["post-13321","post","type-post","status-publish","format-standard","hentry","category-artisti","tag-burri-alberto","tag-miart-2025"],"acf":[],"yoast_head":"<!-- This site is optimized with the Yoast SEO plugin v28.4 - https:\/\/yoast.com\/product\/yoast-seo-wordpress\/ -->\n<title>Alberto Burri: biografia, opere, mostre - Studio Guastalla<\/title>\n<meta name=\"description\" content=\"Scopri la biografia, le opere e le mostre dell&#039;artista Alberto Burri presso lo Studio Guastalla Arte Moderna e Contemporanea a Milano\" \/>\n<meta name=\"robots\" content=\"index, follow, max-snippet:-1, max-image-preview:large, max-video-preview:-1\" \/>\n<link rel=\"canonical\" href=\"https:\/\/www.guastalla.com\/it\/artisti\/burri-alberto\/\" \/>\n<meta property=\"og:locale\" content=\"it_IT\" \/>\n<meta property=\"og:type\" content=\"article\" \/>\n<meta property=\"og:title\" content=\"Alberto Burri: biografia, opere, mostre - Studio Guastalla\" \/>\n<meta property=\"og:description\" content=\"Scopri la biografia, le opere e le mostre dell&#039;artista Alberto Burri presso lo Studio Guastalla Arte Moderna e Contemporanea a Milano\" \/>\n<meta property=\"og:url\" content=\"https:\/\/www.guastalla.com\/it\/artisti\/burri-alberto\/\" \/>\n<meta property=\"og:site_name\" content=\"Studio Guastalla\" \/>\n<meta property=\"article:published_time\" content=\"2022-03-30T12:20:17+00:00\" \/>\n<meta property=\"article:modified_time\" content=\"2025-09-03T09:27:33+00:00\" \/>\n<meta name=\"author\" content=\"guastalla\" \/>\n<meta name=\"twitter:card\" content=\"summary_large_image\" \/>\n<meta name=\"twitter:label1\" content=\"Scritto da\" \/>\n\t<meta name=\"twitter:data1\" content=\"guastalla\" \/>\n\t<meta name=\"twitter:label2\" content=\"Tempo di lettura stimato\" \/>\n\t<meta name=\"twitter:data2\" content=\"2 minuti\" \/>\n<script type=\"application\/ld+json\" class=\"yoast-schema-graph\">{\"@context\":\"https:\\\/\\\/schema.org\",\"@graph\":[{\"@type\":\"Article\",\"@id\":\"https:\\\/\\\/www.guastalla.com\\\/it\\\/artisti\\\/burri-alberto\\\/#article\",\"isPartOf\":{\"@id\":\"https:\\\/\\\/www.guastalla.com\\\/it\\\/artisti\\\/burri-alberto\\\/\"},\"author\":{\"name\":\"guastalla\",\"@id\":\"https:\\\/\\\/www.guastalla.com\\\/it\\\/#\\\/schema\\\/person\\\/912e9605c4795c9279e35f6f92eefebb\"},\"headline\":\"Burri Alberto\",\"datePublished\":\"2022-03-30T12:20:17+00:00\",\"dateModified\":\"2025-09-03T09:27:33+00:00\",\"mainEntityOfPage\":{\"@id\":\"https:\\\/\\\/www.guastalla.com\\\/it\\\/artisti\\\/burri-alberto\\\/\"},\"wordCount\":378,\"keywords\":[\"burri-alberto\",\"miart-2025\"],\"articleSection\":[\"Artisti\"],\"inLanguage\":\"it-IT\"},{\"@type\":\"WebPage\",\"@id\":\"https:\\\/\\\/www.guastalla.com\\\/it\\\/artisti\\\/burri-alberto\\\/\",\"url\":\"https:\\\/\\\/www.guastalla.com\\\/it\\\/artisti\\\/burri-alberto\\\/\",\"name\":\"Alberto Burri: biografia, opere, mostre - Studio Guastalla\",\"isPartOf\":{\"@id\":\"https:\\\/\\\/www.guastalla.com\\\/it\\\/#website\"},\"datePublished\":\"2022-03-30T12:20:17+00:00\",\"dateModified\":\"2025-09-03T09:27:33+00:00\",\"author\":{\"@id\":\"https:\\\/\\\/www.guastalla.com\\\/it\\\/#\\\/schema\\\/person\\\/912e9605c4795c9279e35f6f92eefebb\"},\"description\":\"Scopri la biografia, le opere e le mostre dell'artista Alberto Burri presso lo Studio Guastalla Arte Moderna e Contemporanea a Milano\",\"breadcrumb\":{\"@id\":\"https:\\\/\\\/www.guastalla.com\\\/it\\\/artisti\\\/burri-alberto\\\/#breadcrumb\"},\"inLanguage\":\"it-IT\",\"potentialAction\":[{\"@type\":\"ReadAction\",\"target\":[\"https:\\\/\\\/www.guastalla.com\\\/it\\\/artisti\\\/burri-alberto\\\/\"]}]},{\"@type\":\"BreadcrumbList\",\"@id\":\"https:\\\/\\\/www.guastalla.com\\\/it\\\/artisti\\\/burri-alberto\\\/#breadcrumb\",\"itemListElement\":[{\"@type\":\"ListItem\",\"position\":1,\"name\":\"Home\",\"item\":\"https:\\\/\\\/www.guastalla.com\\\/it\\\/\"},{\"@type\":\"ListItem\",\"position\":2,\"name\":\"Burri Alberto\"}]},{\"@type\":\"WebSite\",\"@id\":\"https:\\\/\\\/www.guastalla.com\\\/it\\\/#website\",\"url\":\"https:\\\/\\\/www.guastalla.com\\\/it\\\/\",\"name\":\"Studio Guastalla\",\"description\":\"Galleria Arte Moderna e Contemporanea\",\"potentialAction\":[{\"@type\":\"SearchAction\",\"target\":{\"@type\":\"EntryPoint\",\"urlTemplate\":\"https:\\\/\\\/www.guastalla.com\\\/it\\\/?s={search_term_string}\"},\"query-input\":{\"@type\":\"PropertyValueSpecification\",\"valueRequired\":true,\"valueName\":\"search_term_string\"}}],\"inLanguage\":\"it-IT\"},{\"@type\":\"Person\",\"@id\":\"https:\\\/\\\/www.guastalla.com\\\/it\\\/#\\\/schema\\\/person\\\/912e9605c4795c9279e35f6f92eefebb\",\"name\":\"guastalla\",\"image\":{\"@type\":\"ImageObject\",\"inLanguage\":\"it-IT\",\"@id\":\"https:\\\/\\\/secure.gravatar.com\\\/avatar\\\/a983a63767681bfd18143292d749b0d07a3c9b1e50df0a6a2095b13761f720ac?s=96&d=mm&r=g\",\"url\":\"https:\\\/\\\/secure.gravatar.com\\\/avatar\\\/a983a63767681bfd18143292d749b0d07a3c9b1e50df0a6a2095b13761f720ac?s=96&d=mm&r=g\",\"contentUrl\":\"https:\\\/\\\/secure.gravatar.com\\\/avatar\\\/a983a63767681bfd18143292d749b0d07a3c9b1e50df0a6a2095b13761f720ac?s=96&d=mm&r=g\",\"caption\":\"guastalla\"},\"url\":\"https:\\\/\\\/www.guastalla.com\\\/it\\\/author\\\/guastalla\\\/\"}]}<\/script>\n<!-- \/ Yoast SEO plugin. -->","yoast_head_json":{"title":"Alberto Burri: biografia, opere, mostre - Studio Guastalla","description":"Scopri la biografia, le opere e le mostre dell'artista Alberto Burri presso lo Studio Guastalla Arte Moderna e Contemporanea a Milano","robots":{"index":"index","follow":"follow","max-snippet":"max-snippet:-1","max-image-preview":"max-image-preview:large","max-video-preview":"max-video-preview:-1"},"canonical":"https:\/\/www.guastalla.com\/it\/artisti\/burri-alberto\/","og_locale":"it_IT","og_type":"article","og_title":"Alberto Burri: biografia, opere, mostre - Studio Guastalla","og_description":"Scopri la biografia, le opere e le mostre dell'artista Alberto Burri presso lo Studio Guastalla Arte Moderna e Contemporanea a Milano","og_url":"https:\/\/www.guastalla.com\/it\/artisti\/burri-alberto\/","og_site_name":"Studio Guastalla","article_published_time":"2022-03-30T12:20:17+00:00","article_modified_time":"2025-09-03T09:27:33+00:00","author":"guastalla","twitter_card":"summary_large_image","twitter_misc":{"Scritto da":"guastalla","Tempo di lettura stimato":"2 minuti"},"schema":{"@context":"https:\/\/schema.org","@graph":[{"@type":"Article","@id":"https:\/\/www.guastalla.com\/it\/artisti\/burri-alberto\/#article","isPartOf":{"@id":"https:\/\/www.guastalla.com\/it\/artisti\/burri-alberto\/"},"author":{"name":"guastalla","@id":"https:\/\/www.guastalla.com\/it\/#\/schema\/person\/912e9605c4795c9279e35f6f92eefebb"},"headline":"Burri Alberto","datePublished":"2022-03-30T12:20:17+00:00","dateModified":"2025-09-03T09:27:33+00:00","mainEntityOfPage":{"@id":"https:\/\/www.guastalla.com\/it\/artisti\/burri-alberto\/"},"wordCount":378,"keywords":["burri-alberto","miart-2025"],"articleSection":["Artisti"],"inLanguage":"it-IT"},{"@type":"WebPage","@id":"https:\/\/www.guastalla.com\/it\/artisti\/burri-alberto\/","url":"https:\/\/www.guastalla.com\/it\/artisti\/burri-alberto\/","name":"Alberto Burri: biografia, opere, mostre - Studio Guastalla","isPartOf":{"@id":"https:\/\/www.guastalla.com\/it\/#website"},"datePublished":"2022-03-30T12:20:17+00:00","dateModified":"2025-09-03T09:27:33+00:00","author":{"@id":"https:\/\/www.guastalla.com\/it\/#\/schema\/person\/912e9605c4795c9279e35f6f92eefebb"},"description":"Scopri la biografia, le opere e le mostre dell'artista Alberto Burri presso lo Studio Guastalla Arte Moderna e Contemporanea a Milano","breadcrumb":{"@id":"https:\/\/www.guastalla.com\/it\/artisti\/burri-alberto\/#breadcrumb"},"inLanguage":"it-IT","potentialAction":[{"@type":"ReadAction","target":["https:\/\/www.guastalla.com\/it\/artisti\/burri-alberto\/"]}]},{"@type":"BreadcrumbList","@id":"https:\/\/www.guastalla.com\/it\/artisti\/burri-alberto\/#breadcrumb","itemListElement":[{"@type":"ListItem","position":1,"name":"Home","item":"https:\/\/www.guastalla.com\/it\/"},{"@type":"ListItem","position":2,"name":"Burri Alberto"}]},{"@type":"WebSite","@id":"https:\/\/www.guastalla.com\/it\/#website","url":"https:\/\/www.guastalla.com\/it\/","name":"Studio Guastalla","description":"Galleria Arte Moderna e Contemporanea","potentialAction":[{"@type":"SearchAction","target":{"@type":"EntryPoint","urlTemplate":"https:\/\/www.guastalla.com\/it\/?s={search_term_string}"},"query-input":{"@type":"PropertyValueSpecification","valueRequired":true,"valueName":"search_term_string"}}],"inLanguage":"it-IT"},{"@type":"Person","@id":"https:\/\/www.guastalla.com\/it\/#\/schema\/person\/912e9605c4795c9279e35f6f92eefebb","name":"guastalla","image":{"@type":"ImageObject","inLanguage":"it-IT","@id":"https:\/\/secure.gravatar.com\/avatar\/a983a63767681bfd18143292d749b0d07a3c9b1e50df0a6a2095b13761f720ac?s=96&d=mm&r=g","url":"https:\/\/secure.gravatar.com\/avatar\/a983a63767681bfd18143292d749b0d07a3c9b1e50df0a6a2095b13761f720ac?s=96&d=mm&r=g","contentUrl":"https:\/\/secure.gravatar.com\/avatar\/a983a63767681bfd18143292d749b0d07a3c9b1e50df0a6a2095b13761f720ac?s=96&d=mm&r=g","caption":"guastalla"},"url":"https:\/\/www.guastalla.com\/it\/author\/guastalla\/"}]}},"_links":{"self":[{"href":"https:\/\/www.guastalla.com\/it\/wp-json\/wp\/v2\/posts\/13321","targetHints":{"allow":["GET"]}}],"collection":[{"href":"https:\/\/www.guastalla.com\/it\/wp-json\/wp\/v2\/posts"}],"about":[{"href":"https:\/\/www.guastalla.com\/it\/wp-json\/wp\/v2\/types\/post"}],"author":[{"embeddable":true,"href":"https:\/\/www.guastalla.com\/it\/wp-json\/wp\/v2\/users\/5"}],"replies":[{"embeddable":true,"href":"https:\/\/www.guastalla.com\/it\/wp-json\/wp\/v2\/comments?post=13321"}],"version-history":[{"count":5,"href":"https:\/\/www.guastalla.com\/it\/wp-json\/wp\/v2\/posts\/13321\/revisions"}],"predecessor-version":[{"id":18646,"href":"https:\/\/www.guastalla.com\/it\/wp-json\/wp\/v2\/posts\/13321\/revisions\/18646"}],"wp:attachment":[{"href":"https:\/\/www.guastalla.com\/it\/wp-json\/wp\/v2\/media?parent=13321"}],"wp:term":[{"taxonomy":"category","embeddable":true,"href":"https:\/\/www.guastalla.com\/it\/wp-json\/wp\/v2\/categories?post=13321"},{"taxonomy":"post_tag","embeddable":true,"href":"https:\/\/www.guastalla.com\/it\/wp-json\/wp\/v2\/tags?post=13321"}],"curies":[{"name":"wp","href":"https:\/\/api.w.org\/{rel}","templated":true}]}}