{"id":13001,"date":"2021-12-15T15:47:10","date_gmt":"2021-12-15T14:47:10","guid":{"rendered":"https:\/\/www.guastalla.com\/?p=13001"},"modified":"2024-12-03T16:37:11","modified_gmt":"2024-12-03T15:37:11","slug":"arico-rodolfo","status":"publish","type":"post","link":"https:\/\/www.guastalla.com\/it\/artisti\/arico-rodolfo\/","title":{"rendered":"Aric\u00f2 Rodolfo"},"content":{"rendered":"<p>MILANO, 1930 &#8211; MILANO, 2002<\/p>\n<p>Rodolfo Aric\u00f2 nasce a Milano il 3 giugno 1930<br \/>\nTra il 1946 e il 1950 frequenta il Liceo Artistico di Brera, dove ha come professore di storia dell\u2019arte\u00a0Guido Ballo Dopo il liceo si iscrive alla Facolt\u00e0 di Architettura del\u00a0Politecnico di Milano e inizia a coltivare, oltre all&#8217;interesse per l&#8217;architettura, anche quello per la pittura Nel 1957 ha l&#8217;occasione di esporre per la prima volta le proprie opere in una mostra personale, alla Galleria Bergamini di Milano e l&#8217;anno successivo conosce Carlo Grossetti che, nel 1959, lo invita a tenere una mostra personale alla galleria Salone Annunciata a Milano<br \/>\nRodolfo Aric\u00f2, Milano 1984<br \/>\nDopo aver partecipato alla mostra\u00a0<i>Nuove prospettive della pittura italiana<\/i>\u00a0a Palazzo Re Enzo a Bologna nel 1962, espone l&#8217;opera\u00a0<i>Trittico dell&#8217;esistenza<\/i>\u00a0nell&#8217;ambito della XXXII Biennale di Venezia (1964)<br \/>\nDalla met\u00e0 degli anni Sessanta Aric\u00f2 trae ispirazione dal lavoro dell&#8217;artista francese\u00a0Robert Delaunay\u00a0e lavora alla figura di un archetipo costituito da due dischi, le cui circonferenze si intersecano secondo diverse direttrici ortogonali<span id='dots'>&#8230;<\/span><\/p>\n<div id='more' name='more' style='display:none;'> Nel 1965 il critico e storico dell&#8217;arte\u00a0Roberto Sanesi, che aveva gi\u00e0 curato la mostra personale del 1959 al Salone Annunciata, pubblica il volume\u00a0<i>Reperti: per uno studio sulla pittura di Rodolfo Aric\u00f2<\/i>\u00a0e nello stesso anno Aric\u00f2 viene invitato a partecipare alla IX Quadriennale di Roma Proprio in occasione della sua partecipazione alla rassegna romana, la Galleria Nazionale d\u2019Arte Moderna acquisisce l&#8217;opera\u00a0<i>Work in progress Le \u201csimultanee forme\u201d di Delaunay<\/i><br \/>\nDal 1966 approfondisce la riflessione sugli aspetti oggettuali del fare artistico e nel 1967 espone le proprie opere alla Galleria L&#8217;Attico di Roma in una personale corredata da un catalogo con testo di\u00a0Giulio Carlo Argan Aric\u00f2 viene invitato alla XXXIV Biennale di Venezia (1968) e realizza, all&#8217;interno di una sala personale, uno spazio ambientale costituito da opere di grandi dimensioni In questo periodo \u00e8 assistente di\u00a0Toti Scialoja\u00a0al Liceo Artistico di Brera e stringe con lui un rapporto d&#8217;amicizia<br \/>\nNel 1969 espone al Salone Annunciata di Milano\u00a0<i>Pondus<\/i>, un&#8217;opera composta da quattro grandi strutture tridimensionali che invadono lo spazio della galleria milanese (l&#8217;opera fa ora parte della collezione dei Musei Civici di Cagliari) e tiene la sua prima mostra personale negli Stati Uniti, alla Deson-Zacks Gallery di Chicago<br \/>\nA partire dall&#8217;inizio degli anni Settanta Aric\u00f2 si concentra sulla reinterpretazione della visione umanistica della storia dell&#8217;arte e degli archetipi dell&#8217;architettura Inizia in questo periodo a utilizzare strati sottili di pittura a spruzzo, che sovrappone in diverse stesure fino a creare un risultato di apparente monocromia Il tema umanistico emerge anche dai titoli dei lavori creati in questi anni &#8211;\u00a0<i>Arco<\/i>,\u00a0<i>Quattrocento<\/i>,\u00a0<i>Prospettiva per Paolo Uccello<\/i><br \/>\nNel 1971 ottiene un incarico come insegnante di Scenografia presso l&#8217;Accademia di Belle Arti di Urbino Dopo aver esposto alcuni suoi lavori nell&#8217;ambito della mostra\u00a0<i>Iononrappresentonullaiodipingo<\/i>\u00a0(1973) tenutasi presso la galleria Studio La Citt\u00e0 di Verona, inaugura una personale antologica al Centro Internazionale delle Arti e del Costume di Palazzo Grassi a Venezia (1974); qui presenta opere di grandi dimensioni, che sono il frutto della ricerca strutturale e oggettuale avviata dalla met\u00e0 degli anni Sessanta Nel 1974, inoltre, incontra\u00a0Carlo Invernizzi\u00a0ed instaura con il poeta quello che Aric\u00f2 stesso ha definito \u201cun sodalizio senza soluzione di continuit\u00e0 per circa trent&#8217;anni [] con influenza intellettiva e spirituale\u201d<br \/>\nNel 1975 partecipa a numerose mostre, tra cui\u00a0<i>Peinture italienne d&#8217;aujourd&#8217;hui<\/i>\u00a0(Galerie Espace 5, Montr\u00e9al; Galerie Templon, Parigi),\u00a0<i>Empirica: l&#8217;arte tra addizione e sottrazione<\/i>\u00a0(Rimini; Museo di Castelvecchio, Verona),\u00a0<i>Trompe l&#8217;oeil<\/i>\u00a0(Galleria Stendhal, Milano) e\u00a0<i>Spazio attivo\/Struttura<\/i>\u00a0(Studio Marconi, Milano; Galleria Rondanini, Roma), organizzata da\u00a0Guido Ballo\u00a0 Nel 1977 il Comune di Ferrara invita Aric\u00f2 a tenere una mostra antologica negli spazi del Padiglione d&#8217;arte contemporanea di Parco Massari e nel 1978 gli viene commissionata la realizzazione di una scenografia per il &#8220;Teatro dell&#8217;Assurdo&#8221; di\u00a0Tardieu\u00a0al Teatro Pier Lombardo di Milano Nello stesso anno gli viene assegnata la cattedra di Scenografia presso l&#8217;Accademia di Belle Arti di Brera e l&#8217;artista prende parte alla mostra I\u00a0<i>nodi della rappresentazione<\/i>\u00a0presso il Museo d&#8217;arte della citt\u00e0 di Ravenna, in cui vengono letti i rapporti analogici tra architettura e pittura In questa occasione Aric\u00f2 presenta l&#8217;opera\u00a0<i>Scena di Ravenna<\/i>, che rappresenta una contaminazione tra pittura, scenografia e architettura<\/p>\n<div class=\"thumb tleft\">\n<div class=\"thumbinner\">\n<div class=\"thumbcaption\">\n<div class=\"magnify\"><\/div>\n<p>Rodolfo Aric\u00f2, Milano 1987<\/p>\n<\/div>\n<\/div>\n<\/div>\n<p>Nel 1980 la Casa del Mantegna di Mantova ospita la mostra\u00a0<i>Rodolfo Aric\u00f2 Mito e architettura<\/i>\u00a0dove viene esposta l&#8217;opera\u00a0<i>Scena di Mantova<\/i>, composta da sei tele sospese, appese su tre diversi livelli di profondit\u00e0, che danno vita nella visione d&#8217;insieme all&#8217;immagine di un timpano Aric\u00f2 continua a focalizzare la propria attenzione sull&#8217;indagine delle relazioni tra architettura, pittura e mito L&#8217;anno successivo partecipa a\u00a0<i>Linee della ricerca artistica in Italia 1960\/80<\/i>\u00a0al Palazzo delle Esposizioni a Roma e a\u00a0<i>30 anni d&#8217;arte italiana 1950\/80 La struttura emergente e i linguaggi espropriati<\/i>\u00a0a Villa Manzoni a Lecco<\/p>\n<p>Nel 1982\u00a0Aldo Rossi\u00a0cura la mostra\u00a0<i>Idea e conoscenza<\/i>\u00a0al Palazzo dell\u2019arte alla Triennale di Milano, dove Aric\u00f2 espone\u00a0<i>Timpano Pulvis<\/i> Aric\u00f2 partecipa anche a\u00a0<i>Costruttivit\u00e0<\/i>, mostra curata da\u00a0Filiberto Menna, e alla XL Biennale di Venezia, dove espone l&#8217;opera\u00a0<i>Clinamen \/ Prometeo<\/i> Nel 1984 inaugura una mostra personale al Padiglione d\u2019Arte Contemporanea di Milano insieme a\u00a0Gianni Colombo\u00a0e l&#8217;anno successivo partecipa con l&#8217;opera\u00a0<i>Portale<\/i>, un&#8217;ulteriore riflessione sul rapporto percettivo tra scena e pittura, alla mostra\u00a0<i>L&#8217;intelligenza dell&#8217;effetto La messa in scena dell&#8217;opera d&#8217;arte<\/i>\u00a0a Palazzo Dugnani a Milano<\/p>\n<p>Nel 1986 partecipa alla mostra itinerante &#8211; tra Francoforte, Berlino, Hannover, Bregenz e Vienna &#8211;\u00a0<i>1960\/1985 Aspetti dell&#8217;arte italiana<\/i>, curata da\u00a0Flavio Caroli\u00a0ed espone l&#8217;opera\u00a0<i>Struttura<\/i>\u00a0(1968) alla XLII Biennale di Venezia nella sezione \u201cIl colore\u201d In seguito prende parte a\u00a0<i>La forma emozionata<\/i>\u00a0(Galleria Morone, Milano) curata da\u00a0Luciano Caramel L&#8217;Associazione Culturale Amici di Morterone lo invita alla mostra\u00a0<i>Una ragione inquieta<\/i>\u00a0presso il Palazzo Municipale di Morterone e, nel gennaio 1987, espone suoi lavori alla Loggetta Lombardesca di Ravenna in\u00a0<i>Disegnata<\/i>, una mostra curata da Concetto Pozzati Nel 1988 partecipa all&#8217;esposizione itinerante\u00a0<i>Emotion und Methode<\/i>\u00a0alla Galerie der K\u00fcnstler di Monaco di Baviera e poi al Kunstverein di Ingolstadt\u00a0Giovanni Maria Accame\u00a0lo invita a prendere parte a\u00a0<i>Il museo degli artisti<\/i>\u00a0a Morterone ed a\u00a0<i>Ragione e trasgressione<\/i>\u00a0presso l&#8217;Ex Convento di San Rocco di Carpi<\/p>\n<p>Nel 1989 partecipa alle mostre\u00a0<i>Quei problematici anni Settanta Dalle premesse alle conseguenze Alcuni protagonisti della pittura e della scultura<\/i>, curata da Giorgio Cortenova alla Galleria dei Banchi Nuovi di Roma, e\u00a0<i>La pelle dell&#8217;arte Riflessioni sulla superficie<\/i>\u00a0a cura di Lorenzo Mango presso il Palazzo Municipale di Morterone e l&#8217;Istituto d&#8217;Arte Dosso Dossi di Ferrara<\/p>\n<p>Durante gli anni Novanta, Aric\u00f2 realizza una serie di mostre personali in cui espone opere che riflettono maggiormente sulla relazione con lo spazio, inteso come &#8220;dramma&#8221; ed elemento della materialit\u00e0 in divenire In parallelo all&#8217;attivit\u00e0 artistica intensifica anche quella teorica e Aric\u00f2 affianca agli scritti inerenti al proprio lavoro racconti visionari e fantastici di natura autobiografica<\/p>\n<p>Nel 1990 Elisabeth Bozzi lo invita ad esporre i suoi lavori nella mostra\u00a0<i>Divina mania Una poetica bicipite<\/i>, occasione in cui le ricerche artistiche di Rodolfo Aric\u00f2, Carlo Ciussi e Pino Pinelli sono messe in relazione alla poetica di Carlo Invernizzi Nello stesso anno la galleria Lorenzelli Arte di Milano riunisce in mostra lavori di Rodolfo Aric\u00f2, Piero Dorazio e Vittorio Matino e la Galleria Studio Grossetti inaugura\u00a0<i>A proposito di pittura, Aric\u00f2, Gastini, Nigro<\/i><\/p>\n<p>Nel 1991 lo Studio Carlo Grossetti gli dedica l&#8217;antologica\u00a0<i>Aric\u00f2 &#8217;70<\/i>\u00a0e il Comune di Milano organizza presso il Liljevalchs Konstall di Stoccolma la mostra, curata da\u00a0Elena Pontiggia\u00a0ed Elio Santarella,\u00a0<i>Il miraggio della liricit\u00e0<\/i>\u00a0in cui vengono esposte opere della seconda met\u00e0 degli anni Sessanta Nel 1993 viene invitato con Gianfranco Pardi al Palazzo comunale di Venzone per la mostra\u00a0<i>La memoria dell&#8217;antico<\/i>\u00a0e l&#8217;anno successivo partecipa a\u00a0<i>Venezia e la Biennale<\/i>\u00a0alla Galleria d&#8217;Arte Moderna di Ca&#8217; Pesaro a Venezia<br \/>\nNel 1995 prende parte a\u00a0<i>Trilogia 5<\/i>\u00a0al Centro espositivo della Rocca Paolina di Perugia e due anni dopo, nel 1997, presenta alla galleria A arte Studio Invernizzi di Milano opere cariche di spiritualit\u00e0 dal titolo\u00a0<i>Sere<\/i> Prende parte all&#8217;esposizione\u00a0<i>Gef\u00fchle der Konstruktion<\/i>\u00a0presso il Museum Rabalderhaus di Schwaz e, nel 1998, alla mostra\u00a0<i>Arte italiana Ultimi quarant&#8217;anni Pittura aniconica<\/i>\u00a0presso la Galleria d&#8217;Arte Moderna di Bologna<br \/>\nNel 2000 l&#8217;Associazione Culturale Amici di Morterone lo invita alla mostra itinerante\u00a0<i>Il corpofigura dell&#8217;immagine Aspetti dell&#8217;arte italiana dal dopoguerra ad oggi<\/i>\u00a0(St\u00e4dtische Galerie, Rosenheim; Musei Civici di Villa Manzoni, Lecco; St\u00e4dtische Galerie Villa Zanders, Bergisch Gladbach) e nello stesso anno l&#8217;Istituto di Pittura dell&#8217;Accademia di Belle Arti di Bologna presenta la mostra\u00a0<i>Rodolfo Aric\u00f2, opere su carta<\/i><br \/>\nNel 2001 la Galleria Spazio Annunciata di Milano inaugura la sua ultima mostra personale<br \/>\nAric\u00f2 muore a Milano il 22 giugno 2002<br \/>\nNel 2005 si tiene all&#8217;Institut Mathildenh\u00f6he di Darmstadt una sua retrospettiva<br \/>\nNel 2013 la Peggy Guggenheim Collection di Venezia gli dedica uno speciale approfondimento espositivo ed editoriale in occasione della mostra\u00a0<i>Postwar Protagonisti italiani<\/i><br \/>\nNell&#8217;ottobre 2014 inaugura alle Gallerie d\u2019Italia &#8211; Piazza Scala la mostra\u00a0<i>Rodolfo Aric\u00f2 Pittura inquieta<\/i>, dedicata all&#8217;ultima stagione creativa dell&#8217;artista, con la presentazione di sue opere degli anni Novanta dalle collezioni Intesa Sanpaolo e la prima pubblicazione integrale dei suoi racconti<\/div>\n<p><button onclick=espandi_bio_artisti('it_IT') id='myBtn'>+ Leggi di pi\u00f9<\/button><\/p>\n","protected":false},"excerpt":{"rendered":"<p>MILANO, 1930 &#8211; MILANO, 2002 Rodolfo Aric\u00f2 nasce a Milano il 3 giugno 1930 Tra il 1946 e il 1950 frequenta il Liceo Artistico di Brera, dove ha come professore di storia dell\u2019arte\u00a0Guido Ballo Dopo il liceo si iscrive alla Facolt\u00e0 di Architettura del\u00a0Politecnico di Milano e inizia a coltivare, oltre all&#8217;interesse per l&#8217;architettura, anche [&hellip;]<\/p>\n","protected":false},"author":5,"featured_media":0,"comment_status":"closed","ping_status":"closed","sticky":false,"template":"","format":"standard","meta":{"_acf_changed":false,"_et_pb_use_builder":"","_et_pb_old_content":"","_et_gb_content_width":"","footnotes":""},"categories":[11],"tags":[515,460,456],"class_list":["post-13001","post","type-post","status-publish","format-standard","hentry","category-artisti","tag-inquieto-geometrico","tag-miart2022","tag-rodolfo-arico"],"acf":[],"yoast_head":"<!-- This site is optimized with the Yoast SEO plugin v28.4 - https:\/\/yoast.com\/product\/yoast-seo-wordpress\/ -->\n<title>Rodolfo Aric\u00f2: biografia, opere, mostre - Studio Guastalla<\/title>\n<meta name=\"description\" content=\"Scopri la biografia, le opere e le mostre dell&#039;artista Rodolfo Aric\u00f2 presso lo Studio Guastalla Arte Moderna e Contemporanea a Milano\" \/>\n<meta name=\"robots\" content=\"index, follow, max-snippet:-1, max-image-preview:large, max-video-preview:-1\" \/>\n<link rel=\"canonical\" href=\"https:\/\/www.guastalla.com\/it\/artisti\/arico-rodolfo\/\" \/>\n<meta property=\"og:locale\" content=\"it_IT\" \/>\n<meta property=\"og:type\" content=\"article\" \/>\n<meta property=\"og:title\" content=\"Rodolfo Aric\u00f2: biografia, opere, mostre - Studio Guastalla\" \/>\n<meta property=\"og:description\" content=\"Scopri la biografia, le opere e le mostre dell&#039;artista Rodolfo Aric\u00f2 presso lo Studio Guastalla Arte Moderna e Contemporanea a Milano\" \/>\n<meta property=\"og:url\" content=\"https:\/\/www.guastalla.com\/it\/artisti\/arico-rodolfo\/\" \/>\n<meta property=\"og:site_name\" content=\"Studio Guastalla\" \/>\n<meta property=\"article:published_time\" content=\"2021-12-15T14:47:10+00:00\" \/>\n<meta property=\"article:modified_time\" content=\"2024-12-03T15:37:11+00:00\" \/>\n<meta name=\"author\" content=\"guastalla\" \/>\n<meta name=\"twitter:card\" content=\"summary_large_image\" \/>\n<meta name=\"twitter:label1\" content=\"Scritto da\" \/>\n\t<meta name=\"twitter:data1\" content=\"guastalla\" \/>\n\t<meta name=\"twitter:label2\" content=\"Tempo di lettura stimato\" \/>\n\t<meta name=\"twitter:data2\" content=\"7 minuti\" \/>\n<script type=\"application\/ld+json\" class=\"yoast-schema-graph\">{\"@context\":\"https:\\\/\\\/schema.org\",\"@graph\":[{\"@type\":\"Article\",\"@id\":\"https:\\\/\\\/www.guastalla.com\\\/it\\\/artisti\\\/arico-rodolfo\\\/#article\",\"isPartOf\":{\"@id\":\"https:\\\/\\\/www.guastalla.com\\\/it\\\/artisti\\\/arico-rodolfo\\\/\"},\"author\":{\"name\":\"guastalla\",\"@id\":\"https:\\\/\\\/www.guastalla.com\\\/it\\\/#\\\/schema\\\/person\\\/912e9605c4795c9279e35f6f92eefebb\"},\"headline\":\"Aric\u00f2 Rodolfo\",\"datePublished\":\"2021-12-15T14:47:10+00:00\",\"dateModified\":\"2024-12-03T15:37:11+00:00\",\"mainEntityOfPage\":{\"@id\":\"https:\\\/\\\/www.guastalla.com\\\/it\\\/artisti\\\/arico-rodolfo\\\/\"},\"wordCount\":1553,\"keywords\":[\"Inquieto geometrico\",\"miart2022\",\"rodolfo-aric\u00f2\"],\"articleSection\":[\"Artisti\"],\"inLanguage\":\"it-IT\"},{\"@type\":\"WebPage\",\"@id\":\"https:\\\/\\\/www.guastalla.com\\\/it\\\/artisti\\\/arico-rodolfo\\\/\",\"url\":\"https:\\\/\\\/www.guastalla.com\\\/it\\\/artisti\\\/arico-rodolfo\\\/\",\"name\":\"Rodolfo Aric\u00f2: biografia, opere, mostre - Studio Guastalla\",\"isPartOf\":{\"@id\":\"https:\\\/\\\/www.guastalla.com\\\/it\\\/#website\"},\"datePublished\":\"2021-12-15T14:47:10+00:00\",\"dateModified\":\"2024-12-03T15:37:11+00:00\",\"author\":{\"@id\":\"https:\\\/\\\/www.guastalla.com\\\/it\\\/#\\\/schema\\\/person\\\/912e9605c4795c9279e35f6f92eefebb\"},\"description\":\"Scopri la biografia, le opere e le mostre dell'artista Rodolfo Aric\u00f2 presso lo Studio Guastalla Arte Moderna e Contemporanea a Milano\",\"breadcrumb\":{\"@id\":\"https:\\\/\\\/www.guastalla.com\\\/it\\\/artisti\\\/arico-rodolfo\\\/#breadcrumb\"},\"inLanguage\":\"it-IT\",\"potentialAction\":[{\"@type\":\"ReadAction\",\"target\":[\"https:\\\/\\\/www.guastalla.com\\\/it\\\/artisti\\\/arico-rodolfo\\\/\"]}]},{\"@type\":\"BreadcrumbList\",\"@id\":\"https:\\\/\\\/www.guastalla.com\\\/it\\\/artisti\\\/arico-rodolfo\\\/#breadcrumb\",\"itemListElement\":[{\"@type\":\"ListItem\",\"position\":1,\"name\":\"Home\",\"item\":\"https:\\\/\\\/www.guastalla.com\\\/it\\\/\"},{\"@type\":\"ListItem\",\"position\":2,\"name\":\"Aric\u00f2 Rodolfo\"}]},{\"@type\":\"WebSite\",\"@id\":\"https:\\\/\\\/www.guastalla.com\\\/it\\\/#website\",\"url\":\"https:\\\/\\\/www.guastalla.com\\\/it\\\/\",\"name\":\"Studio Guastalla\",\"description\":\"Galleria Arte Moderna e Contemporanea\",\"potentialAction\":[{\"@type\":\"SearchAction\",\"target\":{\"@type\":\"EntryPoint\",\"urlTemplate\":\"https:\\\/\\\/www.guastalla.com\\\/it\\\/?s={search_term_string}\"},\"query-input\":{\"@type\":\"PropertyValueSpecification\",\"valueRequired\":true,\"valueName\":\"search_term_string\"}}],\"inLanguage\":\"it-IT\"},{\"@type\":\"Person\",\"@id\":\"https:\\\/\\\/www.guastalla.com\\\/it\\\/#\\\/schema\\\/person\\\/912e9605c4795c9279e35f6f92eefebb\",\"name\":\"guastalla\",\"image\":{\"@type\":\"ImageObject\",\"inLanguage\":\"it-IT\",\"@id\":\"https:\\\/\\\/secure.gravatar.com\\\/avatar\\\/a983a63767681bfd18143292d749b0d07a3c9b1e50df0a6a2095b13761f720ac?s=96&d=mm&r=g\",\"url\":\"https:\\\/\\\/secure.gravatar.com\\\/avatar\\\/a983a63767681bfd18143292d749b0d07a3c9b1e50df0a6a2095b13761f720ac?s=96&d=mm&r=g\",\"contentUrl\":\"https:\\\/\\\/secure.gravatar.com\\\/avatar\\\/a983a63767681bfd18143292d749b0d07a3c9b1e50df0a6a2095b13761f720ac?s=96&d=mm&r=g\",\"caption\":\"guastalla\"},\"url\":\"https:\\\/\\\/www.guastalla.com\\\/it\\\/author\\\/guastalla\\\/\"}]}<\/script>\n<!-- \/ Yoast SEO plugin. -->","yoast_head_json":{"title":"Rodolfo Aric\u00f2: biografia, opere, mostre - Studio Guastalla","description":"Scopri la biografia, le opere e le mostre dell'artista Rodolfo Aric\u00f2 presso lo Studio Guastalla Arte Moderna e Contemporanea a Milano","robots":{"index":"index","follow":"follow","max-snippet":"max-snippet:-1","max-image-preview":"max-image-preview:large","max-video-preview":"max-video-preview:-1"},"canonical":"https:\/\/www.guastalla.com\/it\/artisti\/arico-rodolfo\/","og_locale":"it_IT","og_type":"article","og_title":"Rodolfo Aric\u00f2: biografia, opere, mostre - Studio Guastalla","og_description":"Scopri la biografia, le opere e le mostre dell'artista Rodolfo Aric\u00f2 presso lo Studio Guastalla Arte Moderna e Contemporanea a Milano","og_url":"https:\/\/www.guastalla.com\/it\/artisti\/arico-rodolfo\/","og_site_name":"Studio Guastalla","article_published_time":"2021-12-15T14:47:10+00:00","article_modified_time":"2024-12-03T15:37:11+00:00","author":"guastalla","twitter_card":"summary_large_image","twitter_misc":{"Scritto da":"guastalla","Tempo di lettura stimato":"7 minuti"},"schema":{"@context":"https:\/\/schema.org","@graph":[{"@type":"Article","@id":"https:\/\/www.guastalla.com\/it\/artisti\/arico-rodolfo\/#article","isPartOf":{"@id":"https:\/\/www.guastalla.com\/it\/artisti\/arico-rodolfo\/"},"author":{"name":"guastalla","@id":"https:\/\/www.guastalla.com\/it\/#\/schema\/person\/912e9605c4795c9279e35f6f92eefebb"},"headline":"Aric\u00f2 Rodolfo","datePublished":"2021-12-15T14:47:10+00:00","dateModified":"2024-12-03T15:37:11+00:00","mainEntityOfPage":{"@id":"https:\/\/www.guastalla.com\/it\/artisti\/arico-rodolfo\/"},"wordCount":1553,"keywords":["Inquieto geometrico","miart2022","rodolfo-aric\u00f2"],"articleSection":["Artisti"],"inLanguage":"it-IT"},{"@type":"WebPage","@id":"https:\/\/www.guastalla.com\/it\/artisti\/arico-rodolfo\/","url":"https:\/\/www.guastalla.com\/it\/artisti\/arico-rodolfo\/","name":"Rodolfo Aric\u00f2: biografia, opere, mostre - Studio Guastalla","isPartOf":{"@id":"https:\/\/www.guastalla.com\/it\/#website"},"datePublished":"2021-12-15T14:47:10+00:00","dateModified":"2024-12-03T15:37:11+00:00","author":{"@id":"https:\/\/www.guastalla.com\/it\/#\/schema\/person\/912e9605c4795c9279e35f6f92eefebb"},"description":"Scopri la biografia, le opere e le mostre dell'artista Rodolfo Aric\u00f2 presso lo Studio Guastalla Arte Moderna e Contemporanea a Milano","breadcrumb":{"@id":"https:\/\/www.guastalla.com\/it\/artisti\/arico-rodolfo\/#breadcrumb"},"inLanguage":"it-IT","potentialAction":[{"@type":"ReadAction","target":["https:\/\/www.guastalla.com\/it\/artisti\/arico-rodolfo\/"]}]},{"@type":"BreadcrumbList","@id":"https:\/\/www.guastalla.com\/it\/artisti\/arico-rodolfo\/#breadcrumb","itemListElement":[{"@type":"ListItem","position":1,"name":"Home","item":"https:\/\/www.guastalla.com\/it\/"},{"@type":"ListItem","position":2,"name":"Aric\u00f2 Rodolfo"}]},{"@type":"WebSite","@id":"https:\/\/www.guastalla.com\/it\/#website","url":"https:\/\/www.guastalla.com\/it\/","name":"Studio Guastalla","description":"Galleria Arte Moderna e Contemporanea","potentialAction":[{"@type":"SearchAction","target":{"@type":"EntryPoint","urlTemplate":"https:\/\/www.guastalla.com\/it\/?s={search_term_string}"},"query-input":{"@type":"PropertyValueSpecification","valueRequired":true,"valueName":"search_term_string"}}],"inLanguage":"it-IT"},{"@type":"Person","@id":"https:\/\/www.guastalla.com\/it\/#\/schema\/person\/912e9605c4795c9279e35f6f92eefebb","name":"guastalla","image":{"@type":"ImageObject","inLanguage":"it-IT","@id":"https:\/\/secure.gravatar.com\/avatar\/a983a63767681bfd18143292d749b0d07a3c9b1e50df0a6a2095b13761f720ac?s=96&d=mm&r=g","url":"https:\/\/secure.gravatar.com\/avatar\/a983a63767681bfd18143292d749b0d07a3c9b1e50df0a6a2095b13761f720ac?s=96&d=mm&r=g","contentUrl":"https:\/\/secure.gravatar.com\/avatar\/a983a63767681bfd18143292d749b0d07a3c9b1e50df0a6a2095b13761f720ac?s=96&d=mm&r=g","caption":"guastalla"},"url":"https:\/\/www.guastalla.com\/it\/author\/guastalla\/"}]}},"_links":{"self":[{"href":"https:\/\/www.guastalla.com\/it\/wp-json\/wp\/v2\/posts\/13001","targetHints":{"allow":["GET"]}}],"collection":[{"href":"https:\/\/www.guastalla.com\/it\/wp-json\/wp\/v2\/posts"}],"about":[{"href":"https:\/\/www.guastalla.com\/it\/wp-json\/wp\/v2\/types\/post"}],"author":[{"embeddable":true,"href":"https:\/\/www.guastalla.com\/it\/wp-json\/wp\/v2\/users\/5"}],"replies":[{"embeddable":true,"href":"https:\/\/www.guastalla.com\/it\/wp-json\/wp\/v2\/comments?post=13001"}],"version-history":[{"count":9,"href":"https:\/\/www.guastalla.com\/it\/wp-json\/wp\/v2\/posts\/13001\/revisions"}],"predecessor-version":[{"id":16735,"href":"https:\/\/www.guastalla.com\/it\/wp-json\/wp\/v2\/posts\/13001\/revisions\/16735"}],"wp:attachment":[{"href":"https:\/\/www.guastalla.com\/it\/wp-json\/wp\/v2\/media?parent=13001"}],"wp:term":[{"taxonomy":"category","embeddable":true,"href":"https:\/\/www.guastalla.com\/it\/wp-json\/wp\/v2\/categories?post=13001"},{"taxonomy":"post_tag","embeddable":true,"href":"https:\/\/www.guastalla.com\/it\/wp-json\/wp\/v2\/tags?post=13001"}],"curies":[{"name":"wp","href":"https:\/\/api.w.org\/{rel}","templated":true}]}}