{"id":12543,"date":"2021-10-30T14:10:41","date_gmt":"2021-10-30T12:10:41","guid":{"rendered":"https:\/\/www.guastalla.com\/?p=12543"},"modified":"2025-12-12T15:58:59","modified_gmt":"2025-12-12T14:58:59","slug":"incline-bleu-et-noir","status":"publish","type":"post","link":"https:\/\/www.guastalla.com\/it\/opere\/incline-bleu-et-noir\/","title":{"rendered":"Inclin\u00e9 bleu et noir"},"content":{"rendered":"<p>Scultura in legno dipinto, metallo e nylon<br \/>\ncm 43 \u00d7 38 \u00d7 19<br \/>\n1966<\/p>\n<p>NOTE: Etichetta Galleria del Deposito sul retro<\/p>\n<p>EDIZIONE: prova d&#8217;artista, Galleria del deposito, Genova<\/p>\n<p>L\u2019opera \u00e8 un\u2019edizione della Galleria del Deposito, Genova, fondata nel 1963 come una cooperativa internazionale di artisti dal pittore Eugenio Carmi. Tra i suoi membri c\u2019era anche Soto, insieme a Lucio Fontana, Victor Vasarely e Max Bill. Lo scopo della galleria era quello di produrre e diffondere opere d\u2019arte, in particolare multipli in edizione limitata, che potessero raggiungere un vasto pubblico grazie ai prezzi accessibili, attraverso canali non convenzionali di vendita, tra cui anche grandi magazzini come La Rinascente. A Soto fu dedicata una personale alla Galleria del Deposito nel 1966 e quest\u2019opera \u00e8 stata realizzata in quell\u2019occasione.<\/p>\n<p>Scopri il video dell\u2019opera (clicca sul link con il tasto destro del mouse e \u201capri link in un\u2019altra finestra\u201d) <a href=\"https:\/\/youtube.com\/shorts\/S9QquvksiGI\">https:\/\/youtube.com\/shorts\/S9QquvksiGI<\/a><\/p>\n<p>In questa opera di Jesus Rafael Soto abbiamo una superficie monocroma nera, su cui \u00e8 applicata un\u2019altra superficie pi\u00f9 piccola percorsa da sottilissime linee verticali, cos\u00ec vicine che a distanza sembrano un tutto unico. In alto, inserita in un foro, c\u2019\u00e8 una bacchetta metallica che ne regge un\u2019altra appesa a un filo. L\u2019opera, in questo modo, cambia continuamente, perch\u00e9 a ogni alito d\u2019aria la bacchetta appesa si muove, proiettando un\u2019ombra sempre mutevole.<br \/>\nA Soto, pioniere dell\u2019arte cinetica, interessava trasmettere movimento nelle opere e dimostr\u00f2 cos\u00ec che la relazione tra realt\u00e0 e illusione \u00e8 dinamica, e che a volte le due, in effetti, diventano la stessa cosa. Che l\u2019opera esiste solo guardandola da pi\u00f9 punti di vista, e che quindi l\u2019occhio dell\u2019osservatore fa parte dell\u2019opera. Andando ancora oltre, ecco i Penetrables, costituiti da fili sottili di gomma che pendono dall\u2019alto, creando alla distanza una forma che sembra compatta, ma in realt\u00e0 penetrabili dagli spettatori, che possono inoltrarsi al loro interno, facendoli cos\u00ec muovere e vivere. Soto dimostr\u00f2 che in realt\u00e0 non ci sono spettatori, ma solo partecipanti a un&#8217;esperienza che senza di loro non avrebbe significato, o potrebbe non esistere affatto.<\/p>\n","protected":false},"excerpt":{"rendered":"<p>Scultura in legno dipinto, metallo e nylon cm 43 \u00d7 38 \u00d7 19 1966 NOTE: Etichetta Galleria del Deposito sul retro EDIZIONE: prova d&#8217;artista, Galleria del deposito, Genova L\u2019opera \u00e8 un\u2019edizione della Galleria del Deposito, Genova, fondata nel 1963 come una cooperativa internazionale di artisti dal pittore Eugenio Carmi. Tra i suoi membri c\u2019era anche [&hellip;]<\/p>\n","protected":false},"author":5,"featured_media":12535,"comment_status":"closed","ping_status":"closed","sticky":false,"template":"","format":"standard","meta":{"_acf_changed":false,"_et_pb_use_builder":"","_et_pb_old_content":"","_et_gb_content_width":"","footnotes":""},"categories":[12],"tags":[369,448],"class_list":["post-12543","post","type-post","status-publish","format-standard","has-post-thumbnail","hentry","category-opere","tag-opere-gallery","tag-soto-jesusrafael"],"acf":[],"yoast_head":"<!-- This site is optimized with the Yoast SEO plugin v28.4 - https:\/\/yoast.com\/product\/yoast-seo-wordpress\/ -->\n<title>Inclin\u00e9 bleu et noir - Studio Guastalla<\/title>\n<meta name=\"robots\" content=\"index, follow, max-snippet:-1, max-image-preview:large, max-video-preview:-1\" \/>\n<link rel=\"canonical\" href=\"https:\/\/www.guastalla.com\/it\/opere\/incline-bleu-et-noir\/\" \/>\n<meta property=\"og:locale\" content=\"it_IT\" \/>\n<meta property=\"og:type\" content=\"article\" \/>\n<meta property=\"og:title\" content=\"Inclin\u00e9 bleu et noir - Studio Guastalla\" \/>\n<meta property=\"og:description\" content=\"Scultura in legno dipinto, metallo e nylon cm 43 \u00d7 38 \u00d7 19 1966 NOTE: Etichetta Galleria del Deposito sul retro EDIZIONE: prova d&#8217;artista, Galleria del deposito, Genova L\u2019opera \u00e8 un\u2019edizione della Galleria del Deposito, Genova, fondata nel 1963 come una cooperativa internazionale di artisti dal pittore Eugenio Carmi. Tra i suoi membri c\u2019era anche [&hellip;]\" \/>\n<meta property=\"og:url\" content=\"https:\/\/www.guastalla.com\/it\/opere\/incline-bleu-et-noir\/\" \/>\n<meta property=\"og:site_name\" content=\"Studio Guastalla\" \/>\n<meta property=\"article:published_time\" content=\"2021-10-30T12:10:41+00:00\" \/>\n<meta property=\"article:modified_time\" content=\"2025-12-12T14:58:59+00:00\" \/>\n<meta property=\"og:image\" content=\"https:\/\/www.guastalla.com\/wp-content\/uploads\/2021\/10\/dsc8613-scaled.jpg\" \/>\n\t<meta property=\"og:image:width\" content=\"1920\" \/>\n\t<meta property=\"og:image:height\" content=\"2560\" \/>\n\t<meta property=\"og:image:type\" content=\"image\/jpeg\" \/>\n<meta name=\"author\" content=\"guastalla\" \/>\n<meta name=\"twitter:card\" content=\"summary_large_image\" \/>\n<meta name=\"twitter:label1\" content=\"Scritto da\" \/>\n\t<meta name=\"twitter:data1\" content=\"guastalla\" \/>\n\t<meta name=\"twitter:label2\" content=\"Tempo di lettura stimato\" \/>\n\t<meta name=\"twitter:data2\" content=\"2 minuti\" \/>\n<script type=\"application\/ld+json\" class=\"yoast-schema-graph\">{\"@context\":\"https:\\\/\\\/schema.org\",\"@graph\":[{\"@type\":\"Article\",\"@id\":\"https:\\\/\\\/www.guastalla.com\\\/it\\\/opere\\\/incline-bleu-et-noir\\\/#article\",\"isPartOf\":{\"@id\":\"https:\\\/\\\/www.guastalla.com\\\/it\\\/opere\\\/incline-bleu-et-noir\\\/\"},\"author\":{\"name\":\"guastalla\",\"@id\":\"https:\\\/\\\/www.guastalla.com\\\/it\\\/#\\\/schema\\\/person\\\/912e9605c4795c9279e35f6f92eefebb\"},\"headline\":\"Inclin\u00e9 bleu et noir\",\"datePublished\":\"2021-10-30T12:10:41+00:00\",\"dateModified\":\"2025-12-12T14:58:59+00:00\",\"mainEntityOfPage\":{\"@id\":\"https:\\\/\\\/www.guastalla.com\\\/it\\\/opere\\\/incline-bleu-et-noir\\\/\"},\"wordCount\":354,\"image\":{\"@id\":\"https:\\\/\\\/www.guastalla.com\\\/it\\\/opere\\\/incline-bleu-et-noir\\\/#primaryimage\"},\"thumbnailUrl\":\"https:\\\/\\\/www.guastalla.com\\\/wp-content\\\/uploads\\\/2021\\\/10\\\/dsc8613-scaled.jpg\",\"keywords\":[\"opere-gallery\",\"soto-jesusrafael\"],\"articleSection\":[\"Opere\"],\"inLanguage\":\"it-IT\"},{\"@type\":\"WebPage\",\"@id\":\"https:\\\/\\\/www.guastalla.com\\\/it\\\/opere\\\/incline-bleu-et-noir\\\/\",\"url\":\"https:\\\/\\\/www.guastalla.com\\\/it\\\/opere\\\/incline-bleu-et-noir\\\/\",\"name\":\"Inclin\u00e9 bleu et noir - Studio Guastalla\",\"isPartOf\":{\"@id\":\"https:\\\/\\\/www.guastalla.com\\\/it\\\/#website\"},\"primaryImageOfPage\":{\"@id\":\"https:\\\/\\\/www.guastalla.com\\\/it\\\/opere\\\/incline-bleu-et-noir\\\/#primaryimage\"},\"image\":{\"@id\":\"https:\\\/\\\/www.guastalla.com\\\/it\\\/opere\\\/incline-bleu-et-noir\\\/#primaryimage\"},\"thumbnailUrl\":\"https:\\\/\\\/www.guastalla.com\\\/wp-content\\\/uploads\\\/2021\\\/10\\\/dsc8613-scaled.jpg\",\"datePublished\":\"2021-10-30T12:10:41+00:00\",\"dateModified\":\"2025-12-12T14:58:59+00:00\",\"author\":{\"@id\":\"https:\\\/\\\/www.guastalla.com\\\/it\\\/#\\\/schema\\\/person\\\/912e9605c4795c9279e35f6f92eefebb\"},\"breadcrumb\":{\"@id\":\"https:\\\/\\\/www.guastalla.com\\\/it\\\/opere\\\/incline-bleu-et-noir\\\/#breadcrumb\"},\"inLanguage\":\"it-IT\",\"potentialAction\":[{\"@type\":\"ReadAction\",\"target\":[\"https:\\\/\\\/www.guastalla.com\\\/it\\\/opere\\\/incline-bleu-et-noir\\\/\"]}]},{\"@type\":\"ImageObject\",\"inLanguage\":\"it-IT\",\"@id\":\"https:\\\/\\\/www.guastalla.com\\\/it\\\/opere\\\/incline-bleu-et-noir\\\/#primaryimage\",\"url\":\"https:\\\/\\\/www.guastalla.com\\\/wp-content\\\/uploads\\\/2021\\\/10\\\/dsc8613-scaled.jpg\",\"contentUrl\":\"https:\\\/\\\/www.guastalla.com\\\/wp-content\\\/uploads\\\/2021\\\/10\\\/dsc8613-scaled.jpg\",\"width\":1920,\"height\":2560,\"caption\":\"Jes\u00f9s Rafael Soto Inclin\u00e9 bleu et noir\"},{\"@type\":\"BreadcrumbList\",\"@id\":\"https:\\\/\\\/www.guastalla.com\\\/it\\\/opere\\\/incline-bleu-et-noir\\\/#breadcrumb\",\"itemListElement\":[{\"@type\":\"ListItem\",\"position\":1,\"name\":\"Home\",\"item\":\"https:\\\/\\\/www.guastalla.com\\\/it\\\/\"},{\"@type\":\"ListItem\",\"position\":2,\"name\":\"Inclin\u00e9 bleu et noir\"}]},{\"@type\":\"WebSite\",\"@id\":\"https:\\\/\\\/www.guastalla.com\\\/it\\\/#website\",\"url\":\"https:\\\/\\\/www.guastalla.com\\\/it\\\/\",\"name\":\"Studio Guastalla\",\"description\":\"Galleria Arte Moderna e Contemporanea\",\"potentialAction\":[{\"@type\":\"SearchAction\",\"target\":{\"@type\":\"EntryPoint\",\"urlTemplate\":\"https:\\\/\\\/www.guastalla.com\\\/it\\\/?s={search_term_string}\"},\"query-input\":{\"@type\":\"PropertyValueSpecification\",\"valueRequired\":true,\"valueName\":\"search_term_string\"}}],\"inLanguage\":\"it-IT\"},{\"@type\":\"Person\",\"@id\":\"https:\\\/\\\/www.guastalla.com\\\/it\\\/#\\\/schema\\\/person\\\/912e9605c4795c9279e35f6f92eefebb\",\"name\":\"guastalla\",\"image\":{\"@type\":\"ImageObject\",\"inLanguage\":\"it-IT\",\"@id\":\"https:\\\/\\\/secure.gravatar.com\\\/avatar\\\/a983a63767681bfd18143292d749b0d07a3c9b1e50df0a6a2095b13761f720ac?s=96&d=mm&r=g\",\"url\":\"https:\\\/\\\/secure.gravatar.com\\\/avatar\\\/a983a63767681bfd18143292d749b0d07a3c9b1e50df0a6a2095b13761f720ac?s=96&d=mm&r=g\",\"contentUrl\":\"https:\\\/\\\/secure.gravatar.com\\\/avatar\\\/a983a63767681bfd18143292d749b0d07a3c9b1e50df0a6a2095b13761f720ac?s=96&d=mm&r=g\",\"caption\":\"guastalla\"},\"url\":\"https:\\\/\\\/www.guastalla.com\\\/it\\\/author\\\/guastalla\\\/\"}]}<\/script>\n<!-- \/ Yoast SEO plugin. -->","yoast_head_json":{"title":"Inclin\u00e9 bleu et noir - Studio Guastalla","robots":{"index":"index","follow":"follow","max-snippet":"max-snippet:-1","max-image-preview":"max-image-preview:large","max-video-preview":"max-video-preview:-1"},"canonical":"https:\/\/www.guastalla.com\/it\/opere\/incline-bleu-et-noir\/","og_locale":"it_IT","og_type":"article","og_title":"Inclin\u00e9 bleu et noir - Studio Guastalla","og_description":"Scultura in legno dipinto, metallo e nylon cm 43 \u00d7 38 \u00d7 19 1966 NOTE: Etichetta Galleria del Deposito sul retro EDIZIONE: prova d&#8217;artista, Galleria del deposito, Genova L\u2019opera \u00e8 un\u2019edizione della Galleria del Deposito, Genova, fondata nel 1963 come una cooperativa internazionale di artisti dal pittore Eugenio Carmi. Tra i suoi membri c\u2019era anche [&hellip;]","og_url":"https:\/\/www.guastalla.com\/it\/opere\/incline-bleu-et-noir\/","og_site_name":"Studio Guastalla","article_published_time":"2021-10-30T12:10:41+00:00","article_modified_time":"2025-12-12T14:58:59+00:00","og_image":[{"width":1920,"height":2560,"url":"https:\/\/www.guastalla.com\/wp-content\/uploads\/2021\/10\/dsc8613-scaled.jpg","type":"image\/jpeg"}],"author":"guastalla","twitter_card":"summary_large_image","twitter_misc":{"Scritto da":"guastalla","Tempo di lettura stimato":"2 minuti"},"schema":{"@context":"https:\/\/schema.org","@graph":[{"@type":"Article","@id":"https:\/\/www.guastalla.com\/it\/opere\/incline-bleu-et-noir\/#article","isPartOf":{"@id":"https:\/\/www.guastalla.com\/it\/opere\/incline-bleu-et-noir\/"},"author":{"name":"guastalla","@id":"https:\/\/www.guastalla.com\/it\/#\/schema\/person\/912e9605c4795c9279e35f6f92eefebb"},"headline":"Inclin\u00e9 bleu et noir","datePublished":"2021-10-30T12:10:41+00:00","dateModified":"2025-12-12T14:58:59+00:00","mainEntityOfPage":{"@id":"https:\/\/www.guastalla.com\/it\/opere\/incline-bleu-et-noir\/"},"wordCount":354,"image":{"@id":"https:\/\/www.guastalla.com\/it\/opere\/incline-bleu-et-noir\/#primaryimage"},"thumbnailUrl":"https:\/\/www.guastalla.com\/wp-content\/uploads\/2021\/10\/dsc8613-scaled.jpg","keywords":["opere-gallery","soto-jesusrafael"],"articleSection":["Opere"],"inLanguage":"it-IT"},{"@type":"WebPage","@id":"https:\/\/www.guastalla.com\/it\/opere\/incline-bleu-et-noir\/","url":"https:\/\/www.guastalla.com\/it\/opere\/incline-bleu-et-noir\/","name":"Inclin\u00e9 bleu et noir - Studio Guastalla","isPartOf":{"@id":"https:\/\/www.guastalla.com\/it\/#website"},"primaryImageOfPage":{"@id":"https:\/\/www.guastalla.com\/it\/opere\/incline-bleu-et-noir\/#primaryimage"},"image":{"@id":"https:\/\/www.guastalla.com\/it\/opere\/incline-bleu-et-noir\/#primaryimage"},"thumbnailUrl":"https:\/\/www.guastalla.com\/wp-content\/uploads\/2021\/10\/dsc8613-scaled.jpg","datePublished":"2021-10-30T12:10:41+00:00","dateModified":"2025-12-12T14:58:59+00:00","author":{"@id":"https:\/\/www.guastalla.com\/it\/#\/schema\/person\/912e9605c4795c9279e35f6f92eefebb"},"breadcrumb":{"@id":"https:\/\/www.guastalla.com\/it\/opere\/incline-bleu-et-noir\/#breadcrumb"},"inLanguage":"it-IT","potentialAction":[{"@type":"ReadAction","target":["https:\/\/www.guastalla.com\/it\/opere\/incline-bleu-et-noir\/"]}]},{"@type":"ImageObject","inLanguage":"it-IT","@id":"https:\/\/www.guastalla.com\/it\/opere\/incline-bleu-et-noir\/#primaryimage","url":"https:\/\/www.guastalla.com\/wp-content\/uploads\/2021\/10\/dsc8613-scaled.jpg","contentUrl":"https:\/\/www.guastalla.com\/wp-content\/uploads\/2021\/10\/dsc8613-scaled.jpg","width":1920,"height":2560,"caption":"Jes\u00f9s Rafael Soto Inclin\u00e9 bleu et noir"},{"@type":"BreadcrumbList","@id":"https:\/\/www.guastalla.com\/it\/opere\/incline-bleu-et-noir\/#breadcrumb","itemListElement":[{"@type":"ListItem","position":1,"name":"Home","item":"https:\/\/www.guastalla.com\/it\/"},{"@type":"ListItem","position":2,"name":"Inclin\u00e9 bleu et noir"}]},{"@type":"WebSite","@id":"https:\/\/www.guastalla.com\/it\/#website","url":"https:\/\/www.guastalla.com\/it\/","name":"Studio Guastalla","description":"Galleria Arte Moderna e Contemporanea","potentialAction":[{"@type":"SearchAction","target":{"@type":"EntryPoint","urlTemplate":"https:\/\/www.guastalla.com\/it\/?s={search_term_string}"},"query-input":{"@type":"PropertyValueSpecification","valueRequired":true,"valueName":"search_term_string"}}],"inLanguage":"it-IT"},{"@type":"Person","@id":"https:\/\/www.guastalla.com\/it\/#\/schema\/person\/912e9605c4795c9279e35f6f92eefebb","name":"guastalla","image":{"@type":"ImageObject","inLanguage":"it-IT","@id":"https:\/\/secure.gravatar.com\/avatar\/a983a63767681bfd18143292d749b0d07a3c9b1e50df0a6a2095b13761f720ac?s=96&d=mm&r=g","url":"https:\/\/secure.gravatar.com\/avatar\/a983a63767681bfd18143292d749b0d07a3c9b1e50df0a6a2095b13761f720ac?s=96&d=mm&r=g","contentUrl":"https:\/\/secure.gravatar.com\/avatar\/a983a63767681bfd18143292d749b0d07a3c9b1e50df0a6a2095b13761f720ac?s=96&d=mm&r=g","caption":"guastalla"},"url":"https:\/\/www.guastalla.com\/it\/author\/guastalla\/"}]}},"_links":{"self":[{"href":"https:\/\/www.guastalla.com\/it\/wp-json\/wp\/v2\/posts\/12543","targetHints":{"allow":["GET"]}}],"collection":[{"href":"https:\/\/www.guastalla.com\/it\/wp-json\/wp\/v2\/posts"}],"about":[{"href":"https:\/\/www.guastalla.com\/it\/wp-json\/wp\/v2\/types\/post"}],"author":[{"embeddable":true,"href":"https:\/\/www.guastalla.com\/it\/wp-json\/wp\/v2\/users\/5"}],"replies":[{"embeddable":true,"href":"https:\/\/www.guastalla.com\/it\/wp-json\/wp\/v2\/comments?post=12543"}],"version-history":[{"count":8,"href":"https:\/\/www.guastalla.com\/it\/wp-json\/wp\/v2\/posts\/12543\/revisions"}],"predecessor-version":[{"id":19374,"href":"https:\/\/www.guastalla.com\/it\/wp-json\/wp\/v2\/posts\/12543\/revisions\/19374"}],"wp:featuredmedia":[{"embeddable":true,"href":"https:\/\/www.guastalla.com\/it\/wp-json\/wp\/v2\/media\/12535"}],"wp:attachment":[{"href":"https:\/\/www.guastalla.com\/it\/wp-json\/wp\/v2\/media?parent=12543"}],"wp:term":[{"taxonomy":"category","embeddable":true,"href":"https:\/\/www.guastalla.com\/it\/wp-json\/wp\/v2\/categories?post=12543"},{"taxonomy":"post_tag","embeddable":true,"href":"https:\/\/www.guastalla.com\/it\/wp-json\/wp\/v2\/tags?post=12543"}],"curies":[{"name":"wp","href":"https:\/\/api.w.org\/{rel}","templated":true}]}}