{"id":12534,"date":"2021-10-30T14:04:30","date_gmt":"2021-10-30T12:04:30","guid":{"rendered":"https:\/\/www.guastalla.com\/?p=12534"},"modified":"2025-03-18T12:51:58","modified_gmt":"2025-03-18T11:51:58","slug":"soto-jesus-rafael","status":"publish","type":"post","link":"https:\/\/www.guastalla.com\/it\/artisti\/soto-jesus-rafael\/","title":{"rendered":"Soto Rafael Jes\u00f9s"},"content":{"rendered":"<p><b>Jes\u00fas Rafael Soto<\/b>\u00a0(Ciudad Bol\u00edvar,\u00a05 giugno\u00a01923\u00a0\u2013\u00a0Parigi,\u00a014 gennaio\u00a02005) \u00e8 stato un\u00a0pittore\u00a0e\u00a0scultore\u00a0venezuelano \u00c8 stato uno dei principali esponenti del movimento dell&#8217;arte cinetica<\/p>\n<div class=\"thumb tright\">\n<div class=\"thumbinner\">\n<div class=\"thumbcaption\">\n<div class=\"magnify\">Jes\u00fas Rafael Soto nasce a Ciudad Bol\u00edvar il 5 giugno 1923 Gi\u00e0 da ragazzo inizia a dipingere dei poster per i cinema della sua citt\u00e0 natale Non era possibile non notare il suo precoce talento artistico, pertanto Soto si iscrive e frequenta l&#8217;Accademia artistica di Caracas<\/div>\n<\/div>\n<\/div>\n<\/div>\n<p>Dopo gli studi, dirige dal 1947 al 1950 la Escuela de Artes Plasticas a\u00a0Maracaibo<span id='dots'>&#8230;<\/span><\/p>\n<div id='more' name='more' style='display:none;'> Nello stesso anno, parte per\u00a0Parigi, dove conosce\u00a0Jean Tinguely,\u00a0Victor Vasarely\u00a0e\u00a0Yaacov Agam Con loro organizza varie esposizioni alla\u00a0Galleria Denise Ren\u00e9\u00a0e al\u00a0Salon des Realites Nouvelles\u00a0e, proprio grazie a queste, viene conosciuto in tutto il mondo<\/p>\n<p>Tra gli\u00a0anni settanta\u00a0e gli\u00a0anni novanta, i lavori di questo artista vennero esposti al\u00a0MOMA\u00a0(Museum of Modern Art) e al\u00a0Museo Guggenheim, entrambi situati a\u00a0New York<\/p>\n<p>Nel 1973 venne inaugurato, in suo onore, il\u00a0Museo di Arte Moderna Jes\u00fas Soto\u00a0a\u00a0Ciudad Bol\u00edvar\u00a0(progettato da\u00a0Carlos Ra\u00fal Villanueva), che raccoglie tutt&#8217;oggi numerosi quadri, sculture e\u00a0installazioni\u00a0dell&#8217;artista Per alcuni anni il museo venne diretto da un altro grande protagonista dell&#8217;arte cinetica: l&#8217;italiano\u00a0Getulio Alviani<\/p>\n<p>Soto muore a Parigi il 14 gennaio 2005 e viene sepolto al\u00a0Cimitero di Montparnasse<\/p>\n<p>Soto \u00e8 particolarmente noto per le sue sculture interattive composte da tubi sottili pendenti, attraverso i quali l&#8217;osservatore \u00e8 in grado di camminare L&#8217;arte di Soto ha una caratteristica: la percezione che manda direttamente al cervello, e non all&#8217;occhio Il cervello percepisce un&#8217;unica entit\u00e0 composta dal visitatore e dall&#8217;opera stessa<\/p><\/div>\n<p><button onclick=espandi_bio_artisti('it_IT') id='myBtn'>+ Leggi di pi\u00f9<\/button><\/p>\n","protected":false},"excerpt":{"rendered":"<p>Jes\u00fas Rafael Soto\u00a0(Ciudad Bol\u00edvar,\u00a05 giugno\u00a01923\u00a0\u2013\u00a0Parigi,\u00a014 gennaio\u00a02005) \u00e8 stato un\u00a0pittore\u00a0e\u00a0scultore\u00a0venezuelano \u00c8 stato uno dei principali esponenti del movimento dell&#8217;arte cinetica Jes\u00fas Rafael Soto nasce a Ciudad Bol\u00edvar il 5 giugno 1923 Gi\u00e0 da ragazzo inizia a dipingere dei poster per i cinema della sua citt\u00e0 natale Non era possibile non notare il suo precoce talento artistico, [&hellip;]<\/p>\n","protected":false},"author":5,"featured_media":12535,"comment_status":"closed","ping_status":"closed","sticky":false,"template":"","format":"standard","meta":{"_acf_changed":false,"_et_pb_use_builder":"","_et_pb_old_content":"","_et_gb_content_width":"","footnotes":""},"categories":[11],"tags":[460,448,563],"class_list":["post-12534","post","type-post","status-publish","format-standard","has-post-thumbnail","hentry","category-artisti","tag-miart2022","tag-soto-jesusrafael","tag-spazio-aperto"],"acf":[],"yoast_head":"<!-- This site is optimized with the Yoast SEO plugin v28.4 - https:\/\/yoast.com\/product\/yoast-seo-wordpress\/ -->\n<title>Jes\u00f9s Rafael Soto: biografia, opere, mostre - Studio Guastalla<\/title>\n<meta name=\"description\" content=\"Scopri la biografia, le opere e le mostre dell&#039;artista Jes\u00f9s Rafael Soto presso lo Studio Guastalla Arte Moderna e Contemporanea a Milano\" \/>\n<meta name=\"robots\" content=\"index, follow, max-snippet:-1, max-image-preview:large, max-video-preview:-1\" \/>\n<link rel=\"canonical\" href=\"https:\/\/www.guastalla.com\/it\/artisti\/soto-jesus-rafael\/\" \/>\n<meta property=\"og:locale\" content=\"it_IT\" \/>\n<meta property=\"og:type\" content=\"article\" \/>\n<meta property=\"og:title\" content=\"Jes\u00f9s Rafael Soto: biografia, opere, mostre - Studio Guastalla\" \/>\n<meta property=\"og:description\" content=\"Scopri la biografia, le opere e le mostre dell&#039;artista Jes\u00f9s Rafael Soto presso lo Studio Guastalla Arte Moderna e Contemporanea a Milano\" \/>\n<meta property=\"og:url\" content=\"https:\/\/www.guastalla.com\/it\/artisti\/soto-jesus-rafael\/\" \/>\n<meta property=\"og:site_name\" content=\"Studio Guastalla\" \/>\n<meta property=\"article:published_time\" content=\"2021-10-30T12:04:30+00:00\" \/>\n<meta property=\"article:modified_time\" content=\"2025-03-18T11:51:58+00:00\" \/>\n<meta property=\"og:image\" content=\"https:\/\/www.guastalla.com\/wp-content\/uploads\/2021\/10\/dsc8613-scaled.jpg\" \/>\n\t<meta property=\"og:image:width\" content=\"1920\" \/>\n\t<meta property=\"og:image:height\" content=\"2560\" \/>\n\t<meta property=\"og:image:type\" content=\"image\/jpeg\" \/>\n<meta name=\"author\" content=\"guastalla\" \/>\n<meta name=\"twitter:card\" content=\"summary_large_image\" \/>\n<meta name=\"twitter:label1\" content=\"Scritto da\" \/>\n\t<meta name=\"twitter:data1\" content=\"guastalla\" \/>\n\t<meta name=\"twitter:label2\" content=\"Tempo di lettura stimato\" \/>\n\t<meta name=\"twitter:data2\" content=\"2 minuti\" \/>\n<script type=\"application\/ld+json\" class=\"yoast-schema-graph\">{\"@context\":\"https:\\\/\\\/schema.org\",\"@graph\":[{\"@type\":\"Article\",\"@id\":\"https:\\\/\\\/www.guastalla.com\\\/it\\\/artisti\\\/soto-jesus-rafael\\\/#article\",\"isPartOf\":{\"@id\":\"https:\\\/\\\/www.guastalla.com\\\/it\\\/artisti\\\/soto-jesus-rafael\\\/\"},\"author\":{\"name\":\"guastalla\",\"@id\":\"https:\\\/\\\/www.guastalla.com\\\/it\\\/#\\\/schema\\\/person\\\/912e9605c4795c9279e35f6f92eefebb\"},\"headline\":\"Soto Rafael Jes\u00f9s\",\"datePublished\":\"2021-10-30T12:04:30+00:00\",\"dateModified\":\"2025-03-18T11:51:58+00:00\",\"mainEntityOfPage\":{\"@id\":\"https:\\\/\\\/www.guastalla.com\\\/it\\\/artisti\\\/soto-jesus-rafael\\\/\"},\"wordCount\":281,\"image\":{\"@id\":\"https:\\\/\\\/www.guastalla.com\\\/it\\\/artisti\\\/soto-jesus-rafael\\\/#primaryimage\"},\"thumbnailUrl\":\"https:\\\/\\\/www.guastalla.com\\\/wp-content\\\/uploads\\\/2021\\\/10\\\/dsc8613-scaled.jpg\",\"keywords\":[\"miart2022\",\"soto-jesusrafael\",\"spazio-aperto\"],\"articleSection\":[\"Artisti\"],\"inLanguage\":\"it-IT\"},{\"@type\":\"WebPage\",\"@id\":\"https:\\\/\\\/www.guastalla.com\\\/it\\\/artisti\\\/soto-jesus-rafael\\\/\",\"url\":\"https:\\\/\\\/www.guastalla.com\\\/it\\\/artisti\\\/soto-jesus-rafael\\\/\",\"name\":\"Jes\u00f9s Rafael Soto: biografia, opere, mostre - Studio Guastalla\",\"isPartOf\":{\"@id\":\"https:\\\/\\\/www.guastalla.com\\\/it\\\/#website\"},\"primaryImageOfPage\":{\"@id\":\"https:\\\/\\\/www.guastalla.com\\\/it\\\/artisti\\\/soto-jesus-rafael\\\/#primaryimage\"},\"image\":{\"@id\":\"https:\\\/\\\/www.guastalla.com\\\/it\\\/artisti\\\/soto-jesus-rafael\\\/#primaryimage\"},\"thumbnailUrl\":\"https:\\\/\\\/www.guastalla.com\\\/wp-content\\\/uploads\\\/2021\\\/10\\\/dsc8613-scaled.jpg\",\"datePublished\":\"2021-10-30T12:04:30+00:00\",\"dateModified\":\"2025-03-18T11:51:58+00:00\",\"author\":{\"@id\":\"https:\\\/\\\/www.guastalla.com\\\/it\\\/#\\\/schema\\\/person\\\/912e9605c4795c9279e35f6f92eefebb\"},\"description\":\"Scopri la biografia, le opere e le mostre dell'artista Jes\u00f9s Rafael Soto presso lo Studio Guastalla Arte Moderna e Contemporanea a Milano\",\"breadcrumb\":{\"@id\":\"https:\\\/\\\/www.guastalla.com\\\/it\\\/artisti\\\/soto-jesus-rafael\\\/#breadcrumb\"},\"inLanguage\":\"it-IT\",\"potentialAction\":[{\"@type\":\"ReadAction\",\"target\":[\"https:\\\/\\\/www.guastalla.com\\\/it\\\/artisti\\\/soto-jesus-rafael\\\/\"]}]},{\"@type\":\"ImageObject\",\"inLanguage\":\"it-IT\",\"@id\":\"https:\\\/\\\/www.guastalla.com\\\/it\\\/artisti\\\/soto-jesus-rafael\\\/#primaryimage\",\"url\":\"https:\\\/\\\/www.guastalla.com\\\/wp-content\\\/uploads\\\/2021\\\/10\\\/dsc8613-scaled.jpg\",\"contentUrl\":\"https:\\\/\\\/www.guastalla.com\\\/wp-content\\\/uploads\\\/2021\\\/10\\\/dsc8613-scaled.jpg\",\"width\":1920,\"height\":2560,\"caption\":\"Jes\u00f9s Rafael Soto Inclin\u00e9 bleu et noir\"},{\"@type\":\"BreadcrumbList\",\"@id\":\"https:\\\/\\\/www.guastalla.com\\\/it\\\/artisti\\\/soto-jesus-rafael\\\/#breadcrumb\",\"itemListElement\":[{\"@type\":\"ListItem\",\"position\":1,\"name\":\"Home\",\"item\":\"https:\\\/\\\/www.guastalla.com\\\/it\\\/\"},{\"@type\":\"ListItem\",\"position\":2,\"name\":\"Soto Rafael Jes\u00f9s\"}]},{\"@type\":\"WebSite\",\"@id\":\"https:\\\/\\\/www.guastalla.com\\\/it\\\/#website\",\"url\":\"https:\\\/\\\/www.guastalla.com\\\/it\\\/\",\"name\":\"Studio Guastalla\",\"description\":\"Galleria Arte Moderna e Contemporanea\",\"potentialAction\":[{\"@type\":\"SearchAction\",\"target\":{\"@type\":\"EntryPoint\",\"urlTemplate\":\"https:\\\/\\\/www.guastalla.com\\\/it\\\/?s={search_term_string}\"},\"query-input\":{\"@type\":\"PropertyValueSpecification\",\"valueRequired\":true,\"valueName\":\"search_term_string\"}}],\"inLanguage\":\"it-IT\"},{\"@type\":\"Person\",\"@id\":\"https:\\\/\\\/www.guastalla.com\\\/it\\\/#\\\/schema\\\/person\\\/912e9605c4795c9279e35f6f92eefebb\",\"name\":\"guastalla\",\"image\":{\"@type\":\"ImageObject\",\"inLanguage\":\"it-IT\",\"@id\":\"https:\\\/\\\/secure.gravatar.com\\\/avatar\\\/a983a63767681bfd18143292d749b0d07a3c9b1e50df0a6a2095b13761f720ac?s=96&d=mm&r=g\",\"url\":\"https:\\\/\\\/secure.gravatar.com\\\/avatar\\\/a983a63767681bfd18143292d749b0d07a3c9b1e50df0a6a2095b13761f720ac?s=96&d=mm&r=g\",\"contentUrl\":\"https:\\\/\\\/secure.gravatar.com\\\/avatar\\\/a983a63767681bfd18143292d749b0d07a3c9b1e50df0a6a2095b13761f720ac?s=96&d=mm&r=g\",\"caption\":\"guastalla\"},\"url\":\"https:\\\/\\\/www.guastalla.com\\\/it\\\/author\\\/guastalla\\\/\"}]}<\/script>\n<!-- \/ Yoast SEO plugin. -->","yoast_head_json":{"title":"Jes\u00f9s Rafael Soto: biografia, opere, mostre - Studio Guastalla","description":"Scopri la biografia, le opere e le mostre dell'artista Jes\u00f9s Rafael Soto presso lo Studio Guastalla Arte Moderna e Contemporanea a Milano","robots":{"index":"index","follow":"follow","max-snippet":"max-snippet:-1","max-image-preview":"max-image-preview:large","max-video-preview":"max-video-preview:-1"},"canonical":"https:\/\/www.guastalla.com\/it\/artisti\/soto-jesus-rafael\/","og_locale":"it_IT","og_type":"article","og_title":"Jes\u00f9s Rafael Soto: biografia, opere, mostre - Studio Guastalla","og_description":"Scopri la biografia, le opere e le mostre dell'artista Jes\u00f9s Rafael Soto presso lo Studio Guastalla Arte Moderna e Contemporanea a Milano","og_url":"https:\/\/www.guastalla.com\/it\/artisti\/soto-jesus-rafael\/","og_site_name":"Studio Guastalla","article_published_time":"2021-10-30T12:04:30+00:00","article_modified_time":"2025-03-18T11:51:58+00:00","og_image":[{"width":1920,"height":2560,"url":"https:\/\/www.guastalla.com\/wp-content\/uploads\/2021\/10\/dsc8613-scaled.jpg","type":"image\/jpeg"}],"author":"guastalla","twitter_card":"summary_large_image","twitter_misc":{"Scritto da":"guastalla","Tempo di lettura stimato":"2 minuti"},"schema":{"@context":"https:\/\/schema.org","@graph":[{"@type":"Article","@id":"https:\/\/www.guastalla.com\/it\/artisti\/soto-jesus-rafael\/#article","isPartOf":{"@id":"https:\/\/www.guastalla.com\/it\/artisti\/soto-jesus-rafael\/"},"author":{"name":"guastalla","@id":"https:\/\/www.guastalla.com\/it\/#\/schema\/person\/912e9605c4795c9279e35f6f92eefebb"},"headline":"Soto Rafael Jes\u00f9s","datePublished":"2021-10-30T12:04:30+00:00","dateModified":"2025-03-18T11:51:58+00:00","mainEntityOfPage":{"@id":"https:\/\/www.guastalla.com\/it\/artisti\/soto-jesus-rafael\/"},"wordCount":281,"image":{"@id":"https:\/\/www.guastalla.com\/it\/artisti\/soto-jesus-rafael\/#primaryimage"},"thumbnailUrl":"https:\/\/www.guastalla.com\/wp-content\/uploads\/2021\/10\/dsc8613-scaled.jpg","keywords":["miart2022","soto-jesusrafael","spazio-aperto"],"articleSection":["Artisti"],"inLanguage":"it-IT"},{"@type":"WebPage","@id":"https:\/\/www.guastalla.com\/it\/artisti\/soto-jesus-rafael\/","url":"https:\/\/www.guastalla.com\/it\/artisti\/soto-jesus-rafael\/","name":"Jes\u00f9s Rafael Soto: biografia, opere, mostre - Studio Guastalla","isPartOf":{"@id":"https:\/\/www.guastalla.com\/it\/#website"},"primaryImageOfPage":{"@id":"https:\/\/www.guastalla.com\/it\/artisti\/soto-jesus-rafael\/#primaryimage"},"image":{"@id":"https:\/\/www.guastalla.com\/it\/artisti\/soto-jesus-rafael\/#primaryimage"},"thumbnailUrl":"https:\/\/www.guastalla.com\/wp-content\/uploads\/2021\/10\/dsc8613-scaled.jpg","datePublished":"2021-10-30T12:04:30+00:00","dateModified":"2025-03-18T11:51:58+00:00","author":{"@id":"https:\/\/www.guastalla.com\/it\/#\/schema\/person\/912e9605c4795c9279e35f6f92eefebb"},"description":"Scopri la biografia, le opere e le mostre dell'artista Jes\u00f9s Rafael Soto presso lo Studio Guastalla Arte Moderna e Contemporanea a Milano","breadcrumb":{"@id":"https:\/\/www.guastalla.com\/it\/artisti\/soto-jesus-rafael\/#breadcrumb"},"inLanguage":"it-IT","potentialAction":[{"@type":"ReadAction","target":["https:\/\/www.guastalla.com\/it\/artisti\/soto-jesus-rafael\/"]}]},{"@type":"ImageObject","inLanguage":"it-IT","@id":"https:\/\/www.guastalla.com\/it\/artisti\/soto-jesus-rafael\/#primaryimage","url":"https:\/\/www.guastalla.com\/wp-content\/uploads\/2021\/10\/dsc8613-scaled.jpg","contentUrl":"https:\/\/www.guastalla.com\/wp-content\/uploads\/2021\/10\/dsc8613-scaled.jpg","width":1920,"height":2560,"caption":"Jes\u00f9s Rafael Soto Inclin\u00e9 bleu et noir"},{"@type":"BreadcrumbList","@id":"https:\/\/www.guastalla.com\/it\/artisti\/soto-jesus-rafael\/#breadcrumb","itemListElement":[{"@type":"ListItem","position":1,"name":"Home","item":"https:\/\/www.guastalla.com\/it\/"},{"@type":"ListItem","position":2,"name":"Soto Rafael Jes\u00f9s"}]},{"@type":"WebSite","@id":"https:\/\/www.guastalla.com\/it\/#website","url":"https:\/\/www.guastalla.com\/it\/","name":"Studio Guastalla","description":"Galleria Arte Moderna e Contemporanea","potentialAction":[{"@type":"SearchAction","target":{"@type":"EntryPoint","urlTemplate":"https:\/\/www.guastalla.com\/it\/?s={search_term_string}"},"query-input":{"@type":"PropertyValueSpecification","valueRequired":true,"valueName":"search_term_string"}}],"inLanguage":"it-IT"},{"@type":"Person","@id":"https:\/\/www.guastalla.com\/it\/#\/schema\/person\/912e9605c4795c9279e35f6f92eefebb","name":"guastalla","image":{"@type":"ImageObject","inLanguage":"it-IT","@id":"https:\/\/secure.gravatar.com\/avatar\/a983a63767681bfd18143292d749b0d07a3c9b1e50df0a6a2095b13761f720ac?s=96&d=mm&r=g","url":"https:\/\/secure.gravatar.com\/avatar\/a983a63767681bfd18143292d749b0d07a3c9b1e50df0a6a2095b13761f720ac?s=96&d=mm&r=g","contentUrl":"https:\/\/secure.gravatar.com\/avatar\/a983a63767681bfd18143292d749b0d07a3c9b1e50df0a6a2095b13761f720ac?s=96&d=mm&r=g","caption":"guastalla"},"url":"https:\/\/www.guastalla.com\/it\/author\/guastalla\/"}]}},"_links":{"self":[{"href":"https:\/\/www.guastalla.com\/it\/wp-json\/wp\/v2\/posts\/12534","targetHints":{"allow":["GET"]}}],"collection":[{"href":"https:\/\/www.guastalla.com\/it\/wp-json\/wp\/v2\/posts"}],"about":[{"href":"https:\/\/www.guastalla.com\/it\/wp-json\/wp\/v2\/types\/post"}],"author":[{"embeddable":true,"href":"https:\/\/www.guastalla.com\/it\/wp-json\/wp\/v2\/users\/5"}],"replies":[{"embeddable":true,"href":"https:\/\/www.guastalla.com\/it\/wp-json\/wp\/v2\/comments?post=12534"}],"version-history":[{"count":4,"href":"https:\/\/www.guastalla.com\/it\/wp-json\/wp\/v2\/posts\/12534\/revisions"}],"predecessor-version":[{"id":13920,"href":"https:\/\/www.guastalla.com\/it\/wp-json\/wp\/v2\/posts\/12534\/revisions\/13920"}],"wp:featuredmedia":[{"embeddable":true,"href":"https:\/\/www.guastalla.com\/it\/wp-json\/wp\/v2\/media\/12535"}],"wp:attachment":[{"href":"https:\/\/www.guastalla.com\/it\/wp-json\/wp\/v2\/media?parent=12534"}],"wp:term":[{"taxonomy":"category","embeddable":true,"href":"https:\/\/www.guastalla.com\/it\/wp-json\/wp\/v2\/categories?post=12534"},{"taxonomy":"post_tag","embeddable":true,"href":"https:\/\/www.guastalla.com\/it\/wp-json\/wp\/v2\/tags?post=12534"}],"curies":[{"name":"wp","href":"https:\/\/api.w.org\/{rel}","templated":true}]}}