{"id":12256,"date":"2021-10-30T13:08:34","date_gmt":"2021-10-30T11:08:34","guid":{"rendered":"https:\/\/www.guastalla.com\/?p=12256"},"modified":"2026-05-07T15:10:09","modified_gmt":"2026-05-07T13:10:09","slug":"angeli-franco","status":"publish","type":"post","link":"https:\/\/www.guastalla.com\/it\/artisti\/angeli-franco\/","title":{"rendered":"Angeli Franco"},"content":{"rendered":"<p>ROMA, 1935 &#8211; ROMA, 1988<\/p>\n<p>Giuseppe Franco Angeli nasce a Roma il 14 maggio 1935 nel quartiere di San Lorenzo, da Gennaro Gennarini, antifascista ed Erminia Angeli, della quale, come i fratelli Omero e Otello, prende il cognome Angeli canta per gli alleati in una trasmissione radiofonica e inizia a lavorare gi\u00e0 a nove anni per provvedere alla madre malata: prima ai magazzini e poi in una tappezzeria e in una carrozzeria, apprendendo l\u2019utilizzo dei tessuti, delle sagome e dei ritagli, che riporter\u00e0 nelle sue opere Non frequenta regolari studi d\u2019arte ma inizia a dipingere nel 1957, quando parte militare per Orvieto: \u201cQuando una persona ha un malessere profondo deve cercare un modo per non essere pi\u00f9 sola, deve in definitiva, trovarsi un interesse che l\u2019accompagni per la vita\u201d racconter\u00e0 in seguito<br \/>\nTornato a Roma, nella Caserma Granatieri del quartiere Prati, entra in contatto con lo scultore Edgardo Mannucci, amico di Alberto Burri: Angeli rimane profondamente affascinato dall\u2019opera di quest\u2019ultimo, tanto da riprenderne la matericit\u00e0 consunta dei Catrami Non a caso, facendo riferimento all\u2019opera E da una ferita scatur\u00ec la bellezza (1957) &#8211; che si iscrive nella sua primissima produzione e che prende spunto dal ricordo del trauma vissuto la notte del bombardamento di San Lorenzo, il 19 luglio 1943 &#8211; dir\u00e0: \u201cLa materia per me \u00e8 un frammento di questa enorme lacerazione che ha travolto l\u2019Europa; i miei primi quadri erano cos\u00ec, come una ferita dalla quale togli dei pezzi di benda [\u2026] dove il sangue si \u00e8 rappreso ma non \u00e8 pi\u00f9 una macchia rossa\u201d, che sembrano richiamare i bombardamenti della seconda guerra mondiale: \u00e8 infatti in lui evidente, per chi lo conosce e lo frequenta a causa di questa attitudine, la tensione narrativa in cui i fili del vissuto personale sono inestricabilmente intrecciati con quelli della storia<br \/>\nNel 1980 inaugura una personale all\u2019Agenzia d\u2019Arte Moderna Sprovieri di Roma e nel 1981 alla Galleria L\u2019Indiano di Firenze<span id='dots'>&#8230;<\/span><\/p>\n<div id='more' name='more' style='display:none;'> A novembre dello stesso anno \u00e8 a Lecco nella mostra 30 anni di arte italiana 1950-1980 Nel 1982 realizza le scene per l\u2019opera Girotondo al Maggio Musicale Fiorentino e nel 1983 espone alla Galleria La Tartaruga di Roma nella mostra dedicata alla Scuola di Piazza Del Popolo L\u2019anno successivo inaugura diverse personali, allo Studio d\u2019Arte Celium di Roma, al Belvedere di San Leucio a Caserta, alla Galleria Grafica dei Greci a Roma Partecipa alle mostre Gli amici del cuore alla Galleria Sprovieri di Roma, La macchina della memoria a Palazzo Rivaldi a Roma e Attraversamenti Linee della nuova arte contemporanea italiana a Perugia<br \/>\nIl forte interesse sociale e popolare prosegue nelle opere degli anni ottanta, quando Angeli riprende il tema della guerra nella serie di paesaggi esotici con piramidi, obelischi ed aerei \u201ctracciati con apparente semplicit\u00e0 e limpidezza di contorni, sospesi e cristallizzati in una gelida spazialit\u00e0 metafisica\u201d, che diventeranno poi vere e proprie Esplosioni (1986); le forme divengono stilizzate e lasciano affiorare guglie, capitelli e piazze deserte<br \/>\nIl tema della \u201cmarionetta\u201d, che compare sempre pi\u00f9 spesso dopo il 1984, \u00e8 una sorta di autoritratto che sembra preludere alla fase finale della sua vita Nel 1985 espone al Museo Civico di Arte Contemporanea di Gibellina e in una personale alla galleria Grafica dei Greci a Roma A giugno del 1986 partecipa alla XI Quadriennale di Roma, espone in una collettiva alla Galleria Fontanella Borghese a Roma e in una personale alla Galleria d\u2019Arte Ex Libris Nell\u2019aprile 1987 a Milano, nell\u2019ambito della mostra Arte e Computer, presenta il cortometraggio Souvenir Nel 1988 espone nelle mostre Arte contro l\u2019AIDS a Roma e Le Scuole Romane, sviluppi e continuit\u00e0, 1927-1988 a Verona Le sue ultime personali si tengono alla Galleria Rinaldo Rotta di Genova, alla Casa del Macchiavelli a San Casciano Val di Pesa e alla Galleria Gregoriana di Roma<br \/>\nAngeli si spegne a Roma il 12 novembre 1988<\/div>\n<p><button onclick=espandi_bio_artisti('it_IT') id='myBtn'>+ Leggi di pi\u00f9<\/button><\/p>\n","protected":false},"excerpt":{"rendered":"<p>ROMA, 1935 &#8211; ROMA, 1988 Giuseppe Franco Angeli nasce a Roma il 14 maggio 1935 nel quartiere di San Lorenzo, da Gennaro Gennarini, antifascista ed Erminia Angeli, della quale, come i fratelli Omero e Otello, prende il cognome Angeli canta per gli alleati in una trasmissione radiofonica e inizia a lavorare gi\u00e0 a nove anni [&hellip;]<\/p>\n","protected":false},"author":5,"featured_media":14597,"comment_status":"closed","ping_status":"closed","sticky":false,"template":"","format":"standard","meta":{"_acf_changed":false,"_et_pb_use_builder":"","_et_pb_old_content":"","_et_gb_content_width":"","footnotes":""},"categories":[11],"tags":[444],"class_list":["post-12256","post","type-post","status-publish","format-standard","has-post-thumbnail","hentry","category-artisti","tag-angeli-franco"],"acf":[],"yoast_head":"<!-- This site is optimized with the Yoast SEO plugin v28.4 - https:\/\/yoast.com\/product\/yoast-seo-wordpress\/ -->\n<title>Franco Angeli: biografia, opere, mostre - Studio Guastalla<\/title>\n<meta name=\"description\" content=\"Scopri la biografia, le opere e le mostre dell&#039;artista Franco Angeli presso lo Studio Guastalla Arte Moderna e Contemporanea a Milano\" \/>\n<meta name=\"robots\" content=\"index, follow, max-snippet:-1, max-image-preview:large, max-video-preview:-1\" \/>\n<link rel=\"canonical\" href=\"https:\/\/www.guastalla.com\/it\/artisti\/angeli-franco\/\" \/>\n<meta property=\"og:locale\" content=\"it_IT\" \/>\n<meta property=\"og:type\" content=\"article\" \/>\n<meta property=\"og:title\" content=\"Franco Angeli: biografia, opere, mostre - Studio Guastalla\" \/>\n<meta property=\"og:description\" content=\"Scopri la biografia, le opere e le mostre dell&#039;artista Franco Angeli presso lo Studio Guastalla Arte Moderna e Contemporanea a Milano\" \/>\n<meta property=\"og:url\" content=\"https:\/\/www.guastalla.com\/it\/artisti\/angeli-franco\/\" \/>\n<meta property=\"og:site_name\" content=\"Studio Guastalla\" \/>\n<meta property=\"article:published_time\" content=\"2021-10-30T11:08:34+00:00\" \/>\n<meta property=\"article:modified_time\" content=\"2026-05-07T13:10:09+00:00\" \/>\n<meta property=\"og:image\" content=\"https:\/\/www.guastalla.com\/wp-content\/uploads\/2023\/06\/riz1362-scaled.jpg\" \/>\n\t<meta property=\"og:image:width\" content=\"2560\" \/>\n\t<meta property=\"og:image:height\" content=\"1689\" \/>\n\t<meta property=\"og:image:type\" content=\"image\/jpeg\" \/>\n<meta name=\"author\" content=\"guastalla\" \/>\n<meta name=\"twitter:card\" content=\"summary_large_image\" \/>\n<meta name=\"twitter:label1\" content=\"Scritto da\" \/>\n\t<meta name=\"twitter:data1\" content=\"guastalla\" \/>\n\t<meta name=\"twitter:label2\" content=\"Tempo di lettura stimato\" \/>\n\t<meta name=\"twitter:data2\" content=\"3 minuti\" \/>\n<script type=\"application\/ld+json\" class=\"yoast-schema-graph\">{\"@context\":\"https:\\\/\\\/schema.org\",\"@graph\":[{\"@type\":\"Article\",\"@id\":\"https:\\\/\\\/www.guastalla.com\\\/it\\\/artisti\\\/angeli-franco\\\/#article\",\"isPartOf\":{\"@id\":\"https:\\\/\\\/www.guastalla.com\\\/it\\\/artisti\\\/angeli-franco\\\/\"},\"author\":{\"name\":\"guastalla\",\"@id\":\"https:\\\/\\\/www.guastalla.com\\\/it\\\/#\\\/schema\\\/person\\\/912e9605c4795c9279e35f6f92eefebb\"},\"headline\":\"Angeli Franco\",\"datePublished\":\"2021-10-30T11:08:34+00:00\",\"dateModified\":\"2026-05-07T13:10:09+00:00\",\"mainEntityOfPage\":{\"@id\":\"https:\\\/\\\/www.guastalla.com\\\/it\\\/artisti\\\/angeli-franco\\\/\"},\"wordCount\":634,\"image\":{\"@id\":\"https:\\\/\\\/www.guastalla.com\\\/it\\\/artisti\\\/angeli-franco\\\/#primaryimage\"},\"thumbnailUrl\":\"https:\\\/\\\/www.guastalla.com\\\/wp-content\\\/uploads\\\/2023\\\/06\\\/riz1362-scaled.jpg\",\"keywords\":[\"angeli-franco\"],\"articleSection\":[\"Artisti\"],\"inLanguage\":\"it-IT\"},{\"@type\":\"WebPage\",\"@id\":\"https:\\\/\\\/www.guastalla.com\\\/it\\\/artisti\\\/angeli-franco\\\/\",\"url\":\"https:\\\/\\\/www.guastalla.com\\\/it\\\/artisti\\\/angeli-franco\\\/\",\"name\":\"Franco Angeli: biografia, opere, mostre - Studio Guastalla\",\"isPartOf\":{\"@id\":\"https:\\\/\\\/www.guastalla.com\\\/it\\\/#website\"},\"primaryImageOfPage\":{\"@id\":\"https:\\\/\\\/www.guastalla.com\\\/it\\\/artisti\\\/angeli-franco\\\/#primaryimage\"},\"image\":{\"@id\":\"https:\\\/\\\/www.guastalla.com\\\/it\\\/artisti\\\/angeli-franco\\\/#primaryimage\"},\"thumbnailUrl\":\"https:\\\/\\\/www.guastalla.com\\\/wp-content\\\/uploads\\\/2023\\\/06\\\/riz1362-scaled.jpg\",\"datePublished\":\"2021-10-30T11:08:34+00:00\",\"dateModified\":\"2026-05-07T13:10:09+00:00\",\"author\":{\"@id\":\"https:\\\/\\\/www.guastalla.com\\\/it\\\/#\\\/schema\\\/person\\\/912e9605c4795c9279e35f6f92eefebb\"},\"description\":\"Scopri la biografia, le opere e le mostre dell'artista Franco Angeli presso lo Studio Guastalla Arte Moderna e Contemporanea a Milano\",\"breadcrumb\":{\"@id\":\"https:\\\/\\\/www.guastalla.com\\\/it\\\/artisti\\\/angeli-franco\\\/#breadcrumb\"},\"inLanguage\":\"it-IT\",\"potentialAction\":[{\"@type\":\"ReadAction\",\"target\":[\"https:\\\/\\\/www.guastalla.com\\\/it\\\/artisti\\\/angeli-franco\\\/\"]}]},{\"@type\":\"ImageObject\",\"inLanguage\":\"it-IT\",\"@id\":\"https:\\\/\\\/www.guastalla.com\\\/it\\\/artisti\\\/angeli-franco\\\/#primaryimage\",\"url\":\"https:\\\/\\\/www.guastalla.com\\\/wp-content\\\/uploads\\\/2023\\\/06\\\/riz1362-scaled.jpg\",\"contentUrl\":\"https:\\\/\\\/www.guastalla.com\\\/wp-content\\\/uploads\\\/2023\\\/06\\\/riz1362-scaled.jpg\",\"width\":2560,\"height\":1689},{\"@type\":\"BreadcrumbList\",\"@id\":\"https:\\\/\\\/www.guastalla.com\\\/it\\\/artisti\\\/angeli-franco\\\/#breadcrumb\",\"itemListElement\":[{\"@type\":\"ListItem\",\"position\":1,\"name\":\"Home\",\"item\":\"https:\\\/\\\/www.guastalla.com\\\/it\\\/\"},{\"@type\":\"ListItem\",\"position\":2,\"name\":\"Angeli Franco\"}]},{\"@type\":\"WebSite\",\"@id\":\"https:\\\/\\\/www.guastalla.com\\\/it\\\/#website\",\"url\":\"https:\\\/\\\/www.guastalla.com\\\/it\\\/\",\"name\":\"Studio Guastalla\",\"description\":\"Galleria Arte Moderna e Contemporanea\",\"potentialAction\":[{\"@type\":\"SearchAction\",\"target\":{\"@type\":\"EntryPoint\",\"urlTemplate\":\"https:\\\/\\\/www.guastalla.com\\\/it\\\/?s={search_term_string}\"},\"query-input\":{\"@type\":\"PropertyValueSpecification\",\"valueRequired\":true,\"valueName\":\"search_term_string\"}}],\"inLanguage\":\"it-IT\"},{\"@type\":\"Person\",\"@id\":\"https:\\\/\\\/www.guastalla.com\\\/it\\\/#\\\/schema\\\/person\\\/912e9605c4795c9279e35f6f92eefebb\",\"name\":\"guastalla\",\"image\":{\"@type\":\"ImageObject\",\"inLanguage\":\"it-IT\",\"@id\":\"https:\\\/\\\/secure.gravatar.com\\\/avatar\\\/a983a63767681bfd18143292d749b0d07a3c9b1e50df0a6a2095b13761f720ac?s=96&d=mm&r=g\",\"url\":\"https:\\\/\\\/secure.gravatar.com\\\/avatar\\\/a983a63767681bfd18143292d749b0d07a3c9b1e50df0a6a2095b13761f720ac?s=96&d=mm&r=g\",\"contentUrl\":\"https:\\\/\\\/secure.gravatar.com\\\/avatar\\\/a983a63767681bfd18143292d749b0d07a3c9b1e50df0a6a2095b13761f720ac?s=96&d=mm&r=g\",\"caption\":\"guastalla\"},\"url\":\"https:\\\/\\\/www.guastalla.com\\\/it\\\/author\\\/guastalla\\\/\"}]}<\/script>\n<!-- \/ Yoast SEO plugin. -->","yoast_head_json":{"title":"Franco Angeli: biografia, opere, mostre - Studio Guastalla","description":"Scopri la biografia, le opere e le mostre dell'artista Franco Angeli presso lo Studio Guastalla Arte Moderna e Contemporanea a Milano","robots":{"index":"index","follow":"follow","max-snippet":"max-snippet:-1","max-image-preview":"max-image-preview:large","max-video-preview":"max-video-preview:-1"},"canonical":"https:\/\/www.guastalla.com\/it\/artisti\/angeli-franco\/","og_locale":"it_IT","og_type":"article","og_title":"Franco Angeli: biografia, opere, mostre - Studio Guastalla","og_description":"Scopri la biografia, le opere e le mostre dell'artista Franco Angeli presso lo Studio Guastalla Arte Moderna e Contemporanea a Milano","og_url":"https:\/\/www.guastalla.com\/it\/artisti\/angeli-franco\/","og_site_name":"Studio Guastalla","article_published_time":"2021-10-30T11:08:34+00:00","article_modified_time":"2026-05-07T13:10:09+00:00","og_image":[{"width":2560,"height":1689,"url":"https:\/\/www.guastalla.com\/wp-content\/uploads\/2023\/06\/riz1362-scaled.jpg","type":"image\/jpeg"}],"author":"guastalla","twitter_card":"summary_large_image","twitter_misc":{"Scritto da":"guastalla","Tempo di lettura stimato":"3 minuti"},"schema":{"@context":"https:\/\/schema.org","@graph":[{"@type":"Article","@id":"https:\/\/www.guastalla.com\/it\/artisti\/angeli-franco\/#article","isPartOf":{"@id":"https:\/\/www.guastalla.com\/it\/artisti\/angeli-franco\/"},"author":{"name":"guastalla","@id":"https:\/\/www.guastalla.com\/it\/#\/schema\/person\/912e9605c4795c9279e35f6f92eefebb"},"headline":"Angeli Franco","datePublished":"2021-10-30T11:08:34+00:00","dateModified":"2026-05-07T13:10:09+00:00","mainEntityOfPage":{"@id":"https:\/\/www.guastalla.com\/it\/artisti\/angeli-franco\/"},"wordCount":634,"image":{"@id":"https:\/\/www.guastalla.com\/it\/artisti\/angeli-franco\/#primaryimage"},"thumbnailUrl":"https:\/\/www.guastalla.com\/wp-content\/uploads\/2023\/06\/riz1362-scaled.jpg","keywords":["angeli-franco"],"articleSection":["Artisti"],"inLanguage":"it-IT"},{"@type":"WebPage","@id":"https:\/\/www.guastalla.com\/it\/artisti\/angeli-franco\/","url":"https:\/\/www.guastalla.com\/it\/artisti\/angeli-franco\/","name":"Franco Angeli: biografia, opere, mostre - Studio Guastalla","isPartOf":{"@id":"https:\/\/www.guastalla.com\/it\/#website"},"primaryImageOfPage":{"@id":"https:\/\/www.guastalla.com\/it\/artisti\/angeli-franco\/#primaryimage"},"image":{"@id":"https:\/\/www.guastalla.com\/it\/artisti\/angeli-franco\/#primaryimage"},"thumbnailUrl":"https:\/\/www.guastalla.com\/wp-content\/uploads\/2023\/06\/riz1362-scaled.jpg","datePublished":"2021-10-30T11:08:34+00:00","dateModified":"2026-05-07T13:10:09+00:00","author":{"@id":"https:\/\/www.guastalla.com\/it\/#\/schema\/person\/912e9605c4795c9279e35f6f92eefebb"},"description":"Scopri la biografia, le opere e le mostre dell'artista Franco Angeli presso lo Studio Guastalla Arte Moderna e Contemporanea a Milano","breadcrumb":{"@id":"https:\/\/www.guastalla.com\/it\/artisti\/angeli-franco\/#breadcrumb"},"inLanguage":"it-IT","potentialAction":[{"@type":"ReadAction","target":["https:\/\/www.guastalla.com\/it\/artisti\/angeli-franco\/"]}]},{"@type":"ImageObject","inLanguage":"it-IT","@id":"https:\/\/www.guastalla.com\/it\/artisti\/angeli-franco\/#primaryimage","url":"https:\/\/www.guastalla.com\/wp-content\/uploads\/2023\/06\/riz1362-scaled.jpg","contentUrl":"https:\/\/www.guastalla.com\/wp-content\/uploads\/2023\/06\/riz1362-scaled.jpg","width":2560,"height":1689},{"@type":"BreadcrumbList","@id":"https:\/\/www.guastalla.com\/it\/artisti\/angeli-franco\/#breadcrumb","itemListElement":[{"@type":"ListItem","position":1,"name":"Home","item":"https:\/\/www.guastalla.com\/it\/"},{"@type":"ListItem","position":2,"name":"Angeli Franco"}]},{"@type":"WebSite","@id":"https:\/\/www.guastalla.com\/it\/#website","url":"https:\/\/www.guastalla.com\/it\/","name":"Studio Guastalla","description":"Galleria Arte Moderna e Contemporanea","potentialAction":[{"@type":"SearchAction","target":{"@type":"EntryPoint","urlTemplate":"https:\/\/www.guastalla.com\/it\/?s={search_term_string}"},"query-input":{"@type":"PropertyValueSpecification","valueRequired":true,"valueName":"search_term_string"}}],"inLanguage":"it-IT"},{"@type":"Person","@id":"https:\/\/www.guastalla.com\/it\/#\/schema\/person\/912e9605c4795c9279e35f6f92eefebb","name":"guastalla","image":{"@type":"ImageObject","inLanguage":"it-IT","@id":"https:\/\/secure.gravatar.com\/avatar\/a983a63767681bfd18143292d749b0d07a3c9b1e50df0a6a2095b13761f720ac?s=96&d=mm&r=g","url":"https:\/\/secure.gravatar.com\/avatar\/a983a63767681bfd18143292d749b0d07a3c9b1e50df0a6a2095b13761f720ac?s=96&d=mm&r=g","contentUrl":"https:\/\/secure.gravatar.com\/avatar\/a983a63767681bfd18143292d749b0d07a3c9b1e50df0a6a2095b13761f720ac?s=96&d=mm&r=g","caption":"guastalla"},"url":"https:\/\/www.guastalla.com\/it\/author\/guastalla\/"}]}},"_links":{"self":[{"href":"https:\/\/www.guastalla.com\/it\/wp-json\/wp\/v2\/posts\/12256","targetHints":{"allow":["GET"]}}],"collection":[{"href":"https:\/\/www.guastalla.com\/it\/wp-json\/wp\/v2\/posts"}],"about":[{"href":"https:\/\/www.guastalla.com\/it\/wp-json\/wp\/v2\/types\/post"}],"author":[{"embeddable":true,"href":"https:\/\/www.guastalla.com\/it\/wp-json\/wp\/v2\/users\/5"}],"replies":[{"embeddable":true,"href":"https:\/\/www.guastalla.com\/it\/wp-json\/wp\/v2\/comments?post=12256"}],"version-history":[{"count":19,"href":"https:\/\/www.guastalla.com\/it\/wp-json\/wp\/v2\/posts\/12256\/revisions"}],"predecessor-version":[{"id":20238,"href":"https:\/\/www.guastalla.com\/it\/wp-json\/wp\/v2\/posts\/12256\/revisions\/20238"}],"wp:featuredmedia":[{"embeddable":true,"href":"https:\/\/www.guastalla.com\/it\/wp-json\/wp\/v2\/media\/14597"}],"wp:attachment":[{"href":"https:\/\/www.guastalla.com\/it\/wp-json\/wp\/v2\/media?parent=12256"}],"wp:term":[{"taxonomy":"category","embeddable":true,"href":"https:\/\/www.guastalla.com\/it\/wp-json\/wp\/v2\/categories?post=12256"},{"taxonomy":"post_tag","embeddable":true,"href":"https:\/\/www.guastalla.com\/it\/wp-json\/wp\/v2\/tags?post=12256"}],"curies":[{"name":"wp","href":"https:\/\/api.w.org\/{rel}","templated":true}]}}