{"id":12003,"date":"2021-07-24T16:00:52","date_gmt":"2021-07-24T14:00:52","guid":{"rendered":"https:\/\/www.guastalla.com\/?p=12003"},"modified":"2022-09-09T15:46:33","modified_gmt":"2022-09-09T13:46:33","slug":"sanfilippo-antonio","status":"publish","type":"post","link":"https:\/\/www.guastalla.com\/it\/artisti\/sanfilippo-antonio\/","title":{"rendered":"Sanfilippo Antonio"},"content":{"rendered":"<p>PARTANNA 1923 &#8211; ROMA 1980<\/p>\n<p><strong>Antonio Sanfilippo<\/strong> nasce a Partanna, in provincia di Trapani, l\u20198 dicembre del 1923 Frequenta dal \u201938 il Liceo Artistico di Palermo, ove ha tra i suoi maestri Guido Ballo, e tra gli amici pi\u00f9 cari Pietro Consagra, con il quale condivide una iniziale vocazione alla scultura, nella quale fa i suoi esordi anche espositivi in una collettiva fiorentina Nel dicembre del \u201942 si iscrive per\u00f2 al corso di pittura dell\u2019Accademia di Belle Arti di Firenze, ove \u00e8 allievo di Felice Carena, che ne orienta i primi passi nella pittura Dipinge spesso all\u2019aperto, come attesta un permesso da lui richiesto per questo fine alle autorit\u00e0 militari Rientrato a Partanna, vi insegna disegno presso l\u2019Istituto Magistrale<\/p>\n<p>Nel \u201944, all\u2019Accademia di Belle Arti di Palermo, conosce <a href=\"https:\/\/www<span id='dots'>&#8230;<\/span><\/p>\n<div id='more' name='more' style='display:none;'>guastallacom\/it\/artisti\/accardi-carla\/&#8221;>Carla Accardi<\/a>; espone l\u2019anno seguente al Teatro Massimo con Guttuso e altri giovani, quindi \u2013 sempre nel \u201945 \u2013 tiene nel capoluogo siciliano la sua prima personale (con un \u201climitato numero di quadri, di dimensioni modeste\u201d, nel ricordo di Ugo Attardi) Nel \u201946 si iscrive alla sezione palermitana del Partito Comunista Nuovamente a Firenze, termina gli studi d\u2019Accademia; quindi si trasferisce a Roma Pur ancora venata di giovanile idealismo (\u201cnoi siamo diversi perch\u00e9 al di sopra di tutte le cose che si vivono materialmente collochiamo la nostra arte sublime\u201d; da una lettera dell\u2019ottobre \u201946 a Carla Accardi, che nel frattempo risiede nella casa paterna di Trapani), si radica in lui la lucida intenzione di vivere la pittura come intera ossessione (\u201cla cosa che conta \u00e8 che non si tralasci quella disciplina di pensare alla pittura la maggior parte del giorno, senza sostituirla con altre storie\u201d; ad Accardi, sempre nel \u201846) E la consapevolezza appena conquistata si gira presto in esortazione: \u201cCarla, cerca di trovare nel lavoro e nella fiducia di un domani tutta la pace necessaria\u201d<\/p>\n<p>Alla fine dell\u2019anno compie il viaggio di studio divenuto per tutti canonico a Parigi, con Accardi, Attardi, Maugeri, Turcato, Consagra Il viaggio gli consente un utile sguardo sulla avanguardia europea, e soprattutto sulla pittura dei <em>Jeunes peintres de tradition fran\u00e7aise<\/em>; non percepisce invece, per allora, n\u00e9 le suggestioni dell\u2019appena nato <em>informel<\/em>, n\u00e9 quelle del concretismo<\/p>\n<p>Nel \u201947 \u00e8 tra i sottoscrittori del manifesto di \u201cForma\u201d e, superato presto l\u2019iniziale post-cubismo picassiano e guttusiano, sperimenta le prime ipotesi neo-concrete, poi quelle astratte alle quali rester\u00e0 sempre devoto, convinto che solo \u201cnell\u2019astrattismo la rappresentazione tende a rivelare i nuovi aspetti delle cose\u201d Partecipa a tutte le principali occasioni espositive del gruppo di \u201cForma\u201d, e in particolare a quelle promosse dall\u2019Art Club (tra le quali \u201cArte astratta in Italia\u201d alla Galleria di Roma nel \u201948, la terza mostra \u201cArte d\u2019Oggi\u201d a Palazzo Strozzi di Firenze nel \u201949 e \u201cArte astratta e concreta in Italia\u201d alla Galleria Nazionale di Roma nel febbraio del \u201951), che aveva organizzato anche, nel giugno del \u201948, la mostra \u201cAccardi, Attardi, Sanfilippo\u201d, prima occasione che ha di presentare pi\u00f9 largamente la sua pittura recente Nello stesso anno espone alla V Quadriennale di Roma e alla XXIV Biennale di Venezia<\/p>\n<p>Nel gennaio del \u201951 compie con Carla Accardi (che ha sposato nel settembre del \u201949) un secondo viaggio a Parigi, durante il quale conosce tra l\u2019altro personalmente Hans Hartung, che ne influenzer\u00e0 profondamente la pittura, e Alberto Magnelli, che gi\u00e0 gli \u00e8 ben presente, almeno dal \u201948; \u2018riscopre\u2019 inoltre Arp e Kandinsky<\/p>\n<p>Dai primi anni Cinquanta tiene personali di rilievo in gallerie fortemente orientate sui nuovi linguaggi, quali la Vetrina di Chiurazzi a Roma, la Libreria Salto a Milano, l\u2019Age d\u2019Or a Roma, il Cavallino a Venezia, la Schneider nuovamente a Roma, il Naviglio a Milano Nella seconda met\u00e0 del decennio il suo lavoro ha crescenti riscontri internazionali (espone tra l\u2019altro a New York, Osaka, Bruxelles, Losanna, Pittsburgh, Londra) e registra nuove, importanti adesioni critiche (scrivono di lui fra gli altri Marchiori, Vivaldi, Ponente, Serpan, Tapi\u00e8), mentre si moltiplicano le esposizioni personali<\/p>\n<p>Dopo l\u2019esordio nella storica edizione della Biennale del \u201948, \u00e8 nuovamente presente a Venezia nel \u201954, nel \u201964, e nel \u201966 con una vasta e importante sala personale, che ne sancisce definitivamente il profilo di maestro dell\u2019astrattismo italiano \u00c8, nel frattempo, regolarmente invitato alla Quadriennale romana, oltre che \u2013 tra l\u2019altro \u2013 al Premio Graziano, al Lissone, al Michetti, al Golfo della Spezia<\/p>\n<p>Gli anni Sessanta vedono il definitivo affermarsi della sua pittura, in Italia e all\u2019estero Trascorso un breve momento di tangenza con l\u2019informale pi\u00f9 drammatico, magmatico e dilacerato (evidente in una serie di dipinti verticali datati al \u201859\u201960, governati dallo scontro del bianco e del nero), il segno, minuto adesso e invaso da colori diversi, si racchiude spesso in un grande ovale al centro della composizione Nascono cos\u00ec le \u2018nuvole\u2019 e le \u2018galassie\u2019, fra le figure pi\u00f9 tipiche e conosciute della sua pittura<\/p>\n<p>Fra le occasioni espositive di maggior impegno, si segnalano le personali alla New Vision Center Gallery di Londra nel \u201961, all\u2019Arco d\u2019Alibert di Roma nel \u201964, nel \u201966 e nel \u201969, al Naviglio di Milano nel \u201965 Espone tra l\u2019altro a Chicago, Boston, Parigi, Berna, Torino, Bari, Bologna, Firenze; mentre si moltiplicano le firme di storici e critici di rilievo sul suo lavoro: scrivono adesso di lui, fra gli altri, Murilo Mendes, Maurizio Fagiolo dell\u2019Arco, Marisa Volpi Orlandini, Giovanni Accame; oltre ai suoi primi suoi esegeti, fra i quali in particolare Ponente e Vivaldi<\/p>\n<p>Nel \u201971 tiene all\u2019Editalia di Roma quella che sar\u00e0 la sua ultima personale Il segno s\u2019\u00e8 ora ingrandito, e si fa talora ironico e allusivo Nell\u2019ultimo tempo esso si orchestra sovente sui toni dell\u2019ocra, dispiegato spesso su grandi dimensioni In apparente contrasto con la gioiosit\u00e0 che sembra trasparire da questi pi\u00f9 tardi dipinti, il decennio che allora si apre sar\u00e0 un tempo esistenzialmente difficile, nel quale rallenta l\u2019attivit\u00e0 artistica e si dirada quella espositiva<\/p>\n<p>Il 31 gennaio 1980 muore per i postumi di un incidente automobilistico<\/p>\n<p>In aprile la Galleria Nazionale d\u2019Arte Moderna gli dedica una larga antologica Negli anni Novanta la sua figura \u00e8 sovente rivisitata, spesso all\u2019interno della nuova attenzione che internazionalmente si pone al gruppo \u201cForma\u201d Sue ampie antologiche sono ordinate nei musei di Gibellina, Erice, Taormina, Aosta, Sal\u00f2, e Trento (Mart) Nel 2007 \u00e8 fondato l\u2019<em>Archivio Sanfilippo<\/em>, diretto da Antonella Sanfilippo Nell\u2019ottobre dello stesso anno esce, edito dalla De Luca Editori, il <em>Catalogo generale dei dipinti<\/em>, a cura di Giuseppe Appella e Fabrizio D\u2019Amico Nel 2009, un volume egualmente edito da De Luca, <em>Sanfilippo Le carte<\/em>, costituisce la prima indagine su questo modo della sua pittura<\/div>\n<p><button onclick=espandi_bio_artisti('it_IT') id='myBtn'>+ Leggi di pi\u00f9<\/button><\/p>\n","protected":false},"excerpt":{"rendered":"<p>PARTANNA 1923 &#8211; ROMA 1980 Antonio Sanfilippo nasce a Partanna, in provincia di Trapani, l\u20198 dicembre del 1923 Frequenta dal \u201938 il Liceo Artistico di Palermo, ove ha tra i suoi maestri Guido Ballo, e tra gli amici pi\u00f9 cari Pietro Consagra, con il quale condivide una iniziale vocazione alla scultura, nella quale fa i [&hellip;]<\/p>\n","protected":false},"author":5,"featured_media":0,"comment_status":"closed","ping_status":"closed","sticky":false,"template":"","format":"standard","meta":{"_acf_changed":false,"_et_pb_use_builder":"","_et_pb_old_content":"","_et_gb_content_width":"","footnotes":""},"categories":[11],"tags":[437,432],"class_list":["post-12003","post","type-post","status-publish","format-standard","hentry","category-artisti","tag-miart2021","tag-sanfilippo-antonio-2"],"acf":[],"yoast_head":"<!-- This site is optimized with the Yoast SEO plugin v28.4 - https:\/\/yoast.com\/product\/yoast-seo-wordpress\/ -->\n<title>Antonio Sanfilippo: biografia, opere, mostre - Studio Guastalla<\/title>\n<meta name=\"description\" content=\"Scopri la biografia, le opere e le mostre dell&#039;artista Antonio Sanfilippo presso lo Studio Guastalla Arte Moderna e Contemporanea a Milano\" \/>\n<meta name=\"robots\" content=\"index, follow, max-snippet:-1, max-image-preview:large, max-video-preview:-1\" \/>\n<link rel=\"canonical\" href=\"https:\/\/www.guastalla.com\/it\/artisti\/sanfilippo-antonio\/\" \/>\n<meta property=\"og:locale\" content=\"it_IT\" \/>\n<meta property=\"og:type\" content=\"article\" \/>\n<meta property=\"og:title\" content=\"Antonio Sanfilippo: biografia, opere, mostre - Studio Guastalla\" \/>\n<meta property=\"og:description\" content=\"Scopri la biografia, le opere e le mostre dell&#039;artista Antonio Sanfilippo presso lo Studio Guastalla Arte Moderna e Contemporanea a Milano\" \/>\n<meta property=\"og:url\" content=\"https:\/\/www.guastalla.com\/it\/artisti\/sanfilippo-antonio\/\" \/>\n<meta property=\"og:site_name\" content=\"Studio Guastalla\" \/>\n<meta property=\"article:published_time\" content=\"2021-07-24T14:00:52+00:00\" \/>\n<meta property=\"article:modified_time\" content=\"2022-09-09T13:46:33+00:00\" \/>\n<meta name=\"author\" content=\"guastalla\" \/>\n<meta name=\"twitter:card\" content=\"summary_large_image\" \/>\n<meta name=\"twitter:label1\" content=\"Scritto da\" \/>\n\t<meta name=\"twitter:data1\" content=\"guastalla\" \/>\n\t<meta name=\"twitter:label2\" content=\"Tempo di lettura stimato\" \/>\n\t<meta name=\"twitter:data2\" content=\"5 minuti\" \/>\n<script type=\"application\/ld+json\" class=\"yoast-schema-graph\">{\"@context\":\"https:\\\/\\\/schema.org\",\"@graph\":[{\"@type\":\"Article\",\"@id\":\"https:\\\/\\\/www.guastalla.com\\\/it\\\/artisti\\\/sanfilippo-antonio\\\/#article\",\"isPartOf\":{\"@id\":\"https:\\\/\\\/www.guastalla.com\\\/it\\\/artisti\\\/sanfilippo-antonio\\\/\"},\"author\":{\"name\":\"guastalla\",\"@id\":\"https:\\\/\\\/www.guastalla.com\\\/it\\\/#\\\/schema\\\/person\\\/912e9605c4795c9279e35f6f92eefebb\"},\"headline\":\"Sanfilippo Antonio\",\"datePublished\":\"2021-07-24T14:00:52+00:00\",\"dateModified\":\"2022-09-09T13:46:33+00:00\",\"mainEntityOfPage\":{\"@id\":\"https:\\\/\\\/www.guastalla.com\\\/it\\\/artisti\\\/sanfilippo-antonio\\\/\"},\"wordCount\":1076,\"keywords\":[\"Miart 2021\",\"sanfilippo-antonio\"],\"articleSection\":[\"Artisti\"],\"inLanguage\":\"it-IT\"},{\"@type\":\"WebPage\",\"@id\":\"https:\\\/\\\/www.guastalla.com\\\/it\\\/artisti\\\/sanfilippo-antonio\\\/\",\"url\":\"https:\\\/\\\/www.guastalla.com\\\/it\\\/artisti\\\/sanfilippo-antonio\\\/\",\"name\":\"Antonio Sanfilippo: biografia, opere, mostre - Studio Guastalla\",\"isPartOf\":{\"@id\":\"https:\\\/\\\/www.guastalla.com\\\/it\\\/#website\"},\"datePublished\":\"2021-07-24T14:00:52+00:00\",\"dateModified\":\"2022-09-09T13:46:33+00:00\",\"author\":{\"@id\":\"https:\\\/\\\/www.guastalla.com\\\/it\\\/#\\\/schema\\\/person\\\/912e9605c4795c9279e35f6f92eefebb\"},\"description\":\"Scopri la biografia, le opere e le mostre dell'artista Antonio Sanfilippo presso lo Studio Guastalla Arte Moderna e Contemporanea a Milano\",\"breadcrumb\":{\"@id\":\"https:\\\/\\\/www.guastalla.com\\\/it\\\/artisti\\\/sanfilippo-antonio\\\/#breadcrumb\"},\"inLanguage\":\"it-IT\",\"potentialAction\":[{\"@type\":\"ReadAction\",\"target\":[\"https:\\\/\\\/www.guastalla.com\\\/it\\\/artisti\\\/sanfilippo-antonio\\\/\"]}]},{\"@type\":\"BreadcrumbList\",\"@id\":\"https:\\\/\\\/www.guastalla.com\\\/it\\\/artisti\\\/sanfilippo-antonio\\\/#breadcrumb\",\"itemListElement\":[{\"@type\":\"ListItem\",\"position\":1,\"name\":\"Home\",\"item\":\"https:\\\/\\\/www.guastalla.com\\\/it\\\/\"},{\"@type\":\"ListItem\",\"position\":2,\"name\":\"Sanfilippo Antonio\"}]},{\"@type\":\"WebSite\",\"@id\":\"https:\\\/\\\/www.guastalla.com\\\/it\\\/#website\",\"url\":\"https:\\\/\\\/www.guastalla.com\\\/it\\\/\",\"name\":\"Studio Guastalla\",\"description\":\"Galleria Arte Moderna e Contemporanea\",\"potentialAction\":[{\"@type\":\"SearchAction\",\"target\":{\"@type\":\"EntryPoint\",\"urlTemplate\":\"https:\\\/\\\/www.guastalla.com\\\/it\\\/?s={search_term_string}\"},\"query-input\":{\"@type\":\"PropertyValueSpecification\",\"valueRequired\":true,\"valueName\":\"search_term_string\"}}],\"inLanguage\":\"it-IT\"},{\"@type\":\"Person\",\"@id\":\"https:\\\/\\\/www.guastalla.com\\\/it\\\/#\\\/schema\\\/person\\\/912e9605c4795c9279e35f6f92eefebb\",\"name\":\"guastalla\",\"image\":{\"@type\":\"ImageObject\",\"inLanguage\":\"it-IT\",\"@id\":\"https:\\\/\\\/secure.gravatar.com\\\/avatar\\\/a983a63767681bfd18143292d749b0d07a3c9b1e50df0a6a2095b13761f720ac?s=96&d=mm&r=g\",\"url\":\"https:\\\/\\\/secure.gravatar.com\\\/avatar\\\/a983a63767681bfd18143292d749b0d07a3c9b1e50df0a6a2095b13761f720ac?s=96&d=mm&r=g\",\"contentUrl\":\"https:\\\/\\\/secure.gravatar.com\\\/avatar\\\/a983a63767681bfd18143292d749b0d07a3c9b1e50df0a6a2095b13761f720ac?s=96&d=mm&r=g\",\"caption\":\"guastalla\"},\"url\":\"https:\\\/\\\/www.guastalla.com\\\/it\\\/author\\\/guastalla\\\/\"}]}<\/script>\n<!-- \/ Yoast SEO plugin. -->","yoast_head_json":{"title":"Antonio Sanfilippo: biografia, opere, mostre - Studio Guastalla","description":"Scopri la biografia, le opere e le mostre dell'artista Antonio Sanfilippo presso lo Studio Guastalla Arte Moderna e Contemporanea a Milano","robots":{"index":"index","follow":"follow","max-snippet":"max-snippet:-1","max-image-preview":"max-image-preview:large","max-video-preview":"max-video-preview:-1"},"canonical":"https:\/\/www.guastalla.com\/it\/artisti\/sanfilippo-antonio\/","og_locale":"it_IT","og_type":"article","og_title":"Antonio Sanfilippo: biografia, opere, mostre - Studio Guastalla","og_description":"Scopri la biografia, le opere e le mostre dell'artista Antonio Sanfilippo presso lo Studio Guastalla Arte Moderna e Contemporanea a Milano","og_url":"https:\/\/www.guastalla.com\/it\/artisti\/sanfilippo-antonio\/","og_site_name":"Studio Guastalla","article_published_time":"2021-07-24T14:00:52+00:00","article_modified_time":"2022-09-09T13:46:33+00:00","author":"guastalla","twitter_card":"summary_large_image","twitter_misc":{"Scritto da":"guastalla","Tempo di lettura stimato":"5 minuti"},"schema":{"@context":"https:\/\/schema.org","@graph":[{"@type":"Article","@id":"https:\/\/www.guastalla.com\/it\/artisti\/sanfilippo-antonio\/#article","isPartOf":{"@id":"https:\/\/www.guastalla.com\/it\/artisti\/sanfilippo-antonio\/"},"author":{"name":"guastalla","@id":"https:\/\/www.guastalla.com\/it\/#\/schema\/person\/912e9605c4795c9279e35f6f92eefebb"},"headline":"Sanfilippo Antonio","datePublished":"2021-07-24T14:00:52+00:00","dateModified":"2022-09-09T13:46:33+00:00","mainEntityOfPage":{"@id":"https:\/\/www.guastalla.com\/it\/artisti\/sanfilippo-antonio\/"},"wordCount":1076,"keywords":["Miart 2021","sanfilippo-antonio"],"articleSection":["Artisti"],"inLanguage":"it-IT"},{"@type":"WebPage","@id":"https:\/\/www.guastalla.com\/it\/artisti\/sanfilippo-antonio\/","url":"https:\/\/www.guastalla.com\/it\/artisti\/sanfilippo-antonio\/","name":"Antonio Sanfilippo: biografia, opere, mostre - Studio Guastalla","isPartOf":{"@id":"https:\/\/www.guastalla.com\/it\/#website"},"datePublished":"2021-07-24T14:00:52+00:00","dateModified":"2022-09-09T13:46:33+00:00","author":{"@id":"https:\/\/www.guastalla.com\/it\/#\/schema\/person\/912e9605c4795c9279e35f6f92eefebb"},"description":"Scopri la biografia, le opere e le mostre dell'artista Antonio Sanfilippo presso lo Studio Guastalla Arte Moderna e Contemporanea a Milano","breadcrumb":{"@id":"https:\/\/www.guastalla.com\/it\/artisti\/sanfilippo-antonio\/#breadcrumb"},"inLanguage":"it-IT","potentialAction":[{"@type":"ReadAction","target":["https:\/\/www.guastalla.com\/it\/artisti\/sanfilippo-antonio\/"]}]},{"@type":"BreadcrumbList","@id":"https:\/\/www.guastalla.com\/it\/artisti\/sanfilippo-antonio\/#breadcrumb","itemListElement":[{"@type":"ListItem","position":1,"name":"Home","item":"https:\/\/www.guastalla.com\/it\/"},{"@type":"ListItem","position":2,"name":"Sanfilippo Antonio"}]},{"@type":"WebSite","@id":"https:\/\/www.guastalla.com\/it\/#website","url":"https:\/\/www.guastalla.com\/it\/","name":"Studio Guastalla","description":"Galleria Arte Moderna e Contemporanea","potentialAction":[{"@type":"SearchAction","target":{"@type":"EntryPoint","urlTemplate":"https:\/\/www.guastalla.com\/it\/?s={search_term_string}"},"query-input":{"@type":"PropertyValueSpecification","valueRequired":true,"valueName":"search_term_string"}}],"inLanguage":"it-IT"},{"@type":"Person","@id":"https:\/\/www.guastalla.com\/it\/#\/schema\/person\/912e9605c4795c9279e35f6f92eefebb","name":"guastalla","image":{"@type":"ImageObject","inLanguage":"it-IT","@id":"https:\/\/secure.gravatar.com\/avatar\/a983a63767681bfd18143292d749b0d07a3c9b1e50df0a6a2095b13761f720ac?s=96&d=mm&r=g","url":"https:\/\/secure.gravatar.com\/avatar\/a983a63767681bfd18143292d749b0d07a3c9b1e50df0a6a2095b13761f720ac?s=96&d=mm&r=g","contentUrl":"https:\/\/secure.gravatar.com\/avatar\/a983a63767681bfd18143292d749b0d07a3c9b1e50df0a6a2095b13761f720ac?s=96&d=mm&r=g","caption":"guastalla"},"url":"https:\/\/www.guastalla.com\/it\/author\/guastalla\/"}]}},"_links":{"self":[{"href":"https:\/\/www.guastalla.com\/it\/wp-json\/wp\/v2\/posts\/12003","targetHints":{"allow":["GET"]}}],"collection":[{"href":"https:\/\/www.guastalla.com\/it\/wp-json\/wp\/v2\/posts"}],"about":[{"href":"https:\/\/www.guastalla.com\/it\/wp-json\/wp\/v2\/types\/post"}],"author":[{"embeddable":true,"href":"https:\/\/www.guastalla.com\/it\/wp-json\/wp\/v2\/users\/5"}],"replies":[{"embeddable":true,"href":"https:\/\/www.guastalla.com\/it\/wp-json\/wp\/v2\/comments?post=12003"}],"version-history":[{"count":8,"href":"https:\/\/www.guastalla.com\/it\/wp-json\/wp\/v2\/posts\/12003\/revisions"}],"predecessor-version":[{"id":13734,"href":"https:\/\/www.guastalla.com\/it\/wp-json\/wp\/v2\/posts\/12003\/revisions\/13734"}],"wp:attachment":[{"href":"https:\/\/www.guastalla.com\/it\/wp-json\/wp\/v2\/media?parent=12003"}],"wp:term":[{"taxonomy":"category","embeddable":true,"href":"https:\/\/www.guastalla.com\/it\/wp-json\/wp\/v2\/categories?post=12003"},{"taxonomy":"post_tag","embeddable":true,"href":"https:\/\/www.guastalla.com\/it\/wp-json\/wp\/v2\/tags?post=12003"}],"curies":[{"name":"wp","href":"https:\/\/api.w.org\/{rel}","templated":true}]}}