{"id":11907,"date":"2021-07-16T15:30:31","date_gmt":"2021-07-16T13:30:31","guid":{"rendered":"https:\/\/www.guastalla.com\/?p=11907"},"modified":"2021-11-12T15:09:49","modified_gmt":"2021-11-12T14:09:49","slug":"paolini-giulio","status":"publish","type":"post","link":"https:\/\/www.guastalla.com\/it\/artisti\/paolini-giulio\/","title":{"rendered":"Paolini Giulio"},"content":{"rendered":"<div id=\"premi_temp_0\"><span class=\"il_media\">GENOVA 1940<\/span><\/div>\n<div><\/div>\n<div>\n<p>Giulio Paolini dopo aver trascorso l&#8217;infanzia a Bergamo, nel 1952 si trasferisce con la famiglia a Torino Frequenta l&#8217;Istituto Tecnico Industriale Statale per le Arti Grafiche e Fotografiche, diplomandosi nel 1959 nella sezione di Grafica, dimostrando fin da giovane un grande interesse per l&#8217;arte<\/p>\n<p>Attraverso fotografie, riproduzioni, calchi, collages, la sua ricerca tende ad analizzare le strutture dell&#8217;arte in una posizione dialettica nei confronti della storia delle immagini e del loro rapporto con il fruitore<\/p>\n<p>Nei primi anni sessanta Paolini sviluppa la propria ricerca focalizzando l&#8217;attenzione sui componenti stessi del quadro, sugli strumenti del pittore e sullo spazio della rappresentazione Nel 1964 nella sua prima mostra personale, presenta una serie di pannelli di legno grezzo appoggiati alla parete, che suggeriscono l&#8217;idea di una mostra in allestimento L&#8217;esposizione \u00e8 visitata da Carla Lonzi e Marisa Volpi, che di l\u00ec a poco scriveranno i primi testi critici sul giovane artista<span id='dots'>&#8230;<\/span><\/p>\n<div id='more' name='more' style='display:none;'> Nel 1965 Paolini introduce la fotografia, che gli consente di estendere la propria indagine alla relazione tra autore e opera<\/p>\n<p>Tra il 1967 e il 1972 il critico Germano Celant lo invita a partecipare alle mostre sull&#8217;Arte Povera, che sanciscono l&#8217;associazione del suo nome a questa tendenza Gli anni settanta coincidono con i primi riconoscimenti ufficiali: dalle mostre all&#8217;estero che lo inscrivono nel circuito delle gallerie d&#8217;avanguardia internazionali, alle prime esposizioni nei musei Gli anni ottanta costituiscono il periodo pi\u00f9 denso di mostre e retrospettive, accompagnate da importanti pubblicazioni monografiche Nella prima met\u00e0 del decennio inizia ad affermarsi una dimensione esplicitamente teatrale, segnata da lavori e allestimenti articolati nello spazio e contraddistinti da frammentazione e dispersione , nonch\u00e9 dall&#8217;introduzione di figure teatrali, quali i valets de chambre settecenteschi e altre controfigure dell&#8217;autore, indumenti e oggetti  La poetica paoliniana si arricchisce notevolmente di attributi letterari e riferimenti mitologici; il repertorio iconografico si estende fino a includere immagini cosmiche Negli ultimi anni ottanta la riflessione paoliniana verte principalmente sull&#8217;atto stesso dell&#8217;esporre Nel corso degli anni novanta l&#8217;approfondimento dell&#8217;idea di esposizione si declina in altre e nuove modalit\u00e0: gli allestimenti, sempre pi\u00f9 complessi, osservano spesso una tipologia additiva (serialit\u00e0, giustapposizione), oppure centrifuga (dispersione o disseminazione a partire da un nucleo centrale) o centripeta (concentrazione e sovrapposizione implosiva) Il luogo dell&#8217;esposizione diventa il palcoscenico per eccellenza del \u201cteatro dell&#8217;opera\u201d, ossia dell&#8217;opera nel suo farsi e disfarsi: il luogo che definisce l&#8217;eventualit\u00e0 stessa del suo accadere Il compimento dell&#8217;opera \u00e8 peraltro costantemente differito, lasciando lo spettatore in un&#8217;attesa perenne: la stessa che l&#8217;artista sperimenta sempre da capo al suo tavolo di lavoro, nell&#8217;attesa che l&#8217;opera si manifesti<\/p>\n<p>Negli anni duemila acquista particolare rilievo un altro tema particolarmente caro a Paolini: l&#8217;identit\u00e0 dell&#8217;autore, la sua condizione di spettatore, il suo mancato contatto con l&#8217;opera, che sempre lo precede e lo supera<\/p>\n<p>La poetica e la pratica artistica di Paolini si connotano, nel suo complesso, come una meditazione autoriflessiva sulla dimensione dell&#8217;arte, sulla sua \u201cclassicit\u00e0\u201d senza tempo e sulla sua prospettiva senza punto di fuga Attraverso la fotografia, il collage, il calco in gesso e il disegno l&#8217;intento \u00e8 sempre di nuovo quello di indagare, con grande rigore concettuale, la natura tautologica e nello stesso tempo \u201cmetafisica\u201d della pratica artistica<\/p><\/div>\n<p><button onclick=espandi_bio_artisti('it_IT') id='myBtn'>+ Leggi di pi\u00f9<\/button><\/p>\n","protected":false},"excerpt":{"rendered":"<p>GENOVA 1940 Giulio Paolini dopo aver trascorso l&#8217;infanzia a Bergamo, nel 1952 si trasferisce con la famiglia a Torino Frequenta l&#8217;Istituto Tecnico Industriale Statale per le Arti Grafiche e Fotografiche, diplomandosi nel 1959 nella sezione di Grafica, dimostrando fin da giovane un grande interesse per l&#8217;arte Attraverso fotografie, riproduzioni, calchi, collages, la sua ricerca tende [&hellip;]<\/p>\n","protected":false},"author":5,"featured_media":0,"comment_status":"closed","ping_status":"closed","sticky":false,"template":"","format":"standard","meta":{"_acf_changed":false,"_et_pb_use_builder":"","_et_pb_old_content":"","_et_gb_content_width":"","footnotes":""},"categories":[11],"tags":[425,437],"class_list":["post-11907","post","type-post","status-publish","format-standard","hentry","category-artisti","tag-giulio-paolini","tag-miart2021"],"acf":[],"yoast_head":"<!-- This site is optimized with the Yoast SEO plugin v28.4 - https:\/\/yoast.com\/product\/yoast-seo-wordpress\/ -->\n<title>Paolini Giulio - Studio Guastalla<\/title>\n<meta name=\"robots\" content=\"index, follow, max-snippet:-1, max-image-preview:large, max-video-preview:-1\" \/>\n<link rel=\"canonical\" href=\"https:\/\/www.guastalla.com\/it\/artisti\/paolini-giulio\/\" \/>\n<meta property=\"og:locale\" content=\"it_IT\" \/>\n<meta property=\"og:type\" content=\"article\" \/>\n<meta property=\"og:title\" content=\"Paolini Giulio - Studio Guastalla\" \/>\n<meta property=\"og:description\" content=\"GENOVA 1940 Giulio Paolini dopo aver trascorso l&#8217;infanzia a Bergamo, nel 1952 si trasferisce con la famiglia a Torino Frequenta l&#8217;Istituto Tecnico Industriale Statale per le Arti Grafiche e Fotografiche, diplomandosi nel 1959 nella sezione di Grafica, dimostrando fin da giovane un grande interesse per l&#8217;arte Attraverso fotografie, riproduzioni, calchi, collages, la sua ricerca tende [&hellip;]\" \/>\n<meta property=\"og:url\" content=\"https:\/\/www.guastalla.com\/it\/artisti\/paolini-giulio\/\" \/>\n<meta property=\"og:site_name\" content=\"Studio Guastalla\" \/>\n<meta property=\"article:published_time\" content=\"2021-07-16T13:30:31+00:00\" \/>\n<meta property=\"article:modified_time\" content=\"2021-11-12T14:09:49+00:00\" \/>\n<meta name=\"author\" content=\"guastalla\" \/>\n<meta name=\"twitter:card\" content=\"summary_large_image\" \/>\n<meta name=\"twitter:label1\" content=\"Scritto da\" \/>\n\t<meta name=\"twitter:data1\" content=\"guastalla\" \/>\n\t<meta name=\"twitter:label2\" content=\"Tempo di lettura stimato\" \/>\n\t<meta name=\"twitter:data2\" content=\"3 minuti\" \/>\n<script type=\"application\/ld+json\" class=\"yoast-schema-graph\">{\"@context\":\"https:\\\/\\\/schema.org\",\"@graph\":[{\"@type\":\"Article\",\"@id\":\"https:\\\/\\\/www.guastalla.com\\\/it\\\/artisti\\\/paolini-giulio\\\/#article\",\"isPartOf\":{\"@id\":\"https:\\\/\\\/www.guastalla.com\\\/it\\\/artisti\\\/paolini-giulio\\\/\"},\"author\":{\"name\":\"guastalla\",\"@id\":\"https:\\\/\\\/www.guastalla.com\\\/it\\\/#\\\/schema\\\/person\\\/912e9605c4795c9279e35f6f92eefebb\"},\"headline\":\"Paolini Giulio\",\"datePublished\":\"2021-07-16T13:30:31+00:00\",\"dateModified\":\"2021-11-12T14:09:49+00:00\",\"mainEntityOfPage\":{\"@id\":\"https:\\\/\\\/www.guastalla.com\\\/it\\\/artisti\\\/paolini-giulio\\\/\"},\"wordCount\":553,\"keywords\":[\"Giulio Paolini\",\"Miart 2021\"],\"articleSection\":[\"Artisti\"],\"inLanguage\":\"it-IT\"},{\"@type\":\"WebPage\",\"@id\":\"https:\\\/\\\/www.guastalla.com\\\/it\\\/artisti\\\/paolini-giulio\\\/\",\"url\":\"https:\\\/\\\/www.guastalla.com\\\/it\\\/artisti\\\/paolini-giulio\\\/\",\"name\":\"Paolini Giulio - Studio Guastalla\",\"isPartOf\":{\"@id\":\"https:\\\/\\\/www.guastalla.com\\\/it\\\/#website\"},\"datePublished\":\"2021-07-16T13:30:31+00:00\",\"dateModified\":\"2021-11-12T14:09:49+00:00\",\"author\":{\"@id\":\"https:\\\/\\\/www.guastalla.com\\\/it\\\/#\\\/schema\\\/person\\\/912e9605c4795c9279e35f6f92eefebb\"},\"breadcrumb\":{\"@id\":\"https:\\\/\\\/www.guastalla.com\\\/it\\\/artisti\\\/paolini-giulio\\\/#breadcrumb\"},\"inLanguage\":\"it-IT\",\"potentialAction\":[{\"@type\":\"ReadAction\",\"target\":[\"https:\\\/\\\/www.guastalla.com\\\/it\\\/artisti\\\/paolini-giulio\\\/\"]}]},{\"@type\":\"BreadcrumbList\",\"@id\":\"https:\\\/\\\/www.guastalla.com\\\/it\\\/artisti\\\/paolini-giulio\\\/#breadcrumb\",\"itemListElement\":[{\"@type\":\"ListItem\",\"position\":1,\"name\":\"Home\",\"item\":\"https:\\\/\\\/www.guastalla.com\\\/it\\\/\"},{\"@type\":\"ListItem\",\"position\":2,\"name\":\"Paolini Giulio\"}]},{\"@type\":\"WebSite\",\"@id\":\"https:\\\/\\\/www.guastalla.com\\\/it\\\/#website\",\"url\":\"https:\\\/\\\/www.guastalla.com\\\/it\\\/\",\"name\":\"Studio Guastalla\",\"description\":\"Galleria Arte Moderna e Contemporanea\",\"potentialAction\":[{\"@type\":\"SearchAction\",\"target\":{\"@type\":\"EntryPoint\",\"urlTemplate\":\"https:\\\/\\\/www.guastalla.com\\\/it\\\/?s={search_term_string}\"},\"query-input\":{\"@type\":\"PropertyValueSpecification\",\"valueRequired\":true,\"valueName\":\"search_term_string\"}}],\"inLanguage\":\"it-IT\"},{\"@type\":\"Person\",\"@id\":\"https:\\\/\\\/www.guastalla.com\\\/it\\\/#\\\/schema\\\/person\\\/912e9605c4795c9279e35f6f92eefebb\",\"name\":\"guastalla\",\"image\":{\"@type\":\"ImageObject\",\"inLanguage\":\"it-IT\",\"@id\":\"https:\\\/\\\/secure.gravatar.com\\\/avatar\\\/a983a63767681bfd18143292d749b0d07a3c9b1e50df0a6a2095b13761f720ac?s=96&d=mm&r=g\",\"url\":\"https:\\\/\\\/secure.gravatar.com\\\/avatar\\\/a983a63767681bfd18143292d749b0d07a3c9b1e50df0a6a2095b13761f720ac?s=96&d=mm&r=g\",\"contentUrl\":\"https:\\\/\\\/secure.gravatar.com\\\/avatar\\\/a983a63767681bfd18143292d749b0d07a3c9b1e50df0a6a2095b13761f720ac?s=96&d=mm&r=g\",\"caption\":\"guastalla\"},\"url\":\"https:\\\/\\\/www.guastalla.com\\\/it\\\/author\\\/guastalla\\\/\"}]}<\/script>\n<!-- \/ Yoast SEO plugin. -->","yoast_head_json":{"title":"Paolini Giulio - Studio Guastalla","robots":{"index":"index","follow":"follow","max-snippet":"max-snippet:-1","max-image-preview":"max-image-preview:large","max-video-preview":"max-video-preview:-1"},"canonical":"https:\/\/www.guastalla.com\/it\/artisti\/paolini-giulio\/","og_locale":"it_IT","og_type":"article","og_title":"Paolini Giulio - Studio Guastalla","og_description":"GENOVA 1940 Giulio Paolini dopo aver trascorso l&#8217;infanzia a Bergamo, nel 1952 si trasferisce con la famiglia a Torino Frequenta l&#8217;Istituto Tecnico Industriale Statale per le Arti Grafiche e Fotografiche, diplomandosi nel 1959 nella sezione di Grafica, dimostrando fin da giovane un grande interesse per l&#8217;arte Attraverso fotografie, riproduzioni, calchi, collages, la sua ricerca tende [&hellip;]","og_url":"https:\/\/www.guastalla.com\/it\/artisti\/paolini-giulio\/","og_site_name":"Studio Guastalla","article_published_time":"2021-07-16T13:30:31+00:00","article_modified_time":"2021-11-12T14:09:49+00:00","author":"guastalla","twitter_card":"summary_large_image","twitter_misc":{"Scritto da":"guastalla","Tempo di lettura stimato":"3 minuti"},"schema":{"@context":"https:\/\/schema.org","@graph":[{"@type":"Article","@id":"https:\/\/www.guastalla.com\/it\/artisti\/paolini-giulio\/#article","isPartOf":{"@id":"https:\/\/www.guastalla.com\/it\/artisti\/paolini-giulio\/"},"author":{"name":"guastalla","@id":"https:\/\/www.guastalla.com\/it\/#\/schema\/person\/912e9605c4795c9279e35f6f92eefebb"},"headline":"Paolini Giulio","datePublished":"2021-07-16T13:30:31+00:00","dateModified":"2021-11-12T14:09:49+00:00","mainEntityOfPage":{"@id":"https:\/\/www.guastalla.com\/it\/artisti\/paolini-giulio\/"},"wordCount":553,"keywords":["Giulio Paolini","Miart 2021"],"articleSection":["Artisti"],"inLanguage":"it-IT"},{"@type":"WebPage","@id":"https:\/\/www.guastalla.com\/it\/artisti\/paolini-giulio\/","url":"https:\/\/www.guastalla.com\/it\/artisti\/paolini-giulio\/","name":"Paolini Giulio - Studio Guastalla","isPartOf":{"@id":"https:\/\/www.guastalla.com\/it\/#website"},"datePublished":"2021-07-16T13:30:31+00:00","dateModified":"2021-11-12T14:09:49+00:00","author":{"@id":"https:\/\/www.guastalla.com\/it\/#\/schema\/person\/912e9605c4795c9279e35f6f92eefebb"},"breadcrumb":{"@id":"https:\/\/www.guastalla.com\/it\/artisti\/paolini-giulio\/#breadcrumb"},"inLanguage":"it-IT","potentialAction":[{"@type":"ReadAction","target":["https:\/\/www.guastalla.com\/it\/artisti\/paolini-giulio\/"]}]},{"@type":"BreadcrumbList","@id":"https:\/\/www.guastalla.com\/it\/artisti\/paolini-giulio\/#breadcrumb","itemListElement":[{"@type":"ListItem","position":1,"name":"Home","item":"https:\/\/www.guastalla.com\/it\/"},{"@type":"ListItem","position":2,"name":"Paolini Giulio"}]},{"@type":"WebSite","@id":"https:\/\/www.guastalla.com\/it\/#website","url":"https:\/\/www.guastalla.com\/it\/","name":"Studio Guastalla","description":"Galleria Arte Moderna e Contemporanea","potentialAction":[{"@type":"SearchAction","target":{"@type":"EntryPoint","urlTemplate":"https:\/\/www.guastalla.com\/it\/?s={search_term_string}"},"query-input":{"@type":"PropertyValueSpecification","valueRequired":true,"valueName":"search_term_string"}}],"inLanguage":"it-IT"},{"@type":"Person","@id":"https:\/\/www.guastalla.com\/it\/#\/schema\/person\/912e9605c4795c9279e35f6f92eefebb","name":"guastalla","image":{"@type":"ImageObject","inLanguage":"it-IT","@id":"https:\/\/secure.gravatar.com\/avatar\/a983a63767681bfd18143292d749b0d07a3c9b1e50df0a6a2095b13761f720ac?s=96&d=mm&r=g","url":"https:\/\/secure.gravatar.com\/avatar\/a983a63767681bfd18143292d749b0d07a3c9b1e50df0a6a2095b13761f720ac?s=96&d=mm&r=g","contentUrl":"https:\/\/secure.gravatar.com\/avatar\/a983a63767681bfd18143292d749b0d07a3c9b1e50df0a6a2095b13761f720ac?s=96&d=mm&r=g","caption":"guastalla"},"url":"https:\/\/www.guastalla.com\/it\/author\/guastalla\/"}]}},"_links":{"self":[{"href":"https:\/\/www.guastalla.com\/it\/wp-json\/wp\/v2\/posts\/11907","targetHints":{"allow":["GET"]}}],"collection":[{"href":"https:\/\/www.guastalla.com\/it\/wp-json\/wp\/v2\/posts"}],"about":[{"href":"https:\/\/www.guastalla.com\/it\/wp-json\/wp\/v2\/types\/post"}],"author":[{"embeddable":true,"href":"https:\/\/www.guastalla.com\/it\/wp-json\/wp\/v2\/users\/5"}],"replies":[{"embeddable":true,"href":"https:\/\/www.guastalla.com\/it\/wp-json\/wp\/v2\/comments?post=11907"}],"version-history":[{"count":7,"href":"https:\/\/www.guastalla.com\/it\/wp-json\/wp\/v2\/posts\/11907\/revisions"}],"predecessor-version":[{"id":12560,"href":"https:\/\/www.guastalla.com\/it\/wp-json\/wp\/v2\/posts\/11907\/revisions\/12560"}],"wp:attachment":[{"href":"https:\/\/www.guastalla.com\/it\/wp-json\/wp\/v2\/media?parent=11907"}],"wp:term":[{"taxonomy":"category","embeddable":true,"href":"https:\/\/www.guastalla.com\/it\/wp-json\/wp\/v2\/categories?post=11907"},{"taxonomy":"post_tag","embeddable":true,"href":"https:\/\/www.guastalla.com\/it\/wp-json\/wp\/v2\/tags?post=11907"}],"curies":[{"name":"wp","href":"https:\/\/api.w.org\/{rel}","templated":true}]}}