{"id":11344,"date":"2021-06-30T10:14:04","date_gmt":"2021-06-30T08:14:04","guid":{"rendered":"https:\/\/www.guastalla.com\/?p=11344"},"modified":"2021-07-05T14:38:12","modified_gmt":"2021-07-05T12:38:12","slug":"luzzati-emanuele","status":"publish","type":"post","link":"https:\/\/www.guastalla.com\/it\/artisti\/luzzati-emanuele\/","title":{"rendered":"Luzzati Emanuele"},"content":{"rendered":"<p>GENOVA 1921 &#8211; GENOVA 2007<\/p>\n<p><b>Emanuele Luzzati<\/b>, nato a Genova nel 1921, nel 1940 \u00e8 costretto ad abbandonare la sua citt\u00e0 a causa delle leggi razziali Trasferitosi a Losanna, studia e si diploma all\u2019\u00c9cole des Beaux-Arts Nel 1970 dirige un cortometraggio d&#8217;animazione intitolato Al\u00ec Bab\u00e0 Nel 1972 espone alla Biennale di Venezia nella sezione Grafica Sperimentale Nel 1975, assieme a Aldo Trionfo e Tonino Conte, \u00e8 fondatore del Teatro della Tosse per il quale realizzer\u00e0 scene e costumi di moltissimi spettacoli Dal 1981 al 1984 una sua mostra, intitolata Il sipario magico di\u00a0<b>Emanuele Luzzati,<\/b>\u00a0allestita dall&#8217;Universit\u00e0 di Roma, gira in Italia e all\u2019estero<span id='dots'>&#8230;<\/span><\/p>\n<div id='more' name='more' style='display:none;'> Illustra nel 1988 le\u00a0<i>Fiabe del focolare<\/i>\u00a0dei fratelli Grimm per le Edizioni Olivetti, e in seguito, per le Edizioni Nuages,\u00a0<i>Candido\u00a0<\/i>di Voltaire,\u00a0<i>Pinocchio<\/i>\u00a0di Collodi,<i>\u00a0Alice nel paese delle meraviglie\u00a0<\/i>di Carroll, il<i>\u00a0Decamerone\u00a0<\/i>di Boccaccio,\u00a0<i>Peter Pan<\/i>\u00a0di James Barrie e\u00a0<i>Il Milione\u00a0<\/i>di Marco Polo Nel marzo del 1990 si inaugurano a Reggio Emilia, Cavriago, Sant&#8217;Ilario e Montecchio quattro sezioni di una grande mostra dedicata all\u2019opera complessiva di\u00a0<b>Luzzati<\/b>\u00a0Avendo ottenuto due nomination all\u2019Oscar per i suoi film d\u2019animazione, realizzati con Giulio Gianini,\u00a0<i>La gazza ladra\u00a0<\/i>(1965) e\u00a0<i>Pulcinella<\/i>\u00a0(1973) viene nominato membro dell\u2019AGI e dell\u2019Academy of Motion Picture Arts and Academy of Motion Picture Arts and Sciences Nel 1992 gli viene conferita dall\u2019Universit\u00e0 di Genova, sua citt\u00e0, la laurea honoris causa in Architettura L\u2019anno dopo viene allestita la mostra\u00a0<i>Emanuele Luzzati Scenografo<\/i>, presso il Centre Georges Pompidou di Parigi a cura dell\u2019Unione dei Teatri d&#8217;Europa L\u2019evento verr\u00e0 ripreso poi a Roma, Firenze, Bellinzona, Milano, Genova, dove la mostra viene arricchita con un\u2019ampia sezione dedicata all\u2019illustrazione, e Salonicco Nel 2000 sono allestite le mostre\u00a0<b>Emanuele Luzzati<\/b>:\u00a0<i>Viaggio nel Mondo Ebraico<\/i>\u00a0al Palazzo della Triennale di Milano e\u00a0<i>Luzzati-Rodari\u00a0<\/i>al Palazzo delle Esposizioni a Roma Nello stesso anno con la mostra I\u00a0<i>Mozart\u00a0<\/i>di Luzzati, viene inaugurato a Genova il suo museo permanente nell\u2019edificio cinquecentesco di Porta Siberia (Area Porto Antico) Tra le mostre tematiche che seguiranno fino al 2010 si citano:\u00a0<i>Luzzati incontra Rossini 1960-2001<\/i>,<i>\u00a0La grafica teatrale<\/i>,\u00a0<i>Luzzati e le Ombre,<\/i>\u00a0<i>Emanuele Luzzati<\/i>\u00a0<i>Genova di tutta la vita,<\/i>\u00a0<i>L\u2019Opera lirica del \u2018900, Viaggio nel mondo ebraico, La porta della fiaba, Luzzati e Rodari I segni della fantasia, Le navi di Luzzati, Gianini e Luzzati Cartoni animati, Costantini Luzzati Una notte all\u2019Opera<\/i>\u00a0Negli ultimi anni ripubblica nella collana<i>\u00a0Le rane\u00a0<\/i>di Interlinea edizioni i suoi capolavori per l&#8217;infanzia,<i>\u00a0Al\u00ec Bab\u00e0 e i quaranta ladroni<\/i>\u00a0e\u00a0<i>La tarantella di Pulcinell<\/i>a, da cui aveva tratto i celebri cartoni animati La nuova edizione degli albi gli vale nel 2005 il premio Andersen Il 1\u00ba giugno 2001 \u00e8 nominato dal Presidente Ciampi \u201cGrande Ufficiale della Repubblica\u201d Nel 2002 crea le scene per\u00a0<i>Il Flauto Magico\u00a0<\/i>di Mozart allestito al Teatro dell&#8217;Opera Carlo Felice di Genova Nel 2004 disegna, per il Corriere della Sera, le illustrazioni delle cantiche della<i>\u00a0Divina Commedia\u00a0<\/i>di Dante Alighieri Nel 2005 realizza il film d&#8217;animazione Genova,\u00a0<i>Sinfonia della Citt\u00e0,<\/i>\u00a0scritto e diretto da\u00a0<b>Luigi Berio\u00a0<\/b>In 15 minuti Genova \u00e8 reinventata e celebrata come mai era stato fatto prima Colpito da malore improvviso, muore a Genova il 26 gennaio 2007 nella casa dove ha abitato tutta la vita<\/div>\n<p><button onclick=espandi_bio_artisti('it_IT') id='myBtn'>+ Leggi di pi\u00f9<\/button><\/p>\n","protected":false},"excerpt":{"rendered":"<p>GENOVA 1921 &#8211; GENOVA 2007 Emanuele Luzzati, nato a Genova nel 1921, nel 1940 \u00e8 costretto ad abbandonare la sua citt\u00e0 a causa delle leggi razziali Trasferitosi a Losanna, studia e si diploma all\u2019\u00c9cole des Beaux-Arts Nel 1970 dirige un cortometraggio d&#8217;animazione intitolato Al\u00ec Bab\u00e0 Nel 1972 espone alla Biennale di Venezia nella sezione Grafica [&hellip;]<\/p>\n","protected":false},"author":5,"featured_media":1262,"comment_status":"closed","ping_status":"closed","sticky":false,"template":"","format":"standard","meta":{"_acf_changed":false,"_et_pb_use_builder":"","_et_pb_old_content":"","_et_gb_content_width":"","footnotes":""},"categories":[11],"tags":[414],"class_list":["post-11344","post","type-post","status-publish","format-standard","has-post-thumbnail","hentry","category-artisti","tag-luzzati-emanuele"],"acf":[],"yoast_head":"<!-- This site is optimized with the Yoast SEO plugin v28.4 - https:\/\/yoast.com\/product\/yoast-seo-wordpress\/ -->\n<title>Luzzati Emanuele - Studio Guastalla<\/title>\n<meta name=\"robots\" content=\"index, follow, max-snippet:-1, max-image-preview:large, max-video-preview:-1\" \/>\n<link rel=\"canonical\" href=\"https:\/\/www.guastalla.com\/it\/artisti\/luzzati-emanuele\/\" \/>\n<meta property=\"og:locale\" content=\"it_IT\" \/>\n<meta property=\"og:type\" content=\"article\" \/>\n<meta property=\"og:title\" content=\"Luzzati Emanuele - Studio Guastalla\" \/>\n<meta property=\"og:description\" content=\"GENOVA 1921 &#8211; GENOVA 2007 Emanuele Luzzati, nato a Genova nel 1921, nel 1940 \u00e8 costretto ad abbandonare la sua citt\u00e0 a causa delle leggi razziali Trasferitosi a Losanna, studia e si diploma all\u2019\u00c9cole des Beaux-Arts Nel 1970 dirige un cortometraggio d&#8217;animazione intitolato Al\u00ec Bab\u00e0 Nel 1972 espone alla Biennale di Venezia nella sezione Grafica [&hellip;]\" \/>\n<meta property=\"og:url\" content=\"https:\/\/www.guastalla.com\/it\/artisti\/luzzati-emanuele\/\" \/>\n<meta property=\"og:site_name\" content=\"Studio Guastalla\" \/>\n<meta property=\"article:published_time\" content=\"2021-06-30T08:14:04+00:00\" \/>\n<meta property=\"article:modified_time\" content=\"2021-07-05T12:38:12+00:00\" \/>\n<meta property=\"og:image\" content=\"https:\/\/www.guastalla.com\/wp-content\/uploads\/2021\/04\/Il-matrimonio-ebraico-serigrafia.jpg\" \/>\n\t<meta property=\"og:image:width\" content=\"800\" \/>\n\t<meta property=\"og:image:height\" content=\"548\" \/>\n\t<meta property=\"og:image:type\" content=\"image\/jpeg\" \/>\n<meta name=\"author\" content=\"guastalla\" \/>\n<meta name=\"twitter:card\" content=\"summary_large_image\" \/>\n<meta name=\"twitter:label1\" content=\"Scritto da\" \/>\n\t<meta name=\"twitter:data1\" content=\"guastalla\" \/>\n\t<meta name=\"twitter:label2\" content=\"Tempo di lettura stimato\" \/>\n\t<meta name=\"twitter:data2\" content=\"3 minuti\" \/>\n<script type=\"application\/ld+json\" class=\"yoast-schema-graph\">{\"@context\":\"https:\\\/\\\/schema.org\",\"@graph\":[{\"@type\":\"Article\",\"@id\":\"https:\\\/\\\/www.guastalla.com\\\/it\\\/artisti\\\/luzzati-emanuele\\\/#article\",\"isPartOf\":{\"@id\":\"https:\\\/\\\/www.guastalla.com\\\/it\\\/artisti\\\/luzzati-emanuele\\\/\"},\"author\":{\"name\":\"guastalla\",\"@id\":\"https:\\\/\\\/www.guastalla.com\\\/it\\\/#\\\/schema\\\/person\\\/912e9605c4795c9279e35f6f92eefebb\"},\"headline\":\"Luzzati Emanuele\",\"datePublished\":\"2021-06-30T08:14:04+00:00\",\"dateModified\":\"2021-07-05T12:38:12+00:00\",\"mainEntityOfPage\":{\"@id\":\"https:\\\/\\\/www.guastalla.com\\\/it\\\/artisti\\\/luzzati-emanuele\\\/\"},\"wordCount\":531,\"image\":{\"@id\":\"https:\\\/\\\/www.guastalla.com\\\/it\\\/artisti\\\/luzzati-emanuele\\\/#primaryimage\"},\"thumbnailUrl\":\"https:\\\/\\\/www.guastalla.com\\\/wp-content\\\/uploads\\\/2021\\\/04\\\/Il-matrimonio-ebraico-serigrafia.jpg\",\"keywords\":[\"Luzzati Emanuele\"],\"articleSection\":[\"Artisti\"],\"inLanguage\":\"it-IT\"},{\"@type\":\"WebPage\",\"@id\":\"https:\\\/\\\/www.guastalla.com\\\/it\\\/artisti\\\/luzzati-emanuele\\\/\",\"url\":\"https:\\\/\\\/www.guastalla.com\\\/it\\\/artisti\\\/luzzati-emanuele\\\/\",\"name\":\"Luzzati Emanuele - Studio Guastalla\",\"isPartOf\":{\"@id\":\"https:\\\/\\\/www.guastalla.com\\\/it\\\/#website\"},\"primaryImageOfPage\":{\"@id\":\"https:\\\/\\\/www.guastalla.com\\\/it\\\/artisti\\\/luzzati-emanuele\\\/#primaryimage\"},\"image\":{\"@id\":\"https:\\\/\\\/www.guastalla.com\\\/it\\\/artisti\\\/luzzati-emanuele\\\/#primaryimage\"},\"thumbnailUrl\":\"https:\\\/\\\/www.guastalla.com\\\/wp-content\\\/uploads\\\/2021\\\/04\\\/Il-matrimonio-ebraico-serigrafia.jpg\",\"datePublished\":\"2021-06-30T08:14:04+00:00\",\"dateModified\":\"2021-07-05T12:38:12+00:00\",\"author\":{\"@id\":\"https:\\\/\\\/www.guastalla.com\\\/it\\\/#\\\/schema\\\/person\\\/912e9605c4795c9279e35f6f92eefebb\"},\"breadcrumb\":{\"@id\":\"https:\\\/\\\/www.guastalla.com\\\/it\\\/artisti\\\/luzzati-emanuele\\\/#breadcrumb\"},\"inLanguage\":\"it-IT\",\"potentialAction\":[{\"@type\":\"ReadAction\",\"target\":[\"https:\\\/\\\/www.guastalla.com\\\/it\\\/artisti\\\/luzzati-emanuele\\\/\"]}]},{\"@type\":\"ImageObject\",\"inLanguage\":\"it-IT\",\"@id\":\"https:\\\/\\\/www.guastalla.com\\\/it\\\/artisti\\\/luzzati-emanuele\\\/#primaryimage\",\"url\":\"https:\\\/\\\/www.guastalla.com\\\/wp-content\\\/uploads\\\/2021\\\/04\\\/Il-matrimonio-ebraico-serigrafia.jpg\",\"contentUrl\":\"https:\\\/\\\/www.guastalla.com\\\/wp-content\\\/uploads\\\/2021\\\/04\\\/Il-matrimonio-ebraico-serigrafia.jpg\",\"width\":800,\"height\":548},{\"@type\":\"BreadcrumbList\",\"@id\":\"https:\\\/\\\/www.guastalla.com\\\/it\\\/artisti\\\/luzzati-emanuele\\\/#breadcrumb\",\"itemListElement\":[{\"@type\":\"ListItem\",\"position\":1,\"name\":\"Home\",\"item\":\"https:\\\/\\\/www.guastalla.com\\\/it\\\/\"},{\"@type\":\"ListItem\",\"position\":2,\"name\":\"Luzzati Emanuele\"}]},{\"@type\":\"WebSite\",\"@id\":\"https:\\\/\\\/www.guastalla.com\\\/it\\\/#website\",\"url\":\"https:\\\/\\\/www.guastalla.com\\\/it\\\/\",\"name\":\"Studio Guastalla\",\"description\":\"Galleria Arte Moderna e Contemporanea\",\"potentialAction\":[{\"@type\":\"SearchAction\",\"target\":{\"@type\":\"EntryPoint\",\"urlTemplate\":\"https:\\\/\\\/www.guastalla.com\\\/it\\\/?s={search_term_string}\"},\"query-input\":{\"@type\":\"PropertyValueSpecification\",\"valueRequired\":true,\"valueName\":\"search_term_string\"}}],\"inLanguage\":\"it-IT\"},{\"@type\":\"Person\",\"@id\":\"https:\\\/\\\/www.guastalla.com\\\/it\\\/#\\\/schema\\\/person\\\/912e9605c4795c9279e35f6f92eefebb\",\"name\":\"guastalla\",\"image\":{\"@type\":\"ImageObject\",\"inLanguage\":\"it-IT\",\"@id\":\"https:\\\/\\\/secure.gravatar.com\\\/avatar\\\/a983a63767681bfd18143292d749b0d07a3c9b1e50df0a6a2095b13761f720ac?s=96&d=mm&r=g\",\"url\":\"https:\\\/\\\/secure.gravatar.com\\\/avatar\\\/a983a63767681bfd18143292d749b0d07a3c9b1e50df0a6a2095b13761f720ac?s=96&d=mm&r=g\",\"contentUrl\":\"https:\\\/\\\/secure.gravatar.com\\\/avatar\\\/a983a63767681bfd18143292d749b0d07a3c9b1e50df0a6a2095b13761f720ac?s=96&d=mm&r=g\",\"caption\":\"guastalla\"},\"url\":\"https:\\\/\\\/www.guastalla.com\\\/it\\\/author\\\/guastalla\\\/\"}]}<\/script>\n<!-- \/ Yoast SEO plugin. -->","yoast_head_json":{"title":"Luzzati Emanuele - Studio Guastalla","robots":{"index":"index","follow":"follow","max-snippet":"max-snippet:-1","max-image-preview":"max-image-preview:large","max-video-preview":"max-video-preview:-1"},"canonical":"https:\/\/www.guastalla.com\/it\/artisti\/luzzati-emanuele\/","og_locale":"it_IT","og_type":"article","og_title":"Luzzati Emanuele - Studio Guastalla","og_description":"GENOVA 1921 &#8211; GENOVA 2007 Emanuele Luzzati, nato a Genova nel 1921, nel 1940 \u00e8 costretto ad abbandonare la sua citt\u00e0 a causa delle leggi razziali Trasferitosi a Losanna, studia e si diploma all\u2019\u00c9cole des Beaux-Arts Nel 1970 dirige un cortometraggio d&#8217;animazione intitolato Al\u00ec Bab\u00e0 Nel 1972 espone alla Biennale di Venezia nella sezione Grafica [&hellip;]","og_url":"https:\/\/www.guastalla.com\/it\/artisti\/luzzati-emanuele\/","og_site_name":"Studio Guastalla","article_published_time":"2021-06-30T08:14:04+00:00","article_modified_time":"2021-07-05T12:38:12+00:00","og_image":[{"width":800,"height":548,"url":"https:\/\/www.guastalla.com\/wp-content\/uploads\/2021\/04\/Il-matrimonio-ebraico-serigrafia.jpg","type":"image\/jpeg"}],"author":"guastalla","twitter_card":"summary_large_image","twitter_misc":{"Scritto da":"guastalla","Tempo di lettura stimato":"3 minuti"},"schema":{"@context":"https:\/\/schema.org","@graph":[{"@type":"Article","@id":"https:\/\/www.guastalla.com\/it\/artisti\/luzzati-emanuele\/#article","isPartOf":{"@id":"https:\/\/www.guastalla.com\/it\/artisti\/luzzati-emanuele\/"},"author":{"name":"guastalla","@id":"https:\/\/www.guastalla.com\/it\/#\/schema\/person\/912e9605c4795c9279e35f6f92eefebb"},"headline":"Luzzati Emanuele","datePublished":"2021-06-30T08:14:04+00:00","dateModified":"2021-07-05T12:38:12+00:00","mainEntityOfPage":{"@id":"https:\/\/www.guastalla.com\/it\/artisti\/luzzati-emanuele\/"},"wordCount":531,"image":{"@id":"https:\/\/www.guastalla.com\/it\/artisti\/luzzati-emanuele\/#primaryimage"},"thumbnailUrl":"https:\/\/www.guastalla.com\/wp-content\/uploads\/2021\/04\/Il-matrimonio-ebraico-serigrafia.jpg","keywords":["Luzzati Emanuele"],"articleSection":["Artisti"],"inLanguage":"it-IT"},{"@type":"WebPage","@id":"https:\/\/www.guastalla.com\/it\/artisti\/luzzati-emanuele\/","url":"https:\/\/www.guastalla.com\/it\/artisti\/luzzati-emanuele\/","name":"Luzzati Emanuele - Studio Guastalla","isPartOf":{"@id":"https:\/\/www.guastalla.com\/it\/#website"},"primaryImageOfPage":{"@id":"https:\/\/www.guastalla.com\/it\/artisti\/luzzati-emanuele\/#primaryimage"},"image":{"@id":"https:\/\/www.guastalla.com\/it\/artisti\/luzzati-emanuele\/#primaryimage"},"thumbnailUrl":"https:\/\/www.guastalla.com\/wp-content\/uploads\/2021\/04\/Il-matrimonio-ebraico-serigrafia.jpg","datePublished":"2021-06-30T08:14:04+00:00","dateModified":"2021-07-05T12:38:12+00:00","author":{"@id":"https:\/\/www.guastalla.com\/it\/#\/schema\/person\/912e9605c4795c9279e35f6f92eefebb"},"breadcrumb":{"@id":"https:\/\/www.guastalla.com\/it\/artisti\/luzzati-emanuele\/#breadcrumb"},"inLanguage":"it-IT","potentialAction":[{"@type":"ReadAction","target":["https:\/\/www.guastalla.com\/it\/artisti\/luzzati-emanuele\/"]}]},{"@type":"ImageObject","inLanguage":"it-IT","@id":"https:\/\/www.guastalla.com\/it\/artisti\/luzzati-emanuele\/#primaryimage","url":"https:\/\/www.guastalla.com\/wp-content\/uploads\/2021\/04\/Il-matrimonio-ebraico-serigrafia.jpg","contentUrl":"https:\/\/www.guastalla.com\/wp-content\/uploads\/2021\/04\/Il-matrimonio-ebraico-serigrafia.jpg","width":800,"height":548},{"@type":"BreadcrumbList","@id":"https:\/\/www.guastalla.com\/it\/artisti\/luzzati-emanuele\/#breadcrumb","itemListElement":[{"@type":"ListItem","position":1,"name":"Home","item":"https:\/\/www.guastalla.com\/it\/"},{"@type":"ListItem","position":2,"name":"Luzzati Emanuele"}]},{"@type":"WebSite","@id":"https:\/\/www.guastalla.com\/it\/#website","url":"https:\/\/www.guastalla.com\/it\/","name":"Studio Guastalla","description":"Galleria Arte Moderna e Contemporanea","potentialAction":[{"@type":"SearchAction","target":{"@type":"EntryPoint","urlTemplate":"https:\/\/www.guastalla.com\/it\/?s={search_term_string}"},"query-input":{"@type":"PropertyValueSpecification","valueRequired":true,"valueName":"search_term_string"}}],"inLanguage":"it-IT"},{"@type":"Person","@id":"https:\/\/www.guastalla.com\/it\/#\/schema\/person\/912e9605c4795c9279e35f6f92eefebb","name":"guastalla","image":{"@type":"ImageObject","inLanguage":"it-IT","@id":"https:\/\/secure.gravatar.com\/avatar\/a983a63767681bfd18143292d749b0d07a3c9b1e50df0a6a2095b13761f720ac?s=96&d=mm&r=g","url":"https:\/\/secure.gravatar.com\/avatar\/a983a63767681bfd18143292d749b0d07a3c9b1e50df0a6a2095b13761f720ac?s=96&d=mm&r=g","contentUrl":"https:\/\/secure.gravatar.com\/avatar\/a983a63767681bfd18143292d749b0d07a3c9b1e50df0a6a2095b13761f720ac?s=96&d=mm&r=g","caption":"guastalla"},"url":"https:\/\/www.guastalla.com\/it\/author\/guastalla\/"}]}},"_links":{"self":[{"href":"https:\/\/www.guastalla.com\/it\/wp-json\/wp\/v2\/posts\/11344","targetHints":{"allow":["GET"]}}],"collection":[{"href":"https:\/\/www.guastalla.com\/it\/wp-json\/wp\/v2\/posts"}],"about":[{"href":"https:\/\/www.guastalla.com\/it\/wp-json\/wp\/v2\/types\/post"}],"author":[{"embeddable":true,"href":"https:\/\/www.guastalla.com\/it\/wp-json\/wp\/v2\/users\/5"}],"replies":[{"embeddable":true,"href":"https:\/\/www.guastalla.com\/it\/wp-json\/wp\/v2\/comments?post=11344"}],"version-history":[{"count":3,"href":"https:\/\/www.guastalla.com\/it\/wp-json\/wp\/v2\/posts\/11344\/revisions"}],"predecessor-version":[{"id":11563,"href":"https:\/\/www.guastalla.com\/it\/wp-json\/wp\/v2\/posts\/11344\/revisions\/11563"}],"wp:featuredmedia":[{"embeddable":true,"href":"https:\/\/www.guastalla.com\/it\/wp-json\/wp\/v2\/media\/1262"}],"wp:attachment":[{"href":"https:\/\/www.guastalla.com\/it\/wp-json\/wp\/v2\/media?parent=11344"}],"wp:term":[{"taxonomy":"category","embeddable":true,"href":"https:\/\/www.guastalla.com\/it\/wp-json\/wp\/v2\/categories?post=11344"},{"taxonomy":"post_tag","embeddable":true,"href":"https:\/\/www.guastalla.com\/it\/wp-json\/wp\/v2\/tags?post=11344"}],"curies":[{"name":"wp","href":"https:\/\/api.w.org\/{rel}","templated":true}]}}