{"id":10275,"date":"2021-05-25T13:00:04","date_gmt":"2021-05-25T11:00:04","guid":{"rendered":"https:\/\/www.guastalla.com\/?p=10275"},"modified":"2023-02-10T16:42:43","modified_gmt":"2023-02-10T15:42:43","slug":"monochrome","status":"publish","type":"post","link":"https:\/\/www.guastalla.com\/it\/mostre\/monochrome\/","title":{"rendered":"Monochrome"},"content":{"rendered":"<p>Il\u00a0<b>Monocromo\u00a0<\/b>\u00e8 l&#8217;ultima e pi\u00f9 radicale fase della pittura astratta in cui convergono i concetti di purezza spirituale, di dissoluzione di diversi materiali, di unit\u00e0 dell&#8217;universo, di vuoto assoluto. \u00c8 lo strumento per ridurre la pittura e la scultura alla sua forma pi\u00f9 semplice.<br \/>\n<b>mostra on line<\/b>\u00a0con opere di:<br \/>\n<a href=\"https:\/\/www.guastalla.com\/it\/artisti\/aubertin-bernard\/\"><span style=\"color: #800000;\">Aubertin<\/span><\/a>, <a href=\"https:\/\/www.guastalla.com\/it\/artisti\/bonalumi-agostino\/\"><span style=\"color: #800000;\">Bonalumi<\/span><\/a>, <a href=\"https:\/\/www.guastalla.com\/it\/artisti\/calzolari-pier-paolo\/\"><span style=\"color: #800000;\">Calzolari<\/span><\/a>, <a href=\"https:\/\/www.guastalla.com\/it\/artisti\/dadamaino-dadamaino\/\"><span style=\"color: #800000;\">Dadamaino<\/span><\/a>, <a href=\"https:\/\/www.guastalla.com\/it\/artisti\/isgro-emilio\/\"><span style=\"color: #800000;\">Isgr\u00f2<\/span><\/a>, <a href=\"https:\/\/www.guastalla.com\/it\/artisti\/klein-yves\/\"><span style=\"color: #800000;\">Klein<\/span><\/a>, <a href=\"https:\/\/www.guastalla.com\/it\/artisti\/pinelli-pino\/\"><span style=\"color: #800000;\">Pinelli<\/span><\/a>, <a href=\"https:\/\/www.guastalla.com\/it\/artisti\/simeti-turi\/\"><span style=\"color: #800000;\">Simeti<\/span><\/a>, <a href=\"https:\/\/www.guastalla.com\/it\/artisti\/sottsass-ettore\/\"><span style=\"color: #800000;\">Sottsass<\/span><\/a><\/p>\n","protected":false},"excerpt":{"rendered":"<p>Il\u00a0Monocromo\u00a0\u00e8 l&#8217;ultima e pi\u00f9 radicale fase della pittura astratta in cui convergono i concetti di purezza spirituale, di dissoluzione di diversi materiali, di unit\u00e0 dell&#8217;universo, di vuoto assoluto. \u00c8 lo strumento per ridurre la pittura e la scultura alla sua forma pi\u00f9 semplice. mostra on line\u00a0con opere di: Aubertin, Bonalumi, Calzolari, Dadamaino, Isgr\u00f2, Klein, Pinelli, [&hellip;]<\/p>\n","protected":false},"author":11,"featured_media":6486,"comment_status":"closed","ping_status":"closed","sticky":false,"template":"","format":"standard","meta":{"_acf_changed":false,"_et_pb_use_builder":"","_et_pb_old_content":"","_et_gb_content_width":"","footnotes":""},"categories":[13,30,85],"tags":[120,125,128,136,89,148,374,156,165,166],"class_list":["post-10275","post","type-post","status-publish","format-standard","has-post-thumbnail","hentry","category-mostre","category-mostre-e-fiere","category-passate","tag-aubertin-bernard","tag-bonalumi-agostino","tag-calzolari-pier-paolo","tag-dadamaino-dadamaino","tag-isgro-emilio","tag-klein-yves","tag-monochrome","tag-pinelli-pino","tag-simeti-turi","tag-sottsass-ettore"],"acf":[],"yoast_head":"<!-- This site is optimized with the Yoast SEO plugin v28.4 - https:\/\/yoast.com\/product\/yoast-seo-wordpress\/ -->\n<title>Monochrome - Studio Guastalla<\/title>\n<meta name=\"robots\" content=\"index, follow, max-snippet:-1, max-image-preview:large, max-video-preview:-1\" \/>\n<link rel=\"canonical\" href=\"https:\/\/www.guastalla.com\/it\/mostre\/monochrome\/\" \/>\n<meta property=\"og:locale\" content=\"it_IT\" \/>\n<meta property=\"og:type\" content=\"article\" \/>\n<meta property=\"og:title\" content=\"Monochrome - Studio Guastalla\" \/>\n<meta property=\"og:description\" content=\"Il\u00a0Monocromo\u00a0\u00e8 l&#8217;ultima e pi\u00f9 radicale fase della pittura astratta in cui convergono i concetti di purezza spirituale, di dissoluzione di diversi materiali, di unit\u00e0 dell&#8217;universo, di vuoto assoluto. \u00c8 lo strumento per ridurre la pittura e la scultura alla sua forma pi\u00f9 semplice. mostra on line\u00a0con opere di: Aubertin, Bonalumi, Calzolari, Dadamaino, Isgr\u00f2, Klein, Pinelli, [&hellip;]\" \/>\n<meta property=\"og:url\" content=\"https:\/\/www.guastalla.com\/it\/mostre\/monochrome\/\" \/>\n<meta property=\"og:site_name\" content=\"Studio Guastalla\" \/>\n<meta property=\"article:published_time\" content=\"2021-05-25T11:00:04+00:00\" \/>\n<meta property=\"article:modified_time\" content=\"2023-02-10T15:42:43+00:00\" \/>\n<meta property=\"og:image\" content=\"https:\/\/www.guastalla.com\/wp-content\/uploads\/2021\/05\/monochrome-scaled-1.jpg\" \/>\n\t<meta property=\"og:image:width\" content=\"2560\" \/>\n\t<meta property=\"og:image:height\" content=\"1280\" \/>\n\t<meta property=\"og:image:type\" content=\"image\/jpeg\" \/>\n<meta name=\"author\" content=\"Erica Toffoletto\" \/>\n<meta name=\"twitter:card\" content=\"summary_large_image\" \/>\n<meta name=\"twitter:label1\" content=\"Scritto da\" \/>\n\t<meta name=\"twitter:data1\" content=\"Erica Toffoletto\" \/>\n\t<meta name=\"twitter:label2\" content=\"Tempo di lettura stimato\" \/>\n\t<meta name=\"twitter:data2\" content=\"1 minuto\" \/>\n<script type=\"application\/ld+json\" class=\"yoast-schema-graph\">{\"@context\":\"https:\\\/\\\/schema.org\",\"@graph\":[{\"@type\":\"Article\",\"@id\":\"https:\\\/\\\/www.guastalla.com\\\/it\\\/mostre\\\/monochrome\\\/#article\",\"isPartOf\":{\"@id\":\"https:\\\/\\\/www.guastalla.com\\\/it\\\/mostre\\\/monochrome\\\/\"},\"author\":{\"name\":\"Erica Toffoletto\",\"@id\":\"https:\\\/\\\/www.guastalla.com\\\/it\\\/#\\\/schema\\\/person\\\/1585d08759466444a5233722aa3a2197\"},\"headline\":\"Monochrome\",\"datePublished\":\"2021-05-25T11:00:04+00:00\",\"dateModified\":\"2023-02-10T15:42:43+00:00\",\"mainEntityOfPage\":{\"@id\":\"https:\\\/\\\/www.guastalla.com\\\/it\\\/mostre\\\/monochrome\\\/\"},\"wordCount\":61,\"image\":{\"@id\":\"https:\\\/\\\/www.guastalla.com\\\/it\\\/mostre\\\/monochrome\\\/#primaryimage\"},\"thumbnailUrl\":\"https:\\\/\\\/www.guastalla.com\\\/wp-content\\\/uploads\\\/2021\\\/05\\\/monochrome-scaled-1.jpg\",\"keywords\":[\"aubertin-bernard\",\"bonalumi-agostino\",\"calzolari--pier-paolo\",\"dadamaino-dadamaino\",\"isgr\u00d2-emilio\",\"klein-yves\",\"monochrome\",\"pinelli-pino\",\"simeti-turi\",\"sottsass-ettore\"],\"articleSection\":[\"Mostre\",\"Mostre e fiere\",\"Passate\"],\"inLanguage\":\"it-IT\"},{\"@type\":\"WebPage\",\"@id\":\"https:\\\/\\\/www.guastalla.com\\\/it\\\/mostre\\\/monochrome\\\/\",\"url\":\"https:\\\/\\\/www.guastalla.com\\\/it\\\/mostre\\\/monochrome\\\/\",\"name\":\"Monochrome - Studio Guastalla\",\"isPartOf\":{\"@id\":\"https:\\\/\\\/www.guastalla.com\\\/it\\\/#website\"},\"primaryImageOfPage\":{\"@id\":\"https:\\\/\\\/www.guastalla.com\\\/it\\\/mostre\\\/monochrome\\\/#primaryimage\"},\"image\":{\"@id\":\"https:\\\/\\\/www.guastalla.com\\\/it\\\/mostre\\\/monochrome\\\/#primaryimage\"},\"thumbnailUrl\":\"https:\\\/\\\/www.guastalla.com\\\/wp-content\\\/uploads\\\/2021\\\/05\\\/monochrome-scaled-1.jpg\",\"datePublished\":\"2021-05-25T11:00:04+00:00\",\"dateModified\":\"2023-02-10T15:42:43+00:00\",\"author\":{\"@id\":\"https:\\\/\\\/www.guastalla.com\\\/it\\\/#\\\/schema\\\/person\\\/1585d08759466444a5233722aa3a2197\"},\"breadcrumb\":{\"@id\":\"https:\\\/\\\/www.guastalla.com\\\/it\\\/mostre\\\/monochrome\\\/#breadcrumb\"},\"inLanguage\":\"it-IT\",\"potentialAction\":[{\"@type\":\"ReadAction\",\"target\":[\"https:\\\/\\\/www.guastalla.com\\\/it\\\/mostre\\\/monochrome\\\/\"]}]},{\"@type\":\"ImageObject\",\"inLanguage\":\"it-IT\",\"@id\":\"https:\\\/\\\/www.guastalla.com\\\/it\\\/mostre\\\/monochrome\\\/#primaryimage\",\"url\":\"https:\\\/\\\/www.guastalla.com\\\/wp-content\\\/uploads\\\/2021\\\/05\\\/monochrome-scaled-1.jpg\",\"contentUrl\":\"https:\\\/\\\/www.guastalla.com\\\/wp-content\\\/uploads\\\/2021\\\/05\\\/monochrome-scaled-1.jpg\",\"width\":2560,\"height\":1280},{\"@type\":\"BreadcrumbList\",\"@id\":\"https:\\\/\\\/www.guastalla.com\\\/it\\\/mostre\\\/monochrome\\\/#breadcrumb\",\"itemListElement\":[{\"@type\":\"ListItem\",\"position\":1,\"name\":\"Home\",\"item\":\"https:\\\/\\\/www.guastalla.com\\\/it\\\/\"},{\"@type\":\"ListItem\",\"position\":2,\"name\":\"Monochrome\"}]},{\"@type\":\"WebSite\",\"@id\":\"https:\\\/\\\/www.guastalla.com\\\/it\\\/#website\",\"url\":\"https:\\\/\\\/www.guastalla.com\\\/it\\\/\",\"name\":\"Studio Guastalla\",\"description\":\"Galleria Arte Moderna e Contemporanea\",\"potentialAction\":[{\"@type\":\"SearchAction\",\"target\":{\"@type\":\"EntryPoint\",\"urlTemplate\":\"https:\\\/\\\/www.guastalla.com\\\/it\\\/?s={search_term_string}\"},\"query-input\":{\"@type\":\"PropertyValueSpecification\",\"valueRequired\":true,\"valueName\":\"search_term_string\"}}],\"inLanguage\":\"it-IT\"},{\"@type\":\"Person\",\"@id\":\"https:\\\/\\\/www.guastalla.com\\\/it\\\/#\\\/schema\\\/person\\\/1585d08759466444a5233722aa3a2197\",\"name\":\"Erica Toffoletto\",\"image\":{\"@type\":\"ImageObject\",\"inLanguage\":\"it-IT\",\"@id\":\"https:\\\/\\\/secure.gravatar.com\\\/avatar\\\/da1d7bc05ba1780f895f17c4c8bdd3fafb0b6e9908ef655c70a3578a94b36dab?s=96&d=mm&r=g\",\"url\":\"https:\\\/\\\/secure.gravatar.com\\\/avatar\\\/da1d7bc05ba1780f895f17c4c8bdd3fafb0b6e9908ef655c70a3578a94b36dab?s=96&d=mm&r=g\",\"contentUrl\":\"https:\\\/\\\/secure.gravatar.com\\\/avatar\\\/da1d7bc05ba1780f895f17c4c8bdd3fafb0b6e9908ef655c70a3578a94b36dab?s=96&d=mm&r=g\",\"caption\":\"Erica Toffoletto\"},\"url\":\"https:\\\/\\\/www.guastalla.com\\\/it\\\/author\\\/erica\\\/\"}]}<\/script>\n<!-- \/ Yoast SEO plugin. -->","yoast_head_json":{"title":"Monochrome - Studio Guastalla","robots":{"index":"index","follow":"follow","max-snippet":"max-snippet:-1","max-image-preview":"max-image-preview:large","max-video-preview":"max-video-preview:-1"},"canonical":"https:\/\/www.guastalla.com\/it\/mostre\/monochrome\/","og_locale":"it_IT","og_type":"article","og_title":"Monochrome - Studio Guastalla","og_description":"Il\u00a0Monocromo\u00a0\u00e8 l&#8217;ultima e pi\u00f9 radicale fase della pittura astratta in cui convergono i concetti di purezza spirituale, di dissoluzione di diversi materiali, di unit\u00e0 dell&#8217;universo, di vuoto assoluto. \u00c8 lo strumento per ridurre la pittura e la scultura alla sua forma pi\u00f9 semplice. mostra on line\u00a0con opere di: Aubertin, Bonalumi, Calzolari, Dadamaino, Isgr\u00f2, Klein, Pinelli, [&hellip;]","og_url":"https:\/\/www.guastalla.com\/it\/mostre\/monochrome\/","og_site_name":"Studio Guastalla","article_published_time":"2021-05-25T11:00:04+00:00","article_modified_time":"2023-02-10T15:42:43+00:00","og_image":[{"width":2560,"height":1280,"url":"https:\/\/www.guastalla.com\/wp-content\/uploads\/2021\/05\/monochrome-scaled-1.jpg","type":"image\/jpeg"}],"author":"Erica Toffoletto","twitter_card":"summary_large_image","twitter_misc":{"Scritto da":"Erica Toffoletto","Tempo di lettura stimato":"1 minuto"},"schema":{"@context":"https:\/\/schema.org","@graph":[{"@type":"Article","@id":"https:\/\/www.guastalla.com\/it\/mostre\/monochrome\/#article","isPartOf":{"@id":"https:\/\/www.guastalla.com\/it\/mostre\/monochrome\/"},"author":{"name":"Erica Toffoletto","@id":"https:\/\/www.guastalla.com\/it\/#\/schema\/person\/1585d08759466444a5233722aa3a2197"},"headline":"Monochrome","datePublished":"2021-05-25T11:00:04+00:00","dateModified":"2023-02-10T15:42:43+00:00","mainEntityOfPage":{"@id":"https:\/\/www.guastalla.com\/it\/mostre\/monochrome\/"},"wordCount":61,"image":{"@id":"https:\/\/www.guastalla.com\/it\/mostre\/monochrome\/#primaryimage"},"thumbnailUrl":"https:\/\/www.guastalla.com\/wp-content\/uploads\/2021\/05\/monochrome-scaled-1.jpg","keywords":["aubertin-bernard","bonalumi-agostino","calzolari--pier-paolo","dadamaino-dadamaino","isgr\u00d2-emilio","klein-yves","monochrome","pinelli-pino","simeti-turi","sottsass-ettore"],"articleSection":["Mostre","Mostre e fiere","Passate"],"inLanguage":"it-IT"},{"@type":"WebPage","@id":"https:\/\/www.guastalla.com\/it\/mostre\/monochrome\/","url":"https:\/\/www.guastalla.com\/it\/mostre\/monochrome\/","name":"Monochrome - Studio Guastalla","isPartOf":{"@id":"https:\/\/www.guastalla.com\/it\/#website"},"primaryImageOfPage":{"@id":"https:\/\/www.guastalla.com\/it\/mostre\/monochrome\/#primaryimage"},"image":{"@id":"https:\/\/www.guastalla.com\/it\/mostre\/monochrome\/#primaryimage"},"thumbnailUrl":"https:\/\/www.guastalla.com\/wp-content\/uploads\/2021\/05\/monochrome-scaled-1.jpg","datePublished":"2021-05-25T11:00:04+00:00","dateModified":"2023-02-10T15:42:43+00:00","author":{"@id":"https:\/\/www.guastalla.com\/it\/#\/schema\/person\/1585d08759466444a5233722aa3a2197"},"breadcrumb":{"@id":"https:\/\/www.guastalla.com\/it\/mostre\/monochrome\/#breadcrumb"},"inLanguage":"it-IT","potentialAction":[{"@type":"ReadAction","target":["https:\/\/www.guastalla.com\/it\/mostre\/monochrome\/"]}]},{"@type":"ImageObject","inLanguage":"it-IT","@id":"https:\/\/www.guastalla.com\/it\/mostre\/monochrome\/#primaryimage","url":"https:\/\/www.guastalla.com\/wp-content\/uploads\/2021\/05\/monochrome-scaled-1.jpg","contentUrl":"https:\/\/www.guastalla.com\/wp-content\/uploads\/2021\/05\/monochrome-scaled-1.jpg","width":2560,"height":1280},{"@type":"BreadcrumbList","@id":"https:\/\/www.guastalla.com\/it\/mostre\/monochrome\/#breadcrumb","itemListElement":[{"@type":"ListItem","position":1,"name":"Home","item":"https:\/\/www.guastalla.com\/it\/"},{"@type":"ListItem","position":2,"name":"Monochrome"}]},{"@type":"WebSite","@id":"https:\/\/www.guastalla.com\/it\/#website","url":"https:\/\/www.guastalla.com\/it\/","name":"Studio Guastalla","description":"Galleria Arte Moderna e Contemporanea","potentialAction":[{"@type":"SearchAction","target":{"@type":"EntryPoint","urlTemplate":"https:\/\/www.guastalla.com\/it\/?s={search_term_string}"},"query-input":{"@type":"PropertyValueSpecification","valueRequired":true,"valueName":"search_term_string"}}],"inLanguage":"it-IT"},{"@type":"Person","@id":"https:\/\/www.guastalla.com\/it\/#\/schema\/person\/1585d08759466444a5233722aa3a2197","name":"Erica Toffoletto","image":{"@type":"ImageObject","inLanguage":"it-IT","@id":"https:\/\/secure.gravatar.com\/avatar\/da1d7bc05ba1780f895f17c4c8bdd3fafb0b6e9908ef655c70a3578a94b36dab?s=96&d=mm&r=g","url":"https:\/\/secure.gravatar.com\/avatar\/da1d7bc05ba1780f895f17c4c8bdd3fafb0b6e9908ef655c70a3578a94b36dab?s=96&d=mm&r=g","contentUrl":"https:\/\/secure.gravatar.com\/avatar\/da1d7bc05ba1780f895f17c4c8bdd3fafb0b6e9908ef655c70a3578a94b36dab?s=96&d=mm&r=g","caption":"Erica Toffoletto"},"url":"https:\/\/www.guastalla.com\/it\/author\/erica\/"}]}},"_links":{"self":[{"href":"https:\/\/www.guastalla.com\/it\/wp-json\/wp\/v2\/posts\/10275","targetHints":{"allow":["GET"]}}],"collection":[{"href":"https:\/\/www.guastalla.com\/it\/wp-json\/wp\/v2\/posts"}],"about":[{"href":"https:\/\/www.guastalla.com\/it\/wp-json\/wp\/v2\/types\/post"}],"author":[{"embeddable":true,"href":"https:\/\/www.guastalla.com\/it\/wp-json\/wp\/v2\/users\/11"}],"replies":[{"embeddable":true,"href":"https:\/\/www.guastalla.com\/it\/wp-json\/wp\/v2\/comments?post=10275"}],"version-history":[{"count":2,"href":"https:\/\/www.guastalla.com\/it\/wp-json\/wp\/v2\/posts\/10275\/revisions"}],"predecessor-version":[{"id":13613,"href":"https:\/\/www.guastalla.com\/it\/wp-json\/wp\/v2\/posts\/10275\/revisions\/13613"}],"wp:featuredmedia":[{"embeddable":true,"href":"https:\/\/www.guastalla.com\/it\/wp-json\/wp\/v2\/media\/6486"}],"wp:attachment":[{"href":"https:\/\/www.guastalla.com\/it\/wp-json\/wp\/v2\/media?parent=10275"}],"wp:term":[{"taxonomy":"category","embeddable":true,"href":"https:\/\/www.guastalla.com\/it\/wp-json\/wp\/v2\/categories?post=10275"},{"taxonomy":"post_tag","embeddable":true,"href":"https:\/\/www.guastalla.com\/it\/wp-json\/wp\/v2\/tags?post=10275"}],"curies":[{"name":"wp","href":"https:\/\/api.w.org\/{rel}","templated":true}]}}